{"id":80355,"date":"2025-11-27T11:34:48","date_gmt":"2025-11-27T10:34:48","guid":{"rendered":"https:\/\/miradordeatarfe.es\/?p=80355"},"modified":"2025-11-26T20:46:36","modified_gmt":"2025-11-26T19:46:36","slug":"como-vivi-la-muerte-de-franco-por-alberto-granados","status":"publish","type":"post","link":"https:\/\/miradordeatarfe.es\/?p=80355","title":{"rendered":"\u00abC\u00d3MO VIV\u00cd LA MUERTE DE FRANCO\u00bb por Alberto Granados"},"content":{"rendered":"<div class=\"x14z9mp xat24cr x1lziwak x1vvkbs xtlvy1s x126k92a\">\n<h3 dir=\"auto\" style=\"text-align: justify;\">La muerte de Franco, hace cincuenta a\u00f1os, fue un largo proceso de apagamiento del que s\u00f3lo se nos permit\u00eda conocer el parte diario que firmaba el equipo m\u00e9dico habitual y que nos dejaba llenos de incertidumbres y temores de un nuevo golpe.<\/h3>\n<div dir=\"auto\" style=\"text-align: justify;\">No se esperaba solo que un enfermo muriera. Adem\u00e1s se esperaba que las esperanzas y sue\u00f1os democr\u00e1ticos de un pa\u00eds entero salieran adelante. Lo que dec\u00eda el parte de cada tarde no dejaba indiferente a nadie: a los franquistas, porque la muerte del dictador iba a traer una situaci\u00f3n convulsa a la que le tem\u00edan; a los antifranquistas, porque, descabezado el R\u00e9gimen en 1973, con el atentado de ETA contra Carrero Blanco, se palpaba la proximidad de un acercamiento a la democracia, que era lo que la mayor\u00eda deseaba, aunque aguantaba estoicamente la situaci\u00f3n.<\/div>\n<div dir=\"auto\" style=\"text-align: justify;\">\u00a0<\/div>\n<div dir=\"auto\" style=\"text-align: justify;\">En esa \u00e9poca yo estaba trabajando en Ja\u00e9n y a\u00fan estaba soltero. Me alojaba en un piso de estudiantes meticones, maleducados y ruidosos. La due\u00f1a, que ten\u00eda otros pisos de estudiantes, me habl\u00f3 de que iba a estrenar uno flamante y que ah\u00ed iba a alojarnos a los m\u00e1s serios y responsables. Al ser un alojamiento a estrenar, resultaba un poco m\u00e1s caro, pero estaba junto al Colegio Universitario, donde yo cursaba tercero de Filolog\u00eda Hisp\u00e1nica y tambi\u00e9n estaba a un paso de la casa de mi entonces novia. Y all\u00ed coincidimos varios hu\u00e9spedes, a los que apenas ve\u00eda por cuesti\u00f3n de horarios.<\/div>\n<div dir=\"auto\" style=\"text-align: justify;\">\u00a0<\/div>\n<div dir=\"auto\" style=\"text-align: justify;\">Era un momento absolutamente anormal: el pa\u00eds se jugaba su futuro, todo el mundo sent\u00eda una enorme inquietud, pero nadie se atrev\u00eda a abrirse de capa y exponer sus expectativas. Exist\u00eda un fiero Tribunal de Orden P\u00fablico que pod\u00eda desde quitarte la condici\u00f3n de funcionario hasta meterte en el trullo unos cuantos a\u00f1os. Solo se hablaba de Franco con gente con la que mediara mucha confianza y siempre con el temor de que fuera un infiltrado de la polic\u00eda secreta, algo que ya me hab\u00eda ocurrido durante el servicio militar con un soldado amigo.<\/div>\n<div dir=\"auto\" style=\"text-align: justify;\">La noche del 19 de noviembre de 1975 llegu\u00e9 a mi dormitorio y o\u00ed las noticias en un peque\u00f1o aparato de radio, un \u201ctransistor\u201d se le llamaba por entonces. Le\u00ed un rato y me dorm\u00ed, es decir, un comportamiento absolutamente rutinario.<\/div>\n<div dir=\"auto\" style=\"text-align: justify;\">\u00a0<\/div>\n<div dir=\"auto\" style=\"text-align: justify;\">El dictador llevaba en la misma situaci\u00f3n muchos d\u00edas y ya hab\u00edamos o\u00eddo muchos partes pr\u00e1cticamente iguales. Yo pensaba continuamente en aquello que cantaba Lluis Llach que dec\u00eda hablando de una estaca segur que tomba, tomba, tomba \/ i ens podrem alliberar. Todos sab\u00edamos que aquella estaca plantada en medio de Espa\u00f1a desde hac\u00eda 40 a\u00f1os \u201cseguro que cae, cae, cae, y nos podremos liberar\u201d. Pero no se pod\u00eda cantar: m\u00e1s de una vez, con el auditorio lleno de p\u00fablico le hab\u00edan prohibido el recital al cantautor catal\u00e1n, precisamente por canciones como L\u2019estaca. Pero nadie manda en un cerebro y media Espa\u00f1a se cantaba mentalmente aquel estribillo.<\/div>\n<div dir=\"auto\" style=\"text-align: justify;\">\u00a0<\/div>\n<div dir=\"auto\" style=\"text-align: justify;\">Y a eso de las 7 de la ma\u00f1ana del d\u00eda 20, el vecino del cuarto de al lado, que ya se hab\u00eda arreglado para ir al trabajo toc\u00f3 en mi puerta. \u00abYa se ha muerto\u00bb. Nos miramos y no dijimos nada. \u00c9l se fue a su trabajo y yo o\u00ed en la radio que se suspend\u00edan las clases, tanto las que yo impart\u00eda, como las que recib\u00eda en el mencionado Colegio Universitario. Fui a casa de mi novia, donde acababa de llegar un \u00e1lbum de Mercedes Sosa que me hab\u00eda encargado para mi santo, que hab\u00eda sido d\u00edas antes. No vieron prudente poner canciones reivindicativas en un d\u00eda en que se hab\u00eda decretado un riguroso luto oficial. El gesto pod\u00eda ser interpretado por alguien como una falta de respeto al muerto y tener consecuencias.<\/div>\n<div dir=\"auto\" style=\"text-align: justify;\">\u00a0<\/div>\n<div dir=\"auto\" style=\"text-align: justify;\">Corri\u00f3 una consigna: cada uno a su casa del pueblo, porque se esperaba que la polic\u00eda o la extrema derecha la liaran. La familia de mi novia se fue a su casa familiar y yo fui por la tarde al centro de Educaci\u00f3n de Adultos en que trabajaba a que me dieran instrucciones. Dos personajes, compa\u00f1eros de claustro, llevaban sus corbatas negras y se afanaban por instalar una bandera a media asta y con un cresp\u00f3n negro en un emplazamiento en que el m\u00e1stil llevaba a\u00f1os oxidado y roto. Me rega\u00f1aron por no llevar otra corbata negra, como hab\u00edan hecho ellos, sin duda mejores patriotas que yo. Viendo el panorama, opt\u00e9 por quitarme de aquel siniestro escenario y tambi\u00e9n me fui a mi pueblo. Por lo menos estar\u00eda con mi madre.<\/div>\n<div dir=\"auto\" style=\"text-align: justify;\">\u00a0<\/div>\n<div dir=\"auto\" style=\"text-align: justify;\">Aguant\u00e9 aquel circo solo dos o tres d\u00edas y me volv\u00ed a Ja\u00e9n, solo por ahorrarme las mil horas de telediario, tan lacrim\u00f3geno como embustero. Hab\u00eda muerto un dictador, no un santo var\u00f3n. Yo quedaba con mi gente en una improvisada tertulia que establecimos en el bar de El Criminal, en la parte vieja de la ciudad, donde especul\u00e1bamos en voz baja sobre lo que iba a pasar y sobre qui\u00e9n pod\u00eda formar el pr\u00f3ximo gobierno. Y siempre con el miedo de que hubiera un delator que nos comprometiera. No acertamos en nuestras c\u00e1balas, tal era la falta de cultura democr\u00e1tica que sufr\u00edamos. Pero manten\u00edamos intacta una ilusi\u00f3n por un futuro que hoy ya es solo un pasado imperfecto<\/div>\n<div dir=\"auto\" style=\"text-align: justify;\">\u00a0<\/div>\n<div dir=\"auto\" style=\"text-align: justify;\">Cuando el bar\u00f3metro del CIS asegura que se est\u00e1 intentando limpiar la cara al franquismo, cincuenta a\u00f1os despu\u00e9s, me asaltan estos viejos recuerdos, que con toda su viveza, me devuelven a un pasado que ya cre\u00eda superado aunque ahora no las tengo todas a mi favor, con la derecha (PP + VOX) que nos ha tocado en suerte.<\/div>\n<div dir=\"auto\" style=\"text-align: justify;\"><strong>Alberto Granados<\/strong><\/div>\n<div dir=\"auto\" style=\"text-align: justify;\"><strong>(Noviembre, 2025)<\/strong><\/div>\n<div dir=\"auto\" style=\"text-align: justify;\">\u00a0<\/div>\n<\/div>\n","protected":false},"excerpt":{"rendered":"<p>La muerte de Franco, hace cincuenta a\u00f1os, fue un largo proceso de apagamiento del que&#8230;<\/p>\n","protected":false},"author":1,"featured_media":80357,"comment_status":"closed","ping_status":"closed","sticky":false,"template":"","format":"standard","meta":{"_coblocks_attr":"","_coblocks_dimensions":"","_coblocks_responsive_height":"","_coblocks_accordion_ie_support":"","jetpack_post_was_ever_published":false,"_jetpack_newsletter_access":"","_jetpack_dont_email_post_to_subs":false,"_jetpack_newsletter_tier_id":0,"_jetpack_memberships_contains_paywalled_content":false,"_jetpack_memberships_contains_paid_content":false,"footnotes":"","jetpack_publicize_message":"","jetpack_publicize_feature_enabled":true,"jetpack_social_post_already_shared":true,"jetpack_social_options":{"image_generator_settings":{"template":"highway","default_image_id":0,"enabled":false},"version":2}},"categories":[39,1161,44,7671,6937],"tags":[],"class_list":["post-80355","post","type-post","status-publish","format-standard","has-post-thumbnail","hentry","category-opinion-de-alberto-granados","category-ciudadania","category-noticias-de-hoy","category-politica","category-sociedad"],"jetpack_publicize_connections":[],"jetpack_featured_media_url":"https:\/\/i0.wp.com\/miradordeatarfe.es\/wp-content\/uploads\/2025\/11\/franco-1068x601-1.jpg?fit=1068%2C601&ssl=1","jetpack_likes_enabled":true,"jetpack_sharing_enabled":true,"_links":{"self":[{"href":"https:\/\/miradordeatarfe.es\/index.php?rest_route=\/wp\/v2\/posts\/80355","targetHints":{"allow":["GET"]}}],"collection":[{"href":"https:\/\/miradordeatarfe.es\/index.php?rest_route=\/wp\/v2\/posts"}],"about":[{"href":"https:\/\/miradordeatarfe.es\/index.php?rest_route=\/wp\/v2\/types\/post"}],"author":[{"embeddable":true,"href":"https:\/\/miradordeatarfe.es\/index.php?rest_route=\/wp\/v2\/users\/1"}],"replies":[{"embeddable":true,"href":"https:\/\/miradordeatarfe.es\/index.php?rest_route=%2Fwp%2Fv2%2Fcomments&post=80355"}],"version-history":[{"count":1,"href":"https:\/\/miradordeatarfe.es\/index.php?rest_route=\/wp\/v2\/posts\/80355\/revisions"}],"predecessor-version":[{"id":80356,"href":"https:\/\/miradordeatarfe.es\/index.php?rest_route=\/wp\/v2\/posts\/80355\/revisions\/80356"}],"wp:featuredmedia":[{"embeddable":true,"href":"https:\/\/miradordeatarfe.es\/index.php?rest_route=\/wp\/v2\/media\/80357"}],"wp:attachment":[{"href":"https:\/\/miradordeatarfe.es\/index.php?rest_route=%2Fwp%2Fv2%2Fmedia&parent=80355"}],"wp:term":[{"taxonomy":"category","embeddable":true,"href":"https:\/\/miradordeatarfe.es\/index.php?rest_route=%2Fwp%2Fv2%2Fcategories&post=80355"},{"taxonomy":"post_tag","embeddable":true,"href":"https:\/\/miradordeatarfe.es\/index.php?rest_route=%2Fwp%2Fv2%2Ftags&post=80355"}],"curies":[{"name":"wp","href":"https:\/\/api.w.org\/{rel}","templated":true}]}}