{"id":80371,"date":"2025-11-28T11:00:43","date_gmt":"2025-11-28T10:00:43","guid":{"rendered":"https:\/\/miradordeatarfe.es\/?p=80371"},"modified":"2025-11-26T20:46:52","modified_gmt":"2025-11-26T19:46:52","slug":"mas-violencia-contra-ellas-por-juan-de-dios-villanueva-roa","status":"publish","type":"post","link":"https:\/\/miradordeatarfe.es\/?p=80371","title":{"rendered":"\u00abM\u00e1s violencia contra ellas\u00bb por Juan de Dios Villanueva Roa"},"content":{"rendered":"<h3 style=\"text-align: justify;\">Lo hemos podido ver, un ser despreciable con un puro en la boca, con la bandera preconstitucional en las manos, con la desverg\u00fcenza fuera de todo sentido com\u00fan, agarra y pellizca los pechos de dos mujeres que est\u00e1n manifest\u00e1ndose en la calle con el torso desnudo.<\/h3>\n<p style=\"text-align: justify;\">Las c\u00e1maras son testigos, otras gentes tambi\u00e9n, todo el pa\u00eds o estado o naci\u00f3n lo ha podido ver. Ellas tienen que denunciar, de lo contrario no pasa nada. El medio centenar de mujeres muertas cada a\u00f1o en este estado, naci\u00f3n, patria o pa\u00eds no pueden ya denunciar. Est\u00e1n muertas, sus carnes han sido violentadas por las manos asesinas de sus compa\u00f1eros, amantes, esposos. Ya est\u00e1n enterradas o incineradas. Antes se lo dieron todo y ellos le quitaron la vida, las asesinaron (esta palabra les cuesta a algunos pronunciarla y las cambian por insultantes expresiones).<\/p>\n<p style=\"text-align: justify;\">Aqu\u00ed todas y todos tenemos el mismo derecho a la vida, pero en estos momentos aquellos que ofrecen la muerte para sus compa\u00f1eras parecen estar un poco m\u00e1s respaldados por quienes quieren confundir las cosas, por quienes pretenden justificarse o taparse con la sangre de ellas. Y se dicen frases insidiosas, algunas expresiones que atentan contra la inteligencia humana. Pero parece no pasar nada.<\/p>\n<p style=\"text-align: justify;\">El a\u00f1o que viene volver\u00e1n a morir otras tantas y algunos de sus hijos. Y saldr\u00e1n los abanderados de la libertad a decir que ellas tambi\u00e9n matan a sus compa\u00f1eros y que adem\u00e1s mienten y manipulan. E incluso se vociferar\u00e1n consignas que justifican estos asesinatos con altavoces y ser\u00e1n aplaudidos por los descerebrados que no ven m\u00e1s all\u00e1 de sus genitales e intereses. Un a\u00f1o m\u00e1s, medio centenar m\u00e1s. \u00bfHasta cu\u00e1ndo?<\/p>\n<p>FOTO: https:\/\/www.lasexta.com\/noticias\/sociedad\/asistente-misa-franco-toca-pechas-dos-activistas-que-manifestaban-fascismo_20251120691f72d5eba8bc0ece0b5e3b.html<\/p>\n","protected":false},"excerpt":{"rendered":"<p>Lo hemos podido ver, un ser despreciable con un puro en la boca, con la&#8230;<\/p>\n","protected":false},"author":1,"featured_media":80372,"comment_status":"closed","ping_status":"closed","sticky":false,"template":"","format":"standard","meta":{"_coblocks_attr":"","_coblocks_dimensions":"","_coblocks_responsive_height":"","_coblocks_accordion_ie_support":"","jetpack_post_was_ever_published":false,"_jetpack_newsletter_access":"","_jetpack_dont_email_post_to_subs":false,"_jetpack_newsletter_tier_id":0,"_jetpack_memberships_contains_paywalled_content":false,"_jetpack_memberships_contains_paid_content":false,"footnotes":"","jetpack_publicize_message":"","jetpack_publicize_feature_enabled":true,"jetpack_social_post_already_shared":true,"jetpack_social_options":{"image_generator_settings":{"template":"highway","default_image_id":0,"enabled":false},"version":2}},"categories":[1161,14,9772,44],"tags":[],"class_list":["post-80371","post","type-post","status-publish","format-standard","has-post-thumbnail","hentry","category-ciudadania","category-feminismo","category-opinion-de-juan-de-dios-villanueva","category-noticias-de-hoy"],"jetpack_publicize_connections":[],"jetpack_featured_media_url":"https:\/\/i0.wp.com\/miradordeatarfe.es\/wp-content\/uploads\/2025\/11\/hombre-toca-pecho-dos-activistas-femen-que-protestan-motivo-misa-organizada-fundacion-francisco-franco_167.webp?fit=1266%2C712&ssl=1","jetpack_likes_enabled":true,"jetpack_sharing_enabled":true,"_links":{"self":[{"href":"https:\/\/miradordeatarfe.es\/index.php?rest_route=\/wp\/v2\/posts\/80371","targetHints":{"allow":["GET"]}}],"collection":[{"href":"https:\/\/miradordeatarfe.es\/index.php?rest_route=\/wp\/v2\/posts"}],"about":[{"href":"https:\/\/miradordeatarfe.es\/index.php?rest_route=\/wp\/v2\/types\/post"}],"author":[{"embeddable":true,"href":"https:\/\/miradordeatarfe.es\/index.php?rest_route=\/wp\/v2\/users\/1"}],"replies":[{"embeddable":true,"href":"https:\/\/miradordeatarfe.es\/index.php?rest_route=%2Fwp%2Fv2%2Fcomments&post=80371"}],"version-history":[{"count":1,"href":"https:\/\/miradordeatarfe.es\/index.php?rest_route=\/wp\/v2\/posts\/80371\/revisions"}],"predecessor-version":[{"id":80373,"href":"https:\/\/miradordeatarfe.es\/index.php?rest_route=\/wp\/v2\/posts\/80371\/revisions\/80373"}],"wp:featuredmedia":[{"embeddable":true,"href":"https:\/\/miradordeatarfe.es\/index.php?rest_route=\/wp\/v2\/media\/80372"}],"wp:attachment":[{"href":"https:\/\/miradordeatarfe.es\/index.php?rest_route=%2Fwp%2Fv2%2Fmedia&parent=80371"}],"wp:term":[{"taxonomy":"category","embeddable":true,"href":"https:\/\/miradordeatarfe.es\/index.php?rest_route=%2Fwp%2Fv2%2Fcategories&post=80371"},{"taxonomy":"post_tag","embeddable":true,"href":"https:\/\/miradordeatarfe.es\/index.php?rest_route=%2Fwp%2Fv2%2Ftags&post=80371"}],"curies":[{"name":"wp","href":"https:\/\/api.w.org\/{rel}","templated":true}]}}