{"id":80377,"date":"2025-11-01T10:16:46","date_gmt":"2025-11-01T09:16:46","guid":{"rendered":"https:\/\/miradordeatarfe.es\/?p=80377"},"modified":"2025-11-28T10:58:40","modified_gmt":"2025-11-28T09:58:40","slug":"preguntas-y-respuestas-sobre-la-baliza-v-16-para-el-coche-la-dgt-aclara-dudas-y-desmiente-bulos","status":"publish","type":"post","link":"https:\/\/miradordeatarfe.es\/?p=80377","title":{"rendered":"Preguntas y respuestas sobre la baliza V-16 para el coche: la DGT aclara dudas y desmiente bulos"},"content":{"rendered":"<div class=\"L6-news-detail__intro\">\n<h3 class=\"L6-news-detail__text\" style=\"text-align: justify;\"><span class=\"L6-negative-mark\">Los detalles<\/span> A falta de un mes para que entre en vigor el nuevo dispositivo obligatorio de prese\u00f1alizaci\u00f3n, la Direcci\u00f3n General de Tr\u00e1fico (DGT) ha emitido un comunicado detallando todo lo que deben saber los conductores antes del pr\u00f3ximo 1 de enero.<\/h3>\n<aside class=\"L6-news__supports L6-news__supports--LasClaves\">\n<div class=\"L6-news__supports__title\">Las claves:<\/div>\n<ul class=\"L6-news__supports__list\">\n<li class=\"L6-news__supports__item\"><b><a class=\"L6-news__supports__link\" title=\"Estos son los (\u00fanicos) modelos de baliza V-16 de emergencia homologados por la DGT\" href=\"https:\/\/www.lasexta.com\/noticias\/sociedad\/estos-son-unicos-modelos-baliza-v16-emergencia-homologados-dgt_202511116912e14e9c30fb26651e1fc6.html\">Estos son los (\u00fanicos) modelos de baliza V-16 de emergencia homologados por la DGT<\/a><\/b><\/li>\n<li class=\"L6-news__supports__item\"><b><a class=\"L6-news__supports__link\" title=\"Adi\u00f3s al tri\u00e1ngulo, hola a la luz de emergencia: la gu\u00eda para que no te timen al comprar la nueva baliza V-16 obligatoria de la DGT\" href=\"https:\/\/www.lasexta.com\/noticias\/sociedad\/adios-triangulo-hola-luz-emergencia-claves-que-timen-comprar-nueva-baliza-v16-obligatoria-dgt_2025111069120c075d5dad37ab8cf18b.html\">Adi\u00f3s al tri\u00e1ngulo, hola a la luz de emergencia: la gu\u00eda para que no te timen al comprar la nueva baliza V-16 obligatoria de la DGT<\/a><\/b><\/li>\n<\/ul>\n<p class=\"L6-news-detail__text\">Quedan 35 d\u00edas para que<b><a title=\" la baliza V-16 que sustituye a los tri\u00e1ngulos de emergencia \" href=\"https:\/\/www.lasexta.com\/noticias\/sociedad\/adios-triangulo-hola-luz-emergencia-claves-que-timen-comprar-nueva-baliza-v16-obligatoria-dgt_2025111069120c075d5dad37ab8cf18b.html\" target=\"_blank\" rel=\"noopener\"> la baliza V-16 que sustituye a los tri\u00e1ngulos de emergencia <\/a><\/b>sea <b>obligatoria para los conductores espa\u00f1oles<\/b> y, pese a su inminente entrada en vigor, la mayor\u00eda de usuarios sigue teniendo m\u00e1s dudas que certezas. Adem\u00e1s, los <b>centenares de bulos que circulan a trav\u00e9s de las redes sociales<\/b> sobre este dispositivos no hacen m\u00e1s que alimentar ese desconocimiento.<\/p>\n<p class=\"L6-news-detail__text\">Por ello,<b> la Direcci\u00f3n General de Tr\u00e1fico (DGT) ha emitido un comunicado detallando todo lo que deben saber los conductores antes del pr\u00f3ximo 1 de enero<\/b>. En esta nota, el director general de Tr\u00e1fico, Pere Navarro, asegura que la baliza conectada es \u00abun salto adelante\u00bb: \u00abLos tri\u00e1ngulos han cumplido su papel durante 26 a\u00f1os, pero la evoluci\u00f3n tecnol\u00f3gica nos permite seguir progresando. Nuestro compromiso es<b> reducir los atropellos y proteger a quienes se encuentran en situaciones de emergencia<\/b>\u00ab. Adem\u00e1s, el organismo desmiente que los dispositivos homologados tengan una menor visibilidad que los tri\u00e1ngulos, como muchos usuarios de redes sociales han afirmado en los \u00faltimos d\u00edas.<\/p>\n<h2 class=\"L6-news-detail__title L6-news-detail__title--l2\">\u00bfQu\u00e9 veh\u00edculos est\u00e1n obligados a llevarla?<\/h2>\n<p class=\"L6-news-detail__text\">Seg\u00fan el Reglamento General de Veh\u00edculos,<b> solo deber\u00e1n llevar este nuevo dispositivo los turismos, furgonetas, autobuses, veh\u00edculos mixtos, camiones y conjuntos de veh\u00edculos no especiales<\/b>. En el caso de<b> las motos no es obligatorio<\/b>, aunque la DGT recomienda que tambi\u00e9n se utilice.<\/p>\n<h2 class=\"L6-news-detail__title L6-news-detail__title--l2\">\u00bfC\u00f3mo funciona la nueva baliza?<\/h2>\n<p class=\"L6-news-detail__text\">La V-16 <b>funciona de manera totalmente aut\u00f3noma gracias una tarjeta SIM <\/b>integrada que opera sin necesidad de tel\u00e9fono m\u00f3vil ni aplicaciones externas. Las compa\u00f1\u00edas de telecomunicaciones no cobran adicionalmente por este servicio, ya que la normativa garantiza una conectividad m\u00ednima de 12 a\u00f1os incluida en el precio.<\/p>\n<p class=\"L6-news-detail__text\"><b>Debe guardarse en la guantera o en cualquier otro lugar accesible dentro del veh\u00edculo para no tener que salir a cogerla del maletero<\/b>. Se debe colocar desde el puesto del conductor en la parte m\u00e1s alta posible del veh\u00edculo.<\/p>\n<p class=\"L6-news-detail__text\">Una vez colocada y encendida,<b> emitir\u00e1 una se\u00f1al luminosa perceptible desde un kil\u00f3metro de distancia y transmite la ubicaci\u00f3n del veh\u00edculo averiado o accidentado a la plataforma DGT 3.0.<\/b>, lo que permite que otros conductores sean avisados a trav\u00e9s de sus navegadores o los paneles de se\u00f1alizaci\u00f3n de las carreteras.<\/p>\n<h2 class=\"L6-news-detail__title L6-news-detail__title--l2\">\u00bfQu\u00e9 deben hacer los ocupantes del veh\u00edculo averiado?<\/h2>\n<p class=\"L6-news-detail__text\">Una vez se activa la baliza, <b>los ocupantes deber\u00e1n abandonar el veh\u00edculo siempre y cuando exista un lugar seguro fuera de la v\u00eda de circulaci\u00f3n<\/b>. Deber\u00e1n hacerlo por el lado contrario al flujo de tr\u00e1fico sin transitar o permanecer en los carriles o arcenes que conforman dicha plataforma. <b>En el caso de que no puedan salir con seguridad, se recomienda permanecer dentro del habit\u00e1culo con el cintur\u00f3n de seguridad<\/b> abrochado.<\/p>\n<h2 class=\"L6-news-detail__title L6-news-detail__title--l2\">\u00bfQu\u00e9 modelo de V-16 hay que comprar?<\/h2>\n<p class=\"L6-news-detail__text\">En la actualidad hay <b>m\u00e1s de doscientos modelos de V-16 conectadas <\/b>y homologadas por la Direcci\u00f3n General de Tr\u00e1fico. En el caso de que nuestra baliza no est\u00e9 aprobada por la DGT, nos exponemos a una sanci\u00f3n equivalente a la de no llevarla.<b><a title=\" Estas son las balizas V-16 homologadas que hay en el mercado\" href=\"https:\/\/www.lasexta.com\/noticias\/sociedad\/estos-son-unicos-modelos-baliza-v16-emergencia-homologados-dgt_202511116912e14e9c30fb26651e1fc6.html\" target=\"_blank\" rel=\"noopener\"> Estas son las balizas V-16 homologadas que hay en el mercado<\/a><\/b>.<\/p>\n<h2 class=\"L6-news-detail__title L6-news-detail__title--l2\">Los diez bulos m\u00e1s frecuentes<\/h2>\n<p class=\"L6-news-detail__text\">La llegada de estas balizas ha generado una<b> gran cantidad de bulos<\/b> a trav\u00e9s de las redes sociales. Por ello, la DGT ha aclarado los diez m\u00e1s frecuentes.<\/p>\n<p class=\"L6-news-detail__text\"><b>1- La V-16 no ser\u00e1 realmente obligatoria. Es falso.<\/b> La obligatoriedad est\u00e1 fijada en el Reglamento General de Veh\u00edculos y entra en vigor el 1 de enero de 2026. Desde esa fecha, la V16 conectada ser\u00e1 el \u00fanico elemento v\u00e1lido para se\u00f1alizar veh\u00edculos inmovilizados, por motivos de seguridad vial.<\/p>\n<p class=\"L6-news-detail__text\"><b>2- La V-16 me geolocaliza todo el tiempo o env\u00eda mis datos personales. Es falso<\/b>, solo transmite la ubicaci\u00f3n del veh\u00edculo al activarse y \u00fanicamente con fines de seguridad. No registra la velocidad, ni hace seguimiento alguno, a la vez que no transmite datos personales ni puede identificar la matr\u00edcula.<\/p>\n<p class=\"L6-news-detail__text\"><b>3- Cualquier V-16 conectada sirve. Es falso,<\/b> solo son v\u00e1lidas las balizas homologadas y publicadas en el listado oficial de la DGT tras superar ensayos certificados. Deben incluir el nombre del laboratorio y el n\u00famero de certificado grabado en la tulipa. Usar un dispositivo no certificado no es v\u00e1lido ni seguro.<\/p>\n<p class=\"L6-news-detail__text\"><b>4- Se necesita una app o un m\u00f3vil para funcionar. Es falso,<\/b> la V-16 ya incluye en su interior todos los elementos necesarios para su correcto funcionamiento, como son un chip GPS y una tarjeta SIM no extra\u00edble y sobre redes de telecomunicaciones de amplia cobertura. No requiere aplicaciones adicionales, tel\u00e9fonos ni emparejamientos. Basta con encenderla y colocarla en el exterior del veh\u00edculo.<\/p>\n<p class=\"L6-news-detail__text\"><b>5- Habr\u00e1 que pagar una cuota por la conectividad. No, es falso,<\/b> porque la conectividad est\u00e1 incluida en el precio. Las operadoras no cobran al usuario, y la normativa exige una disponibilidad m\u00ednima de 12 a\u00f1os sin coste adicional.<\/p>\n<p class=\"L6-news-detail__text\"><b>6- No funciona en t\u00faneles o zonas sin cobertura. Falso. <\/b>La baliza emplea redes IoT especializadas capaces de operar en condiciones dif\u00edciles. En los casos donde ni siquiera estas redes est\u00e9n disponibles, la baliza seguir\u00e1 funcionando como se\u00f1al.<\/p>\n<p class=\"L6-news-detail__text\"><b>7- La V-16 llama al 112 o a la gr\u00faa. Falso, <\/b>la V-16 no llama a emergencias ni determina la naturaleza del incidente. Su funci\u00f3n es \u00fanicamente se\u00f1alizar y enviar la posici\u00f3n del veh\u00edculo.<\/p>\n<p class=\"L6-news-detail__text\"><b>8- Los tri\u00e1ngulos siguen siendo m\u00e1s seguros. No es cierto<\/b>, porque obligan a abandonar el veh\u00edculo y caminar como m\u00ednimo 100 metros por la calzada para colocarlos, lo que aumenta el riesgo de atropello.<\/p>\n<p class=\"L6-news-detail__text\"><b>9- Si viajo al extranjero y tengo que inmovilizar mi veh\u00edculo tengo que usar los tri\u00e1ngulos. Es falso,<\/b> todos los veh\u00edculos espa\u00f1oles que circulen por los pa\u00edses firmantes de la Convenci\u00f3n de Viena, entre los que se incluyen Portugal, Francia, Alemania, Italia, Reino Unido, etc, podr\u00e1n usar la baliza.<\/p>\n<p class=\"L6-news-detail__text\"><b>10- Multas hasta 30.000 euros. Es falso.<\/b> La infracci\u00f3n por no llevar la baliza V-16 es leve y su sanci\u00f3n es de 80 euros, misma cantidad que la establecida para el que no llevara los tri\u00e1ngulos.<\/p>\n<\/aside>\n<\/div>\n<p style=\"text-align: justify;\"><strong>LA SEXTA.COM<\/strong><\/p>\n<p>FOTO: <span class=\"L6-media__caption\">La baliza de luz V-16<span class=\"L6-media__footer\">Europa Press<\/span><\/span><\/p>\n<p>https:\/\/www.lasexta.com\/noticias\/sociedad\/preguntas-respuestas-baliza-v16-coche-dgt-aclara-dudas-desmiente-bulos_2025112669272b5f6e5e5012dcceff77.html<\/p>\n","protected":false},"excerpt":{"rendered":"<p>Los detalles A falta de un mes para que entre en vigor el nuevo dispositivo&#8230;<\/p>\n","protected":false},"author":1,"featured_media":80378,"comment_status":"closed","ping_status":"closed","sticky":false,"template":"","format":"standard","meta":{"_coblocks_attr":"","_coblocks_dimensions":"","_coblocks_responsive_height":"","_coblocks_accordion_ie_support":"","jetpack_post_was_ever_published":false,"_jetpack_newsletter_access":"","_jetpack_dont_email_post_to_subs":false,"_jetpack_newsletter_tier_id":0,"_jetpack_memberships_contains_paywalled_content":false,"_jetpack_memberships_contains_paid_content":false,"footnotes":"","jetpack_publicize_message":"","jetpack_publicize_feature_enabled":true,"jetpack_social_post_already_shared":false,"jetpack_social_options":{"image_generator_settings":{"template":"highway","default_image_id":0,"enabled":false},"version":2}},"categories":[10797,1161,44,10],"tags":[],"class_list":["post-80377","post","type-post","status-publish","format-standard","has-post-thumbnail","hentry","category-ciencia","category-ciudadania","category-noticias-de-hoy","category-salud"],"jetpack_publicize_connections":[],"jetpack_featured_media_url":"https:\/\/i0.wp.com\/miradordeatarfe.es\/wp-content\/uploads\/2025\/11\/167.webp?fit=1266%2C712&ssl=1","jetpack_likes_enabled":true,"jetpack_sharing_enabled":true,"_links":{"self":[{"href":"https:\/\/miradordeatarfe.es\/index.php?rest_route=\/wp\/v2\/posts\/80377","targetHints":{"allow":["GET"]}}],"collection":[{"href":"https:\/\/miradordeatarfe.es\/index.php?rest_route=\/wp\/v2\/posts"}],"about":[{"href":"https:\/\/miradordeatarfe.es\/index.php?rest_route=\/wp\/v2\/types\/post"}],"author":[{"embeddable":true,"href":"https:\/\/miradordeatarfe.es\/index.php?rest_route=\/wp\/v2\/users\/1"}],"replies":[{"embeddable":true,"href":"https:\/\/miradordeatarfe.es\/index.php?rest_route=%2Fwp%2Fv2%2Fcomments&post=80377"}],"version-history":[{"count":1,"href":"https:\/\/miradordeatarfe.es\/index.php?rest_route=\/wp\/v2\/posts\/80377\/revisions"}],"predecessor-version":[{"id":80379,"href":"https:\/\/miradordeatarfe.es\/index.php?rest_route=\/wp\/v2\/posts\/80377\/revisions\/80379"}],"wp:featuredmedia":[{"embeddable":true,"href":"https:\/\/miradordeatarfe.es\/index.php?rest_route=\/wp\/v2\/media\/80378"}],"wp:attachment":[{"href":"https:\/\/miradordeatarfe.es\/index.php?rest_route=%2Fwp%2Fv2%2Fmedia&parent=80377"}],"wp:term":[{"taxonomy":"category","embeddable":true,"href":"https:\/\/miradordeatarfe.es\/index.php?rest_route=%2Fwp%2Fv2%2Fcategories&post=80377"},{"taxonomy":"post_tag","embeddable":true,"href":"https:\/\/miradordeatarfe.es\/index.php?rest_route=%2Fwp%2Fv2%2Ftags&post=80377"}],"curies":[{"name":"wp","href":"https:\/\/api.w.org\/{rel}","templated":true}]}}