{"id":80380,"date":"2025-11-27T10:44:03","date_gmt":"2025-11-27T09:44:03","guid":{"rendered":"https:\/\/miradordeatarfe.es\/?p=80380"},"modified":"2025-11-27T11:48:05","modified_gmt":"2025-11-27T10:48:05","slug":"atarfe-varios-familiares-consiguen-huir-a-tiempo-tras-declararse-un-incendio-en-su-vivienda","status":"publish","type":"post","link":"https:\/\/miradordeatarfe.es\/?p=80380","title":{"rendered":"ATARFE: Varios familiares consiguen huir a tiempo tras declararse un incendio en su vivienda"},"content":{"rendered":"<h2 class=\"v-a-sub-t \" style=\"text-align: justify;\">El fuego se origin\u00f3 tras la explosi\u00f3n de un calefactor de madrugada<\/h2>\n<p class=\"v-p\" style=\"text-align: justify;\">Un incendio declarado de madrugada en una vivienda de Atarfe pudo acabar en tragedia. Varios familiares pudieron salir a tiempo del piso en el que <span class=\"paywall pw-open\">viven tras producirse un incendio derivado de una deflagraci\u00f3n de un calefactor.<\/span><\/p>\n<div class=\"paywall\" data-mrf-recirculation=\"Link art\u00edculos\">\n<p class=\"v-p\" style=\"text-align: justify;\">Seg\u00fan indic\u00f3 el Servicio de Emergencias 112, ocurri\u00f3 a las 3.20 de la madrugada cuando el aparato explot\u00f3. A ra\u00edz de la deflagraci\u00f3n, las llamas se adue\u00f1aron de la vivienda, pero sus moradores pudieron salir a tiempo sin resultar heridos por quemaduras o intoxicados por inhalaci\u00f3n de humo.<\/p>\n<div class=\"v-adv  v-adv--ly\" style=\"text-align: justify;\">\n<div class=\"v-adv__item \">\n<div id=\"layer_inpage-id\" data-voc-vam=\"\" data-voc-vam-position=\"layer_inpage\" data-google-query-id=\"CP_hioaTkpEDFbxH9ggdSFwdLA\" data-voc-vam-displayed=\"true\">\n<div id=\"google_ads_iframe_\/4900\/vocento.ideal\/granada\/area-metropolitana_1__container__\">De inmediato llegaron hasta la vivienda, situada en un bloque de tres plantas en la intersecci\u00f3n entre las calles Romero y Alcaparra de Atarfe, agentes de la Guardia Civil, Polic\u00eda Local, sanitarios y, evidentemente, Bomberos de Granada. Las labores de control y extinci\u00f3n del incendio se extendieron hasta las cinco de la ma\u00f1ana, seg\u00fan ha podido saber este peri\u00f3dico.<\/div>\n<\/div>\n<\/div>\n<\/div>\n<p class=\"v-p\" style=\"text-align: justify;\">El fuego ocasion\u00f3 da\u00f1os en la fachada y afect\u00f3 tambi\u00e9n a una de las ventanas de la vivienda superior. Algunos vecinos tuvieron que abandonar sus domicilios a causa del humo.<\/p>\n<p class=\"v-mdl-ath__p v-mdl-ath__p--2\"><a href=\"https:\/\/www.ideal.es\/autor\/camilo-alvarez-407.html\" data-mrf-link=\"https:\/\/www.ideal.es\/autor\/camilo-alvarez-407.html\">Camilo \u00c1lvarez<\/a> y <a href=\"https:\/\/www.ideal.es\/autor\/sandra-martinez-4935.html\" data-mrf-link=\"https:\/\/www.ideal.es\/autor\/sandra-martinez-4935.html\">Sandra Mart\u00ednez<\/a><\/p>\n<p>FOTO: <span class=\"v-fc__t\">Incendio en una vivienda en Atarfe.<\/span> <span class=\"v-fc__p\">Ideal<\/span><\/p>\n<p>https:\/\/www.ideal.es\/granada\/area-metropolitana\/madre-tres-hijos-consiguen-huir-tiempo-tras-20251126100354-nt.html<\/p>\n<\/div>\n","protected":false},"excerpt":{"rendered":"<p>El fuego se origin\u00f3 tras la explosi\u00f3n de un calefactor de madrugada Un incendio declarado&#8230;<\/p>\n","protected":false},"author":1,"featured_media":80381,"comment_status":"closed","ping_status":"closed","sticky":false,"template":"","format":"standard","meta":{"_coblocks_attr":"","_coblocks_dimensions":"","_coblocks_responsive_height":"","_coblocks_accordion_ie_support":"","jetpack_post_was_ever_published":false,"_jetpack_newsletter_access":"","_jetpack_dont_email_post_to_subs":false,"_jetpack_newsletter_tier_id":0,"_jetpack_memberships_contains_paywalled_content":false,"_jetpack_memberships_contains_paid_content":false,"footnotes":"","jetpack_publicize_message":"","jetpack_publicize_feature_enabled":true,"jetpack_social_post_already_shared":true,"jetpack_social_options":{"image_generator_settings":{"template":"highway","default_image_id":0,"enabled":false},"version":2}},"categories":[2,186,44],"tags":[],"class_list":["post-80380","post","type-post","status-publish","format-standard","has-post-thumbnail","hentry","category-atarfe","category-instituciones","category-noticias-de-hoy"],"jetpack_publicize_connections":[],"jetpack_featured_media_url":"https:\/\/i0.wp.com\/miradordeatarfe.es\/wp-content\/uploads\/2025\/11\/incendio-atarfe-kWzG-U2403579878183pB-1200x840%40Ideal.webp?fit=1198%2C840&ssl=1","jetpack_likes_enabled":true,"jetpack_sharing_enabled":true,"_links":{"self":[{"href":"https:\/\/miradordeatarfe.es\/index.php?rest_route=\/wp\/v2\/posts\/80380","targetHints":{"allow":["GET"]}}],"collection":[{"href":"https:\/\/miradordeatarfe.es\/index.php?rest_route=\/wp\/v2\/posts"}],"about":[{"href":"https:\/\/miradordeatarfe.es\/index.php?rest_route=\/wp\/v2\/types\/post"}],"author":[{"embeddable":true,"href":"https:\/\/miradordeatarfe.es\/index.php?rest_route=\/wp\/v2\/users\/1"}],"replies":[{"embeddable":true,"href":"https:\/\/miradordeatarfe.es\/index.php?rest_route=%2Fwp%2Fv2%2Fcomments&post=80380"}],"version-history":[{"count":1,"href":"https:\/\/miradordeatarfe.es\/index.php?rest_route=\/wp\/v2\/posts\/80380\/revisions"}],"predecessor-version":[{"id":80382,"href":"https:\/\/miradordeatarfe.es\/index.php?rest_route=\/wp\/v2\/posts\/80380\/revisions\/80382"}],"wp:featuredmedia":[{"embeddable":true,"href":"https:\/\/miradordeatarfe.es\/index.php?rest_route=\/wp\/v2\/media\/80381"}],"wp:attachment":[{"href":"https:\/\/miradordeatarfe.es\/index.php?rest_route=%2Fwp%2Fv2%2Fmedia&parent=80380"}],"wp:term":[{"taxonomy":"category","embeddable":true,"href":"https:\/\/miradordeatarfe.es\/index.php?rest_route=%2Fwp%2Fv2%2Fcategories&post=80380"},{"taxonomy":"post_tag","embeddable":true,"href":"https:\/\/miradordeatarfe.es\/index.php?rest_route=%2Fwp%2Fv2%2Ftags&post=80380"}],"curies":[{"name":"wp","href":"https:\/\/api.w.org\/{rel}","templated":true}]}}