{"id":80383,"date":"2025-11-30T10:31:25","date_gmt":"2025-11-30T09:31:25","guid":{"rendered":"https:\/\/miradordeatarfe.es\/?p=80383"},"modified":"2025-11-28T10:56:43","modified_gmt":"2025-11-28T09:56:43","slug":"la-depuracion-de-aguas-avanza-para-llegar-a-mas-de-320-000-vecinos-del-area-metropolitana","status":"publish","type":"post","link":"https:\/\/miradordeatarfe.es\/?p=80383","title":{"rendered":"La depuraci\u00f3n de aguas avanza para llegar a m\u00e1s de 320.000 vecinos del \u00c1rea Metropolitana"},"content":{"rendered":"<h3>Los proyectos de agrupaci\u00f3n de vertidos, que ejecuta la Junta, se encuentran en distintas fases para cumplir con el canon de depuraci\u00f3n auton\u00f3mico aprobado hace ahora 15 a\u00f1os<\/h3>\n<p><img data-recalc-dims=\"1\" loading=\"lazy\" decoding=\"async\" class=\"alignnone wp-image-80384 \" src=\"https:\/\/i0.wp.com\/miradordeatarfe.es\/wp-content\/uploads\/2025\/11\/29-261125-Depuradoras-de-Aguas.jpg?resize=640%2C360&#038;ssl=1\" alt=\"\" width=\"640\" height=\"360\" srcset=\"https:\/\/i0.wp.com\/miradordeatarfe.es\/wp-content\/uploads\/2025\/11\/29-261125-Depuradoras-de-Aguas.jpg?w=970&amp;ssl=1 970w, https:\/\/i0.wp.com\/miradordeatarfe.es\/wp-content\/uploads\/2025\/11\/29-261125-Depuradoras-de-Aguas.jpg?resize=300%2C169&amp;ssl=1 300w, https:\/\/i0.wp.com\/miradordeatarfe.es\/wp-content\/uploads\/2025\/11\/29-261125-Depuradoras-de-Aguas.jpg?resize=768%2C432&amp;ssl=1 768w\" sizes=\"auto, (max-width: 640px) 100vw, 640px\" \/><\/p>\n<h6 class=\"wp-block-heading\" style=\"text-align: justify;\"><strong><span style=\"font-size: 10pt;\">20 a\u00f1os desde el primer paso<\/span><\/strong><br \/>\n<em><span style=\"font-size: 10pt;\">El plan de saneamiento y depuraci\u00f3n de la Vega de Granada, compuesta de 32 municipios, tiene su origen en el acuerdo que se alcanz\u00f3 hace casi 20 a\u00f1os en el convenio que implicaba a la Junta de Andaluc\u00eda, el Ayuntamiento de Granada y los consorcios de la Vega Sierra Elvira, el de Sierra Nevada Vega Sur y todos los ayuntamientos que forman parte del ciclo integral del agua en el \u00c1rea Metropolitana de Granada.<\/span><\/em><br \/>\n<em><span style=\"font-size: 10pt;\">Se acord\u00f3 que las depuradoras existentes en el Camino de Purchil y en Los Vados se ampliaran para poder conducir hasta ah\u00ed los colectores que llevar\u00edan las aguas residuales de los municipios. Las obras quedar\u00edan cofinanciadas al 60% el coste, debiendo ser los terrenos dispuestos por las distintas localidades.<\/span><\/em><br \/>\n<em><span style=\"font-size: 10pt;\">En 2010 se aprob\u00f3 la Ley de Aguas de Andaluc\u00eda con un canon de depuraci\u00f3n auton\u00f3mico, pasando la administraci\u00f3n auton\u00f3mica a financiar el 100% de las obras que ahora se ejecutan.<\/span><\/em><\/h6>\n<p style=\"text-align: justify;\">La Junta de Andaluc\u00eda, a trav\u00e9s de su Consejer\u00eda de Aguas, ha desarrollado o tiene en ejecuci\u00f3n y redacci\u00f3n distintos proyectos para llevar las aguas residuales de los distintos municipios hasta las <strong>EDAR <\/strong>que las depuren y eviten la contaminaci\u00f3n que hasta ahora iba a parar a los r\u00edos en muchos casos.<\/p>\n<p style=\"text-align: justify;\">Hace m\u00e1s de diez a\u00f1os que se ampli\u00f3 la <strong>EDAR Sur<\/strong> que recibe las aguas que se depuran mayormente de <strong>Granada capital<\/strong>, as\u00ed como los colectores que est\u00e1n conectados y que pertenecen a los municipios de <strong>Pinos Genil, Cenes de la Vega<\/strong> y la mayor parte de <strong>Hu\u00e9tor Vega y Armilla.<\/strong><\/p>\n<p style=\"text-align: justify;\">A esta <strong>EDAR <\/strong>tambi\u00e9n se ha conectado la <strong>Agrupaci\u00f3n de Vertidos Sur<\/strong> que se divide en la fase 1 que agrupa las aguas de<strong> Armilla, La Zubia, Og\u00edjares y G\u00f3jar,<\/strong> una obra que seg\u00fan fuentes de la administraci\u00f3n auton\u00f3mica, consultadas por <strong><a href=\"http:\/\/www.ahoragranada.com\" target=\"_blank\" rel=\"noreferrer noopener\">ahoraGranada<\/a><\/strong>, est\u00e1 suspendida pendiente de la aprobaci\u00f3n de un modificado que se espera reiniciar pr\u00f3ximamente. La fase 2 contempla los vertidos procedentes de <strong>C\u00e1jar y Monachil,<\/strong> suspendida tambi\u00e9n temporalmente y se reiniciar\u00e1 pronto.<\/p>\n<p style=\"text-align: justify;\">A estos municipios metropolitanos se sumar\u00e1n la <strong>Agrupaci\u00f3n de Vertidos de D\u00fadar y Qu\u00e9ntar<\/strong>, cuyo proyecto est\u00e1 pendiente de supervisi\u00f3n y conectar\u00e1 con el colector de <strong>Pinos Genil.<\/strong><\/p>\n<p style=\"text-align: justify;\">Hace unos d\u00edas se dio luz verde a las expropiaciones que deben iniciar el proyecto para ejecutar el <a href=\"https:\/\/www.ahoragranada.com\/noticias\/luz-verde-a-las-expropiaciones-para-ejecutar-el-nuevo-sistema-de-saneamiento-de-el-fargue\/\" target=\"_blank\" rel=\"noreferrer noopener\">nuevo sistema de saneamiento en <strong>El Fargue<\/strong><\/a> para conectarlo al del <strong>Sacromonte <\/strong>y este con la <strong>EDAR Sur.<\/strong><\/p>\n<h3 class=\"wp-block-heading\" style=\"text-align: justify;\">EDAR Los Vados<\/h3>\n<p style=\"text-align: justify;\">La otra estaci\u00f3n depuradora existente para el <strong>Cintur\u00f3n <\/strong>metropolitano <a href=\"https:\/\/www.ahoragranada.com\/noticias\/activada-la-depuradora-que-evitara-los-vertidos-de-agua-de-20-pueblos-metropolitanos-de-granada\/\" target=\"_blank\" rel=\"noreferrer noopener\">es la de <strong>Los Vados,<\/strong> que fue ampliada hace unos a\u00f1os<\/a> y hacia la que conectan numerosos municipios de la comarca.<\/p>\n<p style=\"text-align: justify;\">Los primeros que se incluyeron en la primera fase de la <strong>Agrupaci\u00f3n de Vertidos Norte<\/strong> fueron <strong>Albolote, Maracena y Peligros,<\/strong> estando en ejecuci\u00f3n actualmente muy avanzada la segunda fase para <strong>G\u00fcev\u00e9jar, Jun y Pulianas<\/strong>. Este a\u00f1o est\u00e1 previsto, adem\u00e1s, que se inicie la fase que conectar\u00e1 la <strong>Agrupaci\u00f3n de Vertidos de V\u00edznar y Alfacar con Jun.<\/strong><\/p>\n<p style=\"text-align: justify;\">Adem\u00e1s, la Junta de Andaluc\u00eda tiene en supervisi\u00f3n el proyecto de otra fase, que es la que conectar\u00e1 <strong>Atarfe y Santa Fe<\/strong> con la <strong>EDAR Los Vados,<\/strong> mientras que se est\u00e1 supervisando en la actualidad el colector de <strong>Peligros<\/strong>. Del mismo modo se contempla el proyecto de la Agrupaci\u00f3n de <strong>Cogollos Vega y Calicasas<\/strong> as\u00ed como la de <strong>N\u00edvar<\/strong>, en el segundo anillo metropolitano.<\/p>\n<figure class=\"wp-block-image size-full\" style=\"text-align: justify;\"><img data-recalc-dims=\"1\" loading=\"lazy\" decoding=\"async\" class=\"wp-image-300215\" src=\"https:\/\/i0.wp.com\/www.ahoragranada.com\/wp-content\/uploads\/2025\/11\/visita-a-las-obras-de-la-segunda-fase-de-agrupacion-de-vertidos-del-rio-Dilar-ag-AC-3.jpg?resize=640%2C360&#038;ssl=1\" sizes=\"auto, (max-width: 969px) 100vw, 969px\" srcset=\"https:\/\/www.ahoragranada.com\/wp-content\/uploads\/2025\/11\/visita-a-las-obras-de-la-segunda-fase-de-agrupacion-de-vertidos-del-rio-Dilar-ag-AC-3.jpg 969w, https:\/\/www.ahoragranada.com\/wp-content\/uploads\/2025\/11\/visita-a-las-obras-de-la-segunda-fase-de-agrupacion-de-vertidos-del-rio-Dilar-ag-AC-3-746x420.jpg 746w, https:\/\/www.ahoragranada.com\/wp-content\/uploads\/2025\/11\/visita-a-las-obras-de-la-segunda-fase-de-agrupacion-de-vertidos-del-rio-Dilar-ag-AC-3-370x207.jpg 370w\" alt=\"\" width=\"640\" height=\"360\" \/><figcaption class=\"wp-element-caption\">Los trabajos de la segunda fase de la Agrupaci\u00f3n del R\u00edo D\u00edlar avanzan a buen ritmo para conectarse en 2026. Foto: \u00c1lex C\u00e1mara<\/figcaption><\/figure>\n<h3 class=\"wp-block-heading\" style=\"text-align: justify;\">Agrupaci\u00f3n de Vertidos D\u00edlar<\/h3>\n<p style=\"text-align: justify;\">Hasta Los Vados tambi\u00e9n tienen que llegar gran parte de los vertidos que generan los municipios de la cornisa Sur y Suroeste, todos en la de <strong>D\u00edlar<\/strong>.<\/p>\n<p style=\"text-align: justify;\">El colector de <strong>C\u00fallar Vega <\/strong>y el sif\u00f3n del <strong>Genil<\/strong>, que entr\u00f3 en funcionamiento a la vez que se ampli\u00f3 la EDAR de Los Vados, ya se encuentra depurando las aguas de <strong>C\u00fallar Vega<\/strong> y los n\u00facleos de <strong>Purchil y Ambroz, <\/strong>en el t\u00e9rmino municipal de <strong>Vegas del Genil.<\/strong><\/p>\n<p style=\"text-align: justify;\">En su fase 2, esta Agrupaci\u00f3n de Vertidos conectar\u00e1 las aguas procedentes de <strong>Churriana de la Vega, Las Gabias<\/strong>, la parte Oeste de <strong>Otura <\/strong>-la m\u00e1s pr\u00f3xima a la autov\u00eda-, la parte Oeste de <strong>Alhend\u00edn <\/strong>y que <a href=\"https:\/\/www.ahoragranada.com\/noticias\/la-depuracion-de-aguas-llegara-en-enero-a-mas-de-70-000-vecinos-de-cuatro-localidades-metropolitanas-de-granada\/\" target=\"_blank\" rel=\"noreferrer noopener\">de hecho est\u00e1 al 90% de ejecuci\u00f3n para entrar en servicio en enero del pr\u00f3ximo a\u00f1o.<\/a><\/p>\n<p style=\"text-align: justify;\">La fase 3 contempla que las aguas de la parte Este de <strong>Otura <\/strong>y del mismo punto en <strong>Alhend\u00edn <\/strong>se conecten a los mismos tubos, pero esta est\u00e1 suspendida al estar pendiente de la aprobaci\u00f3n de un modificado que que se espera aprobar pr\u00f3ximamente.<\/p>\n<p style=\"text-align: justify;\">En cuanto a la fase 1 de la <strong>Agrupaci\u00f3n de D\u00edlar,<\/strong> esta depurar\u00e1 las aguas residuales de Belicena en <strong>Vegas del Genil, H\u00edjar en Las Gabias<\/strong> y <strong>El Ventorrillo, en C\u00fallar Vega<\/strong>; proyecto que est\u00e1 pendiente de que se hagan unas correcciones que est\u00e1n motivadas por cambios necesarios en la obra de la fase 2 a la que debe conectar. El proyecto de esta agrupaci\u00f3n se est\u00e1 revisando.<\/p>\n<h3 class=\"wp-block-heading\" style=\"text-align: justify;\">Nueva EDAR junto a L\u00e1char<\/h3>\n<p style=\"text-align: justify;\">La junta de Andaluc\u00eda tiene adem\u00e1s proyectada una nueva EDAR que ir\u00eda situada al Oeste de <strong>L\u00e1char<\/strong>, en la zona m\u00e1s oriental de la Vega granadina, y que ser\u00eda la EDAR y <strong>Agrupaci\u00f3n de Vertidos Genil-Cubillas.<\/strong><\/p>\n<p style=\"text-align: justify;\">Esta incluir\u00eda una nueva depuradora para que hasta ella vayan las aguas procedentes de <strong>Pinos Puente, Fuente Vaqueros, Valderrubio, Atarfe, Cijuela, Chauchina y L\u00e1char<\/strong>. Tambi\u00e9n se propone incluso que pudiera llegar hasta <strong>Esc\u00f3znar y Ob\u00e9ilar<\/strong>, en la parte m\u00e1s baja del municipio de \u00cdllora.<\/p>\n<p style=\"text-align: justify;\">Actualmente se est\u00e1 terminando la redacci\u00f3n de los proyectos en las distintas fases en las que se dividir\u00e1 y se completar\u00e1 con el proyecto de colectores que agrupa <strong>Fuensanta y Trasmulas <\/strong>(Pinos Puente), <strong>Pe\u00f1uelas <\/strong>(L\u00e1char), <strong>Romilla la Nueva<\/strong> (Chauchina) y <strong>Pedro Ruiz <\/strong>(Santa Fe).<\/p>\n<h3 style=\"text-align: justify;\"><span class=\"section-name\"> <span class=\"autor\"><strong> Luis F. Ruiz &#8211; Noelia S. Lorca<\/strong> <\/span><\/span><\/h3>\n<p style=\"text-align: justify;\">FOTO: https:\/\/www.aguasresiduales.info\/revista\/noticias\/autorizadas-las-obras-para-mejorar-la-depuracion-d-8CmG8<\/p>\n<blockquote class=\"wp-embedded-content\" data-secret=\"cKB9FPovHQ\"><p><a href=\"https:\/\/www.ahoragranada.com\/noticias\/la-depuracion-de-aguas-en-granada-avanza-para-llegar-a-mas-de-320-000-vecinos-del-area-metropolitana\/\">La depuraci\u00f3n de aguas en Granada avanza para llegar a m\u00e1s de 320.000 vecinos del \u00c1rea Metropolitana<\/a><\/p><\/blockquote>\n<p><iframe loading=\"lazy\" class=\"wp-embedded-content\" sandbox=\"allow-scripts\" security=\"restricted\" style=\"position: absolute; visibility: hidden;\" title=\"\u00abLa depuraci\u00f3n de aguas en Granada avanza para llegar a m\u00e1s de 320.000 vecinos del \u00c1rea Metropolitana\u00bb \u2014 Ahora Granada\" src=\"https:\/\/www.ahoragranada.com\/noticias\/la-depuracion-de-aguas-en-granada-avanza-para-llegar-a-mas-de-320-000-vecinos-del-area-metropolitana\/embed\/#?secret=0cib734riO#?secret=cKB9FPovHQ\" data-secret=\"cKB9FPovHQ\" width=\"600\" height=\"338\" frameborder=\"0\" marginwidth=\"0\" marginheight=\"0\" scrolling=\"no\"><\/iframe><\/p>\n","protected":false},"excerpt":{"rendered":"<p>Los proyectos de agrupaci\u00f3n de vertidos, que ejecuta la Junta, se encuentran en distintas fases&#8230;<\/p>\n","protected":false},"author":1,"featured_media":80385,"comment_status":"closed","ping_status":"closed","sticky":false,"template":"","format":"standard","meta":{"_coblocks_attr":"","_coblocks_dimensions":"","_coblocks_responsive_height":"","_coblocks_accordion_ie_support":"","jetpack_post_was_ever_published":false,"_jetpack_newsletter_access":"","_jetpack_dont_email_post_to_subs":false,"_jetpack_newsletter_tier_id":0,"_jetpack_memberships_contains_paywalled_content":false,"_jetpack_memberships_contains_paid_content":false,"footnotes":"","jetpack_publicize_message":"","jetpack_publicize_feature_enabled":true,"jetpack_social_post_already_shared":true,"jetpack_social_options":{"image_generator_settings":{"template":"highway","default_image_id":0,"enabled":false},"version":2}},"categories":[10791,1161,10781,186,44],"tags":[],"class_list":["post-80383","post","type-post","status-publish","format-standard","has-post-thumbnail","hentry","category-andalucia","category-ciudadania","category-granada","category-instituciones","category-noticias-de-hoy"],"jetpack_publicize_connections":[],"jetpack_featured_media_url":"https:\/\/i0.wp.com\/miradordeatarfe.es\/wp-content\/uploads\/2025\/11\/portada-tdD6cOY5phsJZH8cpQxyLRDjObsTQMcWHq.jpg?fit=750%2C200&ssl=1","jetpack_likes_enabled":true,"jetpack_sharing_enabled":true,"_links":{"self":[{"href":"https:\/\/miradordeatarfe.es\/index.php?rest_route=\/wp\/v2\/posts\/80383","targetHints":{"allow":["GET"]}}],"collection":[{"href":"https:\/\/miradordeatarfe.es\/index.php?rest_route=\/wp\/v2\/posts"}],"about":[{"href":"https:\/\/miradordeatarfe.es\/index.php?rest_route=\/wp\/v2\/types\/post"}],"author":[{"embeddable":true,"href":"https:\/\/miradordeatarfe.es\/index.php?rest_route=\/wp\/v2\/users\/1"}],"replies":[{"embeddable":true,"href":"https:\/\/miradordeatarfe.es\/index.php?rest_route=%2Fwp%2Fv2%2Fcomments&post=80383"}],"version-history":[{"count":2,"href":"https:\/\/miradordeatarfe.es\/index.php?rest_route=\/wp\/v2\/posts\/80383\/revisions"}],"predecessor-version":[{"id":80387,"href":"https:\/\/miradordeatarfe.es\/index.php?rest_route=\/wp\/v2\/posts\/80383\/revisions\/80387"}],"wp:featuredmedia":[{"embeddable":true,"href":"https:\/\/miradordeatarfe.es\/index.php?rest_route=\/wp\/v2\/media\/80385"}],"wp:attachment":[{"href":"https:\/\/miradordeatarfe.es\/index.php?rest_route=%2Fwp%2Fv2%2Fmedia&parent=80383"}],"wp:term":[{"taxonomy":"category","embeddable":true,"href":"https:\/\/miradordeatarfe.es\/index.php?rest_route=%2Fwp%2Fv2%2Fcategories&post=80383"},{"taxonomy":"post_tag","embeddable":true,"href":"https:\/\/miradordeatarfe.es\/index.php?rest_route=%2Fwp%2Fv2%2Ftags&post=80383"}],"curies":[{"name":"wp","href":"https:\/\/api.w.org\/{rel}","templated":true}]}}