{"id":80392,"date":"2025-11-30T11:25:53","date_gmt":"2025-11-30T10:25:53","guid":{"rendered":"https:\/\/miradordeatarfe.es\/?p=80392"},"modified":"2025-11-28T10:54:55","modified_gmt":"2025-11-28T09:54:55","slug":"atarfe-se-mueve-por-el-reto-mapamundi","status":"publish","type":"post","link":"https:\/\/miradordeatarfe.es\/?p=80392","title":{"rendered":"Atarfe se mueve por el Reto Mapamundi"},"content":{"rendered":"<h3>Arranca una nueva iniciativa para seguir impulsando el reciclaje de envases de vidrio en nuestro municipio, de la mano de Ecovidrio y la Diputaci\u00f3n de Granada.<\/h3>\n<p>Los educadores ambientales de Ecovidrio han recorrido las calles de nuestro municipio dentro de la campa\u00f1a Reto Mapamundi, una iniciativa para impulsar el reciclaje de vidrio y avanzar hacia un Atarfe m\u00e1s sostenible.<\/p>\n<p>Se han repartido bolsas reutilizables para que separar el vidrio en casa sea m\u00e1s f\u00e1cil y c\u00f3modo. Adem\u00e1s, se ha informado y concienciado a los vecinos y vecinas sobre la importancia de este peque\u00f1o gesto que tiene un gran impacto en el planeta.<\/p>\n<p>Porque la clave es simple, clara y poderosa:<\/p>\n<p>\u201cCada botella que reciclas suma; la que no, resta.\u201d\u00a0Atarfe tiene todo para lograr el reto y estamos en camino.\u00a0Vamos a por el Reto Mapamundi y lo vamos a conseguir entre todos y todas.<\/p>\n<p>El objetivo es claro: superar las cifras de reciclaje de vidrio del mismo periodo del a\u00f1o pasado durante los meses de noviembre, diciembre y enero. Si Atarfe consigue mejorar sus datos, \u00a1nuestros contenedores verdes se transformar\u00e1n! Se decorar\u00e1n con un dise\u00f1o exclusivo inspirado en la campa\u00f1a, adaptado especialmente a nuestro pueblo.<\/p>\n<p>Adem\u00e1s, la campa\u00f1a incluye acciones de sensibilizaci\u00f3n por las calles: educadores ambientales visitar\u00e1n Atarfe con la Furgo Recorre Mundi y repartir\u00e1n bolsas reutilizables para facilitar la separaci\u00f3n del vidrio en casa.<\/p>\n<p>Reciclar vidrio es un gesto sencillo que tiene un gran impacto:<\/p>\n<p>&#8211; Se recicla al 100% y de forma infinita.<br \/>\n&#8211; Reduce emisiones contaminantes.<br \/>\n&#8211; Ahorra energ\u00eda.<br \/>\n&#8211; Evita la extracci\u00f3n de materias primas y protege nuestros suelos.<\/p>\n<p>En Atarfe, cada gesto cuenta.\u00a0Si reciclamos m\u00e1s, ganamos todos\u2026 y gana el planeta.\u00a0\u00danete al reto. Deposita tus envases de vidrio en el contenedor verde.<\/p>\n<div class=\"tiled-gallery type-rectangular tiled-gallery-unresized\" data-original-width=\"640\" data-carousel-extra='null' itemscope itemtype=\"http:\/\/schema.org\/ImageGallery\" > <div class=\"gallery-row\" style=\"width: 640px; height: 132px;\" data-original-width=\"640\" data-original-height=\"132\" > <div class=\"gallery-group images-1\" style=\"width: 233px; height: 132px;\" data-original-width=\"233\" data-original-height=\"132\" > <div class=\"tiled-gallery-item tiled-gallery-item-small\" itemprop=\"associatedMedia\" itemscope itemtype=\"http:\/\/schema.org\/ImageObject\"> <a href=\"https:\/\/miradordeatarfe.es\/?attachment_id=80397\" border=\"0\" itemprop=\"url\"> <meta itemprop=\"width\" content=\"229\"> <meta itemprop=\"height\" content=\"128\"> <img decoding=\"async\" class=\"\" data-attachment-id=\"80397\" data-orig-file=\"https:\/\/miradordeatarfe.es\/wp-content\/uploads\/2025\/11\/educadores-ambientales-reto-mapa-mundi-2025-3.jpeg\" data-orig-size=\"2040,1148\" data-comments-opened=\"\" data-image-meta=\"{&quot;aperture&quot;:&quot;0&quot;,&quot;credit&quot;:&quot;&quot;,&quot;camera&quot;:&quot;&quot;,&quot;caption&quot;:&quot;&quot;,&quot;created_timestamp&quot;:&quot;0&quot;,&quot;copyright&quot;:&quot;&quot;,&quot;focal_length&quot;:&quot;0&quot;,&quot;iso&quot;:&quot;0&quot;,&quot;shutter_speed&quot;:&quot;0&quot;,&quot;title&quot;:&quot;&quot;,&quot;orientation&quot;:&quot;0&quot;}\" data-image-title=\"educadores-ambientales-reto-mapa-mundi-2025-3\" data-image-description=\"\" data-medium-file=\"https:\/\/i0.wp.com\/miradordeatarfe.es\/wp-content\/uploads\/2025\/11\/educadores-ambientales-reto-mapa-mundi-2025-3.jpeg?fit=300%2C169&#038;ssl=1\" data-large-file=\"https:\/\/i0.wp.com\/miradordeatarfe.es\/wp-content\/uploads\/2025\/11\/educadores-ambientales-reto-mapa-mundi-2025-3.jpeg?fit=640%2C360&#038;ssl=1\" src=\"https:\/\/i0.wp.com\/miradordeatarfe.es\/wp-content\/uploads\/2025\/11\/educadores-ambientales-reto-mapa-mundi-2025-3.jpeg?w=229&#038;h=128&#038;ssl=1\" srcset=\"https:\/\/i0.wp.com\/miradordeatarfe.es\/wp-content\/uploads\/2025\/11\/educadores-ambientales-reto-mapa-mundi-2025-3.jpeg?w=2040&amp;ssl=1 2040w, https:\/\/i0.wp.com\/miradordeatarfe.es\/wp-content\/uploads\/2025\/11\/educadores-ambientales-reto-mapa-mundi-2025-3.jpeg?resize=300%2C169&amp;ssl=1 300w, https:\/\/i0.wp.com\/miradordeatarfe.es\/wp-content\/uploads\/2025\/11\/educadores-ambientales-reto-mapa-mundi-2025-3.jpeg?resize=1024%2C576&amp;ssl=1 1024w, https:\/\/i0.wp.com\/miradordeatarfe.es\/wp-content\/uploads\/2025\/11\/educadores-ambientales-reto-mapa-mundi-2025-3.jpeg?resize=768%2C432&amp;ssl=1 768w, https:\/\/i0.wp.com\/miradordeatarfe.es\/wp-content\/uploads\/2025\/11\/educadores-ambientales-reto-mapa-mundi-2025-3.jpeg?resize=1536%2C864&amp;ssl=1 1536w, https:\/\/i0.wp.com\/miradordeatarfe.es\/wp-content\/uploads\/2025\/11\/educadores-ambientales-reto-mapa-mundi-2025-3.jpeg?resize=1320%2C743&amp;ssl=1 1320w, https:\/\/i0.wp.com\/miradordeatarfe.es\/wp-content\/uploads\/2025\/11\/educadores-ambientales-reto-mapa-mundi-2025-3.jpeg?w=1920&amp;ssl=1 1920w\" width=\"229\" height=\"128\" loading=\"lazy\" data-original-width=\"229\" data-original-height=\"128\" itemprop=\"http:\/\/schema.org\/image\" title=\"educadores-ambientales-reto-mapa-mundi-2025-3\" alt=\"educadores-ambientales-reto-mapa-mundi-2025-3\" style=\"width: 229px; height: 128px;\" \/> <\/a> <\/div> <\/div> <!-- close group --> <div class=\"gallery-group images-1\" style=\"width: 175px; height: 132px;\" data-original-width=\"175\" data-original-height=\"132\" > <div class=\"tiled-gallery-item tiled-gallery-item-small\" itemprop=\"associatedMedia\" itemscope itemtype=\"http:\/\/schema.org\/ImageObject\"> <a href=\"https:\/\/miradordeatarfe.es\/?attachment_id=80396\" border=\"0\" itemprop=\"url\"> <meta itemprop=\"width\" content=\"171\"> <meta itemprop=\"height\" content=\"128\"> <img decoding=\"async\" class=\"\" data-attachment-id=\"80396\" data-orig-file=\"https:\/\/miradordeatarfe.es\/wp-content\/uploads\/2025\/11\/educadores-ambientales-reto-mapa-mundi-2025-5.jpeg\" data-orig-size=\"2048,1536\" data-comments-opened=\"\" data-image-meta=\"{&quot;aperture&quot;:&quot;0&quot;,&quot;credit&quot;:&quot;&quot;,&quot;camera&quot;:&quot;&quot;,&quot;caption&quot;:&quot;&quot;,&quot;created_timestamp&quot;:&quot;0&quot;,&quot;copyright&quot;:&quot;&quot;,&quot;focal_length&quot;:&quot;0&quot;,&quot;iso&quot;:&quot;0&quot;,&quot;shutter_speed&quot;:&quot;0&quot;,&quot;title&quot;:&quot;&quot;,&quot;orientation&quot;:&quot;0&quot;}\" data-image-title=\"educadores-ambientales-reto-mapa-mundi-2025-5\" data-image-description=\"\" data-medium-file=\"https:\/\/i0.wp.com\/miradordeatarfe.es\/wp-content\/uploads\/2025\/11\/educadores-ambientales-reto-mapa-mundi-2025-5.jpeg?fit=300%2C225&#038;ssl=1\" data-large-file=\"https:\/\/i0.wp.com\/miradordeatarfe.es\/wp-content\/uploads\/2025\/11\/educadores-ambientales-reto-mapa-mundi-2025-5.jpeg?fit=640%2C480&#038;ssl=1\" src=\"https:\/\/i0.wp.com\/miradordeatarfe.es\/wp-content\/uploads\/2025\/11\/educadores-ambientales-reto-mapa-mundi-2025-5.jpeg?w=171&#038;h=128&#038;ssl=1\" srcset=\"https:\/\/i0.wp.com\/miradordeatarfe.es\/wp-content\/uploads\/2025\/11\/educadores-ambientales-reto-mapa-mundi-2025-5.jpeg?w=2048&amp;ssl=1 2048w, https:\/\/i0.wp.com\/miradordeatarfe.es\/wp-content\/uploads\/2025\/11\/educadores-ambientales-reto-mapa-mundi-2025-5.jpeg?resize=300%2C225&amp;ssl=1 300w, https:\/\/i0.wp.com\/miradordeatarfe.es\/wp-content\/uploads\/2025\/11\/educadores-ambientales-reto-mapa-mundi-2025-5.jpeg?resize=1024%2C768&amp;ssl=1 1024w, https:\/\/i0.wp.com\/miradordeatarfe.es\/wp-content\/uploads\/2025\/11\/educadores-ambientales-reto-mapa-mundi-2025-5.jpeg?resize=768%2C576&amp;ssl=1 768w, https:\/\/i0.wp.com\/miradordeatarfe.es\/wp-content\/uploads\/2025\/11\/educadores-ambientales-reto-mapa-mundi-2025-5.jpeg?resize=1536%2C1152&amp;ssl=1 1536w, https:\/\/i0.wp.com\/miradordeatarfe.es\/wp-content\/uploads\/2025\/11\/educadores-ambientales-reto-mapa-mundi-2025-5.jpeg?resize=1320%2C990&amp;ssl=1 1320w, https:\/\/i0.wp.com\/miradordeatarfe.es\/wp-content\/uploads\/2025\/11\/educadores-ambientales-reto-mapa-mundi-2025-5.jpeg?w=1920&amp;ssl=1 1920w\" width=\"171\" height=\"128\" loading=\"lazy\" data-original-width=\"171\" data-original-height=\"128\" itemprop=\"http:\/\/schema.org\/image\" title=\"educadores-ambientales-reto-mapa-mundi-2025-5\" alt=\"educadores-ambientales-reto-mapa-mundi-2025-5\" style=\"width: 171px; height: 128px;\" \/> <\/a> <\/div> <\/div> <!-- close group --> <div class=\"gallery-group images-1\" style=\"width: 232px; height: 132px;\" data-original-width=\"232\" data-original-height=\"132\" > <div class=\"tiled-gallery-item tiled-gallery-item-small\" itemprop=\"associatedMedia\" itemscope itemtype=\"http:\/\/schema.org\/ImageObject\"> <a href=\"https:\/\/miradordeatarfe.es\/?attachment_id=80395\" border=\"0\" itemprop=\"url\"> <meta itemprop=\"width\" content=\"228\"> <meta itemprop=\"height\" content=\"128\"> <img decoding=\"async\" class=\"\" data-attachment-id=\"80395\" data-orig-file=\"https:\/\/miradordeatarfe.es\/wp-content\/uploads\/2025\/11\/educadores-ambientales-reto-mapa-mundi-2025-4.jpeg\" data-orig-size=\"2040,1148\" data-comments-opened=\"\" data-image-meta=\"{&quot;aperture&quot;:&quot;0&quot;,&quot;credit&quot;:&quot;&quot;,&quot;camera&quot;:&quot;&quot;,&quot;caption&quot;:&quot;&quot;,&quot;created_timestamp&quot;:&quot;0&quot;,&quot;copyright&quot;:&quot;&quot;,&quot;focal_length&quot;:&quot;0&quot;,&quot;iso&quot;:&quot;0&quot;,&quot;shutter_speed&quot;:&quot;0&quot;,&quot;title&quot;:&quot;&quot;,&quot;orientation&quot;:&quot;0&quot;}\" data-image-title=\"educadores-ambientales-reto-mapa-mundi-2025-4\" data-image-description=\"\" data-medium-file=\"https:\/\/i0.wp.com\/miradordeatarfe.es\/wp-content\/uploads\/2025\/11\/educadores-ambientales-reto-mapa-mundi-2025-4.jpeg?fit=300%2C169&#038;ssl=1\" data-large-file=\"https:\/\/i0.wp.com\/miradordeatarfe.es\/wp-content\/uploads\/2025\/11\/educadores-ambientales-reto-mapa-mundi-2025-4.jpeg?fit=640%2C360&#038;ssl=1\" src=\"https:\/\/i0.wp.com\/miradordeatarfe.es\/wp-content\/uploads\/2025\/11\/educadores-ambientales-reto-mapa-mundi-2025-4.jpeg?w=228&#038;h=128&#038;ssl=1\" srcset=\"https:\/\/i0.wp.com\/miradordeatarfe.es\/wp-content\/uploads\/2025\/11\/educadores-ambientales-reto-mapa-mundi-2025-4.jpeg?w=2040&amp;ssl=1 2040w, https:\/\/i0.wp.com\/miradordeatarfe.es\/wp-content\/uploads\/2025\/11\/educadores-ambientales-reto-mapa-mundi-2025-4.jpeg?resize=300%2C169&amp;ssl=1 300w, https:\/\/i0.wp.com\/miradordeatarfe.es\/wp-content\/uploads\/2025\/11\/educadores-ambientales-reto-mapa-mundi-2025-4.jpeg?resize=1024%2C576&amp;ssl=1 1024w, https:\/\/i0.wp.com\/miradordeatarfe.es\/wp-content\/uploads\/2025\/11\/educadores-ambientales-reto-mapa-mundi-2025-4.jpeg?resize=768%2C432&amp;ssl=1 768w, https:\/\/i0.wp.com\/miradordeatarfe.es\/wp-content\/uploads\/2025\/11\/educadores-ambientales-reto-mapa-mundi-2025-4.jpeg?resize=1536%2C864&amp;ssl=1 1536w, https:\/\/i0.wp.com\/miradordeatarfe.es\/wp-content\/uploads\/2025\/11\/educadores-ambientales-reto-mapa-mundi-2025-4.jpeg?resize=1320%2C743&amp;ssl=1 1320w, https:\/\/i0.wp.com\/miradordeatarfe.es\/wp-content\/uploads\/2025\/11\/educadores-ambientales-reto-mapa-mundi-2025-4.jpeg?w=1920&amp;ssl=1 1920w\" width=\"228\" height=\"128\" loading=\"lazy\" data-original-width=\"228\" data-original-height=\"128\" itemprop=\"http:\/\/schema.org\/image\" title=\"educadores-ambientales-reto-mapa-mundi-2025-4\" alt=\"educadores-ambientales-reto-mapa-mundi-2025-4\" style=\"width: 228px; height: 128px;\" \/> <\/a> <\/div> <\/div> <!-- close group --> <\/div> <!-- close row --> <\/div>\n<p><img data-recalc-dims=\"1\" loading=\"lazy\" decoding=\"async\" class=\"alignnone wp-image-80394 size-full\" src=\"https:\/\/i0.wp.com\/miradordeatarfe.es\/wp-content\/uploads\/2025\/11\/educadores-ambientales-reto-mapa-mundi-2025-1.jpg?resize=600%2C480&#038;ssl=1\" alt=\"\" width=\"600\" height=\"480\" srcset=\"https:\/\/i0.wp.com\/miradordeatarfe.es\/wp-content\/uploads\/2025\/11\/educadores-ambientales-reto-mapa-mundi-2025-1.jpg?w=600&amp;ssl=1 600w, https:\/\/i0.wp.com\/miradordeatarfe.es\/wp-content\/uploads\/2025\/11\/educadores-ambientales-reto-mapa-mundi-2025-1.jpg?resize=300%2C240&amp;ssl=1 300w\" sizes=\"auto, (max-width: 600px) 100vw, 600px\" \/><\/p>\n","protected":false},"excerpt":{"rendered":"<p>Arranca una nueva iniciativa para seguir impulsando el reciclaje de envases de vidrio en nuestro&#8230;<\/p>\n","protected":false},"author":1,"featured_media":80398,"comment_status":"closed","ping_status":"closed","sticky":false,"template":"","format":"standard","meta":{"_coblocks_attr":"","_coblocks_dimensions":"","_coblocks_responsive_height":"","_coblocks_accordion_ie_support":"","jetpack_post_was_ever_published":false,"_jetpack_newsletter_access":"","_jetpack_dont_email_post_to_subs":false,"_jetpack_newsletter_tier_id":0,"_jetpack_memberships_contains_paywalled_content":false,"_jetpack_memberships_contains_paid_content":false,"footnotes":"","jetpack_publicize_message":"","jetpack_publicize_feature_enabled":true,"jetpack_social_post_already_shared":true,"jetpack_social_options":{"image_generator_settings":{"template":"highway","default_image_id":0,"enabled":false},"version":2}},"categories":[1161,186,9,44],"tags":[],"class_list":["post-80392","post","type-post","status-publish","format-standard","has-post-thumbnail","hentry","category-ciudadania","category-instituciones","category-medio-ambiente","category-noticias-de-hoy"],"jetpack_publicize_connections":[],"jetpack_featured_media_url":"https:\/\/i0.wp.com\/miradordeatarfe.es\/wp-content\/uploads\/2025\/11\/educadores-ambientales-reto-mapa-mundi-2025-2.jpeg?fit=2040%2C1148&ssl=1","jetpack_likes_enabled":true,"jetpack_sharing_enabled":true,"_links":{"self":[{"href":"https:\/\/miradordeatarfe.es\/index.php?rest_route=\/wp\/v2\/posts\/80392","targetHints":{"allow":["GET"]}}],"collection":[{"href":"https:\/\/miradordeatarfe.es\/index.php?rest_route=\/wp\/v2\/posts"}],"about":[{"href":"https:\/\/miradordeatarfe.es\/index.php?rest_route=\/wp\/v2\/types\/post"}],"author":[{"embeddable":true,"href":"https:\/\/miradordeatarfe.es\/index.php?rest_route=\/wp\/v2\/users\/1"}],"replies":[{"embeddable":true,"href":"https:\/\/miradordeatarfe.es\/index.php?rest_route=%2Fwp%2Fv2%2Fcomments&post=80392"}],"version-history":[{"count":1,"href":"https:\/\/miradordeatarfe.es\/index.php?rest_route=\/wp\/v2\/posts\/80392\/revisions"}],"predecessor-version":[{"id":80399,"href":"https:\/\/miradordeatarfe.es\/index.php?rest_route=\/wp\/v2\/posts\/80392\/revisions\/80399"}],"wp:featuredmedia":[{"embeddable":true,"href":"https:\/\/miradordeatarfe.es\/index.php?rest_route=\/wp\/v2\/media\/80398"}],"wp:attachment":[{"href":"https:\/\/miradordeatarfe.es\/index.php?rest_route=%2Fwp%2Fv2%2Fmedia&parent=80392"}],"wp:term":[{"taxonomy":"category","embeddable":true,"href":"https:\/\/miradordeatarfe.es\/index.php?rest_route=%2Fwp%2Fv2%2Fcategories&post=80392"},{"taxonomy":"post_tag","embeddable":true,"href":"https:\/\/miradordeatarfe.es\/index.php?rest_route=%2Fwp%2Fv2%2Ftags&post=80392"}],"curies":[{"name":"wp","href":"https:\/\/api.w.org\/{rel}","templated":true}]}}