{"id":8040,"date":"2016-04-06T07:45:55","date_gmt":"2016-04-06T07:45:55","guid":{"rendered":"http:\/\/miradordeatarfe.es\/?p=8040"},"modified":"2016-04-04T21:54:31","modified_gmt":"2016-04-04T21:54:31","slug":"canada-recibe-a-lo-grande-a-los-refugiados-sirios","status":"publish","type":"post","link":"https:\/\/miradordeatarfe.es\/?p=8040","title":{"rendered":"Canad\u00e1 recibe a lo grande a los refugiados sirios"},"content":{"rendered":"<p class=\"subtitulo\">El primer ministro da una calurosa bienvenida a los primeros 163 asilados llegados al aeropuerto de Toronto.\u00bbSalen de los aviones como refugiados y entran como residentes permanentes\u00bb, afirma Justin Trudeau<!--more--><\/p>\n<p style=\"text-align: justify;\">Mientras en<strong> EEUU<\/strong> Donald Trump propone vetar a los musulmanes y los gobernadores republicanos rechazan acoger a refugiados sirios, sus vecinos de<strong> Canad\u00e1<\/strong> han recibido a lo grande a los primeros 163 <strong>refugiados sirios<\/strong> llegados al pa\u00eds. Son los primeros de un contingente de 10.000 que se instalar\u00e1n en Canad\u00e1 antes de que acabe el a\u00f1o. El primer ministro canadiense, Justin Trudeau, ha dado una calurosa <strong>bienvenida <\/strong>a los 163 sirios. Y no ha sido el \u00fanico, el diario local &#8216;Toronto Star&#8217; les ha dedicado la portada con el titular &#8216;<strong>Welcome to Canada&#8217;<\/strong>, en ingl\u00e9s y en \u00e1rabe.<\/p>\n<p style=\"text-align: justify;\">Estos primeros 163 refugiados llegaron a \u00faltima hora del jueves (madrugada del viernes en Espa\u00f1a), con una hora de retraso, a bordo de un avi\u00f3n militar canadiense que los trajo desde el<strong> L\u00edbano<\/strong> hasta el<strong> aeropuerto de Toronto<\/strong>. Trudeau los esperaba, junto con miembros de su Gobierno y decenas de ciudadanos, en una zona especial del aeropuerto. All\u00ed, como un voluntario m\u00e1s y en mangas de camisa,\u00a0habl\u00f3 con las familias reci\u00e9n llegadas y ayud\u00f3 a los m\u00e1s peque\u00f1os a ponerse los abrigos que les regalaron para hacer frente al duro invierno canadiense.<\/p>\n<p style=\"text-align: justify;\">\u00abSalen de los aviones como refugiados pero caminan desde esta terminal como <strong>residentes permanentes<\/strong> de Canad\u00e1\u00bb, ha afirmado Trudeau, que ha agradecido a los voluntarios su esfuerzo para recibir a este\u00a0primer contingente de sirios, que en cuatro a\u00f1os podr\u00e1n obtener la <strong>ciudadan\u00eda canadiense<\/strong>.<\/p>\n<h3 style=\"text-align: justify;\">\u00abUN PROYECTO NACIONAL\u00bb<\/h3>\n<p style=\"text-align: justify;\">Este s\u00e1bado se espera la llegada al aeropuerto de Montreal de un segundo avi\u00f3n militar con otros 200 refugiados sirios. El primer ministro, que en la campa\u00f1a electoral que culmin\u00f3 en las elecciones del pasado 19 de octubre hizo de la<strong> acogida de refugiados<\/strong> uno de los principales puntos de su programa,\u00a0se ha comprometido a asentar en el pa\u00eds a 25.000 asilados para finales de febrero del 2016. Cumple as\u00ed uno de principales puntos de su programa de gobierno.<\/p>\n<p style=\"text-align: justify;\">En esta l\u00ednea, el ministro de Inmigraci\u00f3n, <strong>John McCallum<\/strong>, ha calificado el asentamiento de 25.000 sirios que escapan de la guerra civil como un \u00abproyecto nacional\u00bb\u00a0en el que decenas de miles de canadienses se han volcado. McCallum ha avanzado que, adem\u00e1s de estos 25.000 asilados, el pa\u00eds podr\u00eda aceptar entre 10.000 y 25.000 m\u00e1s el pr\u00f3ximo a\u00f1o.<\/p>\n<p style=\"text-align: justify;\">Los primeros 10.000 refugiados sirios que llegar\u00e1n a Canad\u00e1 antes de que finalice este 2015 lo har\u00e1n gracias al patrocinio de individuos privados y asociaciones que tienen que reunir alrededor de 30.000 d\u00f3lares canadienses (21.900 d\u00f3lares estadounidenses) por cada familia de cuatro individuos que llega al pa\u00eds. Los pr\u00f3ximos 15.000 sirios que llegar\u00e1n a Canad\u00e1 en enero y febrero de 2016 son refugiados gubernamentales.<\/p>\n","protected":false},"excerpt":{"rendered":"<p>El primer ministro da una calurosa bienvenida a los primeros 163 asilados llegados al aeropuerto&#8230;<\/p>\n","protected":false},"author":1,"featured_media":8041,"comment_status":"closed","ping_status":"closed","sticky":false,"template":"","format":"standard","meta":{"_coblocks_attr":"","_coblocks_dimensions":"","_coblocks_responsive_height":"","_coblocks_accordion_ie_support":"","jetpack_post_was_ever_published":false,"_jetpack_newsletter_access":"","_jetpack_dont_email_post_to_subs":false,"_jetpack_newsletter_tier_id":0,"_jetpack_memberships_contains_paywalled_content":false,"_jetpack_memberships_contains_paid_content":false,"footnotes":"","jetpack_publicize_message":"","jetpack_publicize_feature_enabled":true,"jetpack_social_post_already_shared":false,"jetpack_social_options":{"image_generator_settings":{"template":"highway","default_image_id":0,"enabled":false},"version":2}},"categories":[186,44,15],"tags":[679,1136],"class_list":["post-8040","post","type-post","status-publish","format-standard","has-post-thumbnail","hentry","category-instituciones","category-noticias-de-hoy","category-ultimas-noticias","tag-refugiados","tag-siria"],"jetpack_publicize_connections":[],"jetpack_featured_media_url":"https:\/\/i0.wp.com\/miradordeatarfe.es\/wp-content\/uploads\/2016\/04\/primer-ministro-canada-justin-trudeau-bienvenida-una-familia-siria-aeropuerto-toronto-este-jueves-1449825849605.jpg?fit=633%2C426&ssl=1","jetpack_likes_enabled":true,"jetpack_sharing_enabled":true,"_links":{"self":[{"href":"https:\/\/miradordeatarfe.es\/index.php?rest_route=\/wp\/v2\/posts\/8040","targetHints":{"allow":["GET"]}}],"collection":[{"href":"https:\/\/miradordeatarfe.es\/index.php?rest_route=\/wp\/v2\/posts"}],"about":[{"href":"https:\/\/miradordeatarfe.es\/index.php?rest_route=\/wp\/v2\/types\/post"}],"author":[{"embeddable":true,"href":"https:\/\/miradordeatarfe.es\/index.php?rest_route=\/wp\/v2\/users\/1"}],"replies":[{"embeddable":true,"href":"https:\/\/miradordeatarfe.es\/index.php?rest_route=%2Fwp%2Fv2%2Fcomments&post=8040"}],"version-history":[{"count":1,"href":"https:\/\/miradordeatarfe.es\/index.php?rest_route=\/wp\/v2\/posts\/8040\/revisions"}],"predecessor-version":[{"id":8042,"href":"https:\/\/miradordeatarfe.es\/index.php?rest_route=\/wp\/v2\/posts\/8040\/revisions\/8042"}],"wp:featuredmedia":[{"embeddable":true,"href":"https:\/\/miradordeatarfe.es\/index.php?rest_route=\/wp\/v2\/media\/8041"}],"wp:attachment":[{"href":"https:\/\/miradordeatarfe.es\/index.php?rest_route=%2Fwp%2Fv2%2Fmedia&parent=8040"}],"wp:term":[{"taxonomy":"category","embeddable":true,"href":"https:\/\/miradordeatarfe.es\/index.php?rest_route=%2Fwp%2Fv2%2Fcategories&post=8040"},{"taxonomy":"post_tag","embeddable":true,"href":"https:\/\/miradordeatarfe.es\/index.php?rest_route=%2Fwp%2Fv2%2Ftags&post=8040"}],"curies":[{"name":"wp","href":"https:\/\/api.w.org\/{rel}","templated":true}]}}