{"id":80406,"date":"2025-11-29T10:00:14","date_gmt":"2025-11-29T09:00:14","guid":{"rendered":"https:\/\/miradordeatarfe.es\/?p=80406"},"modified":"2025-11-29T10:06:39","modified_gmt":"2025-11-29T09:06:39","slug":"las-pensiones-subiran-un-27-en-2026","status":"publish","type":"post","link":"https:\/\/miradordeatarfe.es\/?p=80406","title":{"rendered":"Las pensiones subir\u00e1n un 2,7% en 2026"},"content":{"rendered":"<div class=\"a_e_txt _df\">\n<h3 class=\"a_st\">La revalorizaci\u00f3n, que se calcula con la media de inflaci\u00f3n de los \u00faltimos 12 meses, se aplica a las prestaciones generales.<\/h3>\n<div class=\"a_c clearfix\" data-dtm-region=\"articulo_cuerpo\">\n<p class=\"\">Los 10,4 millones de pensiones que reciben mensualmente 9,4 millones de pensionistas \u2014alrededor de un mill\u00f3n de ellos cobra dos prestaciones\u2014 crecer\u00e1n el pr\u00f3ximo a\u00f1o como m\u00ednimo un 2,7%, seg\u00fan se ha confirmado este viernes tras conocerse que la inflaci\u00f3n aument\u00f3 un 3% en el mes de noviembre. Esto es as\u00ed porque la ley establece que las pensiones por regla general se revalorizar\u00e1n cada a\u00f1o lo mismo que el promedio de la inflaci\u00f3n de los doce meses comprendidos entre noviembre del a\u00f1o en curso y diciembre del a\u00f1o precedente. En este caso, el comportamiento medio de los precios en esos meses ha resultado ser el 2,7%.<\/p>\n<p class=\"\">Adem\u00e1s, esta misma actualizaci\u00f3n del 2,7% se aplicar\u00e1 tambi\u00e9n a los 715.000 pensionistas correspondientes al R\u00e9gimen de Clases Pasivas del Estado (formado por el colectivo de funcionarios jubilados).<\/p>\n<p class=\"\">No obstante, la cifra se deber\u00e1 confirmar el 12 de diciembre, cuando se publique el IPC definitivo, pero este no suele variar m\u00e1s de una d\u00e9cima al alza o la baja, lo que suele tener poca incidencia en la media con la que se calcula la revalorizaci\u00f3n de las pensiones. Una vez confirmado el dato, los pensionistas percibir\u00e1n su pensi\u00f3n revalorizada a partir de la n\u00f3mina de enero. Pero antes, en noviembre, los pensionistas han cobrado la paga extraordinaria de Navidad. En el caso de las pensiones de jubilaci\u00f3n esta paga tiene un importe medio de 1.492 euros, seg\u00fan informan desde Seguridad Social.<\/p>\n<p class=\"\">Esto es lo que subir\u00e1n todas las prestaciones contributivas, pero las m\u00ednimas y no contributivas aumentar\u00e1n previsiblemente algo m\u00e1s. As\u00ed lo establece la segunda fase de la reforma de pensiones, aprobada en marzo de 2024, donde se aprob\u00f3 que las pensiones m\u00ednimas y las no contributivas crecieran por encima del promedio de inflaci\u00f3n. Para ello, la norma marca una senda de subida con el umbral de pobreza como referencia, a\u00f1o a a\u00f1o hasta 2027. Pero el Gobierno a\u00fan no ha determinado cu\u00e1nto aumentar\u00e1n el pr\u00f3ximo a\u00f1o las pensiones m\u00e1s bajas.<\/p>\n<p class=\"\">La revalorizaci\u00f3n supondr\u00e1, aproximadamente, 572 euros adicionales al a\u00f1o para las personas con la pensi\u00f3n media de jubilaci\u00f3n, mientras que las pensiones medias del sistema aumentar\u00e1n 498 euros anuales, seg\u00fan han calculado desde la Seguridad Social. En el caso de las pensiones m\u00e1ximas, actualmente fijadas en 3.267,60 euros brutos mensuales (45.746,40 euros brutos anuales en 14 pagas), pasar\u00e1n a ser de aproximadamente 3.356 euros al mes (unos 46.981 euros anuales).<\/p>\n<p class=\"\">Actualmente, la pensi\u00f3n media del sistema de la Seguridad Social (que comprende las prestaciones de jubilaci\u00f3n, incapacidad permanente, viudedad, orfandad y favor de familiares) fue de 1.316,7 euros en noviembre, un 4,4% m\u00e1s que en el mismo mes del a\u00f1o anterior. Mientras que la pensi\u00f3n media de jubilaci\u00f3n, que perciben m\u00e1s de dos tercios del total de pensionistas (6,5 millones de personas), se sit\u00faa en 1.511,5 euros mensuales, tras incrementarse un 4,3% de media respecto al mismo periodo de 2024.<\/p>\n<p class=\"\">En cuanto al coste que supondr\u00e1 esta actualizaci\u00f3n para las arcas p\u00fablicas, teniendo en cuenta que el gasto total en pensiones superar\u00e1 este a\u00f1o los 200.000 millones de euros, la revalorizaci\u00f3n de las pensiones podr\u00eda rondar los 5.400 millones. Si bien a efectos presupuestarios esta cantidad se duplica desde enero, porque queda consolidada para siembre en la n\u00f3mina de las pensiones.<\/p>\n<\/div>\n<section class=\"w w-sea\">\n<div class=\"w_b\">\n<div class=\"_g _g-xs\">\n<div class=\"w-sea_txt\">\n<div class=\"_df\">\n<div class=\"w-sea_txt_na\"><strong><a href=\"https:\/\/elpais.com\/autor\/raquel-pascual-cortes\/\" rel=\"autor_bottom\">Raquel Pascual Cort\u00e9s<\/a><\/strong><\/div>\n<div>\u00a0<\/div>\n<\/div>\n<div>foto: Jubilados en la Alameda de Santiago de Compostela.<span class=\"a_m_m\">\u00d3SCAR CORRAL<\/span><\/div>\n<div>\u00a0<\/div>\n<div>https:\/\/elpais.com\/economia\/2025-11-28\/las-pensiones-subiran-un-27-en-2026.html<\/div>\n<\/div>\n<\/div>\n<\/div>\n<\/section>\n<\/div>\n<figure class=\"a_m a_m-h \"><\/figure>\n","protected":false},"excerpt":{"rendered":"<p>La revalorizaci\u00f3n, que se calcula con la media de inflaci\u00f3n de los \u00faltimos 12 meses,&#8230;<\/p>\n","protected":false},"author":1,"featured_media":80407,"comment_status":"closed","ping_status":"closed","sticky":false,"template":"","format":"standard","meta":{"_coblocks_attr":"","_coblocks_dimensions":"","_coblocks_responsive_height":"","_coblocks_accordion_ie_support":"","jetpack_post_was_ever_published":false,"_jetpack_newsletter_access":"","_jetpack_dont_email_post_to_subs":false,"_jetpack_newsletter_tier_id":0,"_jetpack_memberships_contains_paywalled_content":false,"_jetpack_memberships_contains_paid_content":false,"footnotes":"","jetpack_publicize_message":"","jetpack_publicize_feature_enabled":true,"jetpack_social_post_already_shared":false,"jetpack_social_options":{"image_generator_settings":{"template":"highway","default_image_id":0,"enabled":false},"version":2}},"categories":[1161,186,44,6937],"tags":[],"class_list":["post-80406","post","type-post","status-publish","format-standard","has-post-thumbnail","hentry","category-ciudadania","category-instituciones","category-noticias-de-hoy","category-sociedad"],"jetpack_publicize_connections":[],"jetpack_featured_media_url":"https:\/\/miradordeatarfe.es\/wp-content\/uploads\/2025\/11\/JBHYZ7QEQRFWFIWWSASRFBAHRI.avif","jetpack_likes_enabled":true,"jetpack_sharing_enabled":true,"_links":{"self":[{"href":"https:\/\/miradordeatarfe.es\/index.php?rest_route=\/wp\/v2\/posts\/80406","targetHints":{"allow":["GET"]}}],"collection":[{"href":"https:\/\/miradordeatarfe.es\/index.php?rest_route=\/wp\/v2\/posts"}],"about":[{"href":"https:\/\/miradordeatarfe.es\/index.php?rest_route=\/wp\/v2\/types\/post"}],"author":[{"embeddable":true,"href":"https:\/\/miradordeatarfe.es\/index.php?rest_route=\/wp\/v2\/users\/1"}],"replies":[{"embeddable":true,"href":"https:\/\/miradordeatarfe.es\/index.php?rest_route=%2Fwp%2Fv2%2Fcomments&post=80406"}],"version-history":[{"count":1,"href":"https:\/\/miradordeatarfe.es\/index.php?rest_route=\/wp\/v2\/posts\/80406\/revisions"}],"predecessor-version":[{"id":80408,"href":"https:\/\/miradordeatarfe.es\/index.php?rest_route=\/wp\/v2\/posts\/80406\/revisions\/80408"}],"wp:featuredmedia":[{"embeddable":true,"href":"https:\/\/miradordeatarfe.es\/index.php?rest_route=\/wp\/v2\/media\/80407"}],"wp:attachment":[{"href":"https:\/\/miradordeatarfe.es\/index.php?rest_route=%2Fwp%2Fv2%2Fmedia&parent=80406"}],"wp:term":[{"taxonomy":"category","embeddable":true,"href":"https:\/\/miradordeatarfe.es\/index.php?rest_route=%2Fwp%2Fv2%2Fcategories&post=80406"},{"taxonomy":"post_tag","embeddable":true,"href":"https:\/\/miradordeatarfe.es\/index.php?rest_route=%2Fwp%2Fv2%2Ftags&post=80406"}],"curies":[{"name":"wp","href":"https:\/\/api.w.org\/{rel}","templated":true}]}}