{"id":8043,"date":"2016-04-13T07:50:23","date_gmt":"2016-04-13T07:50:23","guid":{"rendered":"http:\/\/miradordeatarfe.es\/?p=8043"},"modified":"2016-04-13T07:54:37","modified_gmt":"2016-04-13T07:54:37","slug":"oferta-de-empleo-publico-del-gobierno","status":"publish","type":"post","link":"https:\/\/miradordeatarfe.es\/?p=8043","title":{"rendered":"Oferta de Empleo P\u00fablico del Gobierno"},"content":{"rendered":"<p>El Bolet\u00edn Oficial del Estado (BOE) ha publicado el Real Decreto 105\/2016 de 18 de marzo, en el cual consta la aprobaci\u00f3n de la oferta de <strong>empleo p\u00fablico<\/strong> del a\u00f1o 2016 con 13.427 plazas para <strong>funcionarios<\/strong> de nuevo ingreso\u00a0<!--more--><\/p>\n<p>Una oferta de empleo que cuenta con 13.427 plazas para <strong>funcionarios<\/strong> de nuevo ingreso en el sector p\u00fablico, adem\u00e1s de 5.694 vacantes destinadas a promoci\u00f3n interna. Lo que supone un incremento del n\u00famero de plazas del 62,14% en lo que se refiere a vacantes de nuevo ingreso, y de un aumento del 20,25% destinada a la promoci\u00f3n interna.<\/p>\n<p>Entre las plazas que se convocan este a\u00f1o para nuevo ingreso se dividen en las siguientes funciones:<\/p>\n<ul>\n<li>Se destinan 6057 plazas en total para la Administraci\u00f3n General del Estado (AGE)<\/li>\n<\/ul>\n<p>Convoc\u00e1ndose un 71% m\u00e1s vacantes que el a\u00f1o anterior, perteneciendo el 27% de estas al sector judicial<\/p>\n<ul>\n<li>250 nuevas vacantes para la Administraci\u00f3n a nivel local<\/li>\n<\/ul>\n<p>El n\u00famero de plazas para estos funcionarios se mantiene con respecto el a\u00f1o anterior.<\/p>\n<ul>\n<li>1820 puestos vacantes para Justicia<\/li>\n<\/ul>\n<p>Las vacantes se han visto incrementadas en m\u00e1s de un 8% con respecto 2015, esto incluye que estas 1820 plazas son convocadas para nuevos ingresos, a\u00f1adiendo 374 para promoci\u00f3n interna.<\/p>\n<ul>\n<li>2740 plazas destinadas al Cuerpo Nacional de Polic\u00eda<\/li>\n<\/ul>\n<p>En cuanto a esta convocatoria de oferta de empleo p\u00fablico, se especifica que incluye 125 plazas libres, 250 destinadas en exclusividad para la promoci\u00f3n interna partiendo desde el puesto de subinspector y adem\u00e1s de 2615 vacantes enfocadas a la Escala b\u00e1sica.<\/p>\n<ul>\n<li>1799 plazas para la Guardia Civil<\/li>\n<\/ul>\n<p>Esta convocatoria cuenta con el acceso directo en lo que se conoce como Escala de Cabos y tambi\u00e9n como Guardia del Cuerpo de la Guardia Civil.<\/p>\n<ul>\n<li>761 vacantes para las Fuerzas Armadas.<\/li>\n<\/ul>\n<p>Se reservan el 7% de estas vacantes a personas con discapacidad, plazas que deber\u00e1n destinarse obligatoriamente para tal fin a consecuencia de la incorporaci\u00f3n de la nueva ley de contratos para la administraci\u00f3n p\u00fablica.<\/p>\n<p>Las convocatorias de los procesos selectivos para este personal <strong>funcionario<\/strong> se realizar\u00e1n mediante oposici\u00f3n y se har\u00e1n p\u00fablicas en el Bolet\u00edn Oficial del Estado, donde se incluir\u00e1 el n\u00famero de plazas que corresponda para la oferta de <strong>empleo p\u00fablico<\/strong>. Adem\u00e1s se publicar\u00e1n estas <strong>oposiciones<\/strong>, en al menos un peri\u00f3dico de \u00e1mbito nacional y deber\u00e1 incluir el n\u00famero de vacantes y la descripci\u00f3n de la convocatoria, as\u00ed como el lugar en donde se encuentre reflejado en la convocatoria.<\/p>\n<p>De igual manera, esta informaci\u00f3n sobre la convocatoria de <strong>empleo p\u00fablico<\/strong> se difundir\u00e1 a trav\u00e9s de la p\u00e1gina web correspondiente a organismos oficiales y sus departamentos, especialmente en la web de acceso general \u00a0gob.es<\/p>\n<p>Una vez se publique la oferta de empleo p\u00fablico, los interesados podr\u00e1n inscribirse de forma electr\u00f3nica a trav\u00e9s de la direcci\u00f3n web que se proporcione en la oposici\u00f3n o convocatoria pertinente.<\/p>\n<p>En cuanto a la tasa de reposici\u00f3n se ha mantenido con el 100% en las fuerzas y cuerpos de seguridad del Estado, Justicia, asesoramiento jur\u00eddico y administraci\u00f3n, adem\u00e1s de los servicios sociales y seguridad ferroviaria. En cuanto al resto de sectores de empleo p\u00fablico esta tasa de reposici\u00f3n se establece al 50%.<\/p>\n<p>Puedes consultar el Bolet\u00edn oficial del estado con la convocatoria en este <a href=\"https:\/\/www.boe.es\/boe\/dias\/2016\/03\/22\/pdfs\/BOE-A-2016-2821.pdf\" target=\"_blank\">enlace<\/a>.<\/p>\n","protected":false},"excerpt":{"rendered":"<p>El Bolet\u00edn Oficial del Estado (BOE) ha publicado el Real Decreto 105\/2016 de 18 de&#8230;<\/p>\n","protected":false},"author":1,"featured_media":8044,"comment_status":"closed","ping_status":"closed","sticky":false,"template":"","format":"standard","meta":{"_coblocks_attr":"","_coblocks_dimensions":"","_coblocks_responsive_height":"","_coblocks_accordion_ie_support":"","jetpack_post_was_ever_published":false,"_jetpack_newsletter_access":"","_jetpack_dont_email_post_to_subs":false,"_jetpack_newsletter_tier_id":0,"_jetpack_memberships_contains_paywalled_content":false,"_jetpack_memberships_contains_paid_content":false,"footnotes":"","jetpack_publicize_message":"","jetpack_publicize_feature_enabled":true,"jetpack_social_post_already_shared":false,"jetpack_social_options":{"image_generator_settings":{"template":"highway","default_image_id":0,"enabled":false},"version":2}},"categories":[186,44,15],"tags":[223,74],"class_list":["post-8043","post","type-post","status-publish","format-standard","has-post-thumbnail","hentry","category-instituciones","category-noticias-de-hoy","category-ultimas-noticias","tag-empleo","tag-trabajo"],"jetpack_publicize_connections":[],"jetpack_featured_media_url":"https:\/\/i0.wp.com\/miradordeatarfe.es\/wp-content\/uploads\/2016\/04\/puestos.jpg?fit=1024%2C710&ssl=1","jetpack_likes_enabled":true,"jetpack_sharing_enabled":true,"_links":{"self":[{"href":"https:\/\/miradordeatarfe.es\/index.php?rest_route=\/wp\/v2\/posts\/8043","targetHints":{"allow":["GET"]}}],"collection":[{"href":"https:\/\/miradordeatarfe.es\/index.php?rest_route=\/wp\/v2\/posts"}],"about":[{"href":"https:\/\/miradordeatarfe.es\/index.php?rest_route=\/wp\/v2\/types\/post"}],"author":[{"embeddable":true,"href":"https:\/\/miradordeatarfe.es\/index.php?rest_route=\/wp\/v2\/users\/1"}],"replies":[{"embeddable":true,"href":"https:\/\/miradordeatarfe.es\/index.php?rest_route=%2Fwp%2Fv2%2Fcomments&post=8043"}],"version-history":[{"count":1,"href":"https:\/\/miradordeatarfe.es\/index.php?rest_route=\/wp\/v2\/posts\/8043\/revisions"}],"predecessor-version":[{"id":8045,"href":"https:\/\/miradordeatarfe.es\/index.php?rest_route=\/wp\/v2\/posts\/8043\/revisions\/8045"}],"wp:featuredmedia":[{"embeddable":true,"href":"https:\/\/miradordeatarfe.es\/index.php?rest_route=\/wp\/v2\/media\/8044"}],"wp:attachment":[{"href":"https:\/\/miradordeatarfe.es\/index.php?rest_route=%2Fwp%2Fv2%2Fmedia&parent=8043"}],"wp:term":[{"taxonomy":"category","embeddable":true,"href":"https:\/\/miradordeatarfe.es\/index.php?rest_route=%2Fwp%2Fv2%2Fcategories&post=8043"},{"taxonomy":"post_tag","embeddable":true,"href":"https:\/\/miradordeatarfe.es\/index.php?rest_route=%2Fwp%2Fv2%2Ftags&post=8043"}],"curies":[{"name":"wp","href":"https:\/\/api.w.org\/{rel}","templated":true}]}}