{"id":80469,"date":"2025-12-08T08:25:55","date_gmt":"2025-12-08T07:25:55","guid":{"rendered":"https:\/\/miradordeatarfe.es\/?p=80469"},"modified":"2025-12-04T14:27:42","modified_gmt":"2025-12-04T13:27:42","slug":"espana-es-el-pais-de-la-ue-con-mas-victimas-por-episodios-de-tiempo-extremo","status":"publish","type":"post","link":"https:\/\/miradordeatarfe.es\/?p=80469","title":{"rendered":"Espa\u00f1a es el pa\u00eds de la UE con m\u00e1s v\u00edctimas por episodios de tiempo extremo"},"content":{"rendered":"<div class=\"c-header\">\n<div class=\"news-header\">\n<h3>Desde 1980, m\u00e1s de 100.000 personas han perdido la vida por inundaciones, calor extremo o lluvias torrenciales empeoradas por el cambio clim\u00e1tico: la alianza PP-Vox erosiona el Pacto Verde que deber\u00eda impulsar medidas para combatir el calentamiento global detr\u00e1s del colapso del clima<\/h3>\n<ul class=\"footer\">\n<li class=\"subtitle--hasAnchor\">\n<p><a class=\"footer-link \" href=\"https:\/\/www.eldiario.es\/sociedad\/calor-severo-fuego-devastador-ahora-lluvias-torrenciales-crisis-climatica-normal-espana_1_12624221.html\" data-mrf-recirculation=\"subtitulo-2\" data-dl-event=\"subtitulo-2\" data-mrf-link=\"https:\/\/www.eldiario.es\/sociedad\/calor-severo-fuego-devastador-ahora-lluvias-torrenciales-crisis-climatica-normal-espana_1_12624221.html\"> \u2014 Del calor severo al fuego devastador y ahora las lluvias torrenciales: la crisis clim\u00e1tica ya es lo normal en Espa\u00f1a <\/a><\/p>\n<\/li>\n<\/ul>\n<\/div>\n<\/div>\n<div class=\"second-col\">\n<p class=\"article-text\">Aunque el <a class=\"link\" href=\"https:\/\/www.eldiario.es\/internacional\/pp-alia-europa-ultraderecha-favor-negacionismo-climatico_1_12763828.html\" target=\"_blank\" rel=\"noopener\" data-mrf-recirculation=\"links-noticia\" data-mrf-link=\"https:\/\/www.eldiario.es\/internacional\/pp-alia-europa-ultraderecha-favor-negacionismo-climatico_1_12763828.html\">Pacto Verde Europeo se resquebraje tanto en la UE<\/a> como en Espa\u00f1a por las <a class=\"link\" href=\"https:\/\/www.eldiario.es\/comunitat-valenciana\/ataques-inmigracion-valenciano-pacto-verde-agenda-ultra-vox-debe-asumir-pp-mantener-generalitat-valenciana_1_12747004.html\" target=\"_blank\" rel=\"noopener\" data-mrf-recirculation=\"links-noticia\" data-mrf-link=\"https:\/\/www.eldiario.es\/comunitat-valenciana\/ataques-inmigracion-valenciano-pacto-verde-agenda-ultra-vox-debe-asumir-pp-mantener-generalitat-valenciana_1_12747004.html\">alianzas entre el PP y Vox,<\/a> la realidad es tozuda: Espa\u00f1a es el pa\u00eds de la Uni\u00f3n Europea que soporta m\u00e1s fallecidos por fen\u00f3menos meteorol\u00f3gicos extremos. En los \u00faltimos 45 a\u00f1os suman m\u00e1s de 100.000 personas, seg\u00fan los datos de la Agencia Europea del Medio Ambiente (EEA).<\/p>\n<aside class=\"know-more know-more--with-image\">\n<p class=\"know-more__title\">Espa\u00f1a, empujada a adoptar medidas dr\u00e1sticas tras el informe de la ONU sobre el avance del cambio clim\u00e1tico<\/p>\n<p><a href=\"https:\/\/www.eldiario.es\/sociedad\/informe-onu-cambio-climatico-espana_1_1898774.html\" data-mrf-recirculation=\"saber-mas\" data-dl-event=\"saber-mas\" data-mrf-link=\"https:\/\/www.eldiario.es\/sociedad\/informe-onu-cambio-climatico-espana_1_1898774.html\"><picture class=\"know-more__img\"><source srcset=\"https:\/\/static.eldiario.es\/clip\/c9af3cc7-bc9d-4f53-948a-254b4b35c87d_16-9-aspect-ratio_50p_0.webp\" type=\"image\/webp\" media=\"(max-width: 767px)\" \/><source srcset=\"https:\/\/static.eldiario.es\/clip\/c9af3cc7-bc9d-4f53-948a-254b4b35c87d_16-9-aspect-ratio_50p_0.jpg\" type=\"image\/jpg\" media=\"(max-width: 767px)\" \/><source srcset=\"https:\/\/static.eldiario.es\/clip\/c9af3cc7-bc9d-4f53-948a-254b4b35c87d_16-9-aspect-ratio_50p_0.webp\" type=\"image\/webp\" media=\"(min-width: 768px)\" \/><source srcset=\"https:\/\/static.eldiario.es\/clip\/c9af3cc7-bc9d-4f53-948a-254b4b35c87d_16-9-aspect-ratio_50p_0.jpg\" type=\"image\/jpg\" media=\"(min-width: 768px)\" \/><source srcset=\"https:\/\/static.eldiario.es\/clip\/c9af3cc7-bc9d-4f53-948a-254b4b35c87d_16-9-aspect-ratio_default_0.webp\" type=\"image\/webp\" \/><img data-recalc-dims=\"1\" decoding=\"async\" class=\"lazy entered loaded alignleft\" src=\"https:\/\/i0.wp.com\/static.eldiario.es\/clip\/c9af3cc7-bc9d-4f53-948a-254b4b35c87d_16-9-aspect-ratio_default_0.jpg?w=640&#038;ssl=1\" alt=\"Espa\u00f1a, empujada a adoptar medidas dr\u00e1sticas tras el informe de la ONU sobre el avance del cambio clim\u00e1tico\" data-src=\"https:\/\/static.eldiario.es\/clip\/c9af3cc7-bc9d-4f53-948a-254b4b35c87d_16-9-aspect-ratio_default_0.jpg\" data-ll-status=\"loaded\" \/> <\/picture> <\/a>Da igual cu\u00e1nto proclamen los negacionistas, los cient\u00edficos tienen demostrado que el cambio clim\u00e1tico provocado por los humanos est\u00e1 detr\u00e1s de este fen\u00f3meno. Los investigadores del World Weather Attribution (WWA) explican que su trabajo \u201cdemuestra que con cada tonelada de carb\u00f3n, petr\u00f3leo y gas quemada, todas las olas de calor se hacen m\u00e1s calientes y la mayor\u00eda <a class=\"link\" href=\"https:\/\/www.eldiario.es\/sociedad\/calentamiento-global-multiplica-cuatro-intensidad-lluvias-torrenciales-espana_1_11634486.html\" target=\"_blank\" rel=\"noopener\" data-mrf-recirculation=\"links-noticia\" data-mrf-link=\"https:\/\/www.eldiario.es\/sociedad\/calentamiento-global-multiplica-cuatro-intensidad-lluvias-torrenciales-espana_1_11634486.html\">de las lluvias torrenciales<\/a>, sequ\u00edas y huracanes se vuelven m\u00e1s intensos\u201d.<\/aside>\n<p class=\"article-text\">Olas de calor, sequ\u00eda, lluvias torrenciales e inundaciones: una bater\u00eda que ya se ha <a class=\"link\" href=\"https:\/\/www.eldiario.es\/sociedad\/calor-severo-fuego-devastador-ahora-lluvias-torrenciales-crisis-climatica-normal-espana_1_12624221.html\" target=\"_blank\" rel=\"noopener\" data-mrf-recirculation=\"links-noticia\" data-mrf-link=\"https:\/\/www.eldiario.es\/sociedad\/calor-severo-fuego-devastador-ahora-lluvias-torrenciales-crisis-climatica-normal-espana_1_12624221.html\">convertido en la normalidad clim\u00e1tica del pa\u00eds.<\/a> Solo respecto a los desastres m\u00e1s recientes, <a class=\"link\" href=\"https:\/\/www.eldiario.es\/sociedad\/cambio-climatico-mayor-piromano-revelan-hizo-40-veces-probables-megaincendios-verano_1_12575238.html\" target=\"_blank\" rel=\"noopener\" data-mrf-recirculation=\"links-noticia\" data-mrf-link=\"https:\/\/www.eldiario.es\/sociedad\/cambio-climatico-mayor-piromano-revelan-hizo-40-veces-probables-megaincendios-verano_1_12575238.html\">el cambio clim\u00e1tico hizo 40 veces m\u00e1s probables<\/a> las condiciones de calor y sequedad detr\u00e1s de la ola de incendios de 2025 e hizo un <a class=\"link\" href=\"https:\/\/www.csic.es\/es\/actualidad-del-csic\/el-cambio-climatico-agravo-las-lluvias-de-la-dana-de-valencia\" target=\"_blank\" rel=\"noopener\" data-mrf-recirculation=\"links-noticia\" data-mrf-link=\"https:\/\/www.csic.es\/es\/actualidad-del-csic\/el-cambio-climatico-agravo-las-lluvias-de-la-dana-de-valencia\">20% m\u00e1s fuerte la dana que dej\u00f3 200 muertos en octubre de 2024<\/a>.<\/p>\n<figure class=\"embed-container embed-container--type-embed \">\n\u00a0<\/figure>\n<p class=\"article-text\">La base de datos de la EEA muestra que solo hay dos estados de la Uni\u00f3n con m\u00e1s de 100.000 v\u00edctimas mortales desde 1980: Espa\u00f1a y Alemania. Francia contabiliza 69.000 e Italia otros 54.000. Entre los diez eventos extremos m\u00e1s mortales en el mundo de los \u00faltimos 20 a\u00f1os recogidos en la base de datos del <a class=\"link\" href=\"https:\/\/www.emdat.be\/\" target=\"_blank\" rel=\"noopener\" data-mrf-recirculation=\"links-noticia\" data-mrf-link=\"https:\/\/www.emdat.be\/\">Centro para la investigaci\u00f3n de la epidemia de desastres <\/a>(EM-DAT), aparecen las olas de calor en Europa de 2015, 2022 y 2023.<\/p>\n<p class=\"article-text\">Y junto a las p\u00e9rdidas humanas, la Agencia calcula el golpe econ\u00f3mico que causan estos episodios extremos que, en toda la Uni\u00f3n Europea, suman 822.000 millones de euros desde 1980. Es m\u00e1s, solo entre 2021 y 2024 costaron 208.000 millones (un 25% del total). En esa lista, Espa\u00f1a est\u00e1 en cuarta posici\u00f3n con 119.000 millones \u2013el 14% de la Uni\u00f3n\u2013. Por delante: Alemania, Italia y Francia.<\/p>\n<p class=\"article-text\">Estas \u00faltimas cifras indican que se trata de un gran lastre econ\u00f3mico y, sin embargo, el l\u00edder de Vox, Santiago Abascal, sostiene que \u201c<a class=\"link\" href=\"https:\/\/www.youtube.com\/watch?v=4itklQotR3M\" target=\"_blank\" rel=\"noopener\" data-mrf-recirculation=\"links-noticia\" data-mrf-link=\"https:\/\/www.youtube.com\/watch?v=4itklQotR3M\">nuestra ruina son el Pacto Verde<\/a>, los impuestos abusivos y la regulaci\u00f3n <em>woke<\/em> impuesta por los mismos a los que el presidente Trump advert\u00eda de que se estaban poniendo en manos de Rusia al renunciar a la energ\u00eda f\u00f3sil\u201d. Una energ\u00eda f\u00f3sil que el mismo Trump promociona para que <a class=\"link\" href=\"https:\/\/www.eldiario.es\/sociedad\/eeuu-arabia-saudi-rusia-cop30-certifica-nacimiento-eje-mal-climatico_1_12792935.html\" target=\"_blank\" rel=\"noopener\" data-mrf-recirculation=\"links-noticia\" data-mrf-link=\"https:\/\/www.eldiario.es\/sociedad\/eeuu-arabia-saudi-rusia-cop30-certifica-nacimiento-eje-mal-climatico_1_12792935.html\">EEUU venda m\u00e1s combustibles a Europa<\/a>.<\/p>\n<p class=\"article-text\">La cuesti\u00f3n es que los ultaderechistas han conseguido introducir esta agenda en Europa y en Espa\u00f1a. De momento, se ha concretado en el pacto de presupuestos para la Comunitat Valenciana al que Vox lleg\u00f3 con el ahora dimitido Carlos Maz\u00f3n. La direcci\u00f3n de Partido Popular de Alberto N\u00fa\u00f1ez Feij\u00f3o valid\u00f3 ese pacto y esas medidas contra lo que llaman \u201c<a class=\"link\" href=\"https:\/\/www.eldiario.es\/comunitat-valenciana\/politica\/mazon-abraza-discurso-vox-inmigracion-dogmatismo-climatico-lograr-apoyo-presupuestos_1_12138103.html\" target=\"_blank\" rel=\"noopener\" data-mrf-recirculation=\"links-noticia\" data-mrf-link=\"https:\/\/www.eldiario.es\/comunitat-valenciana\/politica\/mazon-abraza-discurso-vox-inmigracion-dogmatismo-climatico-lograr-apoyo-presupuestos_1_12138103.html\">dogmatismo clim\u00e1tico<\/a>\u201d.<\/p>\n<p class=\"article-text\">En este sentido, los datos demuestran que, aunque se niegue y promocione la idea de que el cambio clim\u00e1tico no existe, los golpes se padecen igual. El Centro Nacional de Informaci\u00f3n Clim\u00e1tica de EEUU (NCEI) ha llevado un registro sobre los episodios meteorol\u00f3gicos extremos que han causado da\u00f1os de 1.000 o m\u00e1s millones de d\u00f3lares en el pa\u00eds. En 1980 se computaron tres \u2013con una factura de 45.000 millones de d\u00f3lares\u2013; en 2024 fueron 24 eventos y 182.000 millones. El NCEI informa actualmente de que \u201c<a class=\"link\" href=\"https:\/\/www.ncei.noaa.gov\/access\/billions\/time-series#:~:text=Here's%20some%20information%20about%20the%20number%20of,Exceeds%20%242.915%20trillion%20(inflation-adjusted%20to%202024%20dollars)\" target=\"_blank\" rel=\"noopener\" data-mrf-recirculation=\"links-noticia\" data-mrf-link=\"https:\/\/www.ncei.noaa.gov\/access\/billions\/time-series#:~:text=Here's%20some%20information%20about%20the%20number%20of,Exceeds%20%242.915%20trillion%20(inflation-adjusted%20to%202024%20dollars)\">en l\u00ednea con las nuevas prioridades\u201d, ya no se actualiza esta base de datos<\/a>. Los eventos extremos no han dejado de ocurrir aunque no se contabilicen.<\/p>\n<p class=\"article-text\">Porque esas toneladas de carb\u00f3n, petr\u00f3leo y gas que promocionan Donald Trump o Santiago Abascal (y apoyadas t\u00e1citamente por el Partido Popular de N\u00fa\u00f1ez Feij\u00f3o) de las que hablan los cient\u00edficos del WWA, una vez quemadas, incrementan el CO\u2082 acumulado en la atm\u00f3sfera que es lo que est\u00e1 recalentando el planeta. La concentraci\u00f3n est\u00e1 en niveles nunca vistos por humanos.<\/p>\n<figure class=\"embed-container embed-container--type-embed \">\n<iframe id=\"datawrapper-chart-ECz6S\" title=\"Global atmospheric concentration of greenhouse gases CO2\" src=\"https:\/\/datawrapper.dwcdn.net\/ECz6S\/1\/\" height=\"491\" frameborder=\"0\" scrolling=\"no\" aria-label=\"L\u00edneas\" data-external=\"1\" data-mce-fragment=\"1\"><\/iframe> <\/figure>\n<p class=\"article-text\">Lo que se est\u00e1 evidenciando en estos \u00faltimos meses, precisamente en el d\u00e9cimo aniversario del Acuerdo de Par\u00eds de 2015 para limitar el calentamiento global, es un avance de las posiciones m\u00e1s negacionistas a pesar de que la ciencia muestra cristalinamente c\u00f3mo la crisis clim\u00e1tica se asienta.<\/p>\n<p class=\"article-text\">El 13 de noviembre pasado, con la Cumbre del Clima COP30 ya en marcha, el Partido Popular Europeo vot\u00f3 por primera vez junto a la ultraderecha para rebajar las medidas ambientales a las empresas. Lo verde fue el campo escogido por los populares para estrenar su nueva alianza con la ultraderecha.<\/p>\n<p class=\"article-text\">A eso se le uni\u00f3 en la misma jornada que los eurodiputados del PP espa\u00f1ol se adhirieron a los ultras para rechazar el plan europeo de reducci\u00f3n de un 90% de las emisiones de CO\u2082 para 2040. Esa reducci\u00f3n depende en su mayor parte de no utilizar los combustibles f\u00f3siles porque, como indican los cient\u00edficos, \u201ccada tonelada de carb\u00f3n, petr\u00f3leo y gas que se quema&#8230;\u201d<\/p>\n<p class=\"article-text\">El director del servicio de cambio clim\u00e1tico de Copernicus, Carlo Buontempo, recuerda que, justo en este momento, \u201cel mundo est\u00e1 m\u00e1s recalentado que nunca\u201d y que \u201ccada a\u00f1o, desde 2015, se ha colocado entre los diez m\u00e1s calurosos registrados\u201d. El incremento del calor global es consecuencia del efecto invernadero que genera el CO\u2082 (y otros gases) acumulado en la atm\u00f3sfera por el uso intensivo de hidrocarburos.<\/p>\n<p class=\"article-text\">El siguiente gr\u00e1fico ense\u00f1a la escalada de la temperatura global hacia el l\u00edmite m\u00e1ximo acordado por los pa\u00edses en el Acuerdo de Par\u00eds: 1,5\u00baC extra al final de siglo XXI. Cuando se cerr\u00f3 el Acuerdo de Par\u00eds ya se hab\u00eda alcanzado 1,04\u00baC de recalentamiento respecto a la \u00e9poca preindustrial y se proyectaba que el tope pactado se tocar\u00eda en 2042. Aunque ya ha habido superaciones de ese nivel, hoy se calcula que, a nivel global, <a class=\"link\" href=\"https:\/\/climate.copernicus.eu\/cop30-press-resources\" target=\"_blank\" rel=\"noopener\" data-mrf-recirculation=\"links-noticia\" data-mrf-link=\"https:\/\/climate.copernicus.eu\/cop30-press-resources\">ya estamos en +1,4\u00baC y que ese valor objetivo puede llegar en 2029<\/a>. La situaci\u00f3n se ha acelerado.<\/p>\n<p class=\"article-text\">Visto el panorama, Buontempo advierte de que \u201cel clima est\u00e1 cambiando a un ritmo que la humanidad no ha experimentado jam\u00e1s\u201d. \u201cCada fracci\u00f3n de grado sobre 1,5\u00baC causa incrementos claros en la intensidad y frecuencia de los episodios extremos de temperatura, lluvia y sequ\u00eda\u201d, <a class=\"link\" href=\"https:\/\/www.un.org\/en\/climatechange\/science\/climate-issues\/degrees-matter#:~:text=Graphic:%20UNFCCC-,Every%20fraction%20of%20a%20degree%20of%20warming%20matters.,impacts%20for%20humanity.(Science)\" target=\"_blank\" rel=\"noopener\" data-mrf-recirculation=\"links-noticia\" data-mrf-link=\"https:\/\/www.un.org\/en\/climatechange\/science\/climate-issues\/degrees-matter#:~:text=Graphic:%20UNFCCC-,Every%20fraction%20of%20a%20degree%20of%20warming%20matters.,impacts%20for%20humanity.(Science)\">seg\u00fan explica el informe de la ONU<\/a> sobre la importancia de ese +1,5\u00baC.<\/p>\n<p class=\"article-text\">Adem\u00e1s, rebasar ese objetivo dispara puntos de no retorno como romper las circulaciones oce\u00e1nicas, fundir el permafrost \u2013la capa de suelo helado permanentemente que retiene gases de efecto invernadero\u2013 o el colapso de grandes ecosistemas con \u201cabruptos, peligrosos e irreversibles impactos para la humanidad\u201d.<\/p>\n<aside class=\"know-more know-more--with-image\">\n<p class=\"know-more__title\">Del calor severo al fuego devastador y ahora las lluvias torrenciales: la crisis clim\u00e1tica ya es lo normal en Espa\u00f1a<\/p>\n<p><a href=\"https:\/\/www.eldiario.es\/sociedad\/calor-severo-fuego-devastador-ahora-lluvias-torrenciales-crisis-climatica-normal-espana_1_12624221.html\" data-mrf-recirculation=\"saber-mas-abajo\" data-dl-event=\"saber-mas-abajo\" data-mrf-link=\"https:\/\/www.eldiario.es\/sociedad\/calor-severo-fuego-devastador-ahora-lluvias-torrenciales-crisis-climatica-normal-espana_1_12624221.html\"><picture class=\"know-more__img\"><source srcset=\"https:\/\/static.eldiario.es\/clip\/4b59c181-f295-4815-9732-3d927a5799f6_16-9-aspect-ratio_50p_0.webp\" type=\"image\/webp\" media=\"(max-width: 767px)\" \/><source srcset=\"https:\/\/static.eldiario.es\/clip\/4b59c181-f295-4815-9732-3d927a5799f6_16-9-aspect-ratio_50p_0.jpg\" type=\"image\/jpg\" media=\"(max-width: 767px)\" \/><source srcset=\"https:\/\/static.eldiario.es\/clip\/4b59c181-f295-4815-9732-3d927a5799f6_16-9-aspect-ratio_50p_0.webp\" type=\"image\/webp\" media=\"(min-width: 768px)\" \/><source srcset=\"https:\/\/static.eldiario.es\/clip\/4b59c181-f295-4815-9732-3d927a5799f6_16-9-aspect-ratio_50p_0.jpg\" type=\"image\/jpg\" media=\"(min-width: 768px)\" \/><source srcset=\"https:\/\/static.eldiario.es\/clip\/4b59c181-f295-4815-9732-3d927a5799f6_16-9-aspect-ratio_default_0.webp\" type=\"image\/webp\" \/><img data-recalc-dims=\"1\" decoding=\"async\" class=\"lazy entered loaded\" src=\"https:\/\/i0.wp.com\/static.eldiario.es\/clip\/4b59c181-f295-4815-9732-3d927a5799f6_16-9-aspect-ratio_default_0.jpg?w=640&#038;ssl=1\" alt=\"Del calor severo al fuego devastador y ahora las lluvias torrenciales: la crisis clim\u00e1tica ya es lo normal en Espa\u00f1a\" data-src=\"https:\/\/static.eldiario.es\/clip\/4b59c181-f295-4815-9732-3d927a5799f6_16-9-aspect-ratio_default_0.jpg\" data-ll-status=\"loaded\" \/> <\/picture> <\/a><\/aside>\n<figure class=\"embed-container embed-container--type-embed \">\n<iframe id=\"datawrapper-chart-Q2ZsP\" title=\"[ Insert title here ]\" src=\"https:\/\/datawrapper.dwcdn.net\/Q2ZsP\/1\/\" height=\"549\" frameborder=\"0\" scrolling=\"no\" aria-label=\"L\u00edneas\" data-external=\"1\" data-mce-fragment=\"1\"><\/iframe> <\/figure>\n<p class=\"article-text\">Ante las evidencias acumuladas de la diferencia en da\u00f1os y v\u00edctimas que hay entre llegar a un calentamiento global de +2,5\u00baC \u2013<a class=\"link\" href=\"https:\/\/www.unep.org\/resources\/emissions-gap-report-2025\" target=\"_blank\" rel=\"noopener\" data-mrf-recirculation=\"links-noticia\" data-mrf-link=\"https:\/\/www.unep.org\/resources\/emissions-gap-report-2025\">como el proyectado con los planes clim\u00e1ticos <\/a>recientemente presentados por los pa\u00edses\u2013 y el acordado por esos estados, el secretario general de la ONU, Ant\u00f3nio Guterres, ha dicho que no conseguir ese objetivo \u201ces un fracaso moral y una negligencia mortal\u201d. Limitar este proceso es contra lo que vot\u00f3 el PP de N\u00fa\u00f1ez Feij\u00f3o en Europa.<\/p>\n<p><a href=\"https:\/\/www.eldiario.es\/autores\/raul_rejon\/\" data-mrf-link=\"https:\/\/www.eldiario.es\/autores\/raul_rejon\/\"><strong>Ra\u00fal Rej\u00f3n<\/strong><\/a><\/p>\n<\/div>\n<div class=\"c-subheader\">\n<footer class=\"rs-pill\">\n<div class=\"edi-social-buttons\">\u00a0<\/div>\n<div class=\"cmp-pill\">\n<div class=\"name-pill\">Foto\u00a0<a href=\"https:\/\/www.eldiario.es\/focos\/crisis-climatica\/\"> Crisis clim\u00e1tica <\/a><\/div>\n<div>\u00a0<\/div>\n<div>https:\/\/www.eldiario.es\/sociedad\/precio-mortal-negacionismo-espana-pais-ue-victimas-episodios-tiempo-extremo_1_12797675.html<\/div>\n<\/div>\n<\/footer>\n<\/div>\n<div class=\"content-container col-12\">\n<div class=\"c-content\">\n<div class=\"partner-wrapper opening\" data-mrf-recirculation=\"Apertura\">\n<div class=\"second-col\">\n<figure class=\"ni-figure\"><picture class=\"news-image\"><source srcset=\"https:\/\/static.eldiario.es\/clip\/689b61f0-19be-432d-808a-156be4704cf2_16-9-discover-aspect-ratio_50p_0.webp\" type=\"image\/webp\" media=\"(max-width: 576px)\" \/><source srcset=\"https:\/\/static.eldiario.es\/clip\/689b61f0-19be-432d-808a-156be4704cf2_16-9-discover-aspect-ratio_50p_0.jpg\" type=\"image\/jpg\" media=\"(max-width: 576px)\" \/><source srcset=\"https:\/\/static.eldiario.es\/clip\/689b61f0-19be-432d-808a-156be4704cf2_16-9-discover-aspect-ratio_75p_0.webp\" type=\"image\/webp\" media=\"(max-width: 767px)\" \/><source srcset=\"https:\/\/static.eldiario.es\/clip\/689b61f0-19be-432d-808a-156be4704cf2_16-9-discover-aspect-ratio_75p_0.jpg\" type=\"image\/jpg\" media=\"(max-width: 767px)\" \/><source srcset=\"https:\/\/static.eldiario.es\/clip\/689b61f0-19be-432d-808a-156be4704cf2_16-9-discover-aspect-ratio_default_0.webp\" type=\"image\/webp\" \/><source srcset=\"https:\/\/static.eldiario.es\/clip\/689b61f0-19be-432d-808a-156be4704cf2_16-9-discover-aspect-ratio_default_0.jpg\" type=\"image\/jpg\" \/><\/picture><\/figure>\n<\/div>\n<div class=\"news-info has-button-follow\" data-mrf-recirculation=\"firma\">\n<div class=\"info-wrapper\">\n<p class=\"authors\">\u00a0<\/p>\n<\/div>\n<\/div>\n<\/div>\n<\/div>\n<\/div>\n","protected":false},"excerpt":{"rendered":"<p>Desde 1980, m\u00e1s de 100.000 personas han perdido la vida por inundaciones, calor extremo o&#8230;<\/p>\n","protected":false},"author":1,"featured_media":80470,"comment_status":"closed","ping_status":"closed","sticky":false,"template":"","format":"standard","meta":{"_coblocks_attr":"","_coblocks_dimensions":"","_coblocks_responsive_height":"","_coblocks_accordion_ie_support":"","jetpack_post_was_ever_published":false,"_jetpack_newsletter_access":"","_jetpack_dont_email_post_to_subs":false,"_jetpack_newsletter_tier_id":0,"_jetpack_memberships_contains_paywalled_content":false,"_jetpack_memberships_contains_paid_content":false,"footnotes":"","jetpack_publicize_message":"","jetpack_publicize_feature_enabled":true,"jetpack_social_post_already_shared":true,"jetpack_social_options":{"image_generator_settings":{"template":"highway","default_image_id":0,"enabled":false},"version":2}},"categories":[10804,1161,9,44],"tags":[],"class_list":["post-80469","post","type-post","status-publish","format-standard","has-post-thumbnail","hentry","category-cambio-climatico","category-ciudadania","category-medio-ambiente","category-noticias-de-hoy"],"jetpack_publicize_connections":[],"jetpack_featured_media_url":"https:\/\/i0.wp.com\/miradordeatarfe.es\/wp-content\/uploads\/2025\/12\/689b61f0-19be-432d-808a-156be4704cf2_16-9-discover-aspect-ratio_default_0.webp?fit=1200%2C675&ssl=1","jetpack_likes_enabled":true,"jetpack_sharing_enabled":true,"_links":{"self":[{"href":"https:\/\/miradordeatarfe.es\/index.php?rest_route=\/wp\/v2\/posts\/80469","targetHints":{"allow":["GET"]}}],"collection":[{"href":"https:\/\/miradordeatarfe.es\/index.php?rest_route=\/wp\/v2\/posts"}],"about":[{"href":"https:\/\/miradordeatarfe.es\/index.php?rest_route=\/wp\/v2\/types\/post"}],"author":[{"embeddable":true,"href":"https:\/\/miradordeatarfe.es\/index.php?rest_route=\/wp\/v2\/users\/1"}],"replies":[{"embeddable":true,"href":"https:\/\/miradordeatarfe.es\/index.php?rest_route=%2Fwp%2Fv2%2Fcomments&post=80469"}],"version-history":[{"count":1,"href":"https:\/\/miradordeatarfe.es\/index.php?rest_route=\/wp\/v2\/posts\/80469\/revisions"}],"predecessor-version":[{"id":80471,"href":"https:\/\/miradordeatarfe.es\/index.php?rest_route=\/wp\/v2\/posts\/80469\/revisions\/80471"}],"wp:featuredmedia":[{"embeddable":true,"href":"https:\/\/miradordeatarfe.es\/index.php?rest_route=\/wp\/v2\/media\/80470"}],"wp:attachment":[{"href":"https:\/\/miradordeatarfe.es\/index.php?rest_route=%2Fwp%2Fv2%2Fmedia&parent=80469"}],"wp:term":[{"taxonomy":"category","embeddable":true,"href":"https:\/\/miradordeatarfe.es\/index.php?rest_route=%2Fwp%2Fv2%2Fcategories&post=80469"},{"taxonomy":"post_tag","embeddable":true,"href":"https:\/\/miradordeatarfe.es\/index.php?rest_route=%2Fwp%2Fv2%2Ftags&post=80469"}],"curies":[{"name":"wp","href":"https:\/\/api.w.org\/{rel}","templated":true}]}}