{"id":80480,"date":"2025-12-07T11:38:25","date_gmt":"2025-12-07T10:38:25","guid":{"rendered":"https:\/\/miradordeatarfe.es\/?p=80480"},"modified":"2025-12-03T15:53:01","modified_gmt":"2025-12-03T14:53:01","slug":"don-sigfredo-hoffman-speigler-director-de-la-fabrica-de-san-fernando-por-jose-enrique-granados","status":"publish","type":"post","link":"https:\/\/miradordeatarfe.es\/?p=80480","title":{"rendered":"\u00abDon Sigfredo Hoffman Speigler, director de la f\u00e1brica de San Fernando\u00bb por Jos\u00e9 Enrique Granados"},"content":{"rendered":"<div class=\"xdj266r x14z9mp xat24cr x1lziwak x1vvkbs x126k92a\">\n<h3 dir=\"auto\" style=\"text-align: justify;\">El 28 de diciembre de 1966, PATRIA publicaba esta fotograf\u00eda y cr\u00f3nica del homenaje realizado al director de la f\u00e1brica de San Fernando con motivo de su cumplea\u00f1os y su permanencia durante 60 a\u00f1os al frente de la factor\u00eda. \u201cHomenaje a un director de f\u00e1brica extraordinario. Don Sigfredo Hoffman Speigler, director de la f\u00e1brica de San Fernando desde hace 60 a\u00f1os\u201d.<\/h3>\n<\/div>\n<div class=\"x14z9mp xat24cr x1lziwak x1vvkbs xtlvy1s x126k92a\" style=\"text-align: justify;\">\n<div dir=\"auto\">\u00a0<\/div>\n<div dir=\"auto\">Con motivo de su cumplea\u00f1os y sesenta al servicio de la Uni\u00f3n Alcoholera Espa\u00f1ola S.A., el personal actualmente en activo y jubilado quiso rendir homenaje a su director de siempre, don Sigfredo Hoffman, haci\u00e9ndole entrega de un pergamino, art\u00edsticamente dibujado con su fotograf\u00eda y fachada principal de la f\u00e1brica.<\/div>\n<\/div>\n<div class=\"x14z9mp xat24cr x1lziwak x1vvkbs xtlvy1s x126k92a\" style=\"text-align: justify;\">\n<div dir=\"auto\">El acto tuvo lugar en uno de los patios de la f\u00e1brica, primorosamente adornado con banderitas, macetas, \u00e1rbol de navidad, etc. Una mesa de 20 metros de longitud repleta de manjares variados t bebidas y una presidencia orlada con mantones de manila.<\/div>\n<div dir=\"auto\">\u00a0<\/div>\n<\/div>\n<div class=\"x14z9mp xat24cr x1lziwak x1vvkbs xtlvy1s x126k92a\" style=\"text-align: justify;\">\n<div dir=\"auto\">A las once y media en punto, de la ma\u00f1ana, la sirena de la f\u00e1brica anunci\u00f3 de una manera insistente y prolongada la presencia del se\u00f1or Hoffmann y de sus hijos do\u00f1a Marina y don Eduardo. Se dispararon docenas de cohetes y almas reales. Mientras don Sigfredo correspond\u00eda muy emocionado, pero con mucha entereza a los saludos y felicitaciones de todos los productores y jubilados que vitoreaban sin cesar.<\/div>\n<\/div>\n<div class=\"x14z9mp xat24cr x1lziwak x1vvkbs xtlvy1s x126k92a\" style=\"text-align: justify;\">\n<div dir=\"auto\">Despu\u00e9s de unos instantes de emoci\u00f3n y de ocupar el homenajeado con sus hijos la presidencia, don Jos\u00e9 Subiela, pronunci\u00f3 unas palabras explicando el motivo y significado del acto que se iba a celebrar.<\/div>\n<div dir=\"auto\">\u00a0<\/div>\n<\/div>\n<div class=\"x14z9mp xat24cr x1lziwak x1vvkbs xtlvy1s x126k92a\" style=\"text-align: justify;\">\n<div dir=\"auto\">A continuaci\u00f3n, don Miguel Molina exalt\u00f3 emocionadamente la figura humana del se\u00f1or Hoffmann, destacando su labor infatigable y su preocupaci\u00f3n constante durante los sesenta a\u00f1os de servicio a la Sociedad, al mismo tiempo su desvelo por el bienestar de todos y cada uno de los productores que han estado y siguen bajo su mandato.<\/div>\n<\/div>\n<div class=\"x14z9mp xat24cr x1lziwak x1vvkbs xtlvy1s x126k92a\" style=\"text-align: justify;\">\n<div dir=\"auto\">Seguidamente, don Jos\u00e9 S\u00e1nchez Cano resalt\u00f3 el comportamiento ejemplar y lleno de bondad de don Sigfredo para las sucesivas generaciones de productores y empleados que han estado a sus \u00f3rdenes, concretamente, dijo primero mi abuelo, luego mi padre y actualmente yo.<\/div>\n<div dir=\"auto\">\u00a0<\/div>\n<\/div>\n<div class=\"x14z9mp xat24cr x1lziwak x1vvkbs xtlvy1s x126k92a\" style=\"text-align: justify;\">\n<div dir=\"auto\">El productor y enlace sindical don Jos\u00e9 Castillo S\u00e1nchez, le hizo entrega a continuaci\u00f3n, con palabras emotivas, calificando al director de ejemplar y a la f\u00e1brica de modelo, del pergamino recuerdo con la firma de todos los asistentes al acto y con la siguiente inscripci\u00f3n: \u201cDedicado a don Sigfredo Hoffmann Spegler, director ejemplar en su cumplea\u00f1os y 60 a\u00f1os de servicios a Uni\u00f3n Alcoholera Espa\u00f1ola, del personal con respeto, admiraci\u00f3n y cari\u00f1o.\u201d<\/div>\n<div dir=\"auto\">\u00a0<\/div>\n<\/div>\n<div class=\"x14z9mp xat24cr x1lziwak x1vvkbs xtlvy1s x126k92a\" style=\"text-align: justify;\">\n<div dir=\"auto\">Finalmente don Sigfredo dio las gracias por el homenaje de que era objeto y habl\u00f3 de su vida consagrada a sus deberes para con la Sociedad en la que trabaja y a la justicia social para con los trabajadores a sus \u00f3rdenes. Fue largamente aplaudido.<\/div>\n<div dir=\"auto\">Por \u00faltimo, don Sigfredo obsequi\u00f3 a todos los asistentes con un magn\u00edfico almuerzo y la fiesta dur\u00f3 hasta bien entrada la tarde.<\/div>\n<div dir=\"auto\">\u00a0<\/div>\n<\/div>\n<div class=\"x14z9mp xat24cr x1lziwak x1vvkbs xtlvy1s x126k92a\">\n<div dir=\"auto\" style=\"text-align: justify;\"><strong>Gacetilla y curiosidades elvirense<\/strong><\/div>\n<\/div>\n","protected":false},"excerpt":{"rendered":"<p>El 28 de diciembre de 1966, PATRIA publicaba esta fotograf\u00eda y cr\u00f3nica del homenaje realizado&#8230;<\/p>\n","protected":false},"author":1,"featured_media":80481,"comment_status":"closed","ping_status":"closed","sticky":false,"template":"","format":"standard","meta":{"_coblocks_attr":"","_coblocks_dimensions":"","_coblocks_responsive_height":"","_coblocks_accordion_ie_support":"","jetpack_post_was_ever_published":false,"_jetpack_newsletter_access":"","_jetpack_dont_email_post_to_subs":false,"_jetpack_newsletter_tier_id":0,"_jetpack_memberships_contains_paywalled_content":false,"_jetpack_memberships_contains_paid_content":false,"footnotes":"","jetpack_publicize_message":"","jetpack_publicize_feature_enabled":true,"jetpack_social_post_already_shared":true,"jetpack_social_options":{"image_generator_settings":{"template":"highway","default_image_id":0,"enabled":false},"version":2}},"categories":[186,44,6539],"tags":[],"class_list":["post-80480","post","type-post","status-publish","format-standard","has-post-thumbnail","hentry","category-instituciones","category-noticias-de-hoy","category-personajes-de-ataref"],"jetpack_publicize_connections":[],"jetpack_featured_media_url":"https:\/\/i0.wp.com\/miradordeatarfe.es\/wp-content\/uploads\/2025\/12\/573956911_1390573596409452_245647368294316698_n.jpg?fit=590%2C502&ssl=1","jetpack_likes_enabled":true,"jetpack_sharing_enabled":true,"_links":{"self":[{"href":"https:\/\/miradordeatarfe.es\/index.php?rest_route=\/wp\/v2\/posts\/80480","targetHints":{"allow":["GET"]}}],"collection":[{"href":"https:\/\/miradordeatarfe.es\/index.php?rest_route=\/wp\/v2\/posts"}],"about":[{"href":"https:\/\/miradordeatarfe.es\/index.php?rest_route=\/wp\/v2\/types\/post"}],"author":[{"embeddable":true,"href":"https:\/\/miradordeatarfe.es\/index.php?rest_route=\/wp\/v2\/users\/1"}],"replies":[{"embeddable":true,"href":"https:\/\/miradordeatarfe.es\/index.php?rest_route=%2Fwp%2Fv2%2Fcomments&post=80480"}],"version-history":[{"count":1,"href":"https:\/\/miradordeatarfe.es\/index.php?rest_route=\/wp\/v2\/posts\/80480\/revisions"}],"predecessor-version":[{"id":80482,"href":"https:\/\/miradordeatarfe.es\/index.php?rest_route=\/wp\/v2\/posts\/80480\/revisions\/80482"}],"wp:featuredmedia":[{"embeddable":true,"href":"https:\/\/miradordeatarfe.es\/index.php?rest_route=\/wp\/v2\/media\/80481"}],"wp:attachment":[{"href":"https:\/\/miradordeatarfe.es\/index.php?rest_route=%2Fwp%2Fv2%2Fmedia&parent=80480"}],"wp:term":[{"taxonomy":"category","embeddable":true,"href":"https:\/\/miradordeatarfe.es\/index.php?rest_route=%2Fwp%2Fv2%2Fcategories&post=80480"},{"taxonomy":"post_tag","embeddable":true,"href":"https:\/\/miradordeatarfe.es\/index.php?rest_route=%2Fwp%2Fv2%2Ftags&post=80480"}],"curies":[{"name":"wp","href":"https:\/\/api.w.org\/{rel}","templated":true}]}}