{"id":80597,"date":"2025-12-11T11:00:53","date_gmt":"2025-12-11T10:00:53","guid":{"rendered":"https:\/\/miradordeatarfe.es\/?p=80597"},"modified":"2025-12-08T21:10:35","modified_gmt":"2025-12-08T20:10:35","slug":"80597","status":"publish","type":"post","link":"https:\/\/miradordeatarfe.es\/?p=80597","title":{"rendered":"ATARFE: ESTE S\u00c1BADO TEATRO CON LA OBRA MISERICORDIA"},"content":{"rendered":"<div data-subtree=\"aimfl,mfl\" data-processed=\"true\">\n<h3 class=\"zfr3Q CDt4Ke \" dir=\"ltr\"><span class=\"C9DxTc \">El <\/span><span class=\"C9DxTc \">s\u00e1bado 13 de diciembre a las 19:00 h<\/span><span class=\"C9DxTc \">, el Centro Cultural Medina Elvira acoge una puesta en escena muy especial: una adaptaci\u00f3n de la obra cl\u00e1sica de Benito P\u00e9rez Gald\u00f3s, dirigida y adaptada por Chari S\u00e1nchez.<\/span><\/h3>\n<p class=\"zfr3Q CDt4Ke \" dir=\"ltr\"><span class=\"C9DxTc \">La representaci\u00f3n contar\u00e1 con la interpretaci\u00f3n del Colectivo de Antiguos Alumnos del Aula Municipal de Teatro de Pinos Puente y la m\u00fasica en directo de la Coral Nuestra Se\u00f1ora de la Consolaci\u00f3n.<\/span><\/p>\n<\/div>\n<div style=\"text-align: justify;\" data-subtree=\"aimfl,mfl\" data-processed=\"true\"><span class=\"BxUVEf c3biWd ILfuVd\" lang=\"es\"><span class=\"hgKElc pOOWX\">En Misericordia Gald\u00f3s <b>refleja la vida de las clases m\u00e1s humildes del Madrid de finales del siglo xix<\/b>. Narra la historia de Benina, mujer de una humanidad admirable que sirve en una casa de la burgues\u00eda madrile\u00f1a en decadencia y se ve obligada a mendigar para ayudar econ\u00f3micamente a sus amos.<\/span><\/span><\/div>\n<div style=\"text-align: justify;\" data-subtree=\"aimfl,mfl\" data-processed=\"true\">\u00a0<\/div>\n<div style=\"text-align: justify;\" data-subtree=\"aimfl,mfl\" data-processed=\"true\">\u00abMisericordia\u00bb, escrita y publicada en 1897, es una de las mejores obras de Gald\u00f3s. Testimonio de su desilusi\u00f3n ideol\u00f3gica ante el fracaso de los objetivos regeneracionistas que \u00e9l so\u00f1aba en la clase media, tiene en el pueblo su m\u00e1ximo protagonista. Gald\u00f3s es el pintor literario del Madrid decimon\u00f3nico que recrea a lo largo de toda la novela: sus calles, sus barrios m\u00e1s populares, los caf\u00e9s y las tabernas, los figones y casas de dormir, los cajones comerciales de algunas plazas, los oratorios e iglesias, los cementerios&#8230; Y junto a ello una magn\u00edfica colecci\u00f3n de personajes que se mueven de lo real a lo imaginativo, de lo tangible a lo simb\u00f3lico en una cuidada mezcla que se extiende a trav\u00e9s de toda la obra.<\/div>\n<p class=\"zfr3Q CDt4Ke \" dir=\"ltr\"><span class=\"C9DxTc \">Una historia conmovedora sobre la dignidad, la esperanza y la compasi\u00f3n humana, que sigue tan viva hoy como cuando fue escrita.<\/span><\/p>\n<p class=\"zfr3Q CDt4Ke \" dir=\"ltr\"><span class=\"C9DxTc \">&#x1f39f;&#xfe0f; Entradas disponibles en <\/span><a class=\"XqQF9c\" href=\"https:\/\/www.giglon.com\/todos?idEvent=misericordia-de-benito-perez-galdos-adaptacion-chari-sanchez\" target=\"_blank\" rel=\"noopener\"><span class=\"C9DxTc aw5Odc \">https:\/\/www.giglon.com\/todos?idEvent=misericordia-de-benito-perez-galdos-adaptacion-chari-sanchez<\/span><\/a><\/p>\n<p class=\"zfr3Q CDt4Ke \" dir=\"ltr\"><span class=\"C9DxTc \">&#x1f4b6; Precio: 5 \u20ac<\/span><\/p>\n<p dir=\"ltr\"><img data-recalc-dims=\"1\" loading=\"lazy\" decoding=\"async\" class=\"alignnone wp-image-80598 size-full\" src=\"https:\/\/i0.wp.com\/miradordeatarfe.es\/wp-content\/uploads\/2025\/12\/misericordia.jpg?resize=534%2C750&#038;ssl=1\" alt=\"\" width=\"534\" height=\"750\" srcset=\"https:\/\/i0.wp.com\/miradordeatarfe.es\/wp-content\/uploads\/2025\/12\/misericordia.jpg?w=534&amp;ssl=1 534w, https:\/\/i0.wp.com\/miradordeatarfe.es\/wp-content\/uploads\/2025\/12\/misericordia.jpg?resize=214%2C300&amp;ssl=1 214w\" sizes=\"auto, (max-width: 534px) 100vw, 534px\" \/><\/p>\n","protected":false},"excerpt":{"rendered":"<p>El s\u00e1bado 13 de diciembre a las 19:00 h, el Centro Cultural Medina Elvira acoge&#8230;<\/p>\n","protected":false},"author":1,"featured_media":80599,"comment_status":"closed","ping_status":"closed","sticky":false,"template":"","format":"standard","meta":{"_coblocks_attr":"","_coblocks_dimensions":"","_coblocks_responsive_height":"","_coblocks_accordion_ie_support":"","jetpack_post_was_ever_published":false,"_jetpack_newsletter_access":"","_jetpack_dont_email_post_to_subs":false,"_jetpack_newsletter_tier_id":0,"_jetpack_memberships_contains_paywalled_content":false,"_jetpack_memberships_contains_paid_content":false,"footnotes":"","jetpack_publicize_message":"","jetpack_publicize_feature_enabled":true,"jetpack_social_post_already_shared":true,"jetpack_social_options":{"image_generator_settings":{"template":"highway","default_image_id":0,"enabled":false},"version":2}},"categories":[12,186,44],"tags":[],"class_list":["post-80597","post","type-post","status-publish","format-standard","has-post-thumbnail","hentry","category-cultura","category-instituciones","category-noticias-de-hoy"],"jetpack_publicize_connections":[],"jetpack_featured_media_url":"https:\/\/i0.wp.com\/miradordeatarfe.es\/wp-content\/uploads\/2025\/12\/misericordia1.jpeg?fit=183%2C275&ssl=1","jetpack_likes_enabled":true,"jetpack_sharing_enabled":true,"_links":{"self":[{"href":"https:\/\/miradordeatarfe.es\/index.php?rest_route=\/wp\/v2\/posts\/80597","targetHints":{"allow":["GET"]}}],"collection":[{"href":"https:\/\/miradordeatarfe.es\/index.php?rest_route=\/wp\/v2\/posts"}],"about":[{"href":"https:\/\/miradordeatarfe.es\/index.php?rest_route=\/wp\/v2\/types\/post"}],"author":[{"embeddable":true,"href":"https:\/\/miradordeatarfe.es\/index.php?rest_route=\/wp\/v2\/users\/1"}],"replies":[{"embeddable":true,"href":"https:\/\/miradordeatarfe.es\/index.php?rest_route=%2Fwp%2Fv2%2Fcomments&post=80597"}],"version-history":[{"count":3,"href":"https:\/\/miradordeatarfe.es\/index.php?rest_route=\/wp\/v2\/posts\/80597\/revisions"}],"predecessor-version":[{"id":80602,"href":"https:\/\/miradordeatarfe.es\/index.php?rest_route=\/wp\/v2\/posts\/80597\/revisions\/80602"}],"wp:featuredmedia":[{"embeddable":true,"href":"https:\/\/miradordeatarfe.es\/index.php?rest_route=\/wp\/v2\/media\/80599"}],"wp:attachment":[{"href":"https:\/\/miradordeatarfe.es\/index.php?rest_route=%2Fwp%2Fv2%2Fmedia&parent=80597"}],"wp:term":[{"taxonomy":"category","embeddable":true,"href":"https:\/\/miradordeatarfe.es\/index.php?rest_route=%2Fwp%2Fv2%2Fcategories&post=80597"},{"taxonomy":"post_tag","embeddable":true,"href":"https:\/\/miradordeatarfe.es\/index.php?rest_route=%2Fwp%2Fv2%2Ftags&post=80597"}],"curies":[{"name":"wp","href":"https:\/\/api.w.org\/{rel}","templated":true}]}}