{"id":80622,"date":"2025-12-14T09:29:25","date_gmt":"2025-12-14T08:29:25","guid":{"rendered":"https:\/\/miradordeatarfe.es\/?p=80622"},"modified":"2025-12-09T19:08:29","modified_gmt":"2025-12-09T18:08:29","slug":"ciudad-de-mujeres","status":"publish","type":"post","link":"https:\/\/miradordeatarfe.es\/?p=80622","title":{"rendered":"Ciudad de mujeres"},"content":{"rendered":"<div id=\"body-modules\" class=\"body-modules w-full opinion first-letter:text-x5l first-letter:leading-none first-letter:mr-3 first-letter:float-left desktop:first-letter:text-x5l4\" data-original-first-letter-text-size=\"text-x5l:text-x5l4\">\n<h3 class=\"paragraph text-xl pb-7 w-full text-pretty [&amp;_a]:text-link-normal dark:[&amp;_a]:text-link-dark [&amp;_a]:decoration-1 [&amp;_a:hover]:underline [&amp;_a:hover]:text-link-hover [&amp;_a:hover]:decoration-2 [&amp;_b_a]:text-link-normal dark:[&amp;_b_a]:text-link-dark [&amp;_b_a]:decoration-1 [&amp;_b_a:hover]:underline [&amp;_b_a:hover]:text-link-hover desktop:leading-relaxed break-words font-serif\" style=\"text-align: justify;\" data-original-text-size=\"text-xl\">La historia de los barrios de Espa\u00f1a es la historia de las mujeres, aunque muchas veces los arquitectos que los dise\u00f1aron no las tuviesen en cuenta.<\/h3>\n<p class=\"paragraph text-xl pb-7 w-full text-pretty [&amp;_a]:text-link-normal dark:[&amp;_a]:text-link-dark [&amp;_a]:decoration-1 [&amp;_a:hover]:underline [&amp;_a:hover]:text-link-hover [&amp;_a:hover]:decoration-2 [&amp;_b_a]:text-link-normal dark:[&amp;_b_a]:text-link-dark [&amp;_b_a]:decoration-1 [&amp;_b_a:hover]:underline [&amp;_b_a:hover]:text-link-hover desktop:leading-relaxed break-words font-serif\" style=\"text-align: justify;\" data-original-text-size=\"text-xl\">\u00c9se es el punto de partida del documental <strong><i>Ellas en la ciudad<\/i> (2025)<\/strong>, dirigido por la arquitecta Reyes Gallegos. Juana, Julia, Mina\u2026 son las protagonistas de una obra cinematogr\u00e1fica que rescata en clave feminista las luchas obreras de estas vecinas de la periferia de Sevilla desde que, durante los convulsos a\u00f1os en torno a la muerte del dictador, se mudaran a enclaves inh\u00f3spitos donde faltaban servicios b\u00e1sicos. El imaginario que recrea suena por toda Espa\u00f1a: bloques de pisos levantados sobre descampados alejados de los centros hist\u00f3ricos y orientados al uso de un coche que ni sab\u00edan utilizar, ni pod\u00edan costearse; un urbanismo hostil que obligaba a recorrer varios kil\u00f3metros a pie para comprar comida o acudir, con el ni\u00f1o enfermo en brazos, al m\u00e9dico m\u00e1s cercano; p\u00e1ramos donde el \u00fanico verde, si acaso, lo exhib\u00edan las macetas en los balcones: \u00abun barrio que estaba <i>pelao<\/i>, no ten\u00eda <i>na<\/i>, no ten\u00eda ni hierba\u00bb \u2013como argumenta una de estas se\u00f1oras\u2013.\u00a0\u00a0<\/p>\n<p class=\"paragraph text-xl pb-7 w-full text-pretty [&amp;_a]:text-link-normal dark:[&amp;_a]:text-link-dark [&amp;_a]:decoration-1 [&amp;_a:hover]:underline [&amp;_a:hover]:text-link-hover [&amp;_a:hover]:decoration-2 [&amp;_b_a]:text-link-normal dark:[&amp;_b_a]:text-link-dark [&amp;_b_a]:decoration-1 [&amp;_b_a:hover]:underline [&amp;_b_a:hover]:text-link-hover desktop:leading-relaxed break-words font-serif\" style=\"text-align: justify;\" data-original-text-size=\"text-xl\">Durante los a\u00f1os 70, se construyeron en Sevilla m\u00e1s de 50.000 viviendas, nos dice la cinta: soluci\u00f3n imperfecta para las oleadas de gente que emigraban desde los campos y pueblos en busca de una vida mejor, y se encontraban con que el techo apenas arreglaba una parte del problema. Pues ese \u00e9xodo rural \u2013que ya hab\u00eda comenzado a mitad del franquismo\u2013 conllevaba aglomeraciones insalubres, hijos sin escolarizaci\u00f3n, y una multitud de madres mayoritariamente analfabetas que deb\u00edan cargar el peso de los cuidados y la organizaci\u00f3n de la casa mientras los hombres ganaban el jornal fuera.<\/p>\n<p class=\"paragraph text-xl pb-7 w-full text-pretty [&amp;_a]:text-link-normal dark:[&amp;_a]:text-link-dark [&amp;_a]:decoration-1 [&amp;_a:hover]:underline [&amp;_a:hover]:text-link-hover [&amp;_a:hover]:decoration-2 [&amp;_b_a]:text-link-normal dark:[&amp;_b_a]:text-link-dark [&amp;_b_a]:decoration-1 [&amp;_b_a:hover]:underline [&amp;_b_a:hover]:text-link-hover desktop:leading-relaxed break-words font-serif\" style=\"text-align: justify;\" data-original-text-size=\"text-xl\">A nivel formal, el filme de Gallegos le debe mucho a ese cine militante de la Transici\u00f3n cuyos m\u00e1ximos exponentes quiz\u00e1 fueran los hermanos Bartolom\u00e9: Cecilia y Jos\u00e9 Juan. Pero, si seguimos tirando del hilo, hallaremos reminiscencias del primer Val del Omar, encargado de documentar las acciones de las Misiones Pedag\u00f3gicas que puso en marcha la Segunda Rep\u00fablica. Sin embargo, <i>Ellas en la ciudad<\/i> pone el foco en las funciones que tradicionalmente han desempe\u00f1ado las mujeres: alimentar, educar, proteger a la familia; y as\u00ed fueron instal\u00e1ndose mercados de abastos, escuelas, bibliotecas, guarder\u00edas, parques\u2026 y hasta un acerado que, por fin, permitir\u00eda empujar un carricoche, o simplemente caminar sin embarrarse los pies en los d\u00edas de lluvia. Si la aclamada pel\u00edcula <i>El 47<\/i> (Marcel Barrena, 2024) destaca las reivindicaciones del conductor Manolo Vital por llevar la l\u00ednea de autobuses a las afueras olvidadas de Barcelona, Gallegos iluminar\u00e1 el rostro tan alegre como sufrido de las f\u00e9minas andaluzas.<\/p>\n<p class=\"paragraph text-xl pb-7 w-full text-pretty [&amp;_a]:text-link-normal dark:[&amp;_a]:text-link-dark [&amp;_a]:decoration-1 [&amp;_a:hover]:underline [&amp;_a:hover]:text-link-hover [&amp;_a:hover]:decoration-2 [&amp;_b_a]:text-link-normal dark:[&amp;_b_a]:text-link-dark [&amp;_b_a]:decoration-1 [&amp;_b_a:hover]:underline [&amp;_b_a:hover]:text-link-hover desktop:leading-relaxed break-words font-serif\" style=\"text-align: justify;\" data-original-text-size=\"text-xl\">\u00bfQu\u00e9 modelo de ciudad queremos? Basta mirar alrededor, a nuestras periferias marginalizadas y plagadas a\u00fan de inseguridad econ\u00f3mica, a los j\u00f3venes privados del derecho a una vivienda digna, a las din\u00e1micas especulativas vigentes y la proliferaci\u00f3n de apartamentos tur\u00edsticos, para darnos cuenta de la importancia de un documental as\u00ed. Y es que parece que, mientras se tapaban con argamasa algunos agravios habitacionales, otros fueron brotando con fuerza, indicando las deficiencias estructurales de un pa\u00eds cuyo modelo urban\u00edstico contin\u00faa provocando mucho sufrimiento. Al ambulatorio que se reclamaba hace unas d\u00e9cadas podemos contraponer el centro de salud saturado de ahora; y a la protesta coordinada nutrida por un activismo de \u00e9poca, la debilidad actual del tejido asociativo y un desencanto tendente a la anti-pol\u00edtica. Algunos de estos s\u00edntomas sociales se vislumbran en unas im\u00e1genes que no reflejan relevo generacional en las luchas por unos vecindarios m\u00e1s amables, y atestiguan la sustituci\u00f3n de demandas vitales por otras de componente deportivo o l\u00fadico.<\/p>\n<p class=\"paragraph text-xl pb-7 w-full text-pretty [&amp;_a]:text-link-normal dark:[&amp;_a]:text-link-dark [&amp;_a]:decoration-1 [&amp;_a:hover]:underline [&amp;_a:hover]:text-link-hover [&amp;_a:hover]:decoration-2 [&amp;_b_a]:text-link-normal dark:[&amp;_b_a]:text-link-dark [&amp;_b_a]:decoration-1 [&amp;_b_a:hover]:underline [&amp;_b_a:hover]:text-link-hover desktop:leading-relaxed break-words font-serif\" style=\"text-align: justify;\" data-original-text-size=\"text-xl\">No obstante, la memoria de aquellas se\u00f1oras con los brazos en jarra, alzando la voz por el bienestar de sus criaturas, quiz\u00e1 sirva para subrayar necesidades irrebatibles del presente. A la carencia de casas a precio asequible o el da\u00f1o de la turistificaci\u00f3n podr\u00edan a\u00f1adirse la masificaci\u00f3n de los colegios p\u00fablicos, o la escasa inversi\u00f3n en medidas de adaptaci\u00f3n frente a la emergencia clim\u00e1tica, porque se siguen alzando pisos en zonas inundables y ofende la poca vegetaci\u00f3n urbana existente que pueda aliviar la contaminaci\u00f3n o las temperaturas abrasadoras del verano. Adem\u00e1s, una iniciativa continuista de las labores pedag\u00f3gicas realizadas en los centros de adultos de anta\u00f1o podr\u00eda manifestarse en el fomento de actividades culturales destinadas a crear v\u00ednculos duraderos entre quienes vivimos en urbes cada vez m\u00e1s atomizadas. Recuperar espacios de di\u00e1logo y el impacto de nuestra historia asamblearia tambi\u00e9n se encuentra entre las potentes ideas que suscita el bell\u00edsimo mediometraje de la directora sevillana. Eso, y decir orgullosas que hemos sido nosotras las protagonistas en la sombra, y ahora debe tambi\u00e9n darnos la luz: de la c\u00e1mara, de las calles soleadas.<\/p>\n<\/div>\n<p style=\"text-align: justify;\">Po<strong>r <\/strong><a class=\"font-bold\" href=\"https:\/\/www.publico.es\/author\/azahara-palomeque\"><strong>Azahara Palomeque<\/strong><\/a> Escritora y doctora en estudios culturales<\/p>\n<p><span class=\"image-description\" title=\"Fotograma documental &quot;Ellas en la ciudad&quot;(2025)\">FOTO: Fotograma documental \u00abEllas en la ciudad\u00bb(2025)<strong class=\"author ml-1.5\" title=\"MovistarPlus+\">MovistarPlus+<\/strong><\/span><\/p>\n<div id=\"main-content\" class=\"desktop:flex desktop:justify-between\">\n<div class=\"desktop:max-w-[670px] desktop:w-full desktop:min-h-[1400px]\">\n<div id=\"sub-before-text\" class=\"[&amp;_&gt;_*]:mb-7\">https:\/\/www.publico.es\/opinion\/columnas\/ciudad-mujeres.html?utm_medium=newsletter&amp;utm_campaign=captacion&amp;utm_content=hoy&amp;segment=registrados&amp;tpcc=nl_hoy0525&amp;pnespid=Cux4qhtC83wfiVnP_s3RG0pWrxtj2rJ9oB1dALkFOIHKPgl22Lp.LShaYQ2U8DeT_rC1PUso<\/div>\n<div class=\"desktop:ml-[64px]\">\n<div class=\"mb-5 relative\">\n<div class=\"bg-warm-gray-100 dark:bg-cold-gray-700\/50 flex gap-4 w-full\">\n<div class=\"pl-3 py-3\">\u00a0<\/div>\n<div class=\"flex flex-col items-start justify-center desktop:bottom-3 w-full py-3 pr-3\">\n<p class=\"mb-1 text-xl desktop:text-xl4 leading-tight text-pretty\">\u00a0<\/p>\n<p class=\"text-sm desktop:text-base\">\u00a0<\/p>\n<\/div>\n<\/div>\n<\/div>\n<\/div>\n<\/div>\n<\/div>\n","protected":false},"excerpt":{"rendered":"<p>La historia de los barrios de Espa\u00f1a es la historia de las mujeres, aunque muchas&#8230;<\/p>\n","protected":false},"author":1,"featured_media":80624,"comment_status":"closed","ping_status":"closed","sticky":false,"template":"","format":"standard","meta":{"_coblocks_attr":"","_coblocks_dimensions":"","_coblocks_responsive_height":"","_coblocks_accordion_ie_support":"","jetpack_post_was_ever_published":false,"_jetpack_newsletter_access":"","_jetpack_dont_email_post_to_subs":false,"_jetpack_newsletter_tier_id":0,"_jetpack_memberships_contains_paywalled_content":false,"_jetpack_memberships_contains_paid_content":false,"footnotes":"","jetpack_publicize_message":"","jetpack_publicize_feature_enabled":true,"jetpack_social_post_already_shared":true,"jetpack_social_options":{"image_generator_settings":{"template":"highway","default_image_id":0,"enabled":false},"version":2}},"categories":[10804,186,44],"tags":[],"class_list":["post-80622","post","type-post","status-publish","format-standard","has-post-thumbnail","hentry","category-cambio-climatico","category-instituciones","category-noticias-de-hoy"],"jetpack_publicize_connections":[],"jetpack_featured_media_url":"https:\/\/i0.wp.com\/miradordeatarfe.es\/wp-content\/uploads\/2025\/12\/6929819477888.jpeg?fit=990%2C557&ssl=1","jetpack_likes_enabled":true,"jetpack_sharing_enabled":true,"_links":{"self":[{"href":"https:\/\/miradordeatarfe.es\/index.php?rest_route=\/wp\/v2\/posts\/80622","targetHints":{"allow":["GET"]}}],"collection":[{"href":"https:\/\/miradordeatarfe.es\/index.php?rest_route=\/wp\/v2\/posts"}],"about":[{"href":"https:\/\/miradordeatarfe.es\/index.php?rest_route=\/wp\/v2\/types\/post"}],"author":[{"embeddable":true,"href":"https:\/\/miradordeatarfe.es\/index.php?rest_route=\/wp\/v2\/users\/1"}],"replies":[{"embeddable":true,"href":"https:\/\/miradordeatarfe.es\/index.php?rest_route=%2Fwp%2Fv2%2Fcomments&post=80622"}],"version-history":[{"count":2,"href":"https:\/\/miradordeatarfe.es\/index.php?rest_route=\/wp\/v2\/posts\/80622\/revisions"}],"predecessor-version":[{"id":80625,"href":"https:\/\/miradordeatarfe.es\/index.php?rest_route=\/wp\/v2\/posts\/80622\/revisions\/80625"}],"wp:featuredmedia":[{"embeddable":true,"href":"https:\/\/miradordeatarfe.es\/index.php?rest_route=\/wp\/v2\/media\/80624"}],"wp:attachment":[{"href":"https:\/\/miradordeatarfe.es\/index.php?rest_route=%2Fwp%2Fv2%2Fmedia&parent=80622"}],"wp:term":[{"taxonomy":"category","embeddable":true,"href":"https:\/\/miradordeatarfe.es\/index.php?rest_route=%2Fwp%2Fv2%2Fcategories&post=80622"},{"taxonomy":"post_tag","embeddable":true,"href":"https:\/\/miradordeatarfe.es\/index.php?rest_route=%2Fwp%2Fv2%2Ftags&post=80622"}],"curies":[{"name":"wp","href":"https:\/\/api.w.org\/{rel}","templated":true}]}}