{"id":80626,"date":"2025-12-11T09:37:11","date_gmt":"2025-12-11T08:37:11","guid":{"rendered":"https:\/\/miradordeatarfe.es\/?p=80626"},"modified":"2025-12-10T13:05:28","modified_gmt":"2025-12-10T12:05:28","slug":"donde-acabara-la-iniciativa-legislativa-popular-sobre-la-salud","status":"publish","type":"post","link":"https:\/\/miradordeatarfe.es\/?p=80626","title":{"rendered":"\u00bfDONDE ACABAR\u00c1 LA INICIATIVA LEGISLATIVA POPULAR SOBRE LA SALUD?"},"content":{"rendered":"<h3 class=\"wp-block-post-title font-serif !text-3xl font-bold leading-10 lg:!text-5xl  mt-[-10px]\" style=\"text-align: justify;\">FACUA Andaluc\u00eda denuncia que la Junta frena la tramitaci\u00f3n urgente de la ILP por la sanidad p\u00fablica mientras acelera otras quince leyes.\u00a0La totalidad del Parlamento andaluz, con la \u00fanica abstenci\u00f3n de Vox, acept\u00f3 la tramitaci\u00f3n parlamentaria de la iniciativa de las Mareas Blancas que reclama frenar la privatizaci\u00f3n sanitaria.<\/h3>\n<section class=\"entry-content wp-block-post-content px-6\">\n<p class=\"mb-4 mt-2 font-serif !text-xl font-normal lg:!text-2xl\" style=\"text-align: justify;\">FACUA Andaluc\u00eda acusa al Gobierno de la Junta de un ejercicio de incoherencia pol\u00edtica y de falta de respeto democr\u00e1tico tras conocerse que el Parlamento ha tramitado por la v\u00eda de urgencia hasta quince leyes en solo tres meses mientras bloquea que ese mismo procedimiento se utilice para la Iniciativa Legislativa Popular en defensa de la sanidad p\u00fablica que fue impulsada por las Mareas Blancas y respaldada por casi 60.000 personas.<\/p>\n<p class=\"mb-4 mt-2 font-serif !text-xl font-normal lg:!text-2xl\" style=\"text-align: justify;\">Una ILP cuyo debate parlamentario tuvo lugar el pasado 16 de noviembre y que la totalidad del arco pol\u00edtico andaluz \u2014con la excepci\u00f3n de la abstenci\u00f3n de Vox\u2014 aprob\u00f3 para su tramitaci\u00f3n, y cuyo objetivo es revertir el proceso de privatizaci\u00f3n sanitaria, recuperar la subasta p\u00fablica d medicamentos y garantizar una sanidad 100% p\u00fablica y de calidad.<\/p>\n<p class=\"mb-4 mt-2 font-serif !text-xl font-normal lg:!text-2xl\" style=\"text-align: justify;\">En este sentido, la Coordinadora de Mareas Blancas ha presentado un escrito ante la Mesa del Parlamento exigiendo la tramitaci\u00f3n urgente de la ILP y reclamando participar en la fase de enmiendas para impedir que el texto sea vaciado de contenido o deformado. <em>\u201cLa privatizaci\u00f3n no es solo dinero que se deriva al sector privado, sino un conjunto de estrategias que favorecen sistem\u00e1ticamente a las cl\u00ednicas privadas\u201d<\/em>, advierte el documento.<\/p>\n<p class=\"mb-4 mt-2 font-serif !text-xl font-normal lg:!text-2xl\" style=\"text-align: justify;\">Sin embargo, pese a que el PP proclam\u00f3 en el propio hemiciclo que la iniciativa era <em>\u201cuna oportunidad para el di\u00e1logo\u201d<\/em>, el grupo mayoritario ha impedido que se tramite con urgencia, lo que podr\u00eda dejarla morir en un escenario de convocatoria electoral cercana. Por el contrario, s\u00ed ha utilizado la tramitaci\u00f3n expr\u00e9s para leyes de menor calado, desde normas sectoriales hasta reformas procedimentales, que el PP ha considerado prioritarias pese a su escasa repercusi\u00f3n social.<\/p>\n<p class=\"mb-4 mt-2 font-serif !text-xl font-normal lg:!text-2xl\" style=\"text-align: justify;\">En este sentido, FACUA Andaluc\u00eda advierte de que el voto favorable del PP a la tramitaci\u00f3n de la ILP pudo ser una maniobra t\u00e1ctica del Gobierno de <strong>Juan Manuel Moreno Bonilla<\/strong> para mostrarse preocupado por el estado de la sanidad p\u00fablica en un momento en el que se muestra inmerso en pleno esc\u00e1ndalo del cribado del c\u00e1ncer de mama, pero sin que realmente haya tenido intenci\u00f3n de que la iniciativa salga adelante.<\/p>\n<p class=\"mb-4 mt-2 font-serif !text-xl font-normal lg:!text-2xl\" style=\"text-align: justify;\">Teniendo en cuenta el estado avanzado de la legislatura y la convocatoria de elecciones auton\u00f3micas en 2026, podr\u00eda ocurrir que la tramitaci\u00f3n de la ILP termine paralizada si no se realiza por la v\u00eda de urgencia. Un escenario, sospecha la federaci\u00f3n, con el que el Ejecutivo andaluz quiz\u00e1 ya contaba cuando decidi\u00f3 mostrarse favorable a su tramitaci\u00f3n.<\/p>\n<p class=\"mb-4 mt-2 font-serif !text-xl font-normal lg:!text-2xl\" style=\"text-align: justify;\">As\u00ed, FACUA Andaluc\u00eda entiende que, adem\u00e1s de trabajar por la tramitaci\u00f3n expr\u00e9s, la Mesa del Parlamento debe adoptar las medidas oportunas <br \/>\npara que exista una participaci\u00f3n de la sociedad civil que evite que con las enmiendas a la proposici\u00f3n de ley se desvirt\u00faen sus objetivos.<\/p>\n<p class=\"mb-4 mt-2 font-serif !text-xl font-normal lg:!text-2xl\" style=\"text-align: justify;\">La federaci\u00f3n llama as\u00ed a la ciudadan\u00eda a mantenerse movilizada y se\u00f1ala que la defensa de la sanidad p\u00fablica es irrenunciable, por lo que no va a permitir que se desactive una iniciativa que nace del pueblo y que exige acabar con un modelo sanitario para los m\u00e1s pudientes.<\/p>\n<h2><span class=\"py-1 font-bold text-black lg:block\">FACUA.org<\/span><\/h2>\n<p>https:\/\/facua.org\/noticias\/facua-andalucia-denuncia-que-la-junta-frena-la-tramitacion-urgente-de-la-ilp-por-la-sanidad-publica-mientras-acelera-otras-quince-leyes\/<\/p>\n<div>\u00a0<\/div>\n<\/section>\n","protected":false},"excerpt":{"rendered":"<p>FACUA Andaluc\u00eda denuncia que la Junta frena la tramitaci\u00f3n urgente de la ILP por la&#8230;<\/p>\n","protected":false},"author":1,"featured_media":80627,"comment_status":"closed","ping_status":"closed","sticky":false,"template":"","format":"standard","meta":{"_coblocks_attr":"","_coblocks_dimensions":"","_coblocks_responsive_height":"","_coblocks_accordion_ie_support":"","jetpack_post_was_ever_published":false,"_jetpack_newsletter_access":"","_jetpack_dont_email_post_to_subs":false,"_jetpack_newsletter_tier_id":0,"_jetpack_memberships_contains_paywalled_content":false,"_jetpack_memberships_contains_paid_content":false,"footnotes":"","jetpack_publicize_message":"","jetpack_publicize_feature_enabled":true,"jetpack_social_post_already_shared":true,"jetpack_social_options":{"image_generator_settings":{"template":"highway","default_image_id":0,"enabled":false},"version":2}},"categories":[10791,186,44,10805],"tags":[],"class_list":["post-80626","post","type-post","status-publish","format-standard","has-post-thumbnail","hentry","category-andalucia","category-instituciones","category-noticias-de-hoy","category-plataforma-por-la-sanidad-de-atarfe"],"jetpack_publicize_connections":[],"jetpack_featured_media_url":"https:\/\/i0.wp.com\/miradordeatarfe.es\/wp-content\/uploads\/2025\/12\/marea_blanca_andalucia.webp?fit=1300%2C904&ssl=1","jetpack_likes_enabled":true,"jetpack_sharing_enabled":true,"_links":{"self":[{"href":"https:\/\/miradordeatarfe.es\/index.php?rest_route=\/wp\/v2\/posts\/80626","targetHints":{"allow":["GET"]}}],"collection":[{"href":"https:\/\/miradordeatarfe.es\/index.php?rest_route=\/wp\/v2\/posts"}],"about":[{"href":"https:\/\/miradordeatarfe.es\/index.php?rest_route=\/wp\/v2\/types\/post"}],"author":[{"embeddable":true,"href":"https:\/\/miradordeatarfe.es\/index.php?rest_route=\/wp\/v2\/users\/1"}],"replies":[{"embeddable":true,"href":"https:\/\/miradordeatarfe.es\/index.php?rest_route=%2Fwp%2Fv2%2Fcomments&post=80626"}],"version-history":[{"count":1,"href":"https:\/\/miradordeatarfe.es\/index.php?rest_route=\/wp\/v2\/posts\/80626\/revisions"}],"predecessor-version":[{"id":80628,"href":"https:\/\/miradordeatarfe.es\/index.php?rest_route=\/wp\/v2\/posts\/80626\/revisions\/80628"}],"wp:featuredmedia":[{"embeddable":true,"href":"https:\/\/miradordeatarfe.es\/index.php?rest_route=\/wp\/v2\/media\/80627"}],"wp:attachment":[{"href":"https:\/\/miradordeatarfe.es\/index.php?rest_route=%2Fwp%2Fv2%2Fmedia&parent=80626"}],"wp:term":[{"taxonomy":"category","embeddable":true,"href":"https:\/\/miradordeatarfe.es\/index.php?rest_route=%2Fwp%2Fv2%2Fcategories&post=80626"},{"taxonomy":"post_tag","embeddable":true,"href":"https:\/\/miradordeatarfe.es\/index.php?rest_route=%2Fwp%2Fv2%2Ftags&post=80626"}],"curies":[{"name":"wp","href":"https:\/\/api.w.org\/{rel}","templated":true}]}}