{"id":80653,"date":"2025-12-14T11:00:09","date_gmt":"2025-12-14T10:00:09","guid":{"rendered":"https:\/\/miradordeatarfe.es\/?p=80653"},"modified":"2025-12-14T13:29:17","modified_gmt":"2025-12-14T12:29:17","slug":"el-caso-de-la-cementera-de-atarfe-arruinada-y-abandonada-2","status":"publish","type":"post","link":"https:\/\/miradordeatarfe.es\/?p=80653","title":{"rendered":"EL CASO DE LA CEMENTERA DE ATARFE\u2026 ARRUINADA Y ABANDONADA"},"content":{"rendered":"<p style=\"text-align: justify;\">Hace unas semanas, dentro de nuestra secci\u00f3n de \u201cbomberos urban\u00edsticos\u201d, quise mostrar con la mayor crudeza y realismo el proceso galopante de degeneraci\u00f3n y devaluaci\u00f3n de los barrios hist\u00f3ricos, ante el que cabe preguntarse: \u00bfEs legal? \u00bfEs inevitable? \u00bfQu\u00e9 se puede hacer? Y de esa pregunta surgi\u00f3 el art\u00edculo <a href=\"https:\/\/laciudadcomprometida.eu\/component\/k2\/205-ciudades-arruinadas\">https:\/\/www.gr-arquitectos.com\/component\/k2\/205-ciudades-arruinadas<\/a><\/p>\n<p style=\"text-align: justify;\">Y os propuse empezar a desgranar algunos de los mecanismos, tan poco utilizados, que tienen los ayuntamientos (o la sociedad) para afrontar su degradaci\u00f3n patrimonial\u2026 Y en dicho sentido quiero empezar a lo grande, con un caso de arquitectura industrial abandonada y arruinada, pero cuya monumentalidad merecer\u00eda una reflexi\u00f3n. Y para ello he querido retrotraerme al a\u00f1o 2012 cuando desde estas p\u00e1ginas de LA CIUDAD COMPROMETIDA quisimos mostrar una loable iniciativa de la Escuela de Arquitectura de Granada para recuperar (es decir, abrir las conciencias de la sociedad) la <strong>CEMENTERA DE ATARFE<\/strong>. Os lo trascribo:<\/p>\n<p style=\"text-align: justify;\">\u201c\u00bfHay alguien ah\u00ed? Esta es la pregunta que se me ocurre hacer cuando llego a un lugar como este, la Cementera de Atarfe. Hace unos a\u00f1os la pregunta hubiera sido otra, \u201cBusco trabajo \u00bfpodr\u00eda hablar con el encargado?\u201d, pero es que ahora est\u00e1 abandonada, y las impresionantes dimensiones de sus muros, junto con su potente y sobria arquitectura parecen convertirla en la puerta del m\u00e1s all\u00e1.<\/p>\n<p style=\"text-align: justify;\">Se encuentra en las proximidades de Sierra Elvira, en la localidad granadina de Atarfe junto a la carretera de C\u00f3rdoba. Su ubicaci\u00f3n viene de la proximidad a la cantera que hay en la misma sierra y su construcci\u00f3n, que se inici\u00f3 en 1903 por Inocencio Romero de la Cruz, vino motivada por el aumento de las infraestructuras en la \u00e9poca. En 1923 empez\u00f3 a comercializar sus productos bajo la marca de Cementos Centauro y estaba dedicada a la producci\u00f3n y elaboraci\u00f3n de cemento y cal hidr\u00e1ulica. Fue una de las primeras f\u00e1bricas de este tipo que se construyeron en Andaluc\u00eda, junto con la f\u00e1brica La Ara\u00f1a, en M\u00e1laga, de 1918. Con una producci\u00f3n en 1955 de 30.000 Toneladas de Cemento portland y de 20.000 Toneladas de cemento natural se convirti\u00f3 en una potente f\u00e1brica que abastec\u00eda la creciente demanda de la \u00e9poca.<\/p>\n<p style=\"text-align: justify;\">\u00a0<\/p>\n<p style=\"text-align: justify;\"><img data-recalc-dims=\"1\" decoding=\"async\" src=\"https:\/\/i0.wp.com\/laciudadcomprometida.eu\/images\/BLOG_BOMBEROS\/cementera1.jpg?w=640&#038;ssl=1\" alt=\"cementera1\" \/><\/p>\n<p style=\"text-align: justify;\">La l\u00ednea del Tranv\u00eda de Granada a Pinos Puente, con parada en el apeadero de Sierra Elvira as\u00ed como una l\u00ednea industrial de ancho 750 mm\u00a0entre la f\u00e1brica de cemento y las canteras ser\u00edan algunas de las infraestructuras que apoyar\u00edan el funcionamiento de la f\u00e1brica.<\/p>\n<p style=\"text-align: justify;\">La f\u00e1brica perteneci\u00f3 a la compa\u00f1\u00eda Cementos Centauro hasta finales de 1968, cuando fue absorbida por Cementos Alba S.A. Al poco tiempo fue cerrada y desde entonces sus instalaciones permanecen abandonadas, pudi\u00e9ndose apreciar hoy en d\u00eda a\u00fan la estructura principal de hormig\u00f3n de la f\u00e1brica.\u00a0 Algunos de sus muros han sido invadidos por pintadas, sus tejados est\u00e1n hundidos, en algunos puntos se aprecian los restos de lo que fue una escalera, una oficina o el comedor de los trabajadores. Donde antes hab\u00eda maquinaria\u00a0ahora hay vegetaci\u00f3n y escombros. Por donde antes los empleados de la f\u00e1brica circulaban para hacer su trabajo, ahora, de vez en cuando, aparece alg\u00fan curioso o alg\u00fan grupo de aventureros que encuentran un foco de entretenimiento.<\/p>\n<p style=\"text-align: justify;\">Hace unos a\u00f1os se plante\u00f3 como Proyecto Fin de Carrera de la Escuela de Arquitectura de Granada su transformaci\u00f3n para acoger la Fundaci\u00f3n Juan March. Ojeando algunas de las propuestas queda demostrado que, a pesar de encontrarse en este lamentable estado, sus muros, sus espacios y todo su conjunto siguen siendo fuente de inspiraci\u00f3n y de numerosas posibilidades de rehabilitaci\u00f3n.\u201d<\/p>\n<p style=\"text-align: justify;\">\u00bfPodr\u00edan el ayuntamiento u otras administraciones haber adquirido este imponente complejo? \u00bfO haber instado a su catalogaci\u00f3n, activando mecanismos para lograr al menos su consolidaci\u00f3n estructural? \u00bfY la posibilidad de vincularlo a alguna actuaci\u00f3n urban\u00edstica que garantizase su rehabilitaci\u00f3n con un nuevo uso?<\/p>\n<p><strong>JUAN CARLOS GARC\u00cdA DE LOS REYES<\/strong><\/p>\n<p>https:\/\/laciudadcomprometida.eu\/component\/k2\/216-el-caso-de-la-cementera-de-atarfe-arruinada-y-abandonada<\/p>\n<p>&nbsp;<\/p>\n","protected":false},"excerpt":{"rendered":"<p>Hace unas semanas, dentro de nuestra secci\u00f3n de \u201cbomberos urban\u00edsticos\u201d, quise mostrar con la mayor&#8230;<\/p>\n","protected":false},"author":1,"featured_media":80654,"comment_status":"closed","ping_status":"closed","sticky":false,"template":"","format":"standard","meta":{"_coblocks_attr":"","_coblocks_dimensions":"","_coblocks_responsive_height":"","_coblocks_accordion_ie_support":"","jetpack_post_was_ever_published":false,"_jetpack_newsletter_access":"","_jetpack_dont_email_post_to_subs":false,"_jetpack_newsletter_tier_id":0,"_jetpack_memberships_contains_paywalled_content":false,"_jetpack_memberships_contains_paid_content":false,"footnotes":"","jetpack_publicize_message":"","jetpack_publicize_feature_enabled":true,"jetpack_social_post_already_shared":true,"jetpack_social_options":{"image_generator_settings":{"template":"highway","default_image_id":0,"enabled":false},"version":2}},"categories":[2,1225,186,44],"tags":[],"class_list":["post-80653","post","type-post","status-publish","format-standard","has-post-thumbnail","hentry","category-atarfe","category-ha-de-atarfe","category-instituciones","category-noticias-de-hoy"],"jetpack_publicize_connections":[],"jetpack_featured_media_url":"https:\/\/i0.wp.com\/miradordeatarfe.es\/wp-content\/uploads\/2025\/12\/4-cedmentera.jpg?fit=635%2C396&ssl=1","jetpack_likes_enabled":true,"jetpack_sharing_enabled":true,"_links":{"self":[{"href":"https:\/\/miradordeatarfe.es\/index.php?rest_route=\/wp\/v2\/posts\/80653","targetHints":{"allow":["GET"]}}],"collection":[{"href":"https:\/\/miradordeatarfe.es\/index.php?rest_route=\/wp\/v2\/posts"}],"about":[{"href":"https:\/\/miradordeatarfe.es\/index.php?rest_route=\/wp\/v2\/types\/post"}],"author":[{"embeddable":true,"href":"https:\/\/miradordeatarfe.es\/index.php?rest_route=\/wp\/v2\/users\/1"}],"replies":[{"embeddable":true,"href":"https:\/\/miradordeatarfe.es\/index.php?rest_route=%2Fwp%2Fv2%2Fcomments&post=80653"}],"version-history":[{"count":1,"href":"https:\/\/miradordeatarfe.es\/index.php?rest_route=\/wp\/v2\/posts\/80653\/revisions"}],"predecessor-version":[{"id":80655,"href":"https:\/\/miradordeatarfe.es\/index.php?rest_route=\/wp\/v2\/posts\/80653\/revisions\/80655"}],"wp:featuredmedia":[{"embeddable":true,"href":"https:\/\/miradordeatarfe.es\/index.php?rest_route=\/wp\/v2\/media\/80654"}],"wp:attachment":[{"href":"https:\/\/miradordeatarfe.es\/index.php?rest_route=%2Fwp%2Fv2%2Fmedia&parent=80653"}],"wp:term":[{"taxonomy":"category","embeddable":true,"href":"https:\/\/miradordeatarfe.es\/index.php?rest_route=%2Fwp%2Fv2%2Fcategories&post=80653"},{"taxonomy":"post_tag","embeddable":true,"href":"https:\/\/miradordeatarfe.es\/index.php?rest_route=%2Fwp%2Fv2%2Ftags&post=80653"}],"curies":[{"name":"wp","href":"https:\/\/api.w.org\/{rel}","templated":true}]}}