{"id":80656,"date":"2025-12-12T10:36:51","date_gmt":"2025-12-12T09:36:51","guid":{"rendered":"https:\/\/miradordeatarfe.es\/?p=80656"},"modified":"2025-12-14T13:30:18","modified_gmt":"2025-12-14T12:30:18","slug":"ciudades-arruinadas-por-juan-carlos-garcia-de-los-reyes","status":"publish","type":"post","link":"https:\/\/miradordeatarfe.es\/?p=80656","title":{"rendered":"\u00abCIUDADES ARRUINADAS\u00bb por Juan Carlos Garc\u00eda de los Reyes"},"content":{"rendered":"<p style=\"text-align: justify;\">EN EL MIRADOR DE ATARFE HEMOS VENIDO PUBLICANDO ART\u00cdCULOS SOBRE UNA RUINA DE ATARFE: LA CEMENTERA Y ART\u00cdCULOS CON OPINIONES DIVERSAS. AQU\u00cd OS DEJAMOS ESTE ART\u00cdCULO PUBLICADO EN EL A\u00d1O 2018<\/p>\n<p style=\"text-align: justify;\">\u00abEs desolador comprobar c\u00f3mo los barrios hist\u00f3ricos de nuestras ciudades van languideciendo, poco a poco. Edificios sin uso\u2026 otros mal conservados. Y muchos bastante deteriorados e incluso en estado ruinoso. Y tambi\u00e9n van proliferando los solares donde hasta hace bien poco hab\u00eda construcciones. Incluso bastante bellas, pero que en la mayor parte de los casos formaban parte del mejor paisaje urbano de la ciudad\u2026<\/p>\n<p style=\"text-align: justify;\">Y esto, aunque con contadas excepciones, lamentablemente es la t\u00f3nica general. Y ante este proceso de degeneraci\u00f3n y devaluaci\u00f3n de los barrios hist\u00f3ricos cabe preguntarse: \u00bfEs legal? \u00bfEs inevitable? \u00bfQu\u00e9 se puede hacer?<\/p>\n<p style=\"text-align: justify;\">Ver\u00e9is, hace unos d\u00edas la prensa local de Granada, pero os advierto que podr\u00eda haber sido la de cualquier otra ciudad, se hac\u00eda eco de que en los \u00faltimos tres a\u00f1os se hab\u00edan declarado en ruina 18 nuevos edificios\u2026 de los que la tercera parte estaban catalogados por sus valores patrimoniales. <a href=\"https:\/\/www.ideal.es\/granada\/lista-ruinas-suma-20181018202030-nt.html\">https:\/\/www.ideal.es\/granada\/lista-ruinas-suma-20181018202030-nt.html<\/a><\/p>\n<p style=\"text-align: justify;\">Y cuando esto sucede cabe preguntarse \u00bfQu\u00e9 es lo que fall\u00f3? Y si esto ocurre en el Conjunto Hist\u00f3rico de Granada, que es un B.I.C. y que por tanto cuenta con protecci\u00f3n legal, que adem\u00e1s est\u00e1 dotado de unas ordenanzas bastante exhaustivas, y que hace gala de ser uno de los iconos patrimoniales no solo de Espa\u00f1a sino a nivel internacional\u2026 pues qu\u00e9 no estar\u00e1 pasando en otras ciudades m\u00e1s \u201cnormales\u201d en materia patrimonial o tur\u00edstica\u2026 Pues ya imagin\u00e1is\u2026 M\u00e1s de lo mismo, pero seguramente con mayor virulencia.<\/p>\n<p style=\"text-align: justify;\">Por tanto, como veis, no basta con que haya una gran valoraci\u00f3n local por su memoria hist\u00f3rica; o que haya aprobada una severa normativa de protecci\u00f3n y catalogaci\u00f3n del patrimonio; ni siquiera que haya leyes que doten de mecanismos a las administraciones (y m\u00e1s que nada a los ayuntamientos) para intervenir cuando los propietarios dejan arruinar los edificios por intereses meramente especulativos\u2026<\/p>\n<p style=\"text-align: justify;\">Si\u2026 pero, \u00bfQu\u00e9 es lo que falla entonces? Pues es obvio.<em><strong> Una deficiente implicaci\u00f3n municipal en la gesti\u00f3n de la ciudad hist\u00f3rica. Y la excusa de siempre es la falta de recursos econ\u00f3micos. Y no voy a negar que sin duda alguna se trata de un gran handicap\u2026 Pero yo a esa dificultad real le a\u00f1adir\u00eda otra m\u00e1s determinante desde mi punto de vista: la falta de compromiso\u2026 y esa lacra que tienen tantos gestores p\u00fablicos (es decir, los pol\u00edticos). Lo de \u201cquerer nadar y guardar la ropa\u201d \u2026 Gestionar la ciudad, pero sin molestar\u2026 Gobernar para todos, pero sin soliviantar a nadie\u2026\u00bb<\/strong><\/em><\/p>\n<p style=\"text-align: justify;\">https:\/\/laciudadcomprometida.eu\/component\/k2\/205-ciudades-arruinadas<\/p>\n","protected":false},"excerpt":{"rendered":"<p>EN EL MIRADOR DE ATARFE HEMOS VENIDO PUBLICANDO ART\u00cdCULOS SOBRE UNA RUINA DE ATARFE: LA&#8230;<\/p>\n","protected":false},"author":1,"featured_media":80657,"comment_status":"closed","ping_status":"closed","sticky":false,"template":"","format":"standard","meta":{"_coblocks_attr":"","_coblocks_dimensions":"","_coblocks_responsive_height":"","_coblocks_accordion_ie_support":"","jetpack_post_was_ever_published":false,"_jetpack_newsletter_access":"","_jetpack_dont_email_post_to_subs":false,"_jetpack_newsletter_tier_id":0,"_jetpack_memberships_contains_paywalled_content":false,"_jetpack_memberships_contains_paid_content":false,"footnotes":"","jetpack_publicize_message":"","jetpack_publicize_feature_enabled":true,"jetpack_social_post_already_shared":true,"jetpack_social_options":{"image_generator_settings":{"template":"highway","default_image_id":0,"enabled":false},"version":2}},"categories":[1161,1225,186,44],"tags":[],"class_list":["post-80656","post","type-post","status-publish","format-standard","has-post-thumbnail","hentry","category-ciudadania","category-ha-de-atarfe","category-instituciones","category-noticias-de-hoy"],"jetpack_publicize_connections":[],"jetpack_featured_media_url":"https:\/\/i0.wp.com\/miradordeatarfe.es\/wp-content\/uploads\/2025\/12\/CIUDADES_ARRUINADAS_v3.jpeg?fit=1600%2C1200&ssl=1","jetpack_likes_enabled":true,"jetpack_sharing_enabled":true,"_links":{"self":[{"href":"https:\/\/miradordeatarfe.es\/index.php?rest_route=\/wp\/v2\/posts\/80656","targetHints":{"allow":["GET"]}}],"collection":[{"href":"https:\/\/miradordeatarfe.es\/index.php?rest_route=\/wp\/v2\/posts"}],"about":[{"href":"https:\/\/miradordeatarfe.es\/index.php?rest_route=\/wp\/v2\/types\/post"}],"author":[{"embeddable":true,"href":"https:\/\/miradordeatarfe.es\/index.php?rest_route=\/wp\/v2\/users\/1"}],"replies":[{"embeddable":true,"href":"https:\/\/miradordeatarfe.es\/index.php?rest_route=%2Fwp%2Fv2%2Fcomments&post=80656"}],"version-history":[{"count":1,"href":"https:\/\/miradordeatarfe.es\/index.php?rest_route=\/wp\/v2\/posts\/80656\/revisions"}],"predecessor-version":[{"id":80658,"href":"https:\/\/miradordeatarfe.es\/index.php?rest_route=\/wp\/v2\/posts\/80656\/revisions\/80658"}],"wp:featuredmedia":[{"embeddable":true,"href":"https:\/\/miradordeatarfe.es\/index.php?rest_route=\/wp\/v2\/media\/80657"}],"wp:attachment":[{"href":"https:\/\/miradordeatarfe.es\/index.php?rest_route=%2Fwp%2Fv2%2Fmedia&parent=80656"}],"wp:term":[{"taxonomy":"category","embeddable":true,"href":"https:\/\/miradordeatarfe.es\/index.php?rest_route=%2Fwp%2Fv2%2Fcategories&post=80656"},{"taxonomy":"post_tag","embeddable":true,"href":"https:\/\/miradordeatarfe.es\/index.php?rest_route=%2Fwp%2Fv2%2Ftags&post=80656"}],"curies":[{"name":"wp","href":"https:\/\/api.w.org\/{rel}","templated":true}]}}