{"id":80669,"date":"2025-12-10T10:30:36","date_gmt":"2025-12-10T09:30:36","guid":{"rendered":"https:\/\/miradordeatarfe.es\/?p=80669"},"modified":"2025-12-09T19:10:36","modified_gmt":"2025-12-09T18:10:36","slug":"nueva-victoria-del-cab-atarfe","status":"publish","type":"post","link":"https:\/\/miradordeatarfe.es\/?p=80669","title":{"rendered":"NUEVA VICTORIA DEL CAB ATARFE"},"content":{"rendered":"<h3 style=\"text-align: justify;\">El CAB Atarfe se lleva la victoria en el derbi (88-72)<\/h3>\n<p style=\"text-align: justify;\">El CAB Atarfe Seat Vigilsa sum\u00f3 su novena victoria de la temporada tras imponerse con autoridad al Eigra Santa Fe por 88-72, en un derbi adelantado al jueves con motivo del puente de la Inmaculada y aprovecho los tropiezos de sus m\u00e1ximos perseguidores . Con este triunfo, correspondiente a la d\u00e9cima jornada de liga, el conjunto blanquiverde se consolida en lo m\u00e1s alto de la clasificaci\u00f3n.<\/p>\n<p style=\"text-align: justify;\">Desde el inicio, los locales mostraron un partido serio y controlado, manteniendo el ritmo y el dominio en pr\u00e1cticamente todos los parciales. La solidez defensiva y la rapidez en las transiciones ofensivas fueron las claves que permitieron a los atarfe\u00f1os llevar la iniciativa y cerrar el encuentro sin sobresaltos.<\/p>\n<p style=\"text-align: justify;\">El Atarfe contin\u00faa demostrando regularidad y madurez en su juego, factores que explican su magn\u00edfico arranque liguero.El conjunto dirigido desde el banquillo por Edu Manzano no le pierde la cara a la categor\u00eda a\u00fan siendo un reci\u00e9n ascendido y contin\u00faa con paso firme su andadura en 1\u00b0 Nacional.<\/p>\n<p style=\"text-align: justify;\"><strong>Pr\u00f3xima jornada: nuevo derbi exigente<\/strong><\/p>\n<p style=\"text-align: justify;\">El equipo se enfrentar\u00e1 de nuevo a un derbi en la pr\u00f3xima jornada, esta vez con una salida muy complicada a Baza, rival directo que tambi\u00e9n ocupa posiciones altas en la clasificaci\u00f3n. El choque est\u00e1 programado para el s\u00e1bado a las 18:00 h en tierras bastetanas, donde los blanquiverdes buscar\u00e1n mantener su excelente din\u00e1mica.<\/p>\n<p><strong>JOS\u00c9 MANUEL CAMPOS<\/strong><\/p>\n","protected":false},"excerpt":{"rendered":"<p>El CAB Atarfe se lleva la victoria en el derbi (88-72) El CAB Atarfe Seat&#8230;<\/p>\n","protected":false},"author":1,"featured_media":80442,"comment_status":"closed","ping_status":"closed","sticky":false,"template":"","format":"standard","meta":{"_coblocks_attr":"","_coblocks_dimensions":"","_coblocks_responsive_height":"","_coblocks_accordion_ie_support":"","jetpack_post_was_ever_published":false,"_jetpack_newsletter_access":"","_jetpack_dont_email_post_to_subs":false,"_jetpack_newsletter_tier_id":0,"_jetpack_memberships_contains_paywalled_content":false,"_jetpack_memberships_contains_paid_content":false,"footnotes":"","jetpack_publicize_message":"","jetpack_publicize_feature_enabled":true,"jetpack_social_post_already_shared":true,"jetpack_social_options":{"image_generator_settings":{"template":"highway","default_image_id":0,"enabled":false},"version":2}},"categories":[10807,182,186,44],"tags":[],"class_list":["post-80669","post","type-post","status-publish","format-standard","has-post-thumbnail","hentry","category-cab-atarfe","category-deportes","category-instituciones","category-noticias-de-hoy"],"jetpack_publicize_connections":[],"jetpack_featured_media_url":"https:\/\/i0.wp.com\/miradordeatarfe.es\/wp-content\/uploads\/2025\/12\/Imagen-de-WhatsApp-2025-12-01-a-las-19.58.49_6ac32170.jpg?fit=1149%2C685&ssl=1","jetpack_likes_enabled":true,"jetpack_sharing_enabled":true,"_links":{"self":[{"href":"https:\/\/miradordeatarfe.es\/index.php?rest_route=\/wp\/v2\/posts\/80669","targetHints":{"allow":["GET"]}}],"collection":[{"href":"https:\/\/miradordeatarfe.es\/index.php?rest_route=\/wp\/v2\/posts"}],"about":[{"href":"https:\/\/miradordeatarfe.es\/index.php?rest_route=\/wp\/v2\/types\/post"}],"author":[{"embeddable":true,"href":"https:\/\/miradordeatarfe.es\/index.php?rest_route=\/wp\/v2\/users\/1"}],"replies":[{"embeddable":true,"href":"https:\/\/miradordeatarfe.es\/index.php?rest_route=%2Fwp%2Fv2%2Fcomments&post=80669"}],"version-history":[{"count":3,"href":"https:\/\/miradordeatarfe.es\/index.php?rest_route=\/wp\/v2\/posts\/80669\/revisions"}],"predecessor-version":[{"id":80675,"href":"https:\/\/miradordeatarfe.es\/index.php?rest_route=\/wp\/v2\/posts\/80669\/revisions\/80675"}],"wp:featuredmedia":[{"embeddable":true,"href":"https:\/\/miradordeatarfe.es\/index.php?rest_route=\/wp\/v2\/media\/80442"}],"wp:attachment":[{"href":"https:\/\/miradordeatarfe.es\/index.php?rest_route=%2Fwp%2Fv2%2Fmedia&parent=80669"}],"wp:term":[{"taxonomy":"category","embeddable":true,"href":"https:\/\/miradordeatarfe.es\/index.php?rest_route=%2Fwp%2Fv2%2Fcategories&post=80669"},{"taxonomy":"post_tag","embeddable":true,"href":"https:\/\/miradordeatarfe.es\/index.php?rest_route=%2Fwp%2Fv2%2Ftags&post=80669"}],"curies":[{"name":"wp","href":"https:\/\/api.w.org\/{rel}","templated":true}]}}