{"id":80671,"date":"2025-12-10T08:21:39","date_gmt":"2025-12-10T07:21:39","guid":{"rendered":"https:\/\/miradordeatarfe.es\/?p=80671"},"modified":"2025-12-09T19:06:10","modified_gmt":"2025-12-09T18:06:10","slug":"la-planta-solar-de-chimeneas-saca-a-la-luz-una-necropolis-iberica-del-siglo-vi-antes-de-cristo","status":"publish","type":"post","link":"https:\/\/miradordeatarfe.es\/?p=80671","title":{"rendered":"La planta solar de Chimeneas saca a la luz una necr\u00f3polis ib\u00e9rica del siglo VI antes de Cristo"},"content":{"rendered":"<h3 style=\"text-align: justify;\"><strong>El catedr\u00e1tico de la UGR Andr\u00e9s Mar\u00eda Adroher subraya la importancia del hallazgo para entender la transici\u00f3n desde la Edad de Bronce a la del Hierro y estudiar aspectos desconocidos hasta ahora, como v\u00edas de comercio desde enclaves fenicios en la Costa al interior.<\/strong><\/h3>\n<p style=\"text-align: justify;\">Los trabajos para la instalaci\u00f3n de la planta solar que ha sido inaugurada este martes por la empresa Plenitude en Chimeneas han sacado a la luz una necr\u00f3polis ib\u00e9rica del siglo VI antes de Cristo que es \u00fanica y que puede ayudar a entender la transici\u00f3n desde la Edad del Bronce a la del Hierro.\u00a0<\/p>\n<p style=\"text-align: justify;\">Los detalles de esos extraordinarios hallazgos han sido dados a conocer en una rueda de prensa en la sede de la Junta en la que la directora general de Plenitude Renovables Espa\u00f1a, que es la responsable de Renovables en Europa Occidental, Mariangiola Mollicone, ha informado del proyecto energ\u00e9tico, junto al delegado de Econom\u00eda, Hacienda, Fondos Europeos y de Industria, Energ\u00eda y Minas de la Junta, Gumersindo Fern\u00e1ndez, y el catedr\u00e1tico de la UGR Andr\u00e9s Mar\u00eda Adroher.\u00a0<\/p>\n<p style=\"text-align: justify;\">Ha sido el profesor el encargado de transmitir la importancia de los vestigios encontrados, que en cualquier caso no han paralizado la puesta en funcionamiento de la planta solar, uno de los muchos proyectos que se est\u00e1n ejecutando en la provincia y que cuentan tambi\u00e9n con contestaci\u00f3n ciudadana. De hecho, a las puertas de la Junta, mientras se presentaban estos datos, una representaci\u00f3n de la plataforma Di no a las torres insist\u00eda en el que es su lema: \u00abRenovables s\u00ed, pero no as\u00ed\u00bb.\u00a0<\/p>\n<p style=\"text-align: justify;\">En cuanto al extraordinario hallazgo, Adroher ha explicado con entusiasmo que las excavaciones fueron llevadas a cabo por un equipo de M\u00e1laga. Ese trabajo arqueol\u00f3gico sac\u00f3 a la luz diez fosas de enterramiento con un proceso ritual \u00abextraordinariamente nuevo\u00bb, al tratarse de tumbas de incineraci\u00f3n. Es decir, constantan el paso de la inhumaci\u00f3n a la cremaci\u00f3n. \u00abEso que podr\u00eda parecer balad\u00ed\u00bb, ha explicado Adroher, evidencia sin embargo un \u00abcambio fundamental\u00bb que implica \u00abuna nueva visi\u00f3n de lo que significa la sociedad y la relaci\u00f3n del ser humano con la religi\u00f3n y el m\u00e1s all\u00e1\u00bb.\u00a0<\/p>\n<p style=\"text-align: justify;\">En Andaluc\u00eda, la mayor parte de las necr\u00f3polis coet\u00e1neas a esta -datada como se han indicado en el siglo VI antes de Cristo- \u00abvan utilizando a la vez los dos rituales\u00bb. \u00abSolo esta necr\u00f3polis habla que el proceso de cambio ideol\u00f3gico se produce de forma completa y no seccionada como sucede en otros yacimientos\u00bb, ha a\u00f1adido.<\/p>\n<div class=\"divdest\" style=\"text-align: justify;\">\n<div class=\"media media-element-container media-default\">\n<div id=\"file-121915\" class=\"file file-image file-image-jpeg\">\n<h2 class=\"element-invisible\"><a href=\"http:\/\/www.elindependientedegranada.es\/file\/trabajosarqueologicosenlosterrenosinfojpg-1\">trabajos_arqueologicos_en_los_terrenos_info.jpg<\/a><\/h2>\n<div class=\"content\"><img data-recalc-dims=\"1\" loading=\"lazy\" decoding=\"async\" class=\"media-element file-default\" src=\"https:\/\/i0.wp.com\/www.elindependientedegranada.es\/sites\/default\/files\/trabajos_arqueologicos_en_los_terrenos_info_1.jpg?resize=640%2C359&#038;ssl=1\" alt=\"\" width=\"640\" height=\"359\" data-delta=\"1\" \/><\/div>\n<\/div>\n<\/div>\n<p>Imagen de los trabajos.<\/p><\/div>\n<p style=\"text-align: justify;\">Lo interesante tambi\u00e9n, seg\u00fan sus explicaciones, es el tipo de material localizado en el yacimiento, entre ellos fragmentos de \u00e1nforas procedentes del \u00e1mbito fenicio. \u00abNos abre las puertas a una v\u00eda de contacto con la costa que no conoc\u00edamos\u00bb, ha indicado.\u00a0<\/p>\n<p style=\"text-align: justify;\">En este sentido, Adroher ha recordado que entre los siglos VII y VI antes de Cristo hay una serie de comunidades fenicias en la costa y siguen impregnando parte de la identidad. C\u00e1diz, ha recordado, es una fundaci\u00f3n claramente fenicia. Pero no se conoc\u00edan esas v\u00edas de comercio entre la Costa y el interior, que explicar\u00edan esos restos de \u00e1nfora.\u00a0<\/p>\n<p style=\"text-align: justify;\">Tambi\u00e9n otro aspecto a tener en cuenta: Tartessos, por los restos de \u00e1nforas y elementos de oro de decoraci\u00f3n extraordinarios, que se englobar\u00edan en tart\u00e9ssicos.<\/p>\n<p style=\"text-align: justify;\">Los hallazgos, entre los que hay piezas de oro que fusionan t\u00e9cnicas fenicias y otras propias -perlas de oro fusionadas en placas-, se estudiar\u00e1n ahora en el laboratorio. Lo que el profesor Adroher ha calificado de \u00abetapa de bata blanca\u00bb.\u00a0<\/p>\n<p style=\"text-align: justify;\">Pese a su importancia, esta necr\u00f3polis no fren\u00f3 el proyecto. La opci\u00f3n de que se conserven y se puedan visitar no est\u00e1 contemplada. No parece que sea compatible con el uso de los terrenos como planta fotovoltaica. Seg\u00fan Adroher, que ha precisado que s\u00ed habr\u00e1 una segunda fase de investigaci\u00f3n, los restos, en cualquier caso, estaban \u00abmuy alterados\u00bb como consecuencia del proceso natural del uso del suelo, un suelo agr\u00edcola. \u00abLo m\u00e1s probable es que la mayor parte haya desaparecido\u00bb a lo largo de los a\u00f1os, ha precisado.<\/p>\n<p style=\"text-align: justify;\">Preguntado por si la existencia de la necr\u00f3polis puede apuntar a que haya un n\u00facleo de poblaci\u00f3n cercano, ha se\u00f1alado que caben \u00abvarias posiblidades\u00bb. En principio no parece que tenga entidad suficiente como para ello. Pero existir\u00eda otra opci\u00f3n y es que esa necr\u00f3polis hubiera sido utilizada como punto de encuentro para varios poblados. Para rituales de contacto y enterramiento. Lo que se har\u00e1 ser\u00e1 proteger lo encontrado. No hay ning\u00fan proyecto para su musealizaci\u00f3n.<\/p>\n<p style=\"text-align: justify;\">En lo que respecta a la instalaci\u00f3n solar, promovida por Plenitude, que depende de la multinacional Eni, est\u00e1 ubicada en Chimeneas y Ventas de Huelva y est\u00e1 compuesta por tres plantas fotovoltaicas. Seg\u00fan la empresa, generar\u00e1 alrededor de 320 GWh de electricidad al a\u00f1o. Con la puesta en marcha de esta planta, denominada \u00abCaparacena\u00bb, Plenitude alcanza cerca de 1,5 GW de capacidad total instalada en Espa\u00f1a.\u00a0<\/p>\n<p style=\"text-align: justify;\">Plenitude, controlada por Eni, opera en m\u00e1s de 15 pa\u00edses de todo el mundo. Para 2028, seg\u00fan indica, tiene como objetivo alcanzar 10 GW de capacidad renovable.\u00a0<\/p>\n<p><strong><span class=\"autor\">M.A. <\/span><\/strong>\u00a0<\/p>\n<p>FOTO:Plenitude Imagen en la que se ven los trabajos arqueol\u00f3gicos entre las placas solares.<\/p>\n<p>http:\/\/www.elindependientedegranada.es\/economia\/planta-solar-chimeneas-saca-luz-necropolis-iberica-siglo-vi-antes-cristo<\/p>\n","protected":false},"excerpt":{"rendered":"<p>El catedr\u00e1tico de la UGR Andr\u00e9s Mar\u00eda Adroher subraya la importancia del hallazgo para entender&#8230;<\/p>\n","protected":false},"author":1,"featured_media":80673,"comment_status":"closed","ping_status":"closed","sticky":false,"template":"","format":"standard","meta":{"_coblocks_attr":"","_coblocks_dimensions":"","_coblocks_responsive_height":"","_coblocks_accordion_ie_support":"","jetpack_post_was_ever_published":false,"_jetpack_newsletter_access":"","_jetpack_dont_email_post_to_subs":false,"_jetpack_newsletter_tier_id":0,"_jetpack_memberships_contains_paywalled_content":false,"_jetpack_memberships_contains_paid_content":false,"footnotes":"","jetpack_publicize_message":"","jetpack_publicize_feature_enabled":true,"jetpack_social_post_already_shared":true,"jetpack_social_options":{"image_generator_settings":{"template":"highway","default_image_id":0,"enabled":false},"version":2}},"categories":[10797,9,44],"tags":[],"class_list":["post-80671","post","type-post","status-publish","format-standard","has-post-thumbnail","hentry","category-ciencia","category-medio-ambiente","category-noticias-de-hoy"],"jetpack_publicize_connections":[],"jetpack_featured_media_url":"https:\/\/i0.wp.com\/miradordeatarfe.es\/wp-content\/uploads\/2025\/12\/trabajos_arqueologicos_en_la_planta_de_caparacena.jpg?fit=750%2C422&ssl=1","jetpack_likes_enabled":true,"jetpack_sharing_enabled":true,"_links":{"self":[{"href":"https:\/\/miradordeatarfe.es\/index.php?rest_route=\/wp\/v2\/posts\/80671","targetHints":{"allow":["GET"]}}],"collection":[{"href":"https:\/\/miradordeatarfe.es\/index.php?rest_route=\/wp\/v2\/posts"}],"about":[{"href":"https:\/\/miradordeatarfe.es\/index.php?rest_route=\/wp\/v2\/types\/post"}],"author":[{"embeddable":true,"href":"https:\/\/miradordeatarfe.es\/index.php?rest_route=\/wp\/v2\/users\/1"}],"replies":[{"embeddable":true,"href":"https:\/\/miradordeatarfe.es\/index.php?rest_route=%2Fwp%2Fv2%2Fcomments&post=80671"}],"version-history":[{"count":1,"href":"https:\/\/miradordeatarfe.es\/index.php?rest_route=\/wp\/v2\/posts\/80671\/revisions"}],"predecessor-version":[{"id":80672,"href":"https:\/\/miradordeatarfe.es\/index.php?rest_route=\/wp\/v2\/posts\/80671\/revisions\/80672"}],"wp:featuredmedia":[{"embeddable":true,"href":"https:\/\/miradordeatarfe.es\/index.php?rest_route=\/wp\/v2\/media\/80673"}],"wp:attachment":[{"href":"https:\/\/miradordeatarfe.es\/index.php?rest_route=%2Fwp%2Fv2%2Fmedia&parent=80671"}],"wp:term":[{"taxonomy":"category","embeddable":true,"href":"https:\/\/miradordeatarfe.es\/index.php?rest_route=%2Fwp%2Fv2%2Fcategories&post=80671"},{"taxonomy":"post_tag","embeddable":true,"href":"https:\/\/miradordeatarfe.es\/index.php?rest_route=%2Fwp%2Fv2%2Ftags&post=80671"}],"curies":[{"name":"wp","href":"https:\/\/api.w.org\/{rel}","templated":true}]}}