{"id":80726,"date":"2025-12-15T11:38:09","date_gmt":"2025-12-15T10:38:09","guid":{"rendered":"https:\/\/miradordeatarfe.es\/?p=80726"},"modified":"2026-03-01T21:02:36","modified_gmt":"2026-03-01T20:02:36","slug":"el-instante-preciso-por-remedios-sanchez","status":"publish","type":"post","link":"https:\/\/miradordeatarfe.es\/?p=80726","title":{"rendered":"\u00abEL INSTANTE PRECISO\u00bb por Remedios S\u00e1nchez"},"content":{"rendered":"<h3 style=\"text-align: justify;\">En Espa\u00f1a estamos aprendiendo, a fuerza de caernos y volvernos a levantar, que en demasiadas ocasiones no triunfa de primeras la verdad de los hechos, sino la interpretaci\u00f3n que refieren los ganadores.<\/h3>\n<p style=\"text-align: justify;\">Es decir, el marketing de la Historia y sus historias ha ido modulando la realidad desde Don Pelayo hasta el em\u00e9rito Juan Carlos, pasando por Fern\u00e1ndez y Gonz\u00e1lez, aquel industrioso \u2018rey del follet\u00edn\u2019 decimon\u00f3nico que arrasaba en ventas y del que ya nadie recuerda ni el santo de su nombre. Pero con la inmediatez de noticias posmoderna es mucho m\u00e1s dif\u00edcil mantener un artificio.<\/p>\n<p style=\"text-align: justify;\">En esa estirpe de personajes inflados que luego caen por su propio peso se encuentra Pedro S\u00e1nchez, que en apenas diez a\u00f1os ha pasado de mito a decepci\u00f3n; el tiempo justo para dinamitar las estructuras del PSOE, transformar sus estructuras org\u00e1nicas federales en una monol\u00edtica m\u00e1quina de culto personal y exterminar sin miramientos cualquier disidencia. Conste que el punto de partida no radica en la incuestionable capacidad de liderazgo de Pedro, sino, sencillamente, en el hecho verificado de que nunca fue socialista, como ha venido demostrando desde que tom\u00f3 el control del aparato en 2014. De entonces a hoy, cuando le ha estallado en las manos su criatura, ha transcurrido toda una vida: el intento de investidura fallida de marzo de 2016, la dimisi\u00f3n forzada de octubre (cuando empezaba a apuntar maneras) y el periplo de 2017 forjando un discurso victimizante preludio de un nuevo estilo que no es ni de izquierdas ni de derechas. Es \u00fanicamente populista.<\/p>\n<p style=\"text-align: justify;\">As\u00ed gan\u00f3 moment\u00e1neamente el relato del hombre-h\u00e9roe frente al supuesto establishment: con aquel Peugeot gastado, rodeado de tipos de principios morales m\u00e1s que cuestionables -que en otro contexto no habr\u00edan tenido la m\u00e1s m\u00ednima posibilidad- (l\u00e9ase \u00c1balos, Cerd\u00e1n, Koldo o Salazar, el gran protegido del antisusanista sevill\u00ed Quico Toscano), lograron sorpresivamente vencer y aniquilar comunidad por comunidad a los detractores que comprendieron lo que se les ven\u00eda encima.<\/p>\n<p style=\"text-align: justify;\">\u00a0Alguna aldea gala resiste, pero pocas, porque ya se sabe la fuerza que tiene la voluntad de venganza. Lo cual que, golpe a golpe, se ha forjado este \u2018sanchismo\u2019 del que la corrupci\u00f3n y el acoso sexual emergen ahora en cascada, al tiempo que un discurso de confrontaci\u00f3n permanente ha logrado -parafraseando a Alfonso Guerra- que al partido original no lo reconozca ni la madre que lo pari\u00f3.<\/p>\n<p style=\"text-align: justify;\">Ah\u00ed est\u00e1 el m\u00e9rito \u00faltimo del equipo m\u00e1s cercano a S\u00e1nchez: en haber propiciado una degeneraci\u00f3n estructural grav\u00edsima que preocupa seriamente a toda la ciudadan\u00eda, empezando por los socialistas coherentes y honestos; a personas con ideales limpios que ni han medrado al calor del poder ni est\u00e1n iluminados por los focos cegadores de Ferraz. Son los que no han perdido el norte ni se han radicalizado; en la medida en que se les ha permitido, resisten haciendo su trabajo discreta y eficazmente en el congreso, en el senado, en sus ayuntamientos o en sus sedes.<\/p>\n<p style=\"text-align: justify;\">Los que andan estos d\u00edas entre abochornados y asqueados, tienen la misi\u00f3n de gestionar el post-sanchismo, de devolver al PSOE al \u00e1mbito natural de centro-izquierda comprometido con la justicia social y con un feminismo verdadero, sin estridencias. Dec\u00eda Marx que la verg\u00fcenza es un sentimiento revolucionario. Venga, pues, la revoluci\u00f3n serena para desinfectar un espacio ideol\u00f3gico que ha sido un pilar basal para la construcci\u00f3n democr\u00e1tica espa\u00f1ola. Ha llegado el instante preciso.<\/p>\n<p>FOTO: EL DEBATE<\/p>\n<p>&nbsp;<\/p>\n","protected":false},"excerpt":{"rendered":"<p>En Espa\u00f1a estamos aprendiendo, a fuerza de caernos y volvernos a levantar, que en demasiadas&#8230;<\/p>\n","protected":false},"author":1,"featured_media":80727,"comment_status":"closed","ping_status":"closed","sticky":false,"template":"","format":"standard","meta":{"_coblocks_attr":"","_coblocks_dimensions":"","_coblocks_responsive_height":"","_coblocks_accordion_ie_support":"","jetpack_post_was_ever_published":false,"_jetpack_newsletter_access":"","_jetpack_dont_email_post_to_subs":false,"_jetpack_newsletter_tier_id":0,"_jetpack_memberships_contains_paywalled_content":false,"_jetpack_memberships_contains_paid_content":false,"footnotes":"","jetpack_publicize_message":"","jetpack_publicize_feature_enabled":true,"jetpack_social_post_already_shared":true,"jetpack_social_options":{"image_generator_settings":{"template":"highway","default_image_id":0,"enabled":false},"version":2}},"categories":[7671,6914,6937],"tags":[],"class_list":["post-80726","post","type-post","status-publish","format-standard","has-post-thumbnail","hentry","category-politica","category-opinion-de-reme-sanchez","category-sociedad"],"jetpack_publicize_connections":[],"jetpack_featured_media_url":"https:\/\/i0.wp.com\/miradordeatarfe.es\/wp-content\/uploads\/2025\/12\/68623736457cb.png.webp?fit=1240%2C706&ssl=1","jetpack_likes_enabled":true,"jetpack_sharing_enabled":true,"_links":{"self":[{"href":"https:\/\/miradordeatarfe.es\/index.php?rest_route=\/wp\/v2\/posts\/80726","targetHints":{"allow":["GET"]}}],"collection":[{"href":"https:\/\/miradordeatarfe.es\/index.php?rest_route=\/wp\/v2\/posts"}],"about":[{"href":"https:\/\/miradordeatarfe.es\/index.php?rest_route=\/wp\/v2\/types\/post"}],"author":[{"embeddable":true,"href":"https:\/\/miradordeatarfe.es\/index.php?rest_route=\/wp\/v2\/users\/1"}],"replies":[{"embeddable":true,"href":"https:\/\/miradordeatarfe.es\/index.php?rest_route=%2Fwp%2Fv2%2Fcomments&post=80726"}],"version-history":[{"count":1,"href":"https:\/\/miradordeatarfe.es\/index.php?rest_route=\/wp\/v2\/posts\/80726\/revisions"}],"predecessor-version":[{"id":80728,"href":"https:\/\/miradordeatarfe.es\/index.php?rest_route=\/wp\/v2\/posts\/80726\/revisions\/80728"}],"wp:featuredmedia":[{"embeddable":true,"href":"https:\/\/miradordeatarfe.es\/index.php?rest_route=\/wp\/v2\/media\/80727"}],"wp:attachment":[{"href":"https:\/\/miradordeatarfe.es\/index.php?rest_route=%2Fwp%2Fv2%2Fmedia&parent=80726"}],"wp:term":[{"taxonomy":"category","embeddable":true,"href":"https:\/\/miradordeatarfe.es\/index.php?rest_route=%2Fwp%2Fv2%2Fcategories&post=80726"},{"taxonomy":"post_tag","embeddable":true,"href":"https:\/\/miradordeatarfe.es\/index.php?rest_route=%2Fwp%2Fv2%2Ftags&post=80726"}],"curies":[{"name":"wp","href":"https:\/\/api.w.org\/{rel}","templated":true}]}}