{"id":80732,"date":"2025-12-14T10:43:55","date_gmt":"2025-12-14T09:43:55","guid":{"rendered":"https:\/\/miradordeatarfe.es\/?p=80732"},"modified":"2025-12-14T12:52:32","modified_gmt":"2025-12-14T11:52:32","slug":"pacientes-de-hospitales-publicos-son-citados-de-madrugada-para-pruebas-diagnosticas-en-centros-privados","status":"publish","type":"post","link":"https:\/\/miradordeatarfe.es\/?p=80732","title":{"rendered":"\u00a0Pacientes de hospitales p\u00fablicos son citados de madrugada para pruebas diagn\u00f3sticas en centros privados"},"content":{"rendered":"<h3 class=\"entrad\">Mientras equipos del Cl\u00ednico San Cecilio est\u00e1n parados los fines de semana, las pruebas se derivan a centros privados.\u00a0<\/h3>\n<div class=\"cuerpo\">\n<p>Pacientes de hospitales p\u00fablicos de Granada est\u00e1n siendo derivados para pruebas diagn\u00f3sticas a centros privados, donde son citados de madrugada. <em>El Independiente de Granada<\/em> ha confirmado con el testimonio de pacientes, profesionales y el propio Hospital Universitario La Inmaculada, del grupo HLA, estas controvertidas citas, que constituyen otra muestra m\u00e1s de la pol\u00edtica sanitaria del Gobierno de Juan Manuel Moreno, con la mirada puesta -y partidas presupuestarias- en la privada como soluci\u00f3n a unos problemas que no logra atajar y que intenta, en la mayor\u00eda de los casos, atribuir a la falta de m\u00e9dicos y no a su gesti\u00f3n.<\/p>\n<div class=\"divdest\">\n<div class=\"media media-element-container media-default\">\n<div id=\"file-122056\" class=\"file file-image file-image-jpeg\">\n<h2 class=\"element-invisible\"><img data-recalc-dims=\"1\" loading=\"lazy\" decoding=\"async\" class=\"media-element file-default\" src=\"https:\/\/i0.wp.com\/www.elindependientedegranada.es\/sites\/default\/files\/cita_madrugada_noticia.jpg?resize=640%2C952&#038;ssl=1\" alt=\"\" width=\"640\" height=\"952\" data-delta=\"1\" \/><\/h2>\n<\/div>\n<\/div>\n<\/div>\n<p class=\"sumari\">La \u00fanica opci\u00f3n que se le plante\u00f3 a la paciente fue elegir entre dos citas: una a las dos menos cuarto de la madrugada y otra a las cinco<\/p>\n<p>El mensaje sobre esta l\u00edneas corresponde a la comunicaci\u00f3n recibida por una paciente que estaba siendo atendida por especialistas del Hospital Virgen de las Nieves, que solicitaron una resonancia. Para esa prueba diagn\u00f3stica fue citada, sin posibilidad de elegir una alternativa p\u00fablica y tampoco un horario razonable, en un centro privado. En concreto el Hospital Universitario La Inmaculada de Granada, del grupo HLA, como se ha indicado, el centro en el que, hasta su incorporaci\u00f3n al Gobierno andaluz como viceconsejero de Sanidad, <a href=\"http:\/\/www.elindependientedegranada.es\/politica\/moreno-nombra-viceconsejero-sanidad-medico-privada-politico-pp-hace-19-anos\">ejerc\u00eda como jefe de Urgencias el pol\u00edtico del PP Nicol\u00e1s Navarro<\/a>. La \u00fanica opci\u00f3n que se le plante\u00f3 a la paciente fue optar entre dos citas: una a las dos menos cuarto de la madrugada y otra a las cinco de la ma\u00f1ana.\u00a0<\/p>\n<p><em>El Independiente de Granada<\/em> pregunt\u00f3 a este hospital el motivo de estas citas de madrugada, y no en horario diurno; y por qu\u00e9 se ce\u00f1\u00edan a pacientes derivados del sistema sanitario p\u00fablico.<\/p>\n<p class=\"sumari\">HLA Universitario Inmaculada asegura que cita en estos horarios tanto a los asegurados privados como a los pacientes derivados del SAS y que el objetivo es acelerar el acceso a las pruebas y reducir los tiempos de espera<\/p>\n<p>\u00abHLA Universitario Inmaculada ofrece tanto a los asegurados privados como a los pacientes derivados del Sistema Andaluz de Salud (SAS) agilizar el acceso a pruebas diagn\u00f3sticas fuera de los horarios habituales de atenci\u00f3n\u00bb, respondi\u00f3 a trav\u00e9s de su equipo de Comunicaci\u00f3n.\u00a0<\/p>\n<p>Seg\u00fan el hospital, \u00abesta opci\u00f3n siempre es voluntaria. En el caso de que se le ofrezca al paciente y la rechace, puede elegir la primera cita disponible en el horario que m\u00e1s le convenga\u00bb.<\/p>\n<p>\u00abEl objetivo de ofrecer citas fuera del horario habitual de atenci\u00f3n es acelerar el acceso a las pruebas diagn\u00f3sticas y reducir los tiempos de espera\u00bb, agreg\u00f3 la fuente.\u00a0<\/p>\n<p>El Gobierno de mayor\u00eda absoluta del PP en Andaluc\u00eda se ha encomendado a la sanidad privada para tratar de atajar las listas de espera y ha ido aprobado sucesivos planes de choque que, hasta el momento, no han tenido el objetivo planteado, a pesar de las millonarias cifras destinadas a estas derivaciones. Seg\u00fan los \u00faltimos datos oficiales, publicados por el Ministerio de Sanidad con la informaci\u00f3n remitida por la Junta de Andaluc\u00eda, <a href=\"http:\/\/www.elindependientedegranada.es\/politica\/tiempo-medio-espera-operarse-andalucia-es-mas-alto-espana-con-160-dias\">el tiempo medio de espera para operarse en Andaluc\u00eda es el m\u00e1s alto de Espa\u00f1a, con 160 d\u00edas<\/a>.<\/p>\n<p>Est\u00e1n tambi\u00e9n disponibles datos sobre las esperas para acudir al especialista.\u00a0En el caso de las consultas con el especialista, los datos apuntan a que la media de espera en Andaluc\u00eda es de 127 d\u00edas frente a los 96 d\u00edas de la media estatal, la tercera m\u00e1s elevada de Espa\u00f1a, por detr\u00e1s de Baleares (150 d\u00edas) y Navarra (142 d\u00edas).<\/p>\n<p class=\"sumari\"><strong>Las listas de espera para pruebas diagn\u00f3sticas no son p\u00fablicas. Moreno decidi\u00f3 ocultarlas desde su llegada a la Junta en 2019<\/strong><\/p>\n<p>Pero no se pueden consultar las listas de espera para pruebas diagn\u00f3sticas, que no est\u00e1n disponibles.\u00a0<a href=\"http:\/\/www.elindependientedegranada.es\/politica\/moreno-oculta-que-gobierna-listas-espera-pruebas-diagnosticas-como-mamografias\">En 2019, primer a\u00f1o con el l\u00edder regional del PP en la presidencia del Gobierno andaluz, la Junta decidi\u00f3 ocultar las listas de espera en las pruebas diagn\u00f3sticas<\/a>, como mamograf\u00edas, radiograf\u00edas, ecograf\u00edas, an\u00e1lisis&#8230; Esto impide conocer con exactitud el n\u00famero de personas que aguardan una de esas pruebas, fundamentales para identificar la enfermedad que sufre el o la paciente, que puede ser de las m\u00e1s graves -cualquier tipo de tumor o c\u00e1ncer-, y la deseable, inmediata aplicaci\u00f3n de la terapia precisa.\u00a0<\/p>\n<div class=\"divdest\">\n<div class=\"media media-element-container media-default\">\n<div id=\"file-122061\" class=\"file file-image file-image-jpeg\">\n<h2 class=\"element-invisible\"><img data-recalc-dims=\"1\" loading=\"lazy\" decoding=\"async\" class=\"media-element file-default\" src=\"https:\/\/i0.wp.com\/www.elindependientedegranada.es\/sites\/default\/files\/oncohematologia.jpg?resize=640%2C426&#038;ssl=1\" alt=\"\" width=\"640\" height=\"426\" data-delta=\"3\" \/><\/h2>\n<\/div>\n<\/div>\n<p>Juan Manuel Moreno y Antonio Sanz, en noviembre, en la inauguraci\u00f3n del nuevo Hospital de D\u00eda de Oncohematolog\u00eda del Cl\u00ednico de M\u00e1laga. Foto: Junta de Andaluc\u00eda<\/p><\/div>\n<p>A esa falta de transparencia se refiere el\u00a0sindicato de Sanidad y Sectores Sociosanitarios de CCOO Granada. La informaci\u00f3n de las pruebas diagn\u00f3sticas no es p\u00fablica, certifican fuentes del sindicato consultadas por <em>El Independiente de Granada<\/em>, que corroboran tambi\u00e9n las citas de madrugada y desvelan otros datos de inter\u00e9s relacionados con estas pruebas de madrugada.\u00a0<\/p>\n<p>En algunos casos, como las resonancias, la licitaci\u00f3n fue para Centro Diagn\u00f3stico Granada, aunque el espacio en el que se realice sea el del HLA. Es un servicio, sostienen, \u00absubarrendado\u00bb.\u00a0<\/p>\n<p class=\"sumari\"><em>El Sindicato de Sanidad y Sectores Sociosanitarios de CCOO incide en el desembolso de dinero p\u00fablico para pagar unas pruebas en la sanidad privada cuando hay equipos en los hospitales granadinos que \u00abno est\u00e1n funcionando\u00bb<\/em><\/p>\n<p>\u00a0Las fuentes del Sindicato de Sanidad y Sectores Sociosanitarios de CCOO consultadas explican que, mientras que el Hospital Virgen de las Nieves est\u00e1 funcionando de lunes a domingo, es decir, programa pruebas los fines de semana, en el Hospital San Cecilio no se hacen este tipo de pruebas, como las resonancias, los fines de semana. \u00abLos equipos est\u00e1n parados los fines de semana\u00bb, lamentan. En este \u00faltimo centro hospitalario se da adem\u00e1s el caso de que hay radi\u00f3logos que \u00abni siquiera est\u00e1n a jornada completa\u00bb. Est\u00e1n sustituyendo una reducci\u00f3n de jornada y est\u00e1n contratados para cubrirla al 66 por ciento, y no a tiempo completo. Una pr\u00e1ctica, apuntan, que contradice la justificaci\u00f3n a la que el Gobierno andaluz recurre insistentemente: la falta de m\u00e9dicos.\u00a0<\/p>\n<p>En Baza, otro ejemplo se\u00f1alado, \u00abel mam\u00f3grafo est\u00e1 desenchufado directamente\u00bb.\u00a0<\/p>\n<p>Tampoco pasa por alto el sindicato que profesionales de la p\u00fablica ejercen tambi\u00e9n en la privada. \u00abEst\u00e1n doblando en la privada\u00bb.\u00a0<\/p>\n<div>El sindicato llama la atenci\u00f3n sobre otro aspecto importante: son pruebas que necesitan ser visadas inmediatamente despu\u00e9s por un radi\u00f3logo o radi\u00f3loga, para comprobar si hay da\u00f1o y es necesario un ingreso hospitalario. En estos casos, ese paso se demora.\u00a0<\/div>\n<p>Hay un \u00faltimo aspecto sobre el que tambi\u00e9n alerta: las dosis de los contrastes. Son \u00abmenores\u00bb en la privada para el \u00abahorro de dinero\u00bb. Y esto, advierte el sindicato de Sanidad y Sectores Sociosanitarios de CCOO, \u00abtambi\u00e9n tiene consecuencias, porque la calidad de la prueba no es la misma\u00bb.<\/p>\n<p><strong> <span class=\"autor\"> M. Andrade <\/span> <\/strong><\/p>\n<p>foto: Hospital Universitario HLA Inmaculada. Foto: IndeGranada<\/p>\n<p>http:\/\/www.elindependientedegranada.es\/ciudadania\/pacientes-hospitales-publicos-son-citados-madrugada-pruebas-diagnosticas-centros-privados<\/p>\n<\/div>\n","protected":false},"excerpt":{"rendered":"<p>Mientras equipos del Cl\u00ednico San Cecilio est\u00e1n parados los fines de semana, las pruebas se&#8230;<\/p>\n","protected":false},"author":1,"featured_media":80733,"comment_status":"closed","ping_status":"closed","sticky":false,"template":"","format":"standard","meta":{"_coblocks_attr":"","_coblocks_dimensions":"","_coblocks_responsive_height":"","_coblocks_accordion_ie_support":"","jetpack_post_was_ever_published":false,"_jetpack_newsletter_access":"","_jetpack_dont_email_post_to_subs":false,"_jetpack_newsletter_tier_id":0,"_jetpack_memberships_contains_paywalled_content":false,"_jetpack_memberships_contains_paid_content":false,"footnotes":"","jetpack_publicize_message":"","jetpack_publicize_feature_enabled":true,"jetpack_social_post_already_shared":true,"jetpack_social_options":{"image_generator_settings":{"template":"highway","default_image_id":0,"enabled":false},"version":2}},"categories":[1161,10781,44,10805],"tags":[],"class_list":["post-80732","post","type-post","status-publish","format-standard","has-post-thumbnail","hentry","category-ciudadania","category-granada","category-noticias-de-hoy","category-plataforma-por-la-sanidad-de-atarfe"],"jetpack_publicize_connections":[],"jetpack_featured_media_url":"https:\/\/i0.wp.com\/miradordeatarfe.es\/wp-content\/uploads\/2025\/12\/hla.jpg?fit=650%2C487&ssl=1","jetpack_likes_enabled":true,"jetpack_sharing_enabled":true,"_links":{"self":[{"href":"https:\/\/miradordeatarfe.es\/index.php?rest_route=\/wp\/v2\/posts\/80732","targetHints":{"allow":["GET"]}}],"collection":[{"href":"https:\/\/miradordeatarfe.es\/index.php?rest_route=\/wp\/v2\/posts"}],"about":[{"href":"https:\/\/miradordeatarfe.es\/index.php?rest_route=\/wp\/v2\/types\/post"}],"author":[{"embeddable":true,"href":"https:\/\/miradordeatarfe.es\/index.php?rest_route=\/wp\/v2\/users\/1"}],"replies":[{"embeddable":true,"href":"https:\/\/miradordeatarfe.es\/index.php?rest_route=%2Fwp%2Fv2%2Fcomments&post=80732"}],"version-history":[{"count":1,"href":"https:\/\/miradordeatarfe.es\/index.php?rest_route=\/wp\/v2\/posts\/80732\/revisions"}],"predecessor-version":[{"id":80734,"href":"https:\/\/miradordeatarfe.es\/index.php?rest_route=\/wp\/v2\/posts\/80732\/revisions\/80734"}],"wp:featuredmedia":[{"embeddable":true,"href":"https:\/\/miradordeatarfe.es\/index.php?rest_route=\/wp\/v2\/media\/80733"}],"wp:attachment":[{"href":"https:\/\/miradordeatarfe.es\/index.php?rest_route=%2Fwp%2Fv2%2Fmedia&parent=80732"}],"wp:term":[{"taxonomy":"category","embeddable":true,"href":"https:\/\/miradordeatarfe.es\/index.php?rest_route=%2Fwp%2Fv2%2Fcategories&post=80732"},{"taxonomy":"post_tag","embeddable":true,"href":"https:\/\/miradordeatarfe.es\/index.php?rest_route=%2Fwp%2Fv2%2Ftags&post=80732"}],"curies":[{"name":"wp","href":"https:\/\/api.w.org\/{rel}","templated":true}]}}