{"id":80808,"date":"2025-12-18T11:32:00","date_gmt":"2025-12-18T10:32:00","guid":{"rendered":"https:\/\/miradordeatarfe.es\/?p=80808"},"modified":"2025-12-18T13:47:29","modified_gmt":"2025-12-18T12:47:29","slug":"aatrfe-continuamos-con-la-campana-ecovidrio-reto-mundi","status":"publish","type":"post","link":"https:\/\/miradordeatarfe.es\/?p=80808","title":{"rendered":"ATARFE: Continuamos con la campa\u00f1a Ecovidrio &#8211; Reto Mundi"},"content":{"rendered":"<h3 style=\"text-align: justify;\">\u00a1En Atarfe lo vamos a conseguir!<\/h3>\n<p style=\"text-align: justify;\">\u00bfSabes qu\u00e9 ocurre cuando echas un envase de vidrio en el igl\u00fa verde? Que pones en marcha un c\u00edrculo perfecto.\u00a0<\/p>\n<p class=\"hideOnMobile\" style=\"text-align: justify;\">Reciclando los envases de vidrio luchas contra el cambio clim\u00e1tico porque evitas que se emita CO2 a la atm\u00f3sfera. Y cuidas la tierra porque reaprovechas los recursos naturales.\u00a0Esto es lo que consigues poniendo en marcha la cadena de reciclado. Conoce todas sus fases, desde que depositas el envase en el contenedor hasta que se convierte en uno nuevo<\/p>\n<p style=\"text-align: justify;\">El objetivo de la iniciativa es visibilizar la importancia cient\u00edfica, econ\u00f3mica, ambiental y cultural del vidrio como elemento transformador de la humanidad. Este material ha jugado un papel fundamental en el desarrollo y evoluci\u00f3n de la arquitectura, la automoci\u00f3n, los art\u00edculos para el hogar y los envases.<\/p>\n<p style=\"text-align: justify;\">Hoy es un elemento esencial en sectores clave como el de la energ\u00eda, la biomedicina, la agricultura, la electr\u00f3nica y las telecomunicaciones y el sector aeroespacial, entre otros. Adem\u00e1s, cabe destacar sus cualidades sostenibles (100% de reciclabilidad) para la transici\u00f3n a un futuro m\u00e1s verde y circular.<\/p>\n<p style=\"text-align: justify;\">Nuestros negocios est\u00e1n demostrando un compromiso ejemplar con el reciclaje\u2026 \u00a1y no solo con el vidrio!\u00a0Hosteleros y hosteleras de Atarfe, recordad que tambi\u00e9n es imprescindible separar la materia org\u00e1nica.\u00a0Y lo est\u00e1is haciendo de maravilla: la separaci\u00f3n en origen ya es una realidad en muchos establecimientos de Atarfe.<\/p>\n<p style=\"text-align: justify;\">Adem\u00e1s, quienes recicl\u00e1is correctamente ya est\u00e1is recibiendo vuestro reconocimiento.<\/p>\n<p>Enhorabuena HOTEL EL DONCEL y RESTAURANTE MARINO<\/p>\n<p>Gracias por ser parte activa de un Atarfe m\u00e1s limpio, responsable y sostenible.<\/p>\n<p>Sigamos juntos en este reto. Atarfe responde. Atarfe recicla.<\/p>\n","protected":false},"excerpt":{"rendered":"<p>\u00a1En Atarfe lo vamos a conseguir! \u00bfSabes qu\u00e9 ocurre cuando echas un envase de vidrio&#8230;<\/p>\n","protected":false},"author":1,"featured_media":80809,"comment_status":"closed","ping_status":"closed","sticky":false,"template":"","format":"standard","meta":{"_coblocks_attr":"","_coblocks_dimensions":"","_coblocks_responsive_height":"","_coblocks_accordion_ie_support":"","jetpack_post_was_ever_published":false,"_jetpack_newsletter_access":"","_jetpack_dont_email_post_to_subs":false,"_jetpack_newsletter_tier_id":0,"_jetpack_memberships_contains_paywalled_content":false,"_jetpack_memberships_contains_paid_content":false,"footnotes":"","jetpack_publicize_message":"","jetpack_publicize_feature_enabled":true,"jetpack_social_post_already_shared":true,"jetpack_social_options":{"image_generator_settings":{"template":"highway","default_image_id":0,"enabled":false},"version":2}},"categories":[7725,1161,186,9,44],"tags":[],"class_list":["post-80808","post","type-post","status-publish","format-standard","has-post-thumbnail","hentry","category-atarfe-sostenible","category-ciudadania","category-instituciones","category-medio-ambiente","category-noticias-de-hoy"],"jetpack_publicize_connections":[],"jetpack_featured_media_url":"https:\/\/i0.wp.com\/miradordeatarfe.es\/wp-content\/uploads\/2025\/12\/hosteleros-ecovidrio-reto-mundi.jpg?fit=600%2C400&ssl=1","jetpack_likes_enabled":true,"jetpack_sharing_enabled":true,"_links":{"self":[{"href":"https:\/\/miradordeatarfe.es\/index.php?rest_route=\/wp\/v2\/posts\/80808","targetHints":{"allow":["GET"]}}],"collection":[{"href":"https:\/\/miradordeatarfe.es\/index.php?rest_route=\/wp\/v2\/posts"}],"about":[{"href":"https:\/\/miradordeatarfe.es\/index.php?rest_route=\/wp\/v2\/types\/post"}],"author":[{"embeddable":true,"href":"https:\/\/miradordeatarfe.es\/index.php?rest_route=\/wp\/v2\/users\/1"}],"replies":[{"embeddable":true,"href":"https:\/\/miradordeatarfe.es\/index.php?rest_route=%2Fwp%2Fv2%2Fcomments&post=80808"}],"version-history":[{"count":2,"href":"https:\/\/miradordeatarfe.es\/index.php?rest_route=\/wp\/v2\/posts\/80808\/revisions"}],"predecessor-version":[{"id":80831,"href":"https:\/\/miradordeatarfe.es\/index.php?rest_route=\/wp\/v2\/posts\/80808\/revisions\/80831"}],"wp:featuredmedia":[{"embeddable":true,"href":"https:\/\/miradordeatarfe.es\/index.php?rest_route=\/wp\/v2\/media\/80809"}],"wp:attachment":[{"href":"https:\/\/miradordeatarfe.es\/index.php?rest_route=%2Fwp%2Fv2%2Fmedia&parent=80808"}],"wp:term":[{"taxonomy":"category","embeddable":true,"href":"https:\/\/miradordeatarfe.es\/index.php?rest_route=%2Fwp%2Fv2%2Fcategories&post=80808"},{"taxonomy":"post_tag","embeddable":true,"href":"https:\/\/miradordeatarfe.es\/index.php?rest_route=%2Fwp%2Fv2%2Ftags&post=80808"}],"curies":[{"name":"wp","href":"https:\/\/api.w.org\/{rel}","templated":true}]}}