{"id":80980,"date":"2025-12-28T10:11:38","date_gmt":"2025-12-28T09:11:38","guid":{"rendered":"https:\/\/miradordeatarfe.es\/?p=80980"},"modified":"2025-12-25T11:58:17","modified_gmt":"2025-12-25T10:58:17","slug":"todo-sobre-el-invierno-astronomico","status":"publish","type":"post","link":"https:\/\/miradordeatarfe.es\/?p=80980","title":{"rendered":"Todo sobre el invierno astron\u00f3mico"},"content":{"rendered":"<h3 class=\"headline-atom B-700-500-100-N B-850-500-150-N--md\" style=\"text-align: justify;\">Todo sobre el invierno astron\u00f3mico: fecha, hora exacta de inicio y duraci\u00f3n de la estaci\u00f3n<\/h3>\n<p class=\"subtitle-atom B-500-400-300-N B-525-400-300-N--md mb-3_5\" style=\"text-align: justify;\">El solsticio de invierno, calculado por el Observatorio Astron\u00f3mico Nacional, trae el d\u00eda m\u00e1s corto a Espa\u00f1a y se\u00f1ala el inicio de casi 89 d\u00edas de invierno, lunas llenas, lluvias de meteoros, eclipses y fen\u00f3menos planetarios.<\/p>\n<header class=\"header\">\n<div class=\"subtitles\" data-mrf-recirculation=\"Enlace entradilla\">\n<h2 class=\"subtitle-atom B-500-400-300-N B-525-400-300-N--md mb-3_5\"><a href=\"https:\/\/www.diariodesevilla.es\/sociedad\/2025-sera-cuatro-anos-calidos_0_2005467594.html\" data-mrf-link=\"https:\/\/www.diariodesevilla.es\/sociedad\/2025-sera-cuatro-anos-calidos_0_2005467594.html\">2025 ser\u00e1 uno de los cuatro a\u00f1os m\u00e1s c\u00e1lidos en Espa\u00f1a desde 1961<\/a><\/h2>\n<\/div>\n<\/header>\n<div class=\"bbnx-opening two-columns-default-width multimedia_opening_wide--100\">\u00a0<\/div>\n<figure class=\"image\" style=\"text-align: justify;\"><picture><img data-recalc-dims=\"1\" loading=\"lazy\" decoding=\"async\" class=\"loading\" title=\"El solsticio de Invierno.\" src=\"https:\/\/i0.wp.com\/static.grupojoly.com\/clip\/2fa377b8-6069-467a-bc14-24cd1acf2622_source-aspect-ratio_1600w_0.jpg?resize=640%2C414&#038;ssl=1\" alt=\"El solsticio de Invierno.\" width=\"640\" height=\"414\" data-was-processed=\"true\" \/><\/picture><figcaption class=\"figcaption-atom caption A-200-300-500-N color-neutral500\"><span class=\"text\">El solsticio de Invierno.<\/span> \/ <span class=\"signature color-neutral900 tt-u\">EP<\/span><\/figcaption><\/figure>\n<div class=\"comments-info\" style=\"text-align: justify;\">\u00a0<\/div>\n<p class=\"paragraph-atom B-510-400-550-N B-525-400-700-N--md\" style=\"text-align: justify;\"><strong>El invierno astron\u00f3mico en Espa\u00f1a dar\u00e1 comienzo el domingo 21 de diciembre de 2025 a las 16:03 (hora peninsular)<\/strong>. As\u00ed lo confirma el Observatorio Astron\u00f3mico Nacional (OAN), perteneciente al Instituto Geogr\u00e1fico Nacional y dependiente del Ministerio de Transportes, Movilidad y Agenda Urbana. Aunque la sensaci\u00f3n t\u00e9rmica invernal puede variar de un a\u00f1o a otro, el inicio y fin de las estaciones se determina seg\u00fan precisos c\u00e1lculos astron\u00f3micos. La estaci\u00f3n tendr\u00e1 una duraci\u00f3n estimada de\u00a0<strong>88 d\u00edas y 23 horas, finalizando el 20 de marzo de 2026<\/strong>\u00a0justo con el arranque de la primavera astron\u00f3mica, manteniendo as\u00ed la regularidad caracter\u00edstica de este ciclo anual.<\/p>\n<p class=\"paragraph-atom B-510-400-550-N B-525-400-700-N--md\" style=\"text-align: justify;\">Este comienzo del invierno coincide con\u00a0<strong>el solsticio de invierno, el d\u00eda m\u00e1s corto y la noche m\u00e1s larga del a\u00f1o en el hemisferio norte<\/strong>. \u00abEn la latitud de Madrid, el 21 de diciembre de 2025 apenas podr\u00e1 verse el Sol durante nueve horas y 17 minutos\u00bb, han especificado fuentes del OAN, precisando que la diferencia con el pasado solsticio de verano, celebrado el 21 de junio de 2025, es notable, pues entonces la jornada solar lleg\u00f3 a extenderse hasta las 15 horas y tres minutos, marcando un claro contraste en la cantidad de luz diurna disponible entre ambos fen\u00f3menos estacionales.<\/p>\n<aside id=\"id-1000041-advertising--desktop\" class=\"advertising--desktop\" data-ad-type=\"list\">\n<div class=\"advertising rectangle list\" data-mrf-recirculation=\"M\u00f3dulo de publicidad\">\n<div id=\"list-1000041-948478\" class=\"advertising-wrapper\">\n<div class=\"adv-intext\">\n<div id=\"sm-it-main-container-1766434344182\" class=\"sm-it-main-container\" data-it=\"c95d9c69-8591-4631-b0a7-8cdb85275d14\" data-device=\"desktop\" data-index=\"0\">\n<div id=\"sm-reference-1766434344182\" class=\"sm-reference\">\u00a0<\/div>\n<\/div>\n<\/div>\n<\/div>\n<\/div>\n<\/aside>\n<p class=\"paragraph-atom B-510-400-550-N B-525-400-700-N--md\" style=\"text-align: justify;\">Durante este periodo invernal, seg\u00fan el organismo estatal,\u00a0<strong>el cielo nocturno ofrecer\u00e1 diversos eventos astron\u00f3micos<\/strong>. Destacan las\u00a0<strong>tres lunas llenas previstas: los d\u00edas 3 de enero, 1 de febrero y 3 de marzo de 2026<\/strong>. Adem\u00e1s, tendr\u00e1n lugar dos lluvias de meteoros de particular inter\u00e9s para los aficionados: las \u00darsidas, cuyo m\u00e1ximo se estima hacia el 22 de diciembre de 2025, y las Cuadr\u00e1ntidas, con apogeo en torno al 3 de enero de 2026. Ambos sucesos suelen captar la atenci\u00f3n tanto de expertos como de aficionados a la observaci\u00f3n del firmamento.<\/p>\n<h2 class=\"heading-atom B-600-500-200-N B-650-500-300-N--md heading\" style=\"text-align: justify;\">Fen\u00f3menos astron\u00f3micos destacados del invierno 2025-2026<\/h2>\n<p class=\"paragraph-atom B-510-400-550-N B-525-400-700-N--md\" style=\"text-align: justify;\">El calendario astron\u00f3mico del invierno de 2025 recoge varias efem\u00e9rides. En primer lugar,\u00a0<strong>el perihelio suceder\u00e1 el 3 de enero de 2026<\/strong>, cuando la Tierra pasa por el punto de su \u00f3rbita m\u00e1s cercano al Sol. \u00abEn ese instante, la distancia entre la Tierra y el Sol ser\u00e1 de poco m\u00e1s de 147 millones de kil\u00f3metros\u00bb, detalla el organismo estatal. Esta cifra es sensiblemente inferior a los cerca de 152 millones de kil\u00f3metros registrados durante el afelio, el momento de mayor lejan\u00eda anual, que en 2026 tendr\u00e1 lugar el 6 de julio.<\/p>\n<p class=\"paragraph-atom B-510-400-550-N B-525-400-700-N--md\" style=\"text-align: justify;\">El invierno no estar\u00e1 exento de eclipses. \u00abDurante la estaci\u00f3n se producir\u00e1n dos episodios relevantes: un eclipse anular de Sol el 17 de febrero de 2026 y un eclipse total de Luna el 3 de marzo de 2026\u00bb. No obstante, ninguno de estos fen\u00f3menos ser\u00e1 visible desde territorio espa\u00f1ol. El eclipse anular solar podr\u00e1 divisarse \u00fanicamente desde puntos del continente ant\u00e1rtico, el oc\u00e9ano Ant\u00e1rtico y el sur del \u00cdndico, mientras que el eclipse total de Luna ser\u00e1 observable desde Am\u00e9rica, el este asi\u00e1tico y Ocean\u00eda.<\/p>\n<h2 class=\"heading-atom B-600-500-200-N B-650-500-300-N--md heading\" style=\"text-align: justify;\">Visibilidad de los planetas y constelaciones relevantes<\/h2>\n<p class=\"paragraph-atom B-510-400-550-N B-525-400-700-N--md\" style=\"text-align: justify;\">El Observatorio Astron\u00f3mico Nacional subraya que, a lo largo de este invierno,<strong>\u00a0el planeta Saturno ser\u00e1 visible al caer la noche<\/strong>. A comienzos de enero de 2026 se unir\u00e1 J\u00fapiter al panorama vespertino, y posteriormente Venus comenzar\u00e1 a ser reconocible a partir de la segunda mitad de febrero. La evoluci\u00f3n continuar\u00e1 con la paulatina desaparici\u00f3n de Saturno a medida que se acerque al Sol, haci\u00e9ndose dif\u00edcil su observaci\u00f3n desde principios de marzo.<\/p>\n<p class=\"paragraph-atom B-510-400-550-N B-525-400-700-N--md\" style=\"text-align: justify;\">En cuanto a Mercurio,\u00a0<strong>su aparici\u00f3n est\u00e1 prevista en el cielo vespertino a lo largo de febrero<\/strong>. Por la ma\u00f1ana, el inicio del invierno traer\u00e1 a J\u00fapiter y Mercurio visibles en el horizonte oriental; sin embargo, \u00abMercurio dejar\u00e1 de observarse durante las primeras semanas de enero para regresar alrededor de mediados de marzo\u00bb, mientras que J\u00fapiter tambi\u00e9n desaparecer\u00e1 de la madrugada a mediados de enero de 2026.<\/p>\n<h2 class=\"heading-atom B-600-500-200-N B-650-500-300-N--md heading\" style=\"text-align: justify;\">La riqueza de constelaciones invernales<\/h2>\n<p class=\"paragraph-atom B-510-400-550-N B-525-400-700-N--md\" style=\"text-align: justify;\">El cielo nocturno durante la estaci\u00f3n invernal destaca por\u00a0<strong>la presencia de ic\u00f3nicas constelaciones<\/strong>. De entre todas, Ori\u00f3n sobresale por la brillante y variable Betelgeuse; Tauro alberga la rojiza Aldebar\u00e1n; Can Mayor presume de Sirio, la estrella m\u00e1s luminosa de la noche, y G\u00e9minis exhibe a los gemelos C\u00e1stor y P\u00f3lux. Diversas estrellas de estas constelaciones forman, junto con otras vecinas,\u00a0<strong>el conocido asterismo del hex\u00e1gono de invierno<\/strong>, f\u00e1cilmente identificable durante los atardeceres de la temporada y un hito para la observaci\u00f3n astron\u00f3mica en estos meses.<\/p>\n<h2 class=\"heading-atom B-600-500-200-N B-650-500-300-N--md heading\" style=\"text-align: justify;\">\u00bfPor qu\u00e9 var\u00eda la duraci\u00f3n de la estaci\u00f3n?<\/h2>\n<p class=\"paragraph-atom B-510-400-550-N B-525-400-700-N--md\" style=\"text-align: justify;\">La disparidad en la duraci\u00f3n de las estaciones, que puede oscilar entre 88 y hasta 94 d\u00edas, se explica por la\u00a0<strong>excentricidad de la \u00f3rbita terrestre<\/strong>. Este fen\u00f3meno hace que la Tierra se desplace m\u00e1s r\u00e1pido alrededor del Sol cuando se encuentra cerca del perihelio, acortando ligeramente el invierno astron\u00f3mico en comparaci\u00f3n con otros periodos. De hecho, el invierno es la estaci\u00f3n m\u00e1s breve del a\u00f1o debido a esta velocidad angular elevada en el perihelio.<\/p>\n<h2 class=\"heading-atom B-600-500-200-N B-650-500-300-N--md heading\" style=\"text-align: justify;\">Importancia del solsticio en culturas y tradiciones<\/h2>\n<p class=\"paragraph-atom B-510-400-550-N B-525-400-700-N--md\" style=\"text-align: justify;\">El solsticio de invierno ha desempe\u00f1ado hist\u00f3ricamente\u00a0<strong>un papel central en calendarios y ritos de tradiciones europeas<\/strong>. Muchas celebraciones actuales, como la Navidad o determinadas fiestas regionales de Espa\u00f1a, encuentran su ra\u00edz en el fen\u00f3meno astron\u00f3mico que marca el renacimiento del Sol y el repunte de la luz tras la noche m\u00e1s larga del a\u00f1o.<\/p>\n<h2 class=\"heading-atom B-600-500-200-N B-650-500-300-N--md heading\" style=\"text-align: justify;\">Preguntas frecuentes sobre el invierno astron\u00f3mico en Espa\u00f1a<\/h2>\n<ul class=\"list-atom ul left left\" style=\"text-align: justify;\">\n<li class=\"B-510-400-550-N B-525-400-700-N--md\"><strong>\u00bfCu\u00e1ndo termina el invierno astron\u00f3mico en 2026?<\/strong>\u00a0El invierno concluir\u00e1 el 20 de marzo de 2026 con el equinoccio de primavera.<\/li>\n<li class=\"B-510-400-550-N B-525-400-700-N--md\"><strong>\u00bfPor qu\u00e9 el invierno no tiene siempre la misma duraci\u00f3n?<\/strong>\u00a0Se debe a la forma el\u00edptica de la \u00f3rbita terrestre, que afecta la velocidad con que la Tierra se mueve alrededor del Sol.<\/li>\n<li class=\"B-510-400-550-N B-525-400-700-N--md\"><strong>\u00bfQu\u00e9 fen\u00f3menos astron\u00f3micos se podr\u00e1n ver en Espa\u00f1a durante este invierno?<\/strong>\u00a0Lunas llenas, lluvias de meteoros, la visibilidad de varios planetas y constelaciones, aunque los eclipses previstos esta vez no ser\u00e1n perceptibles desde nuestro pa\u00eds.<\/li>\n<li class=\"B-510-400-550-N B-525-400-700-N--md\"><strong>\u00bfCu\u00e1ndo es la m\u00e1xima proximidad de la Tierra al Sol?<\/strong>\u00a0El perihelio tendr\u00e1 lugar el 3 de enero de 2026.<\/li>\n<li class=\"B-510-400-550-N B-525-400-700-N--md\"><strong>\u00bfQu\u00e9 constelaciones son caracter\u00edsticas de este invierno?<\/strong>\u00a0Ori\u00f3n, Tauro, Can Mayor y G\u00e9minis ser\u00e1n las m\u00e1s destacadas, formando el hex\u00e1gono de invierno.<\/li>\n<\/ul>\n<h2 class=\"heading-atom B-600-500-200-N B-650-500-300-N--md heading\" style=\"text-align: justify;\">Solsticio de invierno: definici\u00f3n y relevancia astron\u00f3mica<\/h2>\n<p class=\"paragraph-atom B-510-400-550-N B-525-400-700-N--md\" style=\"text-align: justify;\">El\u00a0<strong>solsticio de invierno es el instante en que el Sol alcanza su menor altura aparente sobre el horizonte en el hemisferio norte<\/strong>, dando lugar al d\u00eda m\u00e1s corto del a\u00f1o. Este fen\u00f3meno marca el cambio a la estaci\u00f3n invernal seg\u00fan el calendario astron\u00f3mico y tiene implicaciones tanto cient\u00edficas como culturales, subrayando la interconexi\u00f3n entre los ciclos celestes y las actividades humanas a lo largo de la historia.<\/p>\n<footer class=\"footer\">\n<div class=\"authors\">\n<div class=\"author\" data-mrf-recirculation=\"Autor\">\n<div class=\"author-content\" style=\"text-align: justify;\"><a class=\"author-content-name A-300-700-500-N\" href=\"https:\/\/www.diariodesevilla.es\/m-_h\/\" data-mrf-link=\"https:\/\/www.diariodesevilla.es\/m-_h\/\">M. H. <\/a><\/div>\n<\/div>\n<div>FOTO<\/div>\n<\/div>\n<\/footer>\n","protected":false},"excerpt":{"rendered":"<p>Todo sobre el invierno astron\u00f3mico: fecha, hora exacta de inicio y duraci\u00f3n de la estaci\u00f3n&#8230;<\/p>\n","protected":false},"author":1,"featured_media":80981,"comment_status":"closed","ping_status":"closed","sticky":false,"template":"","format":"standard","meta":{"_coblocks_attr":"","_coblocks_dimensions":"","_coblocks_responsive_height":"","_coblocks_accordion_ie_support":"","jetpack_post_was_ever_published":false,"_jetpack_newsletter_access":"","_jetpack_dont_email_post_to_subs":false,"_jetpack_newsletter_tier_id":0,"_jetpack_memberships_contains_paywalled_content":false,"_jetpack_memberships_contains_paid_content":false,"footnotes":"","jetpack_publicize_message":"","jetpack_publicize_feature_enabled":true,"jetpack_social_post_already_shared":true,"jetpack_social_options":{"image_generator_settings":{"template":"highway","default_image_id":0,"enabled":false},"version":2}},"categories":[10797,1161,44],"tags":[],"class_list":["post-80980","post","type-post","status-publish","format-standard","has-post-thumbnail","hentry","category-ciencia","category-ciudadania","category-noticias-de-hoy"],"jetpack_publicize_connections":[],"jetpack_featured_media_url":"https:\/\/i0.wp.com\/miradordeatarfe.es\/wp-content\/uploads\/2025\/12\/Sin-titulo-1.jpg?fit=300%2C168&ssl=1","jetpack_likes_enabled":true,"jetpack_sharing_enabled":true,"_links":{"self":[{"href":"https:\/\/miradordeatarfe.es\/index.php?rest_route=\/wp\/v2\/posts\/80980","targetHints":{"allow":["GET"]}}],"collection":[{"href":"https:\/\/miradordeatarfe.es\/index.php?rest_route=\/wp\/v2\/posts"}],"about":[{"href":"https:\/\/miradordeatarfe.es\/index.php?rest_route=\/wp\/v2\/types\/post"}],"author":[{"embeddable":true,"href":"https:\/\/miradordeatarfe.es\/index.php?rest_route=\/wp\/v2\/users\/1"}],"replies":[{"embeddable":true,"href":"https:\/\/miradordeatarfe.es\/index.php?rest_route=%2Fwp%2Fv2%2Fcomments&post=80980"}],"version-history":[{"count":1,"href":"https:\/\/miradordeatarfe.es\/index.php?rest_route=\/wp\/v2\/posts\/80980\/revisions"}],"predecessor-version":[{"id":80982,"href":"https:\/\/miradordeatarfe.es\/index.php?rest_route=\/wp\/v2\/posts\/80980\/revisions\/80982"}],"wp:featuredmedia":[{"embeddable":true,"href":"https:\/\/miradordeatarfe.es\/index.php?rest_route=\/wp\/v2\/media\/80981"}],"wp:attachment":[{"href":"https:\/\/miradordeatarfe.es\/index.php?rest_route=%2Fwp%2Fv2%2Fmedia&parent=80980"}],"wp:term":[{"taxonomy":"category","embeddable":true,"href":"https:\/\/miradordeatarfe.es\/index.php?rest_route=%2Fwp%2Fv2%2Fcategories&post=80980"},{"taxonomy":"post_tag","embeddable":true,"href":"https:\/\/miradordeatarfe.es\/index.php?rest_route=%2Fwp%2Fv2%2Ftags&post=80980"}],"curies":[{"name":"wp","href":"https:\/\/api.w.org\/{rel}","templated":true}]}}