{"id":81023,"date":"2025-12-27T11:00:10","date_gmt":"2025-12-27T10:00:10","guid":{"rendered":"https:\/\/miradordeatarfe.es\/?p=81023"},"modified":"2025-12-26T20:46:00","modified_gmt":"2025-12-26T19:46:00","slug":"padron-2025-granada-atarfe-registran-importantes-crecimientos","status":"publish","type":"post","link":"https:\/\/miradordeatarfe.es\/?p=81023","title":{"rendered":"Padr\u00f3n 2025 Granada: Atarfe registran importantes crecimientos"},"content":{"rendered":"<h3 style=\"text-align: justify;\">Padr\u00f3n 2025 Granada: Estos son los municipios con m\u00e1s poblaci\u00f3n de la provincia.La capital, Motril o Almu\u00f1\u00e9car se mantienen en sus posiciones, mientras que otros como Atarfe registran importantes crecimientos<\/h3>\n<div class=\"bbnx-body prometeo-hideable two-columns-default-width\">\n<p class=\"paragraph-atom B-510-400-550-N B-525-400-700-N--md\" style=\"text-align: justify;\">En general, la estad\u00edstica del INE muestra que, a fecha de 1 de enero de 2025, hab\u00eda en la provincia<strong> un total de 21 localidades por encima de los 10.000 habitantes,<\/strong> que pueden considerarse como los municipios m\u00e1s grandes de Granada.<\/p>\n<p class=\"paragraph-atom B-510-400-550-N B-525-400-700-N--md second_blur_0\" style=\"text-align: justify;\">Como se ha apuntado unas l\u00edneas m\u00e1s arriba, <strong>la capital cuenta con 233.975 habitantes,<\/strong> un crecimiento de apenas un 0,5% en un a\u00f1o; le sigue Motril, con 59.862 empadronados, y Almu\u00f1\u00e9car, con 27.544, habiendo crecido un 0,3 y un 0,8% respectivamente en doce meses. Armilla, una de las localidades m\u00e1s grandes del \u00c1rea Metropolitana, ofrece cifras de crecimiento en rojo, concretamente una ca\u00edda de 1,4%, qued\u00e1ndose justo en 25.300 habitantes.<\/p>\n<p class=\"paragraph-atom B-510-400-550-N B-525-400-700-N--md\" style=\"text-align: justify;\">Pero uno de los crecimientos m\u00e1s notables es de <a href=\"https:\/\/www.granadahoy.com\/tag\/las-gabias\/\" data-mrf-recirculation=\"Enlace\" data-mrf-link=\"https:\/\/www.granadahoy.com\/tag\/las-gabias\/\">Las Gabias<\/a>, que sube un 1,1% hasta los 23.584 habitantes, la quinta localidad m\u00e1s poblada de la provincia cuando se cumple un cuarto de siglo. Le siguen, <strong>a\u00fan por encima de la barrera de los 20.000<\/strong>, Maracena (22.294), Loja (20.951) y Atarfe (20.914), siendo esta \u00faltima tambi\u00e9n una de las que experimenta un mayor crecimiento anual, superior al 2%.<\/p>\n<p class=\"paragraph-atom B-510-400-550-N B-525-400-700-N--md\" style=\"text-align: justify;\">Aunque es imposible hacer predicciones, los datos del INE parecen indicar que, en la pr\u00f3xima actualizaci\u00f3n habr\u00e1 m\u00e1s municipios que superen esa barrera, como es el caso de Albolote y Guadix, que se han quedado a las puertas, con 19.768 y 18.881 habitantes empadronados respectivamente.<\/p>\n<p class=\"paragraph-atom B-510-400-550-N B-525-400-700-N--md\" style=\"text-align: justify;\">Ya en un nivel m\u00e1s bajo, aunque en una horquilla de entre 10.000 y 20.000 habitantes, se encuentra Churriana de la Vega (16.878), Santa Fe (15.494), Og\u00edjares (15.239), Salobre\u00f1a (12.760), Vegas del Genil (12.424), Hu\u00e9tor Vega (12.285), Peligros (11.725), Hu\u00e9tor T\u00e1jar (10.749) y finalmente Alhend\u00edn, que cierra este grupo con 10.475 vecinos.<\/p>\n<h2 class=\"heading-atom B-600-500-200-N B-650-500-300-N--md heading\" style=\"text-align: justify;\">Municipios con un centenar de vecinos<\/h2>\n<p class=\"paragraph-atom B-510-400-550-N B-525-400-700-N--md\" style=\"text-align: justify;\">La situaci\u00f3n de estas localidades contrasta con otras en las que la despoblaci\u00f3n se deja notar y arrancan 2025 con cifras de poblaci\u00f3n de tres d\u00edgitos. Es el caso de Lobras y Juviles, <strong>las localidades menos pobladas de Granada<\/strong>, con 139 y 140 personas empadronadas respectivamente. En una situaci\u00f3n similar se encuentra C\u00e1staras, con 178 habitantes, lo que la convierte en la tercera localidad menos poblada.<\/p>\n<p><img data-recalc-dims=\"1\" loading=\"lazy\" decoding=\"async\" class=\"alignnone wp-image-81030 size-full\" src=\"https:\/\/i0.wp.com\/miradordeatarfe.es\/wp-content\/uploads\/2025\/12\/Screenshot-2025-12-23-at-20-40-50-Padron-2025-Granada-Estos-son-los-municipios-con-mas-poblacion-de-la-provincia.png?resize=640%2C427&#038;ssl=1\" alt=\"\" width=\"640\" height=\"427\" srcset=\"https:\/\/i0.wp.com\/miradordeatarfe.es\/wp-content\/uploads\/2025\/12\/Screenshot-2025-12-23-at-20-40-50-Padron-2025-Granada-Estos-son-los-municipios-con-mas-poblacion-de-la-provincia.png?w=936&amp;ssl=1 936w, https:\/\/i0.wp.com\/miradordeatarfe.es\/wp-content\/uploads\/2025\/12\/Screenshot-2025-12-23-at-20-40-50-Padron-2025-Granada-Estos-son-los-municipios-con-mas-poblacion-de-la-provincia.png?resize=300%2C200&amp;ssl=1 300w, https:\/\/i0.wp.com\/miradordeatarfe.es\/wp-content\/uploads\/2025\/12\/Screenshot-2025-12-23-at-20-40-50-Padron-2025-Granada-Estos-son-los-municipios-con-mas-poblacion-de-la-provincia.png?resize=768%2C513&amp;ssl=1 768w\" sizes=\"auto, (max-width: 640px) 100vw, 640px\" \/><\/p>\n<p><img data-recalc-dims=\"1\" loading=\"lazy\" decoding=\"async\" class=\"alignnone wp-image-81029 size-full\" src=\"https:\/\/i0.wp.com\/miradordeatarfe.es\/wp-content\/uploads\/2025\/12\/Screenshot-2025-12-23-at-20-39-57-Padron-2025-Granada-Estos-son-los-municipios-con-mas-poblacion-de-la-provincia.png?resize=640%2C321&#038;ssl=1\" alt=\"\" width=\"640\" height=\"321\" srcset=\"https:\/\/i0.wp.com\/miradordeatarfe.es\/wp-content\/uploads\/2025\/12\/Screenshot-2025-12-23-at-20-39-57-Padron-2025-Granada-Estos-son-los-municipios-con-mas-poblacion-de-la-provincia.png?w=958&amp;ssl=1 958w, https:\/\/i0.wp.com\/miradordeatarfe.es\/wp-content\/uploads\/2025\/12\/Screenshot-2025-12-23-at-20-39-57-Padron-2025-Granada-Estos-son-los-municipios-con-mas-poblacion-de-la-provincia.png?resize=300%2C151&amp;ssl=1 300w, https:\/\/i0.wp.com\/miradordeatarfe.es\/wp-content\/uploads\/2025\/12\/Screenshot-2025-12-23-at-20-39-57-Padron-2025-Granada-Estos-son-los-municipios-con-mas-poblacion-de-la-provincia.png?resize=768%2C386&amp;ssl=1 768w\" sizes=\"auto, (max-width: 640px) 100vw, 640px\" \/><\/p>\n<p style=\"text-align: justify;\"><a class=\"author-content-name A-300-700-500-N\" href=\"https:\/\/www.granadahoy.com\/miguel-navas\/\" data-mrf-link=\"https:\/\/www.granadahoy.com\/miguel-navas\/\"><strong>Miguel Navas<\/strong> <\/a><\/p>\n<p style=\"text-align: justify;\"><span class=\"text\">FOTO: Centenares de personas abarrotan la Plaza del Carmen en el encendido del alumbrado en 2025<\/span> \/ <span class=\"signature color-neutral900 tt-u\">Jorge Guerrero \/ Picwild<\/span><\/p>\n<p style=\"text-align: justify;\"><a href=\"https:\/\/www.granadahoy.com\/granada\/padron-2025-granada-municipios-mas-poblacion-provincia_0_2005462141.html\">https:\/\/www.granadahoy.com\/granada\/padron-2025-granada-municipios-mas-poblacion-provincia_0_2005462141.html<\/a><\/p>\n<div class=\"embed\" style=\"text-align: justify;\">\u00a0<\/div>\n<\/div>\n","protected":false},"excerpt":{"rendered":"<p>Padr\u00f3n 2025 Granada: Estos son los municipios con m\u00e1s poblaci\u00f3n de la provincia.La capital, Motril&#8230;<\/p>\n","protected":false},"author":1,"featured_media":81024,"comment_status":"closed","ping_status":"closed","sticky":false,"template":"","format":"standard","meta":{"_coblocks_attr":"","_coblocks_dimensions":"","_coblocks_responsive_height":"","_coblocks_accordion_ie_support":"","jetpack_post_was_ever_published":false,"_jetpack_newsletter_access":"","_jetpack_dont_email_post_to_subs":false,"_jetpack_newsletter_tier_id":0,"_jetpack_memberships_contains_paywalled_content":false,"_jetpack_memberships_contains_paid_content":false,"footnotes":"","jetpack_publicize_message":"","jetpack_publicize_feature_enabled":true,"jetpack_social_post_already_shared":true,"jetpack_social_options":{"image_generator_settings":{"template":"highway","default_image_id":0,"enabled":false},"version":2}},"categories":[6916,1161,44],"tags":[],"class_list":["post-81023","post","type-post","status-publish","format-standard","has-post-thumbnail","hentry","category-ayuntamiento-de-atarfe","category-ciudadania","category-noticias-de-hoy"],"jetpack_publicize_connections":[],"jetpack_featured_media_url":"https:\/\/i0.wp.com\/miradordeatarfe.es\/wp-content\/uploads\/2025\/12\/baf99435-bd6d-4e55-91f9-8a0a08defe74_16-9-aspect-ratio_1600w_0.webp?fit=1600%2C900&ssl=1","jetpack_likes_enabled":true,"jetpack_sharing_enabled":true,"_links":{"self":[{"href":"https:\/\/miradordeatarfe.es\/index.php?rest_route=\/wp\/v2\/posts\/81023","targetHints":{"allow":["GET"]}}],"collection":[{"href":"https:\/\/miradordeatarfe.es\/index.php?rest_route=\/wp\/v2\/posts"}],"about":[{"href":"https:\/\/miradordeatarfe.es\/index.php?rest_route=\/wp\/v2\/types\/post"}],"author":[{"embeddable":true,"href":"https:\/\/miradordeatarfe.es\/index.php?rest_route=\/wp\/v2\/users\/1"}],"replies":[{"embeddable":true,"href":"https:\/\/miradordeatarfe.es\/index.php?rest_route=%2Fwp%2Fv2%2Fcomments&post=81023"}],"version-history":[{"count":4,"href":"https:\/\/miradordeatarfe.es\/index.php?rest_route=\/wp\/v2\/posts\/81023\/revisions"}],"predecessor-version":[{"id":81031,"href":"https:\/\/miradordeatarfe.es\/index.php?rest_route=\/wp\/v2\/posts\/81023\/revisions\/81031"}],"wp:featuredmedia":[{"embeddable":true,"href":"https:\/\/miradordeatarfe.es\/index.php?rest_route=\/wp\/v2\/media\/81024"}],"wp:attachment":[{"href":"https:\/\/miradordeatarfe.es\/index.php?rest_route=%2Fwp%2Fv2%2Fmedia&parent=81023"}],"wp:term":[{"taxonomy":"category","embeddable":true,"href":"https:\/\/miradordeatarfe.es\/index.php?rest_route=%2Fwp%2Fv2%2Fcategories&post=81023"},{"taxonomy":"post_tag","embeddable":true,"href":"https:\/\/miradordeatarfe.es\/index.php?rest_route=%2Fwp%2Fv2%2Ftags&post=81023"}],"curies":[{"name":"wp","href":"https:\/\/api.w.org\/{rel}","templated":true}]}}