{"id":81106,"date":"2025-12-28T11:01:22","date_gmt":"2025-12-28T10:01:22","guid":{"rendered":"https:\/\/miradordeatarfe.es\/?p=81106"},"modified":"2025-12-28T13:07:52","modified_gmt":"2025-12-28T12:07:52","slug":"el-vuelo-y-la-malafolla-nazari-por-juan-de-dios-villanueva-roa","status":"publish","type":"post","link":"https:\/\/miradordeatarfe.es\/?p=81106","title":{"rendered":"\u00abEl vuelo y la malafoll\u00e1 nazar\u00ed\u00bb por Juan de Dios Villanueva Roa"},"content":{"rendered":"<h3 style=\"text-align: justify;\">Se puede hablar de malas folias, o de la malafoll\u00e1 granadina, sin traducci\u00f3n al franc\u00e9s, que los gabachos no nos entender\u00edan.<\/h3>\n<p style=\"text-align: justify;\">Ahora la conocen quienes viajaban en el primer vuelo desde Nantes, aunque la aut\u00e9ntica malafoll\u00e1 de esta tierra tambi\u00e9n tiene un origen clim\u00e1tico por mucho que se cuente por ah\u00ed. En cualquier caso, podemos y queremos obviar el lance de ese avi\u00f3n que no pudo aterrizar a la primera en el aer\u00f3dromo que quiz\u00e1s debiera estar en Amilla mejor que all\u00e1, pero habr\u00eda que explicar el porqu\u00e9 de su ubicaci\u00f3n y esta columnilla hoy no da para tanto.<\/p>\n<p style=\"text-align: justify;\">Tal vez los que tienen la informaci\u00f3n la cuenten con detalle. El caso es que ahora y por ahora tenemos enlaces con la ciudad del Loira. Y eso viene bien a los granadinos y jiennenses que quieran o queramos darnos una vuelta por esas comarcas francesas tan atractivas si a uno le gustan los vientos atl\u00e1nticos, castillos, canales y dem\u00e1s. Y ya de camino, los naturales de allende pueden aterrizar, aunque sea haciendo escala en M\u00e1laga (siempre M\u00e1laga) en esta, la tierra del chavico y disfrutar de las tapas, atardeceres y de la cultura m\u00e1s prometedora del pa\u00eds, aunque tambi\u00e9n la m\u00e1s apaleada.<\/p>\n<p style=\"text-align: justify;\">Esperemos que ahora la cosa empiece a cambiar, en lo de la cultura, y todos los cartuchos que se est\u00e1n quemando por la capitalidad iluminen lo necesario para que alguien se d\u00e9 cuenta de que aqu\u00ed tambi\u00e9n est\u00e1n los or\u00edgenes de vientos nuevos, y que esta tierra es capaz de levantarse nuevamente y caminar sola, aunque algunos no cejen en meter piedras en los zapatos, que parece que ah\u00ed tambi\u00e9n est\u00e1 la malafoll\u00e1 nazar\u00ed.<\/p>\n","protected":false},"excerpt":{"rendered":"<p>Se puede hablar de malas folias, o de la malafoll\u00e1 granadina, sin traducci\u00f3n al franc\u00e9s,&#8230;<\/p>\n","protected":false},"author":1,"featured_media":81107,"comment_status":"closed","ping_status":"closed","sticky":false,"template":"","format":"standard","meta":{"_coblocks_attr":"","_coblocks_dimensions":"","_coblocks_responsive_height":"","_coblocks_accordion_ie_support":"","jetpack_post_was_ever_published":false,"_jetpack_newsletter_access":"","_jetpack_dont_email_post_to_subs":false,"_jetpack_newsletter_tier_id":0,"_jetpack_memberships_contains_paywalled_content":false,"_jetpack_memberships_contains_paid_content":false,"footnotes":"","jetpack_publicize_message":"","jetpack_publicize_feature_enabled":true,"jetpack_social_post_already_shared":true,"jetpack_social_options":{"image_generator_settings":{"template":"highway","default_image_id":0,"enabled":false},"version":2}},"categories":[1161,10781,44,7671],"tags":[],"class_list":["post-81106","post","type-post","status-publish","format-standard","has-post-thumbnail","hentry","category-ciudadania","category-granada","category-noticias-de-hoy","category-politica"],"jetpack_publicize_connections":[],"jetpack_featured_media_url":"https:\/\/i0.wp.com\/miradordeatarfe.es\/wp-content\/uploads\/2025\/12\/nantes.jpg?fit=275%2C183&ssl=1","jetpack_likes_enabled":true,"jetpack_sharing_enabled":true,"_links":{"self":[{"href":"https:\/\/miradordeatarfe.es\/index.php?rest_route=\/wp\/v2\/posts\/81106","targetHints":{"allow":["GET"]}}],"collection":[{"href":"https:\/\/miradordeatarfe.es\/index.php?rest_route=\/wp\/v2\/posts"}],"about":[{"href":"https:\/\/miradordeatarfe.es\/index.php?rest_route=\/wp\/v2\/types\/post"}],"author":[{"embeddable":true,"href":"https:\/\/miradordeatarfe.es\/index.php?rest_route=\/wp\/v2\/users\/1"}],"replies":[{"embeddable":true,"href":"https:\/\/miradordeatarfe.es\/index.php?rest_route=%2Fwp%2Fv2%2Fcomments&post=81106"}],"version-history":[{"count":1,"href":"https:\/\/miradordeatarfe.es\/index.php?rest_route=\/wp\/v2\/posts\/81106\/revisions"}],"predecessor-version":[{"id":81108,"href":"https:\/\/miradordeatarfe.es\/index.php?rest_route=\/wp\/v2\/posts\/81106\/revisions\/81108"}],"wp:featuredmedia":[{"embeddable":true,"href":"https:\/\/miradordeatarfe.es\/index.php?rest_route=\/wp\/v2\/media\/81107"}],"wp:attachment":[{"href":"https:\/\/miradordeatarfe.es\/index.php?rest_route=%2Fwp%2Fv2%2Fmedia&parent=81106"}],"wp:term":[{"taxonomy":"category","embeddable":true,"href":"https:\/\/miradordeatarfe.es\/index.php?rest_route=%2Fwp%2Fv2%2Fcategories&post=81106"},{"taxonomy":"post_tag","embeddable":true,"href":"https:\/\/miradordeatarfe.es\/index.php?rest_route=%2Fwp%2Fv2%2Ftags&post=81106"}],"curies":[{"name":"wp","href":"https:\/\/api.w.org\/{rel}","templated":true}]}}