{"id":81137,"date":"2025-12-28T08:40:09","date_gmt":"2025-12-28T07:40:09","guid":{"rendered":"https:\/\/miradordeatarfe.es\/?p=81137"},"modified":"2025-12-28T14:43:04","modified_gmt":"2025-12-28T13:43:04","slug":"2026-ya-esta-aqui-y-estas-son-sus-fechas-clave","status":"publish","type":"post","link":"https:\/\/miradordeatarfe.es\/?p=81137","title":{"rendered":"2026 ya est\u00e1 aqu\u00ed y estas son sus fechas clave"},"content":{"rendered":"<h3 style=\"text-align: justify;\">Efem\u00e9rides, aniversarios, grandes citas culturales, deportivas, medioambientales y una intensa actividad pol\u00edtica dentro y fuera de Espa\u00f1a, con importantes elecciones, marcar\u00e1n el nuevo a\u00f1o<\/h3>\n<h2 class=\"\" style=\"text-align: justify;\">Enero<\/h2>\n<ul style=\"text-align: justify;\">\n<li>El a\u00f1o comenzar\u00e1 con el 40\u00ba aniversario de la<a title=\"https:\/\/elpais.com\/espana\/2025-06-12\/40-anos-del-tratado-de-adhesion-el-europeismo-espanol-resiste-con-grietas.html\" href=\"https:\/\/elpais.com\/espana\/2025-06-12\/40-anos-del-tratado-de-adhesion-el-europeismo-espanol-resiste-con-grietas.html\" rel=\"\" data-link-track-dtm=\"\" data-mrf-link=\"https:\/\/elpais.com\/espana\/2025-06-12\/40-anos-del-tratado-de-adhesion-el-europeismo-espanol-resiste-con-grietas.html\"> entrada de Espa\u00f1a en la Uni\u00f3n Europea<\/a>. Supuso un paso fuerte hacia la consolidaci\u00f3n democr\u00e1tica y un impulso al crecimiento. Hoy, Espa\u00f1a es la cuarta econom\u00eda de la UE.<\/li>\n<li>Barcelona <a title=\"https:\/\/elpais.com\/espana\/catalunya\/2021-07-28\/barcelona-capital-mundial-de-la-arquitectura-en-2026.html\" href=\"https:\/\/elpais.com\/espana\/catalunya\/2021-07-28\/barcelona-capital-mundial-de-la-arquitectura-en-2026.html\" rel=\"\" data-link-track-dtm=\"\" data-mrf-link=\"https:\/\/elpais.com\/espana\/catalunya\/2021-07-28\/barcelona-capital-mundial-de-la-arquitectura-en-2026.html\">fue designada Capital Mundial de la Arquitectura 2026 por la Unesco-UIA<\/a>. Eso supondr\u00e1 un a\u00f1o de conferencias, festivales, visitas a edificios y exposiciones. Anteriormente, esta distinci\u00f3n hab\u00eda sido otorgada solo a Copenhague y R\u00edo de Janeiro.<\/li>\n<li>El 18 de enero se celebrar\u00e1n elecciones en Portugal. Con el presidente, <a title=\"https:\/\/elpais.com\/internacional\/2021-01-24\/rebelo-de-sousa-el-conservador-mas-de-izquierdas.html\" href=\"https:\/\/elpais.com\/internacional\/2021-01-24\/rebelo-de-sousa-el-conservador-mas-de-izquierdas.html\" rel=\"\" data-link-track-dtm=\"\" data-mrf-link=\"https:\/\/elpais.com\/internacional\/2021-01-24\/rebelo-de-sousa-el-conservador-mas-de-izquierdas.html\">Rebelo de Sousa, sin posibilidad de reelecci\u00f3n<\/a>, los tres candidatos principales son el ultraderechista Andr\u00e9 Ventura, el socialista Ant\u00f3nio Jos\u00e9 Seguro y Lu\u00eds Marques Mendes, del Partido Social Dem\u00f3crata.<\/li>\n<\/ul>\n<figure class=\"a_m a_m-h \" style=\"text-align: justify;\"><span class=\"_db a_m_w _pr lb_btn\"><img data-recalc-dims=\"1\" loading=\"lazy\" decoding=\"async\" class=\"_re lazyload a_m-h\" src=\"https:\/\/i0.wp.com\/imagenes.elpais.com\/resizer\/v2\/E4XZWRXP6FGR7CS5YNWS3A5R6Y.jpg?resize=414%2C287&#038;ssl=1\" sizes=\"auto, (min-width:1199px) 1155px,(min-width:1001px) calc(100vw - 44px),(min-width:768px) 767px, 100vw\" srcset=\"https:\/\/imagenes.elpais.com\/resizer\/v2\/E4XZWRXP6FGR7CS5YNWS3A5R6Y.jpg?auth=06cbaab34309f12f8b688b4d43a45acaaada0aa37655bbefac149089cd627e23&amp;width=414 414w,https:\/\/imagenes.elpais.com\/resizer\/v2\/E4XZWRXP6FGR7CS5YNWS3A5R6Y.jpg?auth=06cbaab34309f12f8b688b4d43a45acaaada0aa37655bbefac149089cd627e23&amp;width=828 640w,https:\/\/imagenes.elpais.com\/resizer\/v2\/E4XZWRXP6FGR7CS5YNWS3A5R6Y.jpg?auth=06cbaab34309f12f8b688b4d43a45acaaada0aa37655bbefac149089cd627e23&amp;width=980 1000w,https:\/\/imagenes.elpais.com\/resizer\/v2\/E4XZWRXP6FGR7CS5YNWS3A5R6Y.jpg?auth=06cbaab34309f12f8b688b4d43a45acaaada0aa37655bbefac149089cd627e23&amp;width=1960 1960w\" width=\"414\" height=\"287\" \/><\/span><figcaption class=\"a_m_p\" aria-hidden=\"true\">Ceremonia de ingreso de Espa\u00f1a y Portugal en la Comunidad Econ\u00f3mica Europea el 1 de enero de 1986.<span class=\"a_m_m\">EFE<\/span><\/figcaption><\/figure>\n<h2 class=\"\" style=\"text-align: justify;\">Febrero<\/h2>\n<ul style=\"text-align: justify;\">\n<li>En 2026 tendr\u00e1n lugar <a title=\"https:\/\/elpais.com\/espana\/2025-12-09\/aragon-se-encamina-a-elecciones-tras-el-fracaso-de-las-nuevas-negociaciones-entre-pp-y-vox.html\" href=\"https:\/\/elpais.com\/espana\/2025-12-09\/aragon-se-encamina-a-elecciones-tras-el-fracaso-de-las-nuevas-negociaciones-entre-pp-y-vox.html\" rel=\"\" data-link-track-dtm=\"\" data-mrf-link=\"https:\/\/elpais.com\/espana\/2025-12-09\/aragon-se-encamina-a-elecciones-tras-el-fracaso-de-las-nuevas-negociaciones-entre-pp-y-vox.html\">varias elecciones auton\u00f3micas<\/a>. En Arag\u00f3n ser\u00e1n el 8 de febrero; en Castilla y Le\u00f3n, el 15 de marzo. Luego le tocar\u00e1 el turno a Andaluc\u00eda.<\/li>\n<li>Del 6 al 22 de febrero, la localidad italiana de Cortina d\u2019Ampezzo acoger\u00e1 los Juegos Ol\u00edmpicos de Invierno.<\/li>\n<li>En febrero ser\u00e1 presentada la nueva <a title=\"https:\/\/elpais.com\/expres\/2025-10-05\/el-director-del-reina-sofia-nos-habla-de-los-cambios-en-el-museo-y-la-politica-en-la-cultura.html\" href=\"https:\/\/elpais.com\/expres\/2025-10-05\/el-director-del-reina-sofia-nos-habla-de-los-cambios-en-el-museo-y-la-politica-en-la-cultura.html\" rel=\"\" data-link-track-dtm=\"\" data-mrf-link=\"https:\/\/elpais.com\/expres\/2025-10-05\/el-director-del-reina-sofia-nos-habla-de-los-cambios-en-el-museo-y-la-politica-en-la-cultura.html\">reordenaci\u00f3n de la colecci\u00f3n del Museo Reina Sof\u00eda<\/a>, primera gran iniciativa de Manuel Segade desde que asumi\u00f3 la direcci\u00f3n en 2023.<\/li>\n<li>El d\u00eda 9 arrancar\u00e1 <a title=\"https:\/\/elpais.com\/espana\/2025-11-19\/el-hermano-del-sanchez-recusa-por-falta-de-imparcialidad-al-tribunal-que-debe-juzgarlo.html\" href=\"https:\/\/elpais.com\/espana\/2025-11-19\/el-hermano-del-sanchez-recusa-por-falta-de-imparcialidad-al-tribunal-que-debe-juzgarlo.html\" rel=\"\" data-link-track-dtm=\"\" data-mrf-link=\"https:\/\/elpais.com\/espana\/2025-11-19\/el-hermano-del-sanchez-recusa-por-falta-de-imparcialidad-al-tribunal-que-debe-juzgarlo.html\">el juicio a David S\u00e1nchez<\/a>, hermano de Pedro S\u00e1nchez, por supuestas irregularidades en su contrataci\u00f3n en la Diputaci\u00f3n de Badajoz.<\/li>\n<li>D\u00eda 17: publicaci\u00f3n de <i>Un himno a la vida<\/i> (Lumen), <a title=\"https:\/\/elpais.com\/sociedad\/2025-10-06\/gisele-pelicot-vuelve-a-los-tribunales-en-francia-para-enfrentarse-de-nuevo-a-uno-de-sus-violadores.html\" href=\"https:\/\/elpais.com\/sociedad\/2025-10-06\/gisele-pelicot-vuelve-a-los-tribunales-en-francia-para-enfrentarse-de-nuevo-a-uno-de-sus-violadores.html\" rel=\"\" data-link-track-dtm=\"\" data-mrf-link=\"https:\/\/elpais.com\/sociedad\/2025-10-06\/gisele-pelicot-vuelve-a-los-tribunales-en-francia-para-enfrentarse-de-nuevo-a-uno-de-sus-violadores.html\">las memorias de Gis\u00e8le Pelicot<\/a>.<\/li>\n<\/ul>\n<figure class=\"a_m a_m-h \" style=\"text-align: justify;\"><span class=\"_db a_m_w _pr lb_btn\"><img data-recalc-dims=\"1\" loading=\"lazy\" decoding=\"async\" class=\"_re lazyload a_m-h\" src=\"https:\/\/i0.wp.com\/imagenes.elpais.com\/resizer\/v2\/BBK6JPOQEZCEXEUHYKMWMEGBKM.jpg?resize=414%2C276&#038;ssl=1\" sizes=\"auto, (min-width:1199px) 1155px,(min-width:1001px) calc(100vw - 44px),(min-width:768px) 767px, 100vw\" srcset=\"https:\/\/imagenes.elpais.com\/resizer\/v2\/BBK6JPOQEZCEXEUHYKMWMEGBKM.jpg?auth=31e939efcff79e1166629b7b2c5f9bfc14af36f45ab78833a9d56c9c4dfe534b&amp;width=414 414w,https:\/\/imagenes.elpais.com\/resizer\/v2\/BBK6JPOQEZCEXEUHYKMWMEGBKM.jpg?auth=31e939efcff79e1166629b7b2c5f9bfc14af36f45ab78833a9d56c9c4dfe534b&amp;width=828 640w,https:\/\/imagenes.elpais.com\/resizer\/v2\/BBK6JPOQEZCEXEUHYKMWMEGBKM.jpg?auth=31e939efcff79e1166629b7b2c5f9bfc14af36f45ab78833a9d56c9c4dfe534b&amp;width=980 1000w,https:\/\/imagenes.elpais.com\/resizer\/v2\/BBK6JPOQEZCEXEUHYKMWMEGBKM.jpg?auth=31e939efcff79e1166629b7b2c5f9bfc14af36f45ab78833a9d56c9c4dfe534b&amp;width=1960 1960w\" width=\"414\" height=\"276\" \/><\/span><figcaption class=\"a_m_p\" aria-hidden=\"true\">Gis\u00e8le Pelicot llega a la corte de Avi\u00f1\u00f3n.<span class=\"a_m_m\">CHRISTOPHE SIMON (AFP \/ Getty Images)<\/span><\/figcaption><\/figure>\n<h2 class=\"\" style=\"text-align: justify;\">Marzo<\/h2>\n<ul style=\"text-align: justify;\">\n<li>El 8, D\u00eda Internacional de la Mujer, llegar\u00e1 marcado por el debate de los anteproyectos de ley contra la trata de personas y contra la violencia vicaria, y por la pol\u00e9mica sobre <a title=\"https:\/\/elpais.com\/sociedad\/2025-08-27\/la-ley-abolicionista-de-la-prostitucion-que-prepara-el-gobierno-pondra-el-foco-en-el-proxenetismo-digital.html\" href=\"https:\/\/elpais.com\/sociedad\/2025-08-27\/la-ley-abolicionista-de-la-prostitucion-que-prepara-el-gobierno-pondra-el-foco-en-el-proxenetismo-digital.html\" rel=\"\" data-link-track-dtm=\"\" data-mrf-link=\"https:\/\/elpais.com\/sociedad\/2025-08-27\/la-ley-abolicionista-de-la-prostitucion-que-prepara-el-gobierno-pondra-el-foco-en-el-proxenetismo-digital.html\">la abolici\u00f3n de la prostituci\u00f3n<\/a>, donde a\u00fan no hay acuerdo entre PSOE y Sumar.<\/li>\n<li>El 24 se cumplir\u00e1n 50 a\u00f1os del<a title=\"https:\/\/elpais.com\/opinion\/2021-03-24\/mentiras-terror-y-confabulaciones-la-estrategia-que-dio-luz-al-golpe-militar-en-argentina.html\" href=\"https:\/\/elpais.com\/opinion\/2021-03-24\/mentiras-terror-y-confabulaciones-la-estrategia-que-dio-luz-al-golpe-militar-en-argentina.html\" rel=\"\" data-link-track-dtm=\"\" data-mrf-link=\"https:\/\/elpais.com\/opinion\/2021-03-24\/mentiras-terror-y-confabulaciones-la-estrategia-que-dio-luz-al-golpe-militar-en-argentina.html\"> golpe de Estado en Argentina<\/a>, que dio inicio a la \u00faltima dictadura militar (1976\u20131983), autora de la desaparici\u00f3n de 30.000 personas.<\/li>\n<li>El d\u00eda 30 llegar\u00e1 a Espa\u00f1a <a title=\"https:\/\/elpais.com\/cultura\/2025-12-04\/entradas-de-conciertos-de-rosalia-en-2026-fechas-de-la-gira-lux-en-madrid-y-barcelona-preventa-venta-oficial-y-limite-de-compra-por-persona.html\" href=\"https:\/\/elpais.com\/cultura\/2025-12-04\/entradas-de-conciertos-de-rosalia-en-2026-fechas-de-la-gira-lux-en-madrid-y-barcelona-preventa-venta-oficial-y-limite-de-compra-por-persona.html\" rel=\"\" data-link-track-dtm=\"\" data-mrf-link=\"https:\/\/elpais.com\/cultura\/2025-12-04\/entradas-de-conciertos-de-rosalia-en-2026-fechas-de-la-gira-lux-en-madrid-y-barcelona-preventa-venta-oficial-y-limite-de-compra-por-persona.html\">la gira de <i>Lux<\/i>, \u00faltimo disco de Rosal\u00eda<\/a>: cuatro shows en Madrid (30 de marzo y 1, 3 y 4 de abril) y cuatro en Barcelona (13, 15, 17 y 18 de abril). La pregunta del mill\u00f3n: \u00bfc\u00f3mo trasladar\u00e1 Rosal\u00eda al escenario la complejidad de un disco as\u00ed?<\/li>\n<\/ul>\n<figure class=\"a_m a_m-h \" style=\"text-align: justify;\"><span class=\"_db a_m_w _pr lb_btn\"><img data-recalc-dims=\"1\" loading=\"lazy\" decoding=\"async\" class=\"_re lazyload a_m-h\" src=\"https:\/\/i0.wp.com\/imagenes.elpais.com\/resizer\/v2\/TYYTZ3EPAJDYZCMU5YFOH4XRBI.jpg?resize=414%2C316&#038;ssl=1\" sizes=\"auto, (min-width:1199px) 1155px,(min-width:1001px) calc(100vw - 44px),(min-width:768px) 767px, 100vw\" srcset=\"https:\/\/imagenes.elpais.com\/resizer\/v2\/TYYTZ3EPAJDYZCMU5YFOH4XRBI.jpg?auth=216f40d1c648c822a5f96ca974e164dc1293faea429a2b83b7d634bbd301bf4f&amp;width=414 414w,https:\/\/imagenes.elpais.com\/resizer\/v2\/TYYTZ3EPAJDYZCMU5YFOH4XRBI.jpg?auth=216f40d1c648c822a5f96ca974e164dc1293faea429a2b83b7d634bbd301bf4f&amp;width=828 640w,https:\/\/imagenes.elpais.com\/resizer\/v2\/TYYTZ3EPAJDYZCMU5YFOH4XRBI.jpg?auth=216f40d1c648c822a5f96ca974e164dc1293faea429a2b83b7d634bbd301bf4f&amp;width=980 1000w,https:\/\/imagenes.elpais.com\/resizer\/v2\/TYYTZ3EPAJDYZCMU5YFOH4XRBI.jpg?auth=216f40d1c648c822a5f96ca974e164dc1293faea429a2b83b7d634bbd301bf4f&amp;width=1960 1960w\" width=\"414\" height=\"316\" \/><\/span><figcaption class=\"a_m_p\" aria-hidden=\"true\">El dictador Jorge Rafael Videla, en el centro, jura como presidente en la Casa del Gobierno de Buenos Aires en marzo de 1976.<span class=\"a_m_m\">EPA \/ EFE<\/span><\/figcaption><\/figure>\n<h2 class=\"\" style=\"text-align: justify;\">Abril<\/h2>\n<ul style=\"text-align: justify;\">\n<li>Aunque no han sido convocadas oficialmente, <a title=\"https:\/\/elpais.com\/internacional\/2025-11-05\/un-grupo-empresarial-proximo-a-orban-compra-el-tabloide-mas-leido-de-hungria-a-pocos-meses-de-las-elecciones.html\" href=\"https:\/\/elpais.com\/internacional\/2025-11-05\/un-grupo-empresarial-proximo-a-orban-compra-el-tabloide-mas-leido-de-hungria-a-pocos-meses-de-las-elecciones.html\" rel=\"\" data-link-track-dtm=\"\" data-mrf-link=\"https:\/\/elpais.com\/internacional\/2025-11-05\/un-grupo-empresarial-proximo-a-orban-compra-el-tabloide-mas-leido-de-hungria-a-pocos-meses-de-las-elecciones.html\">est\u00e1n previstas elecciones parlamentarias en Hungr\u00eda para este mes<\/a>. Ser\u00e1n unos comicios clave para la Uni\u00f3n Europea porque pueden significar un cambio en el liderazgo de Viktor Orb\u00e1n, el m\u00e1s alejado de los consensos del bloque. La \u00faltima encuesta coloca primero al partido Tisza, de la oposici\u00f3n.<\/li>\n<li>Con una agenda ambiental debilitada y tras el <a title=\"https:\/\/elpais.com\/clima-y-medio-ambiente\/2025-11-24\/claves-del-cierre-de-la-cumbre-del-clima-del-tabu-de-los-combustibles-fosiles-a-la-adaptacion.html\" href=\"https:\/\/elpais.com\/clima-y-medio-ambiente\/2025-11-24\/claves-del-cierre-de-la-cumbre-del-clima-del-tabu-de-los-combustibles-fosiles-a-la-adaptacion.html\" rel=\"\" data-link-track-dtm=\"\" data-mrf-link=\"https:\/\/elpais.com\/clima-y-medio-ambiente\/2025-11-24\/claves-del-cierre-de-la-cumbre-del-clima-del-tabu-de-los-combustibles-fosiles-a-la-adaptacion.html\">fracaso de la COP30 de Brasil 2025 <\/a>para lograr un acuerdo sobre el petr\u00f3leo, el carb\u00f3n y el gas, Colombia organizar\u00e1 los d\u00edas 28 y 29 en Santa Marta una conferencia global sobre los combustibles f\u00f3siles, principales causantes de la crisis clim\u00e1tica.<\/li>\n<li>Este mes se cumplir\u00e1n 20 a\u00f1os desde que Facebook lleg\u00f3 al m\u00f3vil. En <a title=\"https:\/\/elpais.com\/tecnologia\/2025-03-20\/meta-silencia-la-promocion-del-best-seller-de-una-exdirectiva-que-critica-la-compania.html\" href=\"https:\/\/elpais.com\/tecnologia\/2025-03-20\/meta-silencia-la-promocion-del-best-seller-de-una-exdirectiva-que-critica-la-compania.html\" rel=\"\" data-link-track-dtm=\"\" data-mrf-link=\"https:\/\/elpais.com\/tecnologia\/2025-03-20\/meta-silencia-la-promocion-del-best-seller-de-una-exdirectiva-que-critica-la-compania.html\"><i>Careless People<\/i>, publicado este a\u00f1o, la exdirectiva Sarah Wynn-Williams<\/a> relata c\u00f3mo aquella promesa de conectar personas y mejorar el mundo se convirti\u00f3 en un proyecto guiado por el poder, hasta transformar la compa\u00f1\u00eda en una de las m\u00e1s dominantes y controvertidas de nuestro tiempo.<\/li>\n<\/ul>\n<figure class=\"a_m a_m-h \" style=\"text-align: justify;\"><span class=\"_db a_m_w _pr lb_btn\"><img data-recalc-dims=\"1\" loading=\"lazy\" decoding=\"async\" class=\"_re lazyload a_m-h\" src=\"https:\/\/i0.wp.com\/imagenes.elpais.com\/resizer\/v2\/KYW2ILHKH5DR3K7LAJW3SMSHNE.jpg?resize=414%2C276&#038;ssl=1\" sizes=\"auto, (min-width:1199px) 1155px,(min-width:1001px) calc(100vw - 44px),(min-width:768px) 767px, 100vw\" srcset=\"https:\/\/imagenes.elpais.com\/resizer\/v2\/KYW2ILHKH5DR3K7LAJW3SMSHNE.jpg?auth=676426c2f6f0db07559a7a8a3c065b1f30abf88c10457888dd793b8cf7dc4646&amp;width=414 414w,https:\/\/imagenes.elpais.com\/resizer\/v2\/KYW2ILHKH5DR3K7LAJW3SMSHNE.jpg?auth=676426c2f6f0db07559a7a8a3c065b1f30abf88c10457888dd793b8cf7dc4646&amp;width=828 640w,https:\/\/imagenes.elpais.com\/resizer\/v2\/KYW2ILHKH5DR3K7LAJW3SMSHNE.jpg?auth=676426c2f6f0db07559a7a8a3c065b1f30abf88c10457888dd793b8cf7dc4646&amp;width=980 1000w,https:\/\/imagenes.elpais.com\/resizer\/v2\/KYW2ILHKH5DR3K7LAJW3SMSHNE.jpg?auth=676426c2f6f0db07559a7a8a3c065b1f30abf88c10457888dd793b8cf7dc4646&amp;width=1960 1960w\" width=\"414\" height=\"276\" \/><\/span><figcaption class=\"a_m_p\" aria-hidden=\"true\">La vista de Facebook en un m\u00f3vil el 25 de marzo de 2009, en Londres.<span class=\"a_m_m\">Dan Kitwood (Getty Images)<\/span><\/figcaption><\/figure>\n<h2 class=\"\" style=\"text-align: justify;\">Mayo<\/h2>\n<ul style=\"text-align: justify;\">\n<li>El d\u00eda 4 <a title=\"https:\/\/elpais.com\/politica\/2016\/05\/03\/actualidad\/1462300191_577466.html\" href=\"https:\/\/elpais.com\/politica\/2016\/05\/03\/actualidad\/1462300191_577466.html\" rel=\"\" data-link-track-dtm=\"\" data-mrf-link=\"https:\/\/elpais.com\/politica\/2016\/05\/03\/actualidad\/1462300191_577466.html\">EL PA\u00cdS cumplir\u00e1 medio siglo<\/a> de compromiso con la informaci\u00f3n, los valores democr\u00e1ticos y el servicio ciudadano. Desde su fundaci\u00f3n en 1976, sus periodistas mantienen las mismas pr\u00e1cticas profesionales, basadas en el rigor informativo y la verificaci\u00f3n de fuentes, sin dejar de lado los nuevos formatos ni los retos del periodismo contempor\u00e1neo. Tendr\u00e1n lugar eventos y publicaciones especiales.<\/li>\n<li>Los d\u00edas 12, 14 y 16 se celebrar\u00e1 el festival Eurovisi\u00f3n en Viena. Como protesta por la participaci\u00f3n de Israel, <a title=\"https:\/\/elpais.com\/television\/2025-12-04\/eurovision-decide-que-israel-participe-en-la-edicion-de-2026.html\" href=\"https:\/\/elpais.com\/television\/2025-12-04\/eurovision-decide-que-israel-participe-en-la-edicion-de-2026.html\" rel=\"\" data-link-track-dtm=\"\" data-mrf-link=\"https:\/\/elpais.com\/television\/2025-12-04\/eurovision-decide-que-israel-participe-en-la-edicion-de-2026.html\">Espa\u00f1a ha decidido no concursar y RTVE no lo retransmitir\u00e1<\/a>, aunque el p\u00fablico espa\u00f1ol podr\u00e1 verlo y votar a trav\u00e9s de internet. Tambi\u00e9n se han sumado al boicot Islandia, Irlanda, Eslovenia y Pa\u00edses Bajos.<\/li>\n<\/ul>\n<figure class=\"a_m a_m-v \" style=\"text-align: justify;\"><span class=\"_db a_m_w _pr lb_btn\"><img data-recalc-dims=\"1\" loading=\"lazy\" decoding=\"async\" class=\"_re lazyload a_m-v\" src=\"https:\/\/i0.wp.com\/imagenes.elpais.com\/resizer\/v2\/6FNCBFEW5FC7LBDBUKH6QPUD2E.jpg?resize=414%2C595&#038;ssl=1\" sizes=\"auto, (min-width:1199px) 1155px,(min-width:1001px) calc(100vw - 44px),(min-width:768px) 767px, 100vw\" srcset=\"https:\/\/imagenes.elpais.com\/resizer\/v2\/6FNCBFEW5FC7LBDBUKH6QPUD2E.jpg?auth=0176e2799124fceb7f9d82b69458a33849e2511df3e5a90e3a359b44e4edf76e&amp;width=414 414w,https:\/\/imagenes.elpais.com\/resizer\/v2\/6FNCBFEW5FC7LBDBUKH6QPUD2E.jpg?auth=0176e2799124fceb7f9d82b69458a33849e2511df3e5a90e3a359b44e4edf76e&amp;width=828 640w,https:\/\/imagenes.elpais.com\/resizer\/v2\/6FNCBFEW5FC7LBDBUKH6QPUD2E.jpg?auth=0176e2799124fceb7f9d82b69458a33849e2511df3e5a90e3a359b44e4edf76e&amp;width=980 1000w,https:\/\/imagenes.elpais.com\/resizer\/v2\/6FNCBFEW5FC7LBDBUKH6QPUD2E.jpg?auth=0176e2799124fceb7f9d82b69458a33849e2511df3e5a90e3a359b44e4edf76e&amp;width=1960 1960w\" width=\"414\" height=\"595\" \/><\/span><figcaption class=\"a_m_p\" aria-hidden=\"true\">La primera portada del peri\u00f3dico EL PA\u00cdS.<\/figcaption><\/figure>\n<h2 class=\"\" style=\"text-align: justify;\">Junio<\/h2>\n<ul style=\"text-align: justify;\">\n<li>El 11 arrancar\u00e1 la Copa Mundial de F\u00fatbol, <a title=\"https:\/\/elpais.com\/us\/2025-12-06\/estados-unidos-en-el-mundial-2026-partidos-sedes-y-horarios-en-la-copa-del-mundo.html\" href=\"https:\/\/elpais.com\/us\/2025-12-06\/estados-unidos-en-el-mundial-2026-partidos-sedes-y-horarios-en-la-copa-del-mundo.html\" rel=\"\" data-link-track-dtm=\"\" data-mrf-link=\"https:\/\/elpais.com\/us\/2025-12-06\/estados-unidos-en-el-mundial-2026-partidos-sedes-y-horarios-en-la-copa-del-mundo.html\">que se extender\u00e1 hasta el 19 de julio<\/a>. Este a\u00f1o se jugar\u00e1 en Canad\u00e1, Estados Unidos y M\u00e9xico. El primer partido de Espa\u00f1a ser\u00e1 el 15 contra Cabo Verde.<\/li>\n<li>El d\u00eda 14 se cumplir\u00e1n <a title=\"https:\/\/elpais.com\/diario\/2011\/06\/11\/cultura\/1307743201_850215.html\" href=\"https:\/\/elpais.com\/diario\/2011\/06\/11\/cultura\/1307743201_850215.html\" rel=\"\" data-link-track-dtm=\"\" data-mrf-link=\"https:\/\/elpais.com\/diario\/2011\/06\/11\/cultura\/1307743201_850215.html\">40 a\u00f1os de la muerte del escritor Jorge Luis Borges<\/a>. Alfaguara prepara nuevas ediciones que reunir\u00e1n cuentos, poes\u00eda y ensayos completos.<\/li>\n<li>El 23 marcar\u00e1 el <a title=\"https:\/\/elpais.com\/educacion\/2025-12-16\/el-reino-unido-se-reincorporara-al-programa-erasmus-en-enero-de-2027.html\" href=\"https:\/\/elpais.com\/educacion\/2025-12-16\/el-reino-unido-se-reincorporara-al-programa-erasmus-en-enero-de-2027.html\" rel=\"\" data-link-track-dtm=\"\" data-mrf-link=\"https:\/\/elpais.com\/educacion\/2025-12-16\/el-reino-unido-se-reincorporara-al-programa-erasmus-en-enero-de-2027.html\">d\u00e9cimo aniversario de la decisi\u00f3n del Brexit<\/a>. Boris Johnson, quien tres a\u00f1os despu\u00e9s ser\u00eda primer ministro, fue uno de los m\u00e1ximos impulsores de la campa\u00f1a a favor de que el Reino Unido abandonara la UE. Tras el refer\u00e9ndum, el jefe del Gobierno, David Cameron, present\u00f3 la dimisi\u00f3n.<\/li>\n<li>La <a title=\"https:\/\/elpais.com\/espana\/catalunya\/2025-10-31\/la-sagrada-familia-se-convierte-en-la-iglesia-mas-alta-del-mundo-tras-colocar-el-elemento-que-coronara-la-torre-de-jesucristo.html\" href=\"https:\/\/elpais.com\/espana\/catalunya\/2025-10-31\/la-sagrada-familia-se-convierte-en-la-iglesia-mas-alta-del-mundo-tras-colocar-el-elemento-que-coronara-la-torre-de-jesucristo.html\" rel=\"\" data-link-track-dtm=\"\" data-mrf-link=\"https:\/\/elpais.com\/espana\/catalunya\/2025-10-31\/la-sagrada-familia-se-convierte-en-la-iglesia-mas-alta-del-mundo-tras-colocar-el-elemento-que-coronara-la-torre-de-jesucristo.html\">Sagrada Familia proyecta en junio un acto por la finalizaci\u00f3n de la Torre de Jesucristo<\/a>, la m\u00e1s alta de la bas\u00edlica. Adem\u00e1s, el d\u00eda 10 se cumplen 100 a\u00f1os de la muerte de Antoni Gaud\u00ed. En la Sagrada Familia y en la Casa Batll\u00f3 se celebrar\u00e1n eventos conmemorativos del arquitecto nacido en Reus (Tarragona) en 1852.<\/li>\n<\/ul>\n<figure class=\"a_m a_m-h \" style=\"text-align: justify;\"><span class=\"_db a_m_w _pr lb_btn\"><img data-recalc-dims=\"1\" loading=\"lazy\" decoding=\"async\" class=\"_re lazyload a_m-h\" src=\"https:\/\/i0.wp.com\/imagenes.elpais.com\/resizer\/v2\/4ZG7TWOZFNGAJGS6V64CQQQGC4.jpg?resize=414%2C276&#038;ssl=1\" sizes=\"auto, (min-width:1199px) 1155px,(min-width:1001px) calc(100vw - 44px),(min-width:768px) 767px, 100vw\" srcset=\"https:\/\/imagenes.elpais.com\/resizer\/v2\/4ZG7TWOZFNGAJGS6V64CQQQGC4.jpg?auth=077740388b921f81abbd021225bddf92af236ed239495c15dfc32f8a5172aafd&amp;width=414 414w,https:\/\/imagenes.elpais.com\/resizer\/v2\/4ZG7TWOZFNGAJGS6V64CQQQGC4.jpg?auth=077740388b921f81abbd021225bddf92af236ed239495c15dfc32f8a5172aafd&amp;width=828 640w,https:\/\/imagenes.elpais.com\/resizer\/v2\/4ZG7TWOZFNGAJGS6V64CQQQGC4.jpg?auth=077740388b921f81abbd021225bddf92af236ed239495c15dfc32f8a5172aafd&amp;width=980 1000w,https:\/\/imagenes.elpais.com\/resizer\/v2\/4ZG7TWOZFNGAJGS6V64CQQQGC4.jpg?auth=077740388b921f81abbd021225bddf92af236ed239495c15dfc32f8a5172aafd&amp;width=1960 1960w\" width=\"414\" height=\"276\" \/><\/span><figcaption class=\"a_m_p\" aria-hidden=\"true\">El trofeo de la Copa Mundial de la FIFA.<span class=\"a_m_m\">Michael Regan (Getty Images)<\/span><\/figcaption><\/figure>\n<h2 class=\"\" style=\"text-align: justify;\">Julio<\/h2>\n<ul style=\"text-align: justify;\">\n<li>El d\u00eda 4 Barcelona acoger\u00e1<a title=\"https:\/\/elpais.com\/deportes\/ciclismo\/2025-12-13\/tadej-pogacar-vale-mas-la-primera-paris-roubaix-que-el-quinto-tour-de-francia.html\" href=\"https:\/\/elpais.com\/deportes\/ciclismo\/2025-12-13\/tadej-pogacar-vale-mas-la-primera-paris-roubaix-que-el-quinto-tour-de-francia.html\" rel=\"\" data-link-track-dtm=\"\" data-mrf-link=\"https:\/\/elpais.com\/deportes\/ciclismo\/2025-12-13\/tadej-pogacar-vale-mas-la-primera-paris-roubaix-que-el-quinto-tour-de-francia.html\"> la salida del Tour, que se extender\u00e1 hasta el 26<\/a>. Es la tercera vez que la Grande Boucle parte desde Espa\u00f1a, tras haberlo hecho desde San Sebasti\u00e1n (1992) y Bilbao (2023). El trazado atravesar\u00e1 Catalu\u00f1a durante las tres primeras etapas.<\/li>\n<li>Ese mismo d\u00eda se conmemorar\u00e1n los<a title=\"https:\/\/elpais.com\/espana\/2025-09-29\/la-armada-desplegara-en-ee-uu-el-grueso-de-su-fuerza-para-conmemorar-los-250-anos-de-independencia-del-pais.html\" href=\"https:\/\/elpais.com\/espana\/2025-09-29\/la-armada-desplegara-en-ee-uu-el-grueso-de-su-fuerza-para-conmemorar-los-250-anos-de-independencia-del-pais.html\" rel=\"\" data-link-track-dtm=\"\" data-mrf-link=\"https:\/\/elpais.com\/espana\/2025-09-29\/la-armada-desplegara-en-ee-uu-el-grueso-de-su-fuerza-para-conmemorar-los-250-anos-de-independencia-del-pais.html\"> 250 a\u00f1os de la independencia de Estados Unidos<\/a> con actos que han sido planeados con a\u00f1os de antelaci\u00f3n: desde 2016, una comisi\u00f3n especial del Congreso estadounidense se encarga de coordinar el evento.<\/li>\n<li>El 17 de julio <a title=\"https:\/\/elpais.com\/cultura\/cine\/2025-08-22\/el-regreso-de-ulises-un-noble-acercamiento-a-homero-a-la-espera-de-la-odisea-de-nolan.html\" href=\"https:\/\/elpais.com\/cultura\/cine\/2025-08-22\/el-regreso-de-ulises-un-noble-acercamiento-a-homero-a-la-espera-de-la-odisea-de-nolan.html\" rel=\"\" data-link-track-dtm=\"\" data-mrf-link=\"https:\/\/elpais.com\/cultura\/cine\/2025-08-22\/el-regreso-de-ulises-un-noble-acercamiento-a-homero-a-la-espera-de-la-odisea-de-nolan.html\">se estrenar\u00e1 en Espa\u00f1a la pel\u00edcula <i>La Odisea<\/i><\/a>, de Christopher Nolan, protagonizada por \u00adMatt Damon como Odiseo. En el reparto tambi\u00e9n estar\u00e1n Tom Holland, Zendaya, Robert Pattinson, Elliot Page y Mia Goth, entre otros.<\/li>\n<\/ul>\n<figure class=\"a_m a_m-h \" style=\"text-align: justify;\"><span class=\"_db a_m_w _pr lb_btn\"><img data-recalc-dims=\"1\" loading=\"lazy\" decoding=\"async\" class=\"_re lazyload a_m-h\" src=\"https:\/\/i0.wp.com\/imagenes.elpais.com\/resizer\/v2\/33GEQK6I3BHILC5Q6ALWYF3DXQ.jpg?resize=414%2C277&#038;ssl=1\" sizes=\"auto, (min-width:1199px) 1155px,(min-width:1001px) calc(100vw - 44px),(min-width:768px) 767px, 100vw\" srcset=\"https:\/\/imagenes.elpais.com\/resizer\/v2\/33GEQK6I3BHILC5Q6ALWYF3DXQ.jpg?auth=5ac8f77a9ef22a118819ee3b868dfa7bca5d6ead70f675086376bfd1b95fa6ed&amp;width=414 414w,https:\/\/imagenes.elpais.com\/resizer\/v2\/33GEQK6I3BHILC5Q6ALWYF3DXQ.jpg?auth=5ac8f77a9ef22a118819ee3b868dfa7bca5d6ead70f675086376bfd1b95fa6ed&amp;width=828 640w,https:\/\/imagenes.elpais.com\/resizer\/v2\/33GEQK6I3BHILC5Q6ALWYF3DXQ.jpg?auth=5ac8f77a9ef22a118819ee3b868dfa7bca5d6ead70f675086376bfd1b95fa6ed&amp;width=980 1000w,https:\/\/imagenes.elpais.com\/resizer\/v2\/33GEQK6I3BHILC5Q6ALWYF3DXQ.jpg?auth=5ac8f77a9ef22a118819ee3b868dfa7bca5d6ead70f675086376bfd1b95fa6ed&amp;width=1960 1960w\" width=\"414\" height=\"277\" \/><\/span><figcaption class=\"a_m_p\" aria-hidden=\"true\">El esloveno Tadej Poga\u010dar, quien aspira a su quinto Tour.<span class=\"a_m_m\">Jean Catuffe (Getty Images)<\/span><\/figcaption><\/figure>\n<h2 class=\"\" style=\"text-align: justify;\">Agosto<\/h2>\n<ul style=\"text-align: justify;\">\n<li>El d\u00eda 12 ser\u00e1 la primera vez en el siglo <a title=\"https:\/\/elpais.com\/ciencia\/2025-11-11\/eclipse-total-de-agosto-de-2026-en-espana-el-gobierno-pide-un-plan-a-todas-las-comunidades-autonomas-para-garantizar-la-seguridad.html\" href=\"https:\/\/elpais.com\/ciencia\/2025-11-11\/eclipse-total-de-agosto-de-2026-en-espana-el-gobierno-pide-un-plan-a-todas-las-comunidades-autonomas-para-garantizar-la-seguridad.html\" rel=\"\" data-link-track-dtm=\"\" data-mrf-link=\"https:\/\/elpais.com\/ciencia\/2025-11-11\/eclipse-total-de-agosto-de-2026-en-espana-el-gobierno-pide-un-plan-a-todas-las-comunidades-autonomas-para-garantizar-la-seguridad.html\">que se pueda ver con garant\u00edas un eclipse total en Espa\u00f1a<\/a>. En la Pen\u00ednsula no se hab\u00eda observado uno igual desde 1912, y en Canarias desde 1959.<\/li>\n<li>El 19 se cumplir\u00e1n 90 a\u00f1os de la muerte de Federico Garc\u00eda Lorca. Antes, entre abril y julio, la Residencia de Estudiantes de Madrid <a title=\"https:\/\/elpais.com\/cultura\/2025-11-24\/la-historia-viva-del-archivo-de-lorca.html\" href=\"https:\/\/elpais.com\/cultura\/2025-11-24\/la-historia-viva-del-archivo-de-lorca.html\" rel=\"\" data-link-track-dtm=\"\" data-mrf-link=\"https:\/\/elpais.com\/cultura\/2025-11-24\/la-historia-viva-del-archivo-de-lorca.html\">acoger\u00e1 la exposici\u00f3n <i>Lorca y el archiv<\/i>o. <i>Memoria en movimiento<\/i><\/a>, que recorre su vida y obra. En primavera se estrenar\u00e1, adem\u00e1s, el documental <i>La voz quebrada<\/i>, de Manuel Mench\u00f3n Romero, con material de archivo del poeta.<\/li>\n<li>Oxford Economics anticipa para este a\u00f1o un descenso en la actividad tur\u00edstica durante el mes m\u00e1s intenso de calor en Espa\u00f1a. Si la predicci\u00f3n se cumple, puede significar el comienzo de un turismo m\u00e1s sostenible.<\/li>\n<\/ul>\n<figure class=\"a_m a_m-v \" style=\"text-align: justify;\"><span class=\"_db a_m_w _pr lb_btn\"><img data-recalc-dims=\"1\" loading=\"lazy\" decoding=\"async\" class=\"_re lazyload a_m-v\" src=\"https:\/\/i0.wp.com\/imagenes.elpais.com\/resizer\/v2\/CPIDNPAJVVDUJLQ7H5RPXHHXBI.jpg?resize=414%2C572&#038;ssl=1\" sizes=\"auto, (min-width:1199px) 1155px,(min-width:1001px) calc(100vw - 44px),(min-width:768px) 767px, 100vw\" srcset=\"https:\/\/imagenes.elpais.com\/resizer\/v2\/CPIDNPAJVVDUJLQ7H5RPXHHXBI.jpg?auth=063d96c2c88c55ca2905f88936e4acaccc4578347e4363c856ad78d7f299edca&amp;width=414 414w,https:\/\/imagenes.elpais.com\/resizer\/v2\/CPIDNPAJVVDUJLQ7H5RPXHHXBI.jpg?auth=063d96c2c88c55ca2905f88936e4acaccc4578347e4363c856ad78d7f299edca&amp;width=828 640w,https:\/\/imagenes.elpais.com\/resizer\/v2\/CPIDNPAJVVDUJLQ7H5RPXHHXBI.jpg?auth=063d96c2c88c55ca2905f88936e4acaccc4578347e4363c856ad78d7f299edca&amp;width=980 1000w,https:\/\/imagenes.elpais.com\/resizer\/v2\/CPIDNPAJVVDUJLQ7H5RPXHHXBI.jpg?auth=063d96c2c88c55ca2905f88936e4acaccc4578347e4363c856ad78d7f299edca&amp;width=1960 1960w\" width=\"414\" height=\"572\" \/><\/span><figcaption class=\"a_m_p\" aria-hidden=\"true\">El poeta y dramaturgo Federico Garc\u00eda Lorca.<span class=\"a_m_m\">Getty Images<\/span><\/figcaption><\/figure>\n<h2 class=\"\" style=\"text-align: justify;\">Septiembre<\/h2>\n<ul style=\"text-align: justify;\">\n<li>Se cumple un cuarto de siglo del 11-S, <a title=\"https:\/\/elpais.com\/internacional\/2024-09-11\/video-cronologia-de-los-atentados-del-11-s.html\" href=\"https:\/\/elpais.com\/internacional\/2024-09-11\/video-cronologia-de-los-atentados-del-11-s.html\" rel=\"\" data-link-track-dtm=\"\" data-mrf-link=\"https:\/\/elpais.com\/internacional\/2024-09-11\/video-cronologia-de-los-atentados-del-11-s.html\">d\u00eda en que se produjeron los ataques terroristas de Al Qaeda contra las Torres Gemelas y el Pent\u00e1gono en EE UU<\/a>. Algunos efectos fueron la guerra contra el terror, la creaci\u00f3n de la c\u00e1rcel de Guant\u00e1namo, el 11-M en Espa\u00f1a (el atentado m\u00e1s sangriento en territorio europeo del siglo XXI), el surgimiento del ISIS y el aumento exponencial de controles fronterizos.<\/li>\n<li>Entre el 11 y el 13 llegar\u00e1 por primera vez a Madrid la<a title=\"https:\/\/elpais.com\/deportes\/formula-1\/2024-01-23\/presentacion-del-nuevo-circuito-de-f1-en-madrid.html\" href=\"https:\/\/elpais.com\/deportes\/formula-1\/2024-01-23\/presentacion-del-nuevo-circuito-de-f1-en-madrid.html\" rel=\"\" data-link-track-dtm=\"\" data-mrf-link=\"https:\/\/elpais.com\/deportes\/formula-1\/2024-01-23\/presentacion-del-nuevo-circuito-de-f1-en-madrid.html\"> f\u00f3rmu\u00adla 1, en el circuito de Ifema<\/a>. Ser\u00e1 la primera gran capital europea que acoger\u00e1 un Gran Premio de F1.<\/li>\n<li>El d\u00eda 13 tendr\u00e1n lugar las elecciones parlamentarias en Suecia. Se espera una victoria de la socialdemocracia, por delante de la ultraderecha y del Partido Moderado del actual primer ministro, Ulf Kristersson.<\/li>\n<\/ul>\n<figure class=\"a_m a_m-h \" style=\"text-align: justify;\"><span class=\"_db a_m_w\"><img data-recalc-dims=\"1\" loading=\"lazy\" decoding=\"async\" class=\"_re lazyload a_m-h\" src=\"https:\/\/i0.wp.com\/imagenes.elpais.com\/resizer\/v2\/BIAKKTDLRBDATL3EZCZYYIBTCI.jpg?resize=414%2C321&#038;ssl=1\" sizes=\"auto, (min-width:1199px) 1155px,(min-width:1001px) calc(100vw - 44px),(min-width:768px) 767px, 100vw\" srcset=\"https:\/\/imagenes.elpais.com\/resizer\/v2\/BIAKKTDLRBDATL3EZCZYYIBTCI.jpg?auth=410798d405f317a6140ad816e37bc0d9fb2102d6f87dab9eebc548dc797b084d&amp;width=414 414w,https:\/\/imagenes.elpais.com\/resizer\/v2\/BIAKKTDLRBDATL3EZCZYYIBTCI.jpg?auth=410798d405f317a6140ad816e37bc0d9fb2102d6f87dab9eebc548dc797b084d&amp;width=828 640w,https:\/\/imagenes.elpais.com\/resizer\/v2\/BIAKKTDLRBDATL3EZCZYYIBTCI.jpg?auth=410798d405f317a6140ad816e37bc0d9fb2102d6f87dab9eebc548dc797b084d&amp;width=980 1000w,https:\/\/imagenes.elpais.com\/resizer\/v2\/BIAKKTDLRBDATL3EZCZYYIBTCI.jpg?auth=410798d405f317a6140ad816e37bc0d9fb2102d6f87dab9eebc548dc797b084d&amp;width=1960 1960w\" width=\"414\" height=\"321\" \/><\/span><figcaption class=\"a_m_p\" aria-hidden=\"true\">Ataque terrorista contra las Torres Gemelas de Nueva York el 11 de septiembre de 2001.<span class=\"a_m_m\">AP \/ LaPresse<\/span><\/figcaption><\/figure>\n<h2 class=\"\" style=\"text-align: justify;\">Octubre<\/h2>\n<ul style=\"text-align: justify;\">\n<li>Con el exmandatario Jair Bolsonaro inhabilitado, el d\u00eda 4 se llevar\u00e1n a cabo elecciones generales en Brasil. El presidente, Lula da Silva, es elegible para un cuarto mandato y <a title=\"https:\/\/elpais.com\/opinion\/2024-06-20\/la-prisa-y-los-miedos-de-lula-por-las-presidenciales-del-2026.html\" href=\"https:\/\/elpais.com\/opinion\/2024-06-20\/la-prisa-y-los-miedos-de-lula-por-las-presidenciales-del-2026.html\" rel=\"\" data-link-track-dtm=\"\" data-mrf-link=\"https:\/\/elpais.com\/opinion\/2024-06-20\/la-prisa-y-los-miedos-de-lula-por-las-presidenciales-del-2026.html\">encabeza casi todas las encuestas, pero a\u00fan es una inc\u00f3gnita si se vuelve a presentar<\/a> o no.<\/li>\n<li>Tambi\u00e9n Israel celebrar\u00e1 elecciones parlamentarias. Ser\u00e1n el d\u00eda 27 y las \u00faltimas encuestas colocan en primer lugar a Likud, el partido que lidera el actual primer ministro, Benjam\u00edn Netanyahu, quien aspira a la reelecci\u00f3n. En parte, estos comicios <a title=\"https:\/\/elpais.com\/internacional\/2024-08-25\/netanyahu-vuelve-a-ser-el-mas-popular.html\" href=\"https:\/\/elpais.com\/internacional\/2024-08-25\/netanyahu-vuelve-a-ser-el-mas-popular.html\" rel=\"\" data-link-track-dtm=\"\" data-mrf-link=\"https:\/\/elpais.com\/internacional\/2024-08-25\/netanyahu-vuelve-a-ser-el-mas-popular.html\">servir\u00e1n como term\u00f3metro social del apoyo ciudadano a la guerra de Israel<\/a> en Gaza.<\/li>\n<li>El d\u00eda 20 se cumplir\u00e1n 15 a\u00f1os desde que <a title=\"https:\/\/elpais.com\/politica\/2011\/10\/19\/actualidad\/1319056094_153776.html\" href=\"https:\/\/elpais.com\/politica\/2011\/10\/19\/actualidad\/1319056094_153776.html\" rel=\"\" data-link-track-dtm=\"\" data-mrf-link=\"https:\/\/elpais.com\/politica\/2011\/10\/19\/actualidad\/1319056094_153776.html\">ETA anunci\u00f3 el cese definitivo de su actividad terrorista <\/a>a trav\u00e9s de un v\u00eddeo. Una fecha que abri\u00f3 un nuevo cap\u00edtulo en la historia de Espa\u00f1a.<\/li>\n<\/ul>\n<figure class=\"a_m a_m-h \" style=\"text-align: justify;\"><span class=\"_db a_m_w _pr lb_btn\"><img data-recalc-dims=\"1\" loading=\"lazy\" decoding=\"async\" class=\"_re lazyload a_m-h\" src=\"https:\/\/i0.wp.com\/imagenes.elpais.com\/resizer\/v2\/ZKG2GDWXONFRBFCBAZOA23JYKQ.jpg?resize=414%2C230&#038;ssl=1\" sizes=\"auto, (min-width:1199px) 1155px,(min-width:1001px) calc(100vw - 44px),(min-width:768px) 767px, 100vw\" srcset=\"https:\/\/imagenes.elpais.com\/resizer\/v2\/ZKG2GDWXONFRBFCBAZOA23JYKQ.jpg?auth=7b6d8629838ee8021992ba311dbcbb4bd1361b346ce8a4a0467421aad31cb6cb&amp;width=414 414w,https:\/\/imagenes.elpais.com\/resizer\/v2\/ZKG2GDWXONFRBFCBAZOA23JYKQ.jpg?auth=7b6d8629838ee8021992ba311dbcbb4bd1361b346ce8a4a0467421aad31cb6cb&amp;width=828 640w,https:\/\/imagenes.elpais.com\/resizer\/v2\/ZKG2GDWXONFRBFCBAZOA23JYKQ.jpg?auth=7b6d8629838ee8021992ba311dbcbb4bd1361b346ce8a4a0467421aad31cb6cb&amp;width=980 1000w,https:\/\/imagenes.elpais.com\/resizer\/v2\/ZKG2GDWXONFRBFCBAZOA23JYKQ.jpg?auth=7b6d8629838ee8021992ba311dbcbb4bd1361b346ce8a4a0467421aad31cb6cb&amp;width=1960 1960w\" width=\"414\" height=\"230\" \/><\/span><figcaption class=\"a_m_p\" aria-hidden=\"true\">Los tres miembros de ETA que anunciaron el cese de la violencia en 2011.<\/figcaption><\/figure>\n<h2 class=\"\" style=\"text-align: justify;\">Noviembre<\/h2>\n<ul style=\"text-align: justify;\">\n<li>El d\u00eda 3 se celebrar\u00e1n en <a title=\"https:\/\/elpais.com\/internacional\/2025-12-19\/mas-de-40-congresistas-democratas-piden-por-carta-a-trump-que-cese-en-sus-intentos-de-socavar-la-democracia-en-brasil.html\" href=\"https:\/\/elpais.com\/internacional\/2025-12-19\/mas-de-40-congresistas-democratas-piden-por-carta-a-trump-que-cese-en-sus-intentos-de-socavar-la-democracia-en-brasil.html\" rel=\"\" data-link-track-dtm=\"\" data-mrf-link=\"https:\/\/elpais.com\/internacional\/2025-12-19\/mas-de-40-congresistas-democratas-piden-por-carta-a-trump-que-cese-en-sus-intentos-de-socavar-la-democracia-en-brasil.html\">Estados Unidos elecciones de medio t\u00e9rmino <\/a>para renovar un tercio del Senado y toda la C\u00e1mara de Representantes. Desde el comienzo de la segunda presidencia de Donald Trump, ambas C\u00e1maras han estado bajo mayor\u00eda republicana. Las \u00faltimas encuestas apuntan a una mayor\u00eda de votos a favor de los dem\u00f3cratas.<\/li>\n<li>Los d\u00edas 4 y 5 <a title=\"https:\/\/elpais.com\/espana\/2025-02-05\/el-gobierno-elige-madrid-como-sede-de-la-xxx-cumbre-iberoamericana-a-finales-de-2026.html\" href=\"https:\/\/elpais.com\/espana\/2025-02-05\/el-gobierno-elige-madrid-como-sede-de-la-xxx-cumbre-iberoamericana-a-finales-de-2026.html\" rel=\"\" data-link-track-dtm=\"\" data-mrf-link=\"https:\/\/elpais.com\/espana\/2025-02-05\/el-gobierno-elige-madrid-como-sede-de-la-xxx-cumbre-iberoamericana-a-finales-de-2026.html\">Madrid albergar\u00e1 la XXX Cumbre Iberoamericana<\/a>, en la que los jefes de Estado y de Gobierno celebran reuniones para fortalecer la cooperaci\u00f3n. Con Felipe VI como anfitri\u00f3n por primera vez, se espera que sea m\u00e1s exitosa que la \u00faltima, que termin\u00f3 antes de lo planeado.<\/li>\n<li>El 13 se cumplir\u00e1n 20 a\u00f1os desde que YouTube pas\u00f3 a formar parte de Google. Hoy, como <a title=\"https:\/\/elpais.com\/television\/2025-08-21\/asi-ha-conquistado-youtube-los-televisores.html\" href=\"https:\/\/elpais.com\/television\/2025-08-21\/asi-ha-conquistado-youtube-los-televisores.html\" rel=\"\" data-link-track-dtm=\"\" data-mrf-link=\"https:\/\/elpais.com\/television\/2025-08-21\/asi-ha-conquistado-youtube-los-televisores.html\">segunda p\u00e1gina m\u00e1s visitada del mundo y plataforma l\u00edder de entretenimiento<\/a>, se ha convertido en la forma en que toda una generaci\u00f3n consume informaci\u00f3n.<\/li>\n<\/ul>\n<figure class=\"a_m a_m-h \" style=\"text-align: justify;\"><span class=\"_db a_m_w _pr lb_btn\"><img data-recalc-dims=\"1\" loading=\"lazy\" decoding=\"async\" class=\"_re lazyload a_m-h\" src=\"https:\/\/i0.wp.com\/imagenes.elpais.com\/resizer\/v2\/VQTG6ADK2ZCFBEJLOAU6ZSJ6BA.jpg?resize=414%2C277&#038;ssl=1\" sizes=\"auto, (min-width:1199px) 1155px,(min-width:1001px) calc(100vw - 44px),(min-width:768px) 767px, 100vw\" srcset=\"https:\/\/imagenes.elpais.com\/resizer\/v2\/VQTG6ADK2ZCFBEJLOAU6ZSJ6BA.jpg?auth=82a6177d22cb3ba0d5703346b7884a3f85007fdaaa65846eb54b06a7c0c4285f&amp;width=414 414w,https:\/\/imagenes.elpais.com\/resizer\/v2\/VQTG6ADK2ZCFBEJLOAU6ZSJ6BA.jpg?auth=82a6177d22cb3ba0d5703346b7884a3f85007fdaaa65846eb54b06a7c0c4285f&amp;width=828 640w,https:\/\/imagenes.elpais.com\/resizer\/v2\/VQTG6ADK2ZCFBEJLOAU6ZSJ6BA.jpg?auth=82a6177d22cb3ba0d5703346b7884a3f85007fdaaa65846eb54b06a7c0c4285f&amp;width=980 1000w,https:\/\/imagenes.elpais.com\/resizer\/v2\/VQTG6ADK2ZCFBEJLOAU6ZSJ6BA.jpg?auth=82a6177d22cb3ba0d5703346b7884a3f85007fdaaa65846eb54b06a7c0c4285f&amp;width=1960 1960w\" width=\"414\" height=\"277\" \/><\/span><figcaption class=\"a_m_p\" aria-hidden=\"true\">El Capitolio de Estados Unidos, en Washington.<span class=\"a_m_m\">Getty Images<\/span><\/figcaption><\/figure>\n<h2 class=\"\" style=\"text-align: justify;\">Diciembre<\/h2>\n<ul style=\"text-align: justify;\">\n<li>El 22 est\u00e1n previstas las primeras elecciones generales de Sud\u00e1n del Sur desde su independencia en 2011. Tras varios aplazamientos, <a title=\"https:\/\/elpais.com\/planeta-futuro\/2023-11-18\/sudan-del-sur-una-emergencia-a-espaldas-del-mundo.html\" href=\"https:\/\/elpais.com\/planeta-futuro\/2023-11-18\/sudan-del-sur-una-emergencia-a-espaldas-del-mundo.html\" rel=\"\" data-link-track-dtm=\"\" data-mrf-link=\"https:\/\/elpais.com\/planeta-futuro\/2023-11-18\/sudan-del-sur-una-emergencia-a-espaldas-del-mundo.html\">estos comicios son una deuda con los ciudadanos<\/a>, que despu\u00e9s de una guerra civil tambi\u00e9n acogen desde 2023 a refugiados de Sud\u00e1n, donde se desencadena la mayor crisis humanitaria del mundo.<\/li>\n<li>El d\u00eda 29 se conmemorar\u00e1 un siglo de <a title=\"https:\/\/elpais.com\/opinion\/2023-07-22\/1923-plenitud-poetica-de-rilke.html\" href=\"https:\/\/elpais.com\/opinion\/2023-07-22\/1923-plenitud-poetica-de-rilke.html\" rel=\"\" data-link-track-dtm=\"\" data-mrf-link=\"https:\/\/elpais.com\/opinion\/2023-07-22\/1923-plenitud-poetica-de-rilke.html\">la muerte del poeta Rainer Maria Rilke<\/a>. Lumen lanza una nueva edici\u00f3n de <i>Sonetos a Orfeo<\/i>, con poemas y cartas in\u00e9ditas.<\/li>\n<li>Con el fin de 2026 terminar\u00e1 el plazo de ejecuci\u00f3n de los <a title=\"https:\/\/elpais.com\/economia\/2025-12-08\/el-gobierno-rebaja-la-agenda-de-reformas-para-salvar-la-llegada-de-25000-millones-del-plan-europeo-de-recuperacion.html\" href=\"https:\/\/elpais.com\/economia\/2025-12-08\/el-gobierno-rebaja-la-agenda-de-reformas-para-salvar-la-llegada-de-25000-millones-del-plan-europeo-de-recuperacion.html\" rel=\"\" data-link-track-dtm=\"\" data-mrf-link=\"https:\/\/elpais.com\/economia\/2025-12-08\/el-gobierno-rebaja-la-agenda-de-reformas-para-salvar-la-llegada-de-25000-millones-del-plan-europeo-de-recuperacion.html\">fondos Next Generation UE<\/a>, el paquete de ayudas m\u00e1s grande impulsado por la Uni\u00f3n Europea, proyectado en 2020 para la recuperaci\u00f3n de la covid-19 y financiado con deuda comunitaria.<\/li>\n<\/ul>\n<figure class=\"a_m a_m-v \" style=\"text-align: justify;\"><span class=\"_db a_m_w _pr lb_btn\"><img data-recalc-dims=\"1\" loading=\"lazy\" decoding=\"async\" class=\"_re lazyload a_m-v\" src=\"https:\/\/i0.wp.com\/imagenes.elpais.com\/resizer\/v2\/LLORN7HDMNHJPCDRAVIUIAT4YU.jpg?resize=414%2C532&#038;ssl=1\" sizes=\"auto, (min-width:1199px) 1155px,(min-width:1001px) calc(100vw - 44px),(min-width:768px) 767px, 100vw\" srcset=\"https:\/\/imagenes.elpais.com\/resizer\/v2\/LLORN7HDMNHJPCDRAVIUIAT4YU.jpg?auth=ba6f6f7be660f69cc9323301c5375fb8a2cc77cf50059b64d09c878f051c371a&amp;width=414 414w,https:\/\/imagenes.elpais.com\/resizer\/v2\/LLORN7HDMNHJPCDRAVIUIAT4YU.jpg?auth=ba6f6f7be660f69cc9323301c5375fb8a2cc77cf50059b64d09c878f051c371a&amp;width=828 640w,https:\/\/imagenes.elpais.com\/resizer\/v2\/LLORN7HDMNHJPCDRAVIUIAT4YU.jpg?auth=ba6f6f7be660f69cc9323301c5375fb8a2cc77cf50059b64d09c878f051c371a&amp;width=980 1000w,https:\/\/imagenes.elpais.com\/resizer\/v2\/LLORN7HDMNHJPCDRAVIUIAT4YU.jpg?auth=ba6f6f7be660f69cc9323301c5375fb8a2cc77cf50059b64d09c878f051c371a&amp;width=1960 1960w\" width=\"414\" height=\"532\" \/><\/span><figcaption class=\"a_m_p\" aria-hidden=\"true\">Retrato del poeta alem\u00e1n Rainer Maria Rilke en 1906.<span class=\"a_m_m\">Getty Images<\/span><\/figcaption><\/figure>\n","protected":false},"excerpt":{"rendered":"<p>Efem\u00e9rides, aniversarios, grandes citas culturales, deportivas, medioambientales y una intensa actividad pol\u00edtica dentro y fuera&#8230;<\/p>\n","protected":false},"author":1,"featured_media":81138,"comment_status":"closed","ping_status":"closed","sticky":false,"template":"","format":"standard","meta":{"_coblocks_attr":"","_coblocks_dimensions":"","_coblocks_responsive_height":"","_coblocks_accordion_ie_support":"","jetpack_post_was_ever_published":false,"_jetpack_newsletter_access":"","_jetpack_dont_email_post_to_subs":false,"_jetpack_newsletter_tier_id":0,"_jetpack_memberships_contains_paywalled_content":false,"_jetpack_memberships_contains_paid_content":false,"footnotes":"","jetpack_publicize_message":"","jetpack_publicize_feature_enabled":true,"jetpack_social_post_already_shared":true,"jetpack_social_options":{"image_generator_settings":{"template":"highway","default_image_id":0,"enabled":false},"version":2}},"categories":[1161,44,7671,6937],"tags":[],"class_list":["post-81137","post","type-post","status-publish","format-standard","has-post-thumbnail","hentry","category-ciudadania","category-noticias-de-hoy","category-politica","category-sociedad"],"jetpack_publicize_connections":[],"jetpack_featured_media_url":"https:\/\/miradordeatarfe.es\/wp-content\/uploads\/2025\/12\/EETILUMOVRDSZF4PTMDEZ7BHZQ.avif","jetpack_likes_enabled":true,"jetpack_sharing_enabled":true,"_links":{"self":[{"href":"https:\/\/miradordeatarfe.es\/index.php?rest_route=\/wp\/v2\/posts\/81137","targetHints":{"allow":["GET"]}}],"collection":[{"href":"https:\/\/miradordeatarfe.es\/index.php?rest_route=\/wp\/v2\/posts"}],"about":[{"href":"https:\/\/miradordeatarfe.es\/index.php?rest_route=\/wp\/v2\/types\/post"}],"author":[{"embeddable":true,"href":"https:\/\/miradordeatarfe.es\/index.php?rest_route=\/wp\/v2\/users\/1"}],"replies":[{"embeddable":true,"href":"https:\/\/miradordeatarfe.es\/index.php?rest_route=%2Fwp%2Fv2%2Fcomments&post=81137"}],"version-history":[{"count":1,"href":"https:\/\/miradordeatarfe.es\/index.php?rest_route=\/wp\/v2\/posts\/81137\/revisions"}],"predecessor-version":[{"id":81139,"href":"https:\/\/miradordeatarfe.es\/index.php?rest_route=\/wp\/v2\/posts\/81137\/revisions\/81139"}],"wp:featuredmedia":[{"embeddable":true,"href":"https:\/\/miradordeatarfe.es\/index.php?rest_route=\/wp\/v2\/media\/81138"}],"wp:attachment":[{"href":"https:\/\/miradordeatarfe.es\/index.php?rest_route=%2Fwp%2Fv2%2Fmedia&parent=81137"}],"wp:term":[{"taxonomy":"category","embeddable":true,"href":"https:\/\/miradordeatarfe.es\/index.php?rest_route=%2Fwp%2Fv2%2Fcategories&post=81137"},{"taxonomy":"post_tag","embeddable":true,"href":"https:\/\/miradordeatarfe.es\/index.php?rest_route=%2Fwp%2Fv2%2Ftags&post=81137"}],"curies":[{"name":"wp","href":"https:\/\/api.w.org\/{rel}","templated":true}]}}