{"id":8120,"date":"2016-04-06T09:42:57","date_gmt":"2016-04-06T09:42:57","guid":{"rendered":"http:\/\/miradordeatarfe.es\/?p=8120"},"modified":"2016-04-07T08:04:39","modified_gmt":"2016-04-07T08:04:39","slug":"calendario-de-la-declaracion-de-la-renta-2015-cuando-solicitar-el-borradory-cita-previa","status":"publish","type":"post","link":"https:\/\/miradordeatarfe.es\/?p=8120","title":{"rendered":"Calendario de la declaraci\u00f3n de la renta 2015 \u00bfCu\u00e1ndo solicitar el borrador?\u00bfY cita previa?"},"content":{"rendered":"<div id=\"cuerpo_noticia\" class=\"articulo-cuerpo\">\n<p class=\"sumario__interior\">Este mi\u00e9rcoles 6 de abril arranca el plazo para pedir el borrador y presentar <strong>la declaraci\u00f3n de la renta<\/strong> de los ingresos que se percibieron en 2015. Se puede solicitar y confirmarlo (o modificarlo) para presentarlo desde las 00.01, la noche del martes al mi\u00e9rcoles. Y, por regla general, los contribuyentes tendr\u00e1n hasta el pr\u00f3ximo 30 de junio.<\/p>\n<p><!--more--><\/p>\n<p><a href=\"https:\/\/i0.wp.com\/miradordeatarfe.es\/wp-content\/uploads\/2016\/04\/1459883302_230114_1459883497_noticia_normal_recorte1.jpg?ssl=1\" rel=\"attachment wp-att-8121\"><img data-recalc-dims=\"1\" loading=\"lazy\" decoding=\"async\" class=\"alignnone size-full wp-image-8121\" src=\"https:\/\/i0.wp.com\/miradordeatarfe.es\/wp-content\/uploads\/2016\/04\/1459883302_230114_1459883497_noticia_normal_recorte1.jpg?resize=640%2C468&#038;ssl=1\" alt=\"1459883302_230114_1459883497_noticia_normal_recorte1\" width=\"640\" height=\"468\" srcset=\"https:\/\/i0.wp.com\/miradordeatarfe.es\/wp-content\/uploads\/2016\/04\/1459883302_230114_1459883497_noticia_normal_recorte1.jpg?w=1960&amp;ssl=1 1960w, https:\/\/i0.wp.com\/miradordeatarfe.es\/wp-content\/uploads\/2016\/04\/1459883302_230114_1459883497_noticia_normal_recorte1.jpg?resize=300%2C219&amp;ssl=1 300w, https:\/\/i0.wp.com\/miradordeatarfe.es\/wp-content\/uploads\/2016\/04\/1459883302_230114_1459883497_noticia_normal_recorte1.jpg?resize=768%2C562&amp;ssl=1 768w, https:\/\/i0.wp.com\/miradordeatarfe.es\/wp-content\/uploads\/2016\/04\/1459883302_230114_1459883497_noticia_normal_recorte1.jpg?resize=1024%2C749&amp;ssl=1 1024w, https:\/\/i0.wp.com\/miradordeatarfe.es\/wp-content\/uploads\/2016\/04\/1459883302_230114_1459883497_noticia_normal_recorte1.jpg?resize=600%2C439&amp;ssl=1 600w, https:\/\/i0.wp.com\/miradordeatarfe.es\/wp-content\/uploads\/2016\/04\/1459883302_230114_1459883497_noticia_normal_recorte1.jpg?w=1280&amp;ssl=1 1280w\" sizes=\"auto, (max-width: 640px) 100vw, 640px\" \/><\/a><\/p>\n<p>Sin embargo, si quieres que te ayuden a realizar el tr\u00e1mite, para solicitar cita previa y que te asistan en la Agencia Tributaria todav\u00eda tendr\u00e1s que esperar. <strong>Ese proceso se inicia el 4 de mayo.<\/strong> Los\u00a0 <em>trabajadores de la Agencia comenzar\u00e1n a atender a los ciudadanos desde el <\/em><strong>10 de mayo<\/strong>.<\/p>\n<p>En principio, la declaraci\u00f3n se puede presentar de forma telem\u00e1tica o en las oficinas bancarias <strong>hasta el 30 de junio.<\/strong> Pero si quieres domiciliar los pagos, para que sean autom\u00e1ticamente abonados (o cargados, si te sale a pagar) en tu cuenta bancaria, tendr\u00e1s<strong> 5 d\u00edas menos, hasta el 25 de junio<\/strong>.<\/p>\n<p><strong>Las devoluciones<\/strong> se inician a las 48 de abrirse el plazo para presentar las declaraciones, es decir, el <strong>9 de abril<\/strong>. La Agencia Tributaria dispone de un plazo de seis meses para efectuar las devoluciones, siempre que no encuentre alguna incidencia en su declaraci\u00f3n. Normalmente, Hacienda no tarda m\u00e1s de un mes en completar la devoluci\u00f3n y si efect\u00faa los tr\u00e1mites por Internet, en principio, ser\u00e1 m\u00e1s r\u00e1pido el proceso.<\/p>\n<section id=\"sumario_2|video\" class=\"sumario_video centro\"><a name=\"sumario_2\"><\/a><\/p>\n<div id=\"sumario__interior\">\n<div id=\"videonoticia\" class=\"media\">\n<figure class=\"foto\">\n<div id=\"multimediaPlayer_315349286\" class=\"video_MPEP\">\n<div id=\"divimg_975fb7abf3c038b98cdc60fd770186a5-1\" class=\"img_MPEP\"><a id=\"posicionador_975fb7abf3c038b98cdc60fd770186a5-1\" class=\"posicionador\" title=\"Ver v\u00eddeo\"><\/a><img data-recalc-dims=\"1\" loading=\"lazy\" decoding=\"async\" id=\"caratula_975fb7abf3c038b98cdc60fd770186a5-1\" src=\"https:\/\/i0.wp.com\/ep02.epimg.net\/economia\/videos\/2016\/04\/04\/actualidad\/1459796172_672005_25420000_fotograma_2.jpg?resize=640%2C358\" alt=\"\" width=\"640\" height=\"358\" border=\"0\" \/><\/div>\n<\/div><figcaption class=\"foto-pie\">Web m\u00f3vil de la Agencia Tributaria.<span class=\"foto-firma\">\u00a0<span class=\"foto-autor\">EFE \/ EL PA\u00cdS V\u00cdDEO<\/span><\/span><\/figcaption><\/figure>\n<\/div>\n<div class=\"sumario-texto\"><\/div>\n<\/div>\n<\/section>\n<\/div>\n<p>&nbsp;<\/p>\n","protected":false},"excerpt":{"rendered":"<p>Este mi\u00e9rcoles 6 de abril arranca el plazo para pedir el borrador y presentar la&#8230;<\/p>\n","protected":false},"author":1,"featured_media":8126,"comment_status":"closed","ping_status":"closed","sticky":false,"template":"","format":"standard","meta":{"_coblocks_attr":"","_coblocks_dimensions":"","_coblocks_responsive_height":"","_coblocks_accordion_ie_support":"","jetpack_post_was_ever_published":false,"_jetpack_newsletter_access":"","_jetpack_dont_email_post_to_subs":false,"_jetpack_newsletter_tier_id":0,"_jetpack_memberships_contains_paywalled_content":false,"_jetpack_memberships_contains_paid_content":false,"footnotes":"","jetpack_publicize_message":"","jetpack_publicize_feature_enabled":true,"jetpack_social_post_already_shared":false,"jetpack_social_options":{"image_generator_settings":{"template":"highway","default_image_id":0,"enabled":false},"version":2}},"categories":[1161,186,44,15],"tags":[386],"class_list":["post-8120","post","type-post","status-publish","format-standard","has-post-thumbnail","hentry","category-ciudadania","category-instituciones","category-noticias-de-hoy","category-ultimas-noticias","tag-declaracion-de-renta"],"jetpack_publicize_connections":[],"jetpack_featured_media_url":"https:\/\/i0.wp.com\/miradordeatarfe.es\/wp-content\/uploads\/2016\/04\/ren.png?fit=259%2C194&ssl=1","jetpack_likes_enabled":true,"jetpack_sharing_enabled":true,"_links":{"self":[{"href":"https:\/\/miradordeatarfe.es\/index.php?rest_route=\/wp\/v2\/posts\/8120","targetHints":{"allow":["GET"]}}],"collection":[{"href":"https:\/\/miradordeatarfe.es\/index.php?rest_route=\/wp\/v2\/posts"}],"about":[{"href":"https:\/\/miradordeatarfe.es\/index.php?rest_route=\/wp\/v2\/types\/post"}],"author":[{"embeddable":true,"href":"https:\/\/miradordeatarfe.es\/index.php?rest_route=\/wp\/v2\/users\/1"}],"replies":[{"embeddable":true,"href":"https:\/\/miradordeatarfe.es\/index.php?rest_route=%2Fwp%2Fv2%2Fcomments&post=8120"}],"version-history":[{"count":1,"href":"https:\/\/miradordeatarfe.es\/index.php?rest_route=\/wp\/v2\/posts\/8120\/revisions"}],"predecessor-version":[{"id":8122,"href":"https:\/\/miradordeatarfe.es\/index.php?rest_route=\/wp\/v2\/posts\/8120\/revisions\/8122"}],"wp:featuredmedia":[{"embeddable":true,"href":"https:\/\/miradordeatarfe.es\/index.php?rest_route=\/wp\/v2\/media\/8126"}],"wp:attachment":[{"href":"https:\/\/miradordeatarfe.es\/index.php?rest_route=%2Fwp%2Fv2%2Fmedia&parent=8120"}],"wp:term":[{"taxonomy":"category","embeddable":true,"href":"https:\/\/miradordeatarfe.es\/index.php?rest_route=%2Fwp%2Fv2%2Fcategories&post=8120"},{"taxonomy":"post_tag","embeddable":true,"href":"https:\/\/miradordeatarfe.es\/index.php?rest_route=%2Fwp%2Fv2%2Ftags&post=8120"}],"curies":[{"name":"wp","href":"https:\/\/api.w.org\/{rel}","templated":true}]}}