{"id":81428,"date":"2026-01-20T08:45:54","date_gmt":"2026-01-20T07:45:54","guid":{"rendered":"https:\/\/miradordeatarfe.es\/?p=81428"},"modified":"2026-01-18T16:58:42","modified_gmt":"2026-01-18T15:58:42","slug":"los-domingos-arrasa-en-las-nominaciones-a-los-goya","status":"publish","type":"post","link":"https:\/\/miradordeatarfe.es\/?p=81428","title":{"rendered":"\u2018Los domingos\u2019 arrasa en las nominaciones a los Goya"},"content":{"rendered":"<h3 class=\"articleSubtitle\" style=\"text-align: justify;\">La pel\u00edcula de Alauda Ruiz de Az\u00faa y \u2018Sirat\u2019, de Oliver Laxe, parten como favoritas en esta edici\u00f3n<\/h3>\n<h3 class=\"articleSubtitle\" style=\"text-align: justify;\">La Academia de Cine ha anunciado los nominados y nominadas a la 40 edici\u00f3n de los Premios Goya, que se entregar\u00e1n el pr\u00f3ximo 28 de febrero en Barcelona. La actriz\u00a0Toni Acosta\u00a0y el actor y productor\u00a0Arturo Valls\u00a0han sido los encargados de desvelar<\/h3>\n<div class=\"articleContent firstArticleContent\" style=\"text-align: justify;\">\n<div class=\"contentP\">\n<p class=\"articleContentParagraph\">La historia de la joven de 17 a\u00f1os que decide hacerse monja de clausura ha sido seleccionada en los apartados de mejor pel\u00edcula, direcci\u00f3n, guion original (Alauda Ruiz de Az\u00faa), actor protagonista (Miguel Garc\u00e9s), actriz protagonista (Patricia L\u00f3pez Arnaiz), actriz revelaci\u00f3n (Blanca Soroa), actor de reparto (Juan Minuj\u00edn), actriz de reparto (Nagore Aramburu), sonido (Andrea S\u00e1enz Pereiro y Mayte Cabrera), direcci\u00f3n de producci\u00f3n (Itziar Garc\u00eda Zubiri), mejor fotograf\u00eda (Bet Rourich), montaje (Andr\u00e9s Gil) y dise\u00f1o de vestuario (Ana Mart\u00ednez Fesser).<\/p>\n<p class=\"articleContentParagraph\">Por su parte,<em> Sirat<\/em>, el filme de Oliver Laxe que representar\u00e1 a Espa\u00f1a en los Oscar, ha conseguido un total de 11 nominaciones: mejor pel\u00edcula, direcci\u00f3n, guion original (Oliver Laxe y Santiago Fillol), m\u00fasica original (Kangding Ray), direcci\u00f3n de producci\u00f3n (Oriol Maym\u00f3), fotograf\u00eda (Mauro Herce), montaje (Crist\u00f3bal Fern\u00e1ndez), direcci\u00f3n de arte (Laia Ateca), maquillaje y peluquer\u00eda (Zaira Eva Ad\u00e9n), sonido (Amanda Villavieja, Laia Casanovas, Yasmina Praderas)\u00a0 y efectos especiales (Pepe Claret y Benjam\u00edn Ageorges).tre las m\u00e1s nominadas est\u00e1n tambi\u00e9n <em>Maspalomas<\/em> (9 nominaciones), <em>La cena<\/em> (8 nominaciones), <em>Sorda<\/em>, <em>El cautivo<\/em> y <em>Los tigres<\/em> (7 nominaciones cada una), <em>Romer\u00eda<\/em> (6 nominaciones) y <em>Ciudad sin sue\u00f1o<\/em> (5 nominaciones).<\/p>\n<\/div>\n<\/div>\n<div class=\"articleContent secondArticleContent\">\n<div class=\"contentP clearFloat\">\n<p class=\"articleContentParagraph\" style=\"text-align: justify;\">Adem\u00e1s de los t\u00edtulos de Ruiz de Az\u00faa y Laxe, en la categor\u00eda de mejor pel\u00edcula competir\u00e1n <em>La cena<\/em>, dirigida por\u00a0Manuel G\u00f3mez Pereira;\u00a0<em>Maspalomas<\/em>, dirigida por\u00a0Aitor Arregi\u00a0y\u00a0Jose Mari Goenaga, y\u00a0<em>Sorda<\/em>, dirigida por\u00a0Eva Libertad.<\/p>\n<p class=\"articleContentParagraph\" style=\"text-align: justify;\">El Goya a Mejor direcci\u00f3n estar\u00e1 entre\u00a0Alauda Ruiz de Az\u00faa, por\u00a0<em>Los domingos<\/em>;\u00a0Aitor Arregi\u00a0y\u00a0Jose Mari Goenaga, por\u00a0<em>Maspalomas<\/em>;\u00a0Carla Sim\u00f3n, por\u00a0<em>Romer\u00eda<\/em>;\u00a0Oliver Laxe, por\u00a0<em>Sirat<\/em>; y\u00a0Albert Serra, por\u00a0<em>Tardes de soledad<\/em>.<\/p>\n<p class=\"articleContentParagraph\" style=\"text-align: justify;\">Aspiran al Goya a mejor actriz protagonista\u00a0\u00c1ngela Cervantes, por\u00a0<em>La furia<\/em>;\u00a0Patricia Lopez Arnaiz, por\u00a0<em>Los domingos<\/em>;\u00a0Antonia Zegers, por\u00a0<em>Los tortuga<\/em>;\u00a0Nora Navas, por\u00a0<em>Mi amiga Eva<\/em>, y\u00a0Susana Abaitua, por\u00a0<em>Un fantasma en la batalla<\/em>.<\/p>\n<p class=\"articleContentParagraph\" style=\"text-align: justify;\">Alberto San Juan, por\u00a0<em>La cena<\/em>;\u00a0Miguel Garc\u00e9s, por\u00a0<em>Los Domingos<\/em>;\u00a0Jos\u00e9 Ram\u00f3n Soroiz, por\u00a0<em>Maspalomas<\/em>;\u00a0Mario Casas, por\u00a0<em>Muy lejos<\/em>; y\u00a0Manolo Solo, por\u00a0<em>Una quinta portuguesa,<\/em>\u00a0optan al Goya a mejor actor protagonista.<\/p>\n<p class=\"articleContentParagraph\" style=\"text-align: justify;\">Ion de Sosa, por\u00a0<em>Balearic<\/em>;\u00a0Jaume Claret Muxart, por\u00a0<em>Estrany riu<\/em>;\u00a0Gemma Blasco, por\u00a0<em>La furia<\/em>;\u00a0Gerard Oms, por\u00a0<em>Muy lejos,<\/em>\u00a0y\u00a0Eva Libertad<strong>,<\/strong>\u00a0por\u00a0<em>Sorda,<\/em>\u00a0figuran en la categor\u00eda de mejor direcci\u00f3n novel.<\/p>\n<p class=\"articleContentParagraph\" style=\"text-align: justify;\">\u201cHemos sentido mucha emoci\u00f3n, pero sobre todo much\u00edsimo agradecimiento a los compa\u00f1eros y compa\u00f1eras, que saben lo que cuesta llevar los proyectos a buen puerto. Nunca te esperas tantas nominaciones. La gente es muy cari\u00f1osa, te transmite buenos deseos y piensas que puedes optar a algo, pero esto no lo imaginas\u201d, reconoc\u00eda tras el anuncio de las nominaciones Alauda Ruiz de Az\u00faa, directora de\u00a0<em>Los domingos<\/em>.<\/p>\n<p class=\"articleContentParagraph\" style=\"text-align: justify;\">Tambi\u00e9n se ha mostrado \u201cemocionad\u00edsima\u201d Eva Libertad, directora de <em>Sorda<\/em>. <em>\u201c<\/em>Es un honor estas siete nominaciones en un a\u00f1o muy bueno para el cine espa\u00f1ol. Todav\u00eda no hay referentes para la comunidad sorda y eso lleva una responsabilidad, pero nunca hemos querido ser representantes de todas las personas sordas. Pero la pel\u00edcula s\u00ed ha abierto un camino\u201d.<\/p>\n<p class=\"articleContentParagraph\" style=\"text-align: justify;\">El actor\u00a0Luis Tosar\u00a0y la actriz y cantante Rigoberta Bandini presentar\u00e1n los Goya 2026, que se entregar\u00e1n el pr\u00f3ximo 28 de febrero en el Auditori Forum CCIB de Barcelona. Durante la ceremonia, el cineasta Gonzalo Su\u00e1rez ser\u00e1 reconocido con el Goya de Honor de 2026.<\/p>\n<h3>Silvia Oca\u00f1a<\/h3>\n<p>FOTO: La joven Blanca Soroa, protagonista de &#8216;Los domingos&#8217;, opta al Goya a mejor actriz revelaci\u00f3n.<\/p>\n<p>https:\/\/www.mujeresaseguir.com\/cultura\/noticia\/1191602048715\/los-domingos-arrasa-en-las-nominaciones-a-los-goya.1.html<\/p>\n<\/div>\n<\/div>\n","protected":false},"excerpt":{"rendered":"<p>La pel\u00edcula de Alauda Ruiz de Az\u00faa y \u2018Sirat\u2019, de Oliver Laxe, parten como favoritas&#8230;<\/p>\n","protected":false},"author":1,"featured_media":81429,"comment_status":"closed","ping_status":"closed","sticky":false,"template":"","format":"standard","meta":{"_coblocks_attr":"","_coblocks_dimensions":"","_coblocks_responsive_height":"","_coblocks_accordion_ie_support":"","jetpack_post_was_ever_published":false,"_jetpack_newsletter_access":"","_jetpack_dont_email_post_to_subs":false,"_jetpack_newsletter_tier_id":0,"_jetpack_memberships_contains_paywalled_content":false,"_jetpack_memberships_contains_paid_content":false,"footnotes":"","jetpack_publicize_message":"","jetpack_publicize_feature_enabled":true,"jetpack_social_post_already_shared":true,"jetpack_social_options":{"image_generator_settings":{"template":"highway","default_image_id":0,"enabled":false},"version":2}},"categories":[1161,14,44,6937],"tags":[],"class_list":["post-81428","post","type-post","status-publish","format-standard","has-post-thumbnail","hentry","category-ciudadania","category-feminismo","category-noticias-de-hoy","category-sociedad"],"jetpack_publicize_connections":[],"jetpack_featured_media_url":"https:\/\/i0.wp.com\/miradordeatarfe.es\/wp-content\/uploads\/2026\/01\/57.webp?fit=1270%2C589&ssl=1","jetpack_likes_enabled":true,"jetpack_sharing_enabled":true,"_links":{"self":[{"href":"https:\/\/miradordeatarfe.es\/index.php?rest_route=\/wp\/v2\/posts\/81428","targetHints":{"allow":["GET"]}}],"collection":[{"href":"https:\/\/miradordeatarfe.es\/index.php?rest_route=\/wp\/v2\/posts"}],"about":[{"href":"https:\/\/miradordeatarfe.es\/index.php?rest_route=\/wp\/v2\/types\/post"}],"author":[{"embeddable":true,"href":"https:\/\/miradordeatarfe.es\/index.php?rest_route=\/wp\/v2\/users\/1"}],"replies":[{"embeddable":true,"href":"https:\/\/miradordeatarfe.es\/index.php?rest_route=%2Fwp%2Fv2%2Fcomments&post=81428"}],"version-history":[{"count":1,"href":"https:\/\/miradordeatarfe.es\/index.php?rest_route=\/wp\/v2\/posts\/81428\/revisions"}],"predecessor-version":[{"id":81430,"href":"https:\/\/miradordeatarfe.es\/index.php?rest_route=\/wp\/v2\/posts\/81428\/revisions\/81430"}],"wp:featuredmedia":[{"embeddable":true,"href":"https:\/\/miradordeatarfe.es\/index.php?rest_route=\/wp\/v2\/media\/81429"}],"wp:attachment":[{"href":"https:\/\/miradordeatarfe.es\/index.php?rest_route=%2Fwp%2Fv2%2Fmedia&parent=81428"}],"wp:term":[{"taxonomy":"category","embeddable":true,"href":"https:\/\/miradordeatarfe.es\/index.php?rest_route=%2Fwp%2Fv2%2Fcategories&post=81428"},{"taxonomy":"post_tag","embeddable":true,"href":"https:\/\/miradordeatarfe.es\/index.php?rest_route=%2Fwp%2Fv2%2Ftags&post=81428"}],"curies":[{"name":"wp","href":"https:\/\/api.w.org\/{rel}","templated":true}]}}