{"id":81454,"date":"2026-01-21T10:42:57","date_gmt":"2026-01-21T09:42:57","guid":{"rendered":"https:\/\/miradordeatarfe.es\/?p=81454"},"modified":"2026-01-18T17:55:16","modified_gmt":"2026-01-18T16:55:16","slug":"la-historia-detras-de-la-chirigota-de-los-stephen-hawking-de-cadiz","status":"publish","type":"post","link":"https:\/\/miradordeatarfe.es\/?p=81454","title":{"rendered":"La historia detr\u00e1s de la chirigota de los Stephen Hawking de C\u00e1diz"},"content":{"rendered":"<header class=\"a_e _g _g-xs\">\n<div class=\"a_e_txt _df\">\n<h3 class=\"a_t\" style=\"text-align: justify;\">La historia detr\u00e1s de la chirigota de los Stephen Hawking de C\u00e1diz: humor negro y solidaridad con la ELA<\/h3>\n<p class=\"a_st\" style=\"text-align: justify;\">La agrupaci\u00f3n se hace viral con una caracterizaci\u00f3n arriesgada y promete donar sus sillas a enfermos con esclerosis: \u201cEra una idea de todo o nada\u201d<\/p>\n<\/div>\n<\/header>\n<div class=\"a_c clearfix\" data-dtm-region=\"articulo_cuerpo\">\n<p class=\"\" style=\"text-align: justify;\">Una docena de hombres encorvados sobre sillas motorizadas y caracterizados como el astrof\u00edsico Stephen Hawking est\u00e1n listos en ese micro universo surrealista y sat\u00edrico que se concentra entre el forillo y el <a title=\"https:\/\/elpais.com\/espana\/2026-01-10\/cadiz-se-entrega-a-la-batalla-por-las-mejores-coplas-de-su-carnaval-con-123-agrupaciones-de-adultos.html\" href=\"https:\/\/elpais.com\/espana\/2026-01-10\/cadiz-se-entrega-a-la-batalla-por-las-mejores-coplas-de-su-carnaval-con-123-agrupaciones-de-adultos.html\" target=\"_self\" rel=\"\" data-link-track-dtm=\"\" data-mrf-link=\"https:\/\/elpais.com\/espana\/2026-01-10\/cadiz-se-entrega-a-la-batalla-por-las-mejores-coplas-de-su-carnaval-con-123-agrupaciones-de-adultos.html\">tel\u00f3n del Gran Teatro Falla de C\u00e1diz<\/a>. Se alza el cortinaje rojo del Falla y se desvela el misterio que se escond\u00eda tras el nombre <i>Una chirigota en teor\u00eda<\/i>. Silencio en el patio de butacas, todo puede pasar. \u201cEsos 10 segundos fueron aterradores, era un tipo [disfraz] muy complejo\u201d, reconoce el director Francisco Arag\u00f3n. El Falla estalla a carcajadas. Alivio en las filas de la agrupaci\u00f3n, que comienza a desgranar un repertorio que, en apenas un d\u00eda, se ha hecho viral en toda Espa\u00f1a.<\/p>\n<p class=\"\" style=\"text-align: justify;\">\u201cEra una idea de todo o nada\u201d, asegura su autor, el gaditano Miguel \u00c1ngel Llul. Y result\u00f3 que ha sido todo, tras su actuaci\u00f3n este pasado mi\u00e9rcoles en la fase de Preliminares del Concurso Oficial de Agrupaciones Carnavalescas (COAC) de C\u00e1diz. Tanto que en la chirigota se reconocen extenuados y saturados, despu\u00e9s de tanto mensaje y entrevista. \u201cEstamos cansados pero felices\u201d, asegura Llul, tras una turn\u00e9 de televisiones nacionales y varias llamadas en las que ya incluso han cerrado contrataciones para despu\u00e9s del certamen de coplas, en el que aspiran a ir superando los sucesivos cortes hasta llegar a la gran final del pr\u00f3ximo 13 de febrero. Despu\u00e9s, aseguran que donar\u00e1n las 12 sillas a enfermos de ELA que la necesiten.<\/p>\n<p class=\"\" style=\"text-align: justify;\">\u201cHa llegado el m\u00e1quina a disfrutar del Carnaval\u201d, canta la chirigota, nada m\u00e1s arrancar su repertorio de media hora sobre las tablas del Falla. En su apuesta por el arriesgado humor negro no solo copian la gestualidad de Hawking, tambi\u00e9n la voz rob\u00f3tica que usaba el astrof\u00edsico. Y, por si acaso, aclaran: \u201cNo te molestes que esto es para que te r\u00edas\u201d. Le sigue un repertorio surrealista, lleno de golpes de humor \u2014como el cupl\u00e9 en que dicen que aunque el problema de las especies invasoras es grave \u201cm\u00e1s peligro es currar con Julio Iglesias de limpiadora\u201d\u2014 y de momentos hilarantes, como una sevillana bailada sobre silla de ruedas: \u201cEn la Feria de Sevilla pas\u00e9 un mal rato porque yo en el albero siempre derrapo\u201d.<\/p>\n<div id=\"sum_youtube\" class=\"a_em _df _rt _rt-16x9\" style=\"text-align: justify;\" data-oembed-type=\"youtube\"><iframe loading=\"lazy\" title=\"Chirigota, Una chirigota en teor\u00eda - Preliminares\" src=\"https:\/\/www.youtube.com\/embed\/JocmCsI0q2A?feature=oembed\" width=\"560\" height=\"315\" frameborder=\"0\" allowfullscreen=\"allowfullscreen\" data-mce-fragment=\"1\"><\/iframe><\/div>\n<p class=\"\" style=\"text-align: justify;\">Aunque, bajo la capa del humor, subyace otro mensaje reivindicativo. A lo largo de las cuartetas dedican letras de elogio al propio Hawking: \u201cCon mis ganas de vivir y mi silla de ruedas yo he llegado a lo m\u00e1s alto, hasta las mismas estrellas\u201d. Tambi\u00e9n a la propia enfermedad de la Esclerosis Lateral Amiotr\u00f3fica que sufr\u00eda el cient\u00edfico: \u201cLa ELA me dej\u00f3 como veis, logr\u00e9 ser independiente, yo solito yo triunf\u00e9\u201d. Un d\u00eda despu\u00e9s de su pelotazo, es ah\u00ed donde Llul asegura que estaba la esencia de la agrupaci\u00f3n: \u201cSolemos tener compromiso con estos temas porque Paco [el director] trabaja con personas con discapacidad, la idea era darle voz y visibilidad\u201d.<\/p>\n<p class=\"\" style=\"text-align: justify;\">Justo por eso, la chirigota no se tir\u00f3 a la piscina del complicado humor negro sin escuchar antes a los propios afectados. Una vez con el repertorio listo y justo antes de su estreno en el COAC, la agrupaci\u00f3n decidi\u00f3 invitar al ensayo general a la asociaci\u00f3n ELA Andaluc\u00eda, que le dio sus bendiciones, seg\u00fan explica el autor. No es el \u00fanico aplauso que le ha llegado. El enfermo con ELA y activista Jordi Sabat\u00e9 comparti\u00f3 un mensaje en su perfil en X este pasado jueves: \u201cEsta chirigota me parece una genialidad\u201d. \u201cNo me esperaba esta repercusi\u00f3n, ayer [por el mi\u00e9rcoles] mi misi\u00f3n es que la gente se riese, pero esto es mucho m\u00e1s\u201d, explica Arag\u00f3n emocionado.<\/p>\n<p class=\"\" style=\"text-align: justify;\">Hac\u00eda m\u00e1s de un a\u00f1o que la chirigota <a title=\"https:\/\/elpais.com\/economia\/negocios\/2023-02-18\/asi-cobra-vida-una-chirigota-del-carnaval-de-cadiz.html\" href=\"https:\/\/elpais.com\/economia\/negocios\/2023-02-18\/asi-cobra-vida-una-chirigota-del-carnaval-de-cadiz.html\" target=\"_self\" rel=\"\" data-link-track-dtm=\"\" data-mrf-link=\"https:\/\/elpais.com\/economia\/negocios\/2023-02-18\/asi-cobra-vida-una-chirigota-del-carnaval-de-cadiz.html\">estaba barruntando una idea <\/a>que les surgi\u00f3 de una reuni\u00f3n improvisada de sus componentes. No fue en el Carnaval de 2025 \u2014en el que participaron bajo el nombre <i>Quien guarda, halla<\/i>\u2014, as\u00ed que estaba cantado para este COAC. \u201cSab\u00edamos que iba a ser complicado y nos plante\u00e1bamos la idea de a ver si la chirigota ca\u00eda de pie\u201d. De ese temor naci\u00f3 el estribillo que tambi\u00e9n convierte la cautela en humor negro: \u201cSi este a\u00f1o no cuaja por que es muy desagradable y el humor negro puede ofender, si no llegamos a Cuartos no me voy a sorprender. Este a\u00f1o, evidentemente, no vamos a caer de pie\u201d.<\/p>\n<figure class=\"a_m a_m-h \" style=\"text-align: justify;\"><span class=\"_db a_m_w _pr lb_btn\"><img data-recalc-dims=\"1\" loading=\"lazy\" decoding=\"async\" class=\"_re lazyload a_m-h alignleft\" src=\"https:\/\/i0.wp.com\/imagenes.elpais.com\/resizer\/v2\/G7SBOUZTB5PJVJET4MU7CYAPMQ.jpg?resize=414%2C277&#038;ssl=1\" sizes=\"auto, (min-width:1199px) 1155px,(min-width:1001px) calc(100vw - 44px),(min-width:768px) 767px, 100vw\" srcset=\"https:\/\/imagenes.elpais.com\/resizer\/v2\/G7SBOUZTB5PJVJET4MU7CYAPMQ.jpg?auth=2c5f0ee197cf489b65c6587df89d6087baa9d6050feb7c3f4dbb428a22a67cb5&amp;width=414 414w,https:\/\/imagenes.elpais.com\/resizer\/v2\/G7SBOUZTB5PJVJET4MU7CYAPMQ.jpg?auth=2c5f0ee197cf489b65c6587df89d6087baa9d6050feb7c3f4dbb428a22a67cb5&amp;width=828 640w,https:\/\/imagenes.elpais.com\/resizer\/v2\/G7SBOUZTB5PJVJET4MU7CYAPMQ.jpg?auth=2c5f0ee197cf489b65c6587df89d6087baa9d6050feb7c3f4dbb428a22a67cb5&amp;width=980 1000w,https:\/\/imagenes.elpais.com\/resizer\/v2\/G7SBOUZTB5PJVJET4MU7CYAPMQ.jpg?auth=2c5f0ee197cf489b65c6587df89d6087baa9d6050feb7c3f4dbb428a22a67cb5&amp;width=1960 1960w\" width=\"414\" height=\"277\" \/><\/span><figcaption class=\"a_m_p\" aria-hidden=\"true\">La agrupaci\u00f3n ya ha anunciado que donar\u00e1 las sillas a la asociaci\u00f3n ELA Andaluc\u00eda <span class=\"a_m_m\">REYNAFOTOGRAFO (EFE)<\/span><\/figcaption><\/figure>\n<p class=\"\" style=\"text-align: justify;\">La chirigota de Llul \u2014que ya lleva 13 a\u00f1os participando del Concurso\u2014 ha sido la encargada este a\u00f1o de traer a la palestra un debate habitual de cada COAC: los l\u00edmites del humor. El Carnaval de C\u00e1diz, de vocaci\u00f3n gamberra, casi que no se plantea estas cortapisas cuando act\u00faa en la calle, bajo el paraguas de las agrupaciones callejeras, tambi\u00e9n llamadas ilegales. Pero la discusi\u00f3n renace con cada idea o letra arriesgada que se canta sobre las tablas del Falla, debido a la fama nacional que ha adquirido el concurso y que hace que los mensajes se amplifiquen y difundan en redes sociales. <i>Una chirigota en teor\u00eda<\/i> ha sido, por ahora, la primera en hacer renacer la controversia. Aunque, en su primer pase, lo ha hecho con mayoritarias opiniones a favor de su arriesgada apuesta.<\/p>\n<p class=\"\" style=\"text-align: justify;\">Est\u00e1 por ver qu\u00e9 pasa en los sucesivos cortes, hasta d\u00f3nde consigue llegar la chirigota (hasta la gran final quedan otras tres cribas), y c\u00f3mo va desarrollando las letras in\u00e9ditas que a\u00fan le quedan por cantar. Por ahora, tras el descanso que los de Llul se tomaron ayer, este viernes tienen previsto volver a los ensayos. Lo que s\u00ed parece seguro es que el grupo ya tiene el favor del p\u00fablico y que su pr\u00f3ximo pasacalles camino al Falla ser\u00e1 multitudinario. \u201cEsperamos que si pasamos, la gente se una\u201d, invita Llul.<\/p>\n<p class=\"\" style=\"text-align: justify;\">Cuando la agrupaci\u00f3n terminen todos sus pases y actuaciones comprometidas ya tiene tarea: sus componentes piensan donar las doce sillas que compraron a la asociaci\u00f3n ELA Andaluc\u00eda. \u201cSon sillas reales que nos costaron 400 euros cada una. Este a\u00f1o no hemos gastado mucho en el tipo y, en un primer momento, una marca nos iba a ceder gratuitamente las sillas\u201d, avanza el autor. Sin embargo, el grupo al final se decant\u00f3 por adquirirlas para poder hacer luego el gesto ben\u00e9fico de regalarlas a alguien que las necesite. \u201cYa que damos carga, tenemos el detalle\u201d, zanja entre risas.<\/p>\n<div class=\"a_md_a\" style=\"text-align: justify;\" data-dtm-region=\"articulo_firma\"><strong><a class=\"a_md_a_n\" title=\"Ver todas las noticias de Jes\u00fas A. Ca\u00f1as\" href=\"https:\/\/elpais.com\/autor\/jesus-antonio-canas-carrillo\/#?rel=author_top\" data-mrf-link=\"https:\/\/elpais.com\/autor\/jesus-antonio-canas-carrillo\/\">Jes\u00fas A. Ca\u00f1as<\/a><\/strong><\/div>\n<div data-dtm-region=\"articulo_firma\">\u00a0<\/div>\n<div data-dtm-region=\"articulo_firma\">FOTO:La chirigota &#8216;Una chirigota en teor\u00eda&#8217; durante su actuaci\u00f3n en Concurso Oficial de Agrupaciones del Carnaval de C\u00e1diz este pasado mi\u00e9rcoles por la noche <span class=\"a_m_m\">Foto: REYNAFOTOGRAFO (EFE) | V\u00eddeo: epv<\/span><\/div>\n<div data-dtm-region=\"articulo_firma\">\u00a0<\/div>\n<div data-dtm-region=\"articulo_firma\">https:\/\/elpais.com\/espana\/2026-01-16\/la-historia-detras-de-la-chirigota-de-los-stephen-hawking-de-cadiz-humor-negro-y-solidaridad-con-la-ela.html<\/div>\n<div class=\"w_rs\" data-dtm-region=\"articulo_botonera-social\">\n<div class=\"w_rs_i\">\u00a0<\/div>\n<\/div>\n<\/div>\n","protected":false},"excerpt":{"rendered":"<p>La historia detr\u00e1s de la chirigota de los Stephen Hawking de C\u00e1diz: humor negro y&#8230;<\/p>\n","protected":false},"author":1,"featured_media":81455,"comment_status":"closed","ping_status":"closed","sticky":false,"template":"","format":"standard","meta":{"_coblocks_attr":"","_coblocks_dimensions":"","_coblocks_responsive_height":"","_coblocks_accordion_ie_support":"","jetpack_post_was_ever_published":false,"_jetpack_newsletter_access":"","_jetpack_dont_email_post_to_subs":false,"_jetpack_newsletter_tier_id":0,"_jetpack_memberships_contains_paywalled_content":false,"_jetpack_memberships_contains_paid_content":false,"footnotes":"","jetpack_publicize_message":"","jetpack_publicize_feature_enabled":true,"jetpack_social_post_already_shared":true,"jetpack_social_options":{"image_generator_settings":{"template":"highway","default_image_id":0,"enabled":false},"version":2}},"categories":[10797,1161,44,10],"tags":[],"class_list":["post-81454","post","type-post","status-publish","format-standard","has-post-thumbnail","hentry","category-ciencia","category-ciudadania","category-noticias-de-hoy","category-salud"],"jetpack_publicize_connections":[],"jetpack_featured_media_url":"https:\/\/miradordeatarfe.es\/wp-content\/uploads\/2026\/01\/K555GWGGXNBCNMWNMB4BWBZTD4.avif","jetpack_likes_enabled":true,"jetpack_sharing_enabled":true,"_links":{"self":[{"href":"https:\/\/miradordeatarfe.es\/index.php?rest_route=\/wp\/v2\/posts\/81454","targetHints":{"allow":["GET"]}}],"collection":[{"href":"https:\/\/miradordeatarfe.es\/index.php?rest_route=\/wp\/v2\/posts"}],"about":[{"href":"https:\/\/miradordeatarfe.es\/index.php?rest_route=\/wp\/v2\/types\/post"}],"author":[{"embeddable":true,"href":"https:\/\/miradordeatarfe.es\/index.php?rest_route=\/wp\/v2\/users\/1"}],"replies":[{"embeddable":true,"href":"https:\/\/miradordeatarfe.es\/index.php?rest_route=%2Fwp%2Fv2%2Fcomments&post=81454"}],"version-history":[{"count":1,"href":"https:\/\/miradordeatarfe.es\/index.php?rest_route=\/wp\/v2\/posts\/81454\/revisions"}],"predecessor-version":[{"id":81456,"href":"https:\/\/miradordeatarfe.es\/index.php?rest_route=\/wp\/v2\/posts\/81454\/revisions\/81456"}],"wp:featuredmedia":[{"embeddable":true,"href":"https:\/\/miradordeatarfe.es\/index.php?rest_route=\/wp\/v2\/media\/81455"}],"wp:attachment":[{"href":"https:\/\/miradordeatarfe.es\/index.php?rest_route=%2Fwp%2Fv2%2Fmedia&parent=81454"}],"wp:term":[{"taxonomy":"category","embeddable":true,"href":"https:\/\/miradordeatarfe.es\/index.php?rest_route=%2Fwp%2Fv2%2Fcategories&post=81454"},{"taxonomy":"post_tag","embeddable":true,"href":"https:\/\/miradordeatarfe.es\/index.php?rest_route=%2Fwp%2Fv2%2Ftags&post=81454"}],"curies":[{"name":"wp","href":"https:\/\/api.w.org\/{rel}","templated":true}]}}