{"id":81461,"date":"2026-01-21T08:42:42","date_gmt":"2026-01-21T07:42:42","guid":{"rendered":"https:\/\/miradordeatarfe.es\/?p=81461"},"modified":"2026-01-21T13:08:09","modified_gmt":"2026-01-21T12:08:09","slug":"las-extraordinarias-hijas-de-marie-curie-que-hicieron-historia-dentro-y-fuera-del-laboratorio","status":"publish","type":"post","link":"https:\/\/miradordeatarfe.es\/?p=81461","title":{"rendered":"Las extraordinarias hijas de Marie Curie que hicieron historia dentro y fuera del laboratorio"},"content":{"rendered":"<h3 class=\"xl-a-t-nd\" style=\"text-align: justify;\">Vivieron bajo la luz \u2014y la sombra\u2014 del apellido m\u00e1s radiante de la ciencia. Una hered\u00f3 la pasi\u00f3n por los laboratorios y gan\u00f3 el Nobel; la otra prefiri\u00f3 el periodismo y retrat\u00f3 en un libro memorable el universo luminoso y tr\u00e1gico de su familia. Dos mujeres distintas, un mismo legado: conocimiento y curiosidad.<\/h3>\n<p class=\"voc-paragraph\" style=\"text-align: justify;\">casi cincuenta grados bajo cero, los tanques yac\u00edan varados entre ruinas a las afueras de Mosc\u00fa. en medio del silencio despu\u00e9s de la batalla, una mujer menuda tomaba notas con los dedos entumecidos.<\/p>\n<p class=\"voc-paragraph\" style=\"text-align: justify;\">\u00abA mi alrededor reinaba la muerte, el horror y la destrucci\u00f3n; sin embargo, este era el<span class=\"paywall\" data-mrf-recirculation=\"Link art\u00edculos\"> escenario de una gran victoria\u00bb. Era enero de 1942 y las tropas rusas hab\u00edan hecho retroceder a los nazis por primera vez. Ning\u00fan civil \u2013y menos una periodista occidental\u2013 hab\u00eda llegado tan lejos en el frente oriental de la Segunda Guerra Mundial. La autora era \u00c8ve Curie, la hija menor de una mujer que hab\u00eda cambiado la ciencia y la historia, y que tambi\u00e9n estaba decidida a dejar su huella. El Herald Tribune encabezaba sus cr\u00f3nicas: \u00ab\u00c8ve Curie says\u00bb (&#8216;\u00c8ve Curie nos cuenta\u2026&#8217;).<\/span><\/p>\n<p style=\"text-align: justify;\">\u00a0<\/p>\n<div class=\"voc-detail__cmp voc-detail__cmp--full\" style=\"text-align: justify;\">\n<div class=\"voc-multimedia-photo voc-multimedia-photo--L  \n          \"><\/p>\n<div class=\"voc-article\">\n<div class=\"voc-img-container\"><picture> <img data-recalc-dims=\"1\" decoding=\"async\" src=\"https:\/\/i0.wp.com\/www.ideal.es\/xlsemanal\/wp-content\/uploads\/sites\/5\/2025\/11\/eve-curie.jpg?w=640&#038;ssl=1\" alt=\"alternative text\" \/> <\/picture><span class=\"xl-fc__t\"> La &#8216;oveja negra&#8217;. Los gustos de \u00c8ve, la menor de los Curie, se centraban en la m\u00fasica y la escritura. Fue una reconocida reportera de guerra y vivi\u00f3 alejada de los laboratorios. \u00abNo odio la ciencia, simplemente me aterroriza\u00bb, dec\u00eda. Por su elegancia, \u00c9ve lleg\u00f3 a posar como modelo en los Par\u00eds de los a\u00f1os 30.<\/span><\/div>\n<\/div>\n<\/div>\n<\/div>\n<p class=\"voc-paragraph\" style=\"text-align: justify;\">Aquel apellido, que irradiaba respeto all\u00e1 donde se pronunciaba, le abri\u00f3 puertas y la llev\u00f3 a recorrer miles de kil\u00f3metros. Pas\u00f3 por \u00c1frica, Oriente Medio, Asia y Europa oriental. No era la primera Curie en conocer la guerra de cerca. Tres d\u00e9cadas antes su madre y su hermana mayor, Ir\u00e8ne \u2013con solo 17 a\u00f1os y bajo la mirada exigente de Marie\u2013, hab\u00edan dejado los laboratorios para convertir la ciencia en una herramienta de salvamento. Entre el barro y los hospitales de campa\u00f1a, madre e hija recorrieron Francia con casi un centenar de unidades m\u00f3viles de rayos X \u2013las c\u00e9lebres Petites Curie\u2013 que permit\u00edan localizar proyectiles en los cuerpos de los soldados con precisi\u00f3n milim\u00e9trica.<\/p>\n<div class=\"voc-detail__cmp voc-detail__cmp--full\" style=\"text-align: justify;\">\n<div class=\"voc-multimedia-photo voc-multimedia-photo--L  \n          \"><\/p>\n<div class=\"voc-article\">\n<div class=\"voc-img-container\"><picture> <img data-recalc-dims=\"1\" decoding=\"async\" src=\"https:\/\/i0.wp.com\/www.ideal.es\/xlsemanal\/wp-content\/uploads\/sites\/5\/2025\/11\/irene-laboratorio-legado.jpg?w=640&#038;ssl=1\" alt=\"alternative text\" \/> <\/picture><span class=\"xl-fc__t\"> Legado familiar. Ir\u00e8ne continu\u00f3 con la herencia de sus padres en los laboratorios. Una vida profesional que le llev\u00f3, como sus padres, a lograr el Nobel por su trabajo en 1935, junto a su marido, Fr\u00e9d\u00e9ric Joliot, que antes fue el asistente en el laboratorio de Marie Curie.<\/span><\/div>\n<\/div>\n<\/div>\n<\/div>\n<p class=\"voc-paragraph\" style=\"text-align: justify;\">Fue una de las pocas coincidencias en la vida de las hermanas Curie. Sus caminos comenzaron a separarse el 19 de abril de 1906, el d\u00eda en que la tragedia golpe\u00f3 a la familia. Pierre Curie, el patriarca, sali\u00f3 del laboratorio y se dirigi\u00f3 a pie por la rue Dauphine hacia la librer\u00eda Gauthier-Villars, en el quai de Conti. La lluvia hab\u00eda dejado el asfalto resbaladizo. Pierre cay\u00f3 bajo las ruedas de un carruaje y fue mortalmente aplastado. Ten\u00eda 47 a\u00f1os.<\/p>\n<p class=\"voc-paragraph\" style=\"text-align: justify;\">Un accidente tr\u00e1gico que borr\u00f3 la alegr\u00eda de Marie Curie. \u00abTodo ha llegado a su fin; Pierre est\u00e1 durmiendo su \u00faltimo sue\u00f1o bajo la tierra; es el fin de todo, todo, todo\u00bb, escribi\u00f3 en su diario. Las ni\u00f1as \u2013Ir\u00e8ne, de 9 a\u00f1os, y la peque\u00f1a \u00c8ve, de 2\u2013 pasaban m\u00e1s tiempo con su abuelo paterno que con su madre. La m\u00e1s joven apenas conoci\u00f3 a su padre\u2026 y tampoco a Marie, su madre. \u00abNo fue hasta mi adolescencia, y hacia el final de su vida, que se desarroll\u00f3 entre nosotras una intimidad que me permiti\u00f3 comprender su grandeza y su sencillez\u00bb, escribir\u00eda \u00c8ve m\u00e1s tarde.<\/p>\n<div class=\"voc-detail__cmp\" style=\"text-align: justify;\">\n<div class=\"voc-summary\">\n<h3 class=\"voc-summary__title\">\u00abSabe, soy la \u00fanica de mi familia que no ha ganado un Nobel\u00bb, sol\u00eda decir \u00c8ve con humor. hasta su marido gan\u00f3 uno, el de la paz, en nombre de Unicef, que presidi\u00f3 durante quince a\u00f1os.<\/h3>\n<\/div>\n<\/div>\n<p class=\"voc-paragraph\" style=\"text-align: justify;\">La vida de las hermanas transcurri\u00f3 entre el abuelo, una t\u00eda y varias institutrices \u2013la mayor\u00eda, polacas\u2013 que tambi\u00e9n eran sus profesoras. Marie no descuid\u00f3 la educaci\u00f3n de sus hijas: antes que sus compa\u00f1eros ya dominaban el franc\u00e9s, el polaco y el ingl\u00e9s. Pero tambi\u00e9n crec\u00eda una distancia. Mientras Ir\u00e8ne pasaba las tardes resolviendo ecuaciones con su madre, \u00c8ve llenaba cuadernos con melod\u00edas e historias. Con los a\u00f1os, aquella ni\u00f1a curiosa cambi\u00f3 los cuadernos por un piano \u2013deslumbr\u00f3 en cenas de Par\u00eds y Bruselas\u2013 y, m\u00e1s tarde, por una m\u00e1quina de escribir. En los viajes era la m\u00e1s despierta, la que preguntaba y re\u00eda. En Estados Unidos la apodaron &#8216;la chica de los ojos de radio&#8217;. Mientras la primog\u00e9nita constru\u00eda su legado siguiendo los pasos de sus padres, la peque\u00f1a atra\u00eda flashes y la atenci\u00f3n de los medios. Ten\u00eda un estilo inconfundible.<\/p>\n<div class=\"voc-detail__cmp voc-detail__cmp--full\" style=\"text-align: justify;\">\n<div class=\"voc-multimedia-photo voc-multimedia-photo--L  \n          \"><\/p>\n<div class=\"voc-article\">\n<div class=\"voc-img-container\"><picture> <img data-recalc-dims=\"1\" decoding=\"async\" src=\"https:\/\/i0.wp.com\/www.ideal.es\/xlsemanal\/wp-content\/uploads\/sites\/5\/2025\/11\/curie-hijas-barco.jpg?w=640&#038;ssl=1\" alt=\"alternative text\" \/> <\/picture><span class=\"xl-fc__t\"> Una vida juntas. Tras la muerte de Pierre Curie, en 1906, arrollado por un carruaje en Par\u00eds, su hija mayor, Ir\u00e8ne, ocup\u00f3 su puesto en el laboratorio con su madre. Pero \u00c8ve, la peque\u00f1a, tambi\u00e9n estuvo cerca cuando fue necesario. De hecho, la acompa\u00f1\u00f3 hasta el \u00faltimo d\u00eda mientras agonizaba de una anemia apl\u00e1sica, probablemente causada por la radiaci\u00f3n<\/span><\/div>\n<\/div>\n<\/div>\n<\/div>\n<p class=\"voc-paragraph\" style=\"text-align: justify;\">De su madre hered\u00f3 la disciplina; del resto del mundo, el asombro. Libre, inquieta y aventurera, \u00c8ve dej\u00f3 atr\u00e1s la m\u00fasica y las c\u00e1maras para volver con Marie cuando la enfermedad \u2013una anemia apl\u00e1sica fruto de la exposici\u00f3n a la radiaci\u00f3n\u2013 empez\u00f3 a apagarla. Fue en el verano de 1934, en la habitaci\u00f3n 424 del sanatorio de Sancellemoz, a los pies del Mont Blanc, cuando Marie Curie muri\u00f3.<\/p>\n<p class=\"voc-paragraph\" style=\"text-align: justify;\">Un a\u00f1o despu\u00e9s, el apellido Curie volvi\u00f3 a resonar en Estocolmo. Ir\u00e8ne y su marido, Fr\u00e9d\u00e9ric Joliot, recib\u00edan el Nobel de Qu\u00edmica por el descubrimiento de la radiactividad artificial. Pero ni Marie ni Pierre estaban ya para escuchar c\u00f3mo la historia se repet\u00eda.<\/p>\n<div class=\"voc-detail__cmp voc-detail__cmp--full\" style=\"text-align: justify;\">\n<div class=\"voc-multimedia-photo voc-multimedia-photo--M  \n          \"><\/p>\n<div class=\"voc-article\">\n<div class=\"voc-img-container\"><picture> <img data-recalc-dims=\"1\" decoding=\"async\" src=\"https:\/\/i0.wp.com\/www.ideal.es\/xlsemanal\/wp-content\/uploads\/sites\/5\/2025\/11\/eve-curie-1.jpg?w=640&#038;ssl=1\" alt=\"alternative text\" \/> <\/picture><span class=\"xl-fc__t\"> Otra forma de ver la vida. \u00c8ve cubri\u00f3 como reportera la Segunda Guerra Mundial y como representante de Unicef, que su esposo presidi\u00f3 entre 1965 y 1979, viaj\u00f3 por todo el mundo, aunque estableci\u00f3 su residencia en Nueva York.<\/span><\/div>\n<\/div>\n<\/div>\n<\/div>\n<p class=\"voc-paragraph\" style=\"text-align: justify;\">A varios kil\u00f3metros, \u00c8ve ordenaba cartas, notas y recuerdos. Varias editoriales la animaban a escribir la biograf\u00eda de Marie Curie, y ella acept\u00f3 el desaf\u00edo.<\/p>\n<p class=\"voc-paragraph\" style=\"text-align: justify;\">La elegante y brillante &#8216;chica de los ojos de radio&#8217; se convirti\u00f3 en la escritora del momento. La biograf\u00eda Madame Curie, que la Metro convertir\u00eda luego en pel\u00edcula, la llev\u00f3 a los despachos de pol\u00edticos, a los salones de la alta sociedad y a conferencias multitudinarias en Estados Unidos. Pero el \u00e9xito tuvo un precio: cuando los nazis invadieron Francia, el libro fue incluido en la lista de obras que deb\u00edan ser quemadas. Ir\u00f3nicamente, su hermana, Ir\u00e8ne, fue considerada un activo cient\u00edfico para el Tercer Reich.<\/p>\n<div class=\"voc-detail__cmp voc-detail__cmp--full\" style=\"text-align: justify;\">\n<div class=\"voc-multimedia-photo voc-multimedia-photo--M  \n          \"><\/p>\n<div class=\"voc-article\">\n<div class=\"voc-img-container\"><picture> <img data-recalc-dims=\"1\" decoding=\"async\" src=\"https:\/\/i0.wp.com\/www.ideal.es\/xlsemanal\/wp-content\/uploads\/sites\/5\/2025\/11\/Copia-de-WEB-Formato-50.jpg?w=640&#038;ssl=1\" alt=\"alternative text\" \/> <\/picture><span class=\"xl-fc__t\"> Amistad sublime. La influencia del apellido Curie abri\u00f3 la puerta de grandes personalidades a la familia. La primog\u00e9nita, Ir\u00e8ne (en la foto), entabl\u00f3 una amistad con Albert Einstein desde peque\u00f1a, cuando compart\u00eda excursiones veraniegas con el cient\u00edfico.<\/span><\/div>\n<\/div>\n<\/div>\n<\/div>\n<p class=\"voc-paragraph\" style=\"text-align: justify;\">El esp\u00edritu aventurero de \u00c8ve \u2013y su red de contactos internacionales\u2013 le salv\u00f3 la vida. Logr\u00f3 escapar de la Francia ocupada y, lejos de conformarse con el exilio, regres\u00f3 a la guerra como reportera. La misma curiosidad que hab\u00eda heredado de Marie la llev\u00f3 a los lugares donde pocos se atrev\u00edan a mirar. Recorri\u00f3 hospitales, convoyes y pueblos devastados, siempre con una libreta en la mano. Su trabajo no le dio ning\u00fan Nobel, pero estuvo cerca de otro gran reconocimiento: fue nominada al Pulitzer, que finalmente obtuvo el corresponsal estadounidense Ernie Pyle.<\/p>\n<p class=\"voc-paragraph\" style=\"text-align: justify;\">\u00abSoy la \u00fanica de mi familia que no ha ganado un Nobel\u00bb, sol\u00eda decir \u00c8ve. Y es que hasta su marido, Henry Labouisse, recibi\u00f3 uno, el de la Paz, en nombre de Unicef, organismo que \u00e9l presidi\u00f3 durante quince a\u00f1os. \u00c8ve e Ir\u00e8ne representaron dos maneras opuestas de entender el legado Curie hasta el final.<\/p>\n<p class=\"voc-paragraph\" style=\"text-align: justify;\">La mayor, discreta y met\u00f3dica, se aferr\u00f3 a la ciencia como refugio; la menor convirti\u00f3 la curiosidad en una forma de vivir. Ir\u00e8ne muri\u00f3 joven, a los 58 a\u00f1os, v\u00edctima de una leucemia. \u00c8ve, en cambio, resisti\u00f3 m\u00e1s de un siglo. Falleci\u00f3 a los 102 a\u00f1os, pero hasta el \u00faltimo d\u00eda segu\u00eda leyendo cada ma\u00f1ana The New York Times, convencida de que el conocimiento \u2013y la vida\u2013 solo valen la pena cuando se miran con asombro.<\/p>\n<p><strong><a class=\"xl-mdl-ath__a 1\">Jos\u00e9 A. Gonz\u00e1lez<\/a><\/strong><\/p>\n<p>FOTO: <span class=\"xl-fc__t\">Marie Curie con sus hijas Ir\u00e9ne y \u00c9ve, siete a\u00f1os menor.<a class=\"xl-a-pre-t\" title=\"\"><span class=\"xl-a-pre-t__p\">\u00c9ve e Ir\u00e9ne<\/span><\/a><\/span><\/p>\n<p>https:\/\/www.ideal.es\/xlsemanal\/a-fondo\/hijas-marie-curie-eve-irene-nobel.html<\/p>\n","protected":false},"excerpt":{"rendered":"<p>Vivieron bajo la luz \u2014y la sombra\u2014 del apellido m\u00e1s radiante de la ciencia. Una&#8230;<\/p>\n","protected":false},"author":1,"featured_media":81516,"comment_status":"closed","ping_status":"closed","sticky":false,"template":"","format":"standard","meta":{"_coblocks_attr":"","_coblocks_dimensions":"","_coblocks_responsive_height":"","_coblocks_accordion_ie_support":"","jetpack_post_was_ever_published":false,"_jetpack_newsletter_access":"","_jetpack_dont_email_post_to_subs":false,"_jetpack_newsletter_tier_id":0,"_jetpack_memberships_contains_paywalled_content":false,"_jetpack_memberships_contains_paid_content":false,"footnotes":"","jetpack_publicize_message":"","jetpack_publicize_feature_enabled":true,"jetpack_social_post_already_shared":true,"jetpack_social_options":{"image_generator_settings":{"template":"highway","default_image_id":0,"enabled":false},"version":2}},"categories":[10797,14,7721,44],"tags":[],"class_list":["post-81461","post","type-post","status-publish","format-standard","has-post-thumbnail","hentry","category-ciencia","category-feminismo","category-mujeres-que-cambiaron-la-historia","category-noticias-de-hoy"],"jetpack_publicize_connections":[],"jetpack_featured_media_url":"https:\/\/i0.wp.com\/miradordeatarfe.es\/wp-content\/uploads\/2026\/01\/curie-peques-ok.jpg?fit=1200%2C1200&ssl=1","jetpack_likes_enabled":true,"jetpack_sharing_enabled":true,"_links":{"self":[{"href":"https:\/\/miradordeatarfe.es\/index.php?rest_route=\/wp\/v2\/posts\/81461","targetHints":{"allow":["GET"]}}],"collection":[{"href":"https:\/\/miradordeatarfe.es\/index.php?rest_route=\/wp\/v2\/posts"}],"about":[{"href":"https:\/\/miradordeatarfe.es\/index.php?rest_route=\/wp\/v2\/types\/post"}],"author":[{"embeddable":true,"href":"https:\/\/miradordeatarfe.es\/index.php?rest_route=\/wp\/v2\/users\/1"}],"replies":[{"embeddable":true,"href":"https:\/\/miradordeatarfe.es\/index.php?rest_route=%2Fwp%2Fv2%2Fcomments&post=81461"}],"version-history":[{"count":1,"href":"https:\/\/miradordeatarfe.es\/index.php?rest_route=\/wp\/v2\/posts\/81461\/revisions"}],"predecessor-version":[{"id":81462,"href":"https:\/\/miradordeatarfe.es\/index.php?rest_route=\/wp\/v2\/posts\/81461\/revisions\/81462"}],"wp:featuredmedia":[{"embeddable":true,"href":"https:\/\/miradordeatarfe.es\/index.php?rest_route=\/wp\/v2\/media\/81516"}],"wp:attachment":[{"href":"https:\/\/miradordeatarfe.es\/index.php?rest_route=%2Fwp%2Fv2%2Fmedia&parent=81461"}],"wp:term":[{"taxonomy":"category","embeddable":true,"href":"https:\/\/miradordeatarfe.es\/index.php?rest_route=%2Fwp%2Fv2%2Fcategories&post=81461"},{"taxonomy":"post_tag","embeddable":true,"href":"https:\/\/miradordeatarfe.es\/index.php?rest_route=%2Fwp%2Fv2%2Ftags&post=81461"}],"curies":[{"name":"wp","href":"https:\/\/api.w.org\/{rel}","templated":true}]}}