{"id":81466,"date":"2026-01-22T10:10:38","date_gmt":"2026-01-22T09:10:38","guid":{"rendered":"https:\/\/miradordeatarfe.es\/?p=81466"},"modified":"2026-01-21T15:30:53","modified_gmt":"2026-01-21T14:30:53","slug":"doce-retos-y-tendencias-para-2026","status":"publish","type":"post","link":"https:\/\/miradordeatarfe.es\/?p=81466","title":{"rendered":"Doce retos y tendencias para 2026"},"content":{"rendered":"<header class=\"a_e _g _g-xs\">\n<div class=\"a_e_txt _df\">\n<h1 class=\"a_t\">\u00a0<\/h1>\n<h2 class=\"a_st\">Estas son algunas de las claves de un a\u00f1o que nace cargado de incertidumbre<\/h2>\n<\/div>\n<\/header>\n<div class=\"a_c clearfix\" data-dtm-region=\"articulo_cuerpo\">\n<p class=\"\">\u2018Incertidumbre\u2019 parece el t\u00e9rmino perfecto para avanzar lo que el nuevo a\u00f1o puede traer, con previsibles terremotos en lo pol\u00edtico, lo social, lo cient\u00edfico y lo cultural en todo el mundo. Aqu\u00ed est\u00e1n algunos de temas de los que seguramente no va a dejar de hablar en 2026:<\/p>\n<div class=\"a_fts\" data-dtm-region=\"articulo_sumarioenlaces-fototexto\">\n<section class=\"a_ft _g _g-md\">\n<figure class=\"a_ft_m a_m-h c_m--nf\"><a class=\"_db _pr\" href=\"https:\/\/elpais.com\/eps\/2025-12-27\/la-lucha-por-la-hegemonia-estados-unidos-y-china-compiten-por-la-supremacia-en-un-panorama-convulso.html\" data-link-track-dtm=\"\" data-mrf-link=\"https:\/\/elpais.com\/eps\/2025-12-27\/la-lucha-por-la-hegemonia-estados-unidos-y-china-compiten-por-la-supremacia-en-un-panorama-convulso.html\"><img data-recalc-dims=\"1\" loading=\"lazy\" decoding=\"async\" class=\"_re lazyload a_m-h\" src=\"https:\/\/i0.wp.com\/imagenes.elpais.com\/resizer\/v2\/QFCJCXLQ4JCK3JMKRKMIGWPIUA.jpg?resize=414%2C414&#038;ssl=1\" srcset=\"https:\/\/imagenes.elpais.com\/resizer\/v2\/QFCJCXLQ4JCK3JMKRKMIGWPIUA.jpg?auth=4e4d856e86f82ee59bf7b26f2a7e98f4f3a80488a9a26287be4216a2d24cd597&amp;width=290&amp;height=290&amp;smart=true 290w,https:\/\/imagenes.elpais.com\/resizer\/v2\/QFCJCXLQ4JCK3JMKRKMIGWPIUA.jpg?auth=4e4d856e86f82ee59bf7b26f2a7e98f4f3a80488a9a26287be4216a2d24cd597&amp;width=414&amp;height=414&amp;smart=true 414w\" alt=\"Beijing, China\" width=\"414\" height=\"414\" \/><\/a><\/figure>\n<div class=\"a_ft_txt\">\n<h2 class=\"a_ft_t\"><a href=\"https:\/\/elpais.com\/eps\/2025-12-27\/la-lucha-por-la-hegemonia-estados-unidos-y-china-compiten-por-la-supremacia-en-un-panorama-convulso.html\" data-link-track-dtm=\"\" data-mrf-link=\"https:\/\/elpais.com\/eps\/2025-12-27\/la-lucha-por-la-hegemonia-estados-unidos-y-china-compiten-por-la-supremacia-en-un-panorama-convulso.html\">La lucha por la hegemon\u00eda mundial <\/a><\/h2>\n<div>Estados Unidos y China compiten por la supremac\u00eda en un panorama convulso. <br \/>\n<b>Por Andrea Rizzi<\/b><\/div>\n<\/div>\n<\/section>\n<section class=\"a_ft _g _g-md\">\n<figure class=\"a_ft_m a_m-h c_m--nf\"><a class=\"_db _pr\" href=\"https:\/\/elpais.com\/eps\/2025-12-27\/el-ano-de-la-tormenta-perfecta-para-el-gobierno.html\" data-link-track-dtm=\"\" data-mrf-link=\"https:\/\/elpais.com\/eps\/2025-12-27\/el-ano-de-la-tormenta-perfecta-para-el-gobierno.html\"><img data-recalc-dims=\"1\" loading=\"lazy\" decoding=\"async\" class=\"_re lazyload a_m-h\" src=\"https:\/\/i0.wp.com\/imagenes.elpais.com\/resizer\/v2\/OIGBNHO5HJG5BN55RDMG2YTTJU.jpg?resize=414%2C414&#038;ssl=1\" srcset=\"https:\/\/imagenes.elpais.com\/resizer\/v2\/OIGBNHO5HJG5BN55RDMG2YTTJU.jpg?auth=e988598e8de5f24b3d2e8a2c7e464c51444fc9f7f7e7bb40ce9cf4d30a1f32cf&amp;width=290&amp;height=290&amp;smart=true 290w,https:\/\/imagenes.elpais.com\/resizer\/v2\/OIGBNHO5HJG5BN55RDMG2YTTJU.jpg?auth=e988598e8de5f24b3d2e8a2c7e464c51444fc9f7f7e7bb40ce9cf4d30a1f32cf&amp;width=414&amp;height=414&amp;smart=true 414w\" width=\"414\" height=\"414\" \/><\/a><\/figure>\n<div class=\"a_ft_txt\">\n<h2 class=\"a_ft_t\"><a href=\"https:\/\/elpais.com\/eps\/2025-12-27\/el-ano-de-la-tormenta-perfecta-para-el-gobierno.html\" data-link-track-dtm=\"\" data-mrf-link=\"https:\/\/elpais.com\/eps\/2025-12-27\/el-ano-de-la-tormenta-perfecta-para-el-gobierno.html\">S\u00e1nchez en el a\u00f1o de la tormenta perfecta <\/a><\/h2>\n<div>El Gobierno quiere agotar la legislatura pese a que todo se mueve en su contra.<br \/>\n<b>Por Carlos E. Cue<\/b><\/div>\n<\/div>\n<\/section>\n<section class=\"a_ft _g _g-md\">\n<figure class=\"a_ft_m a_m-h c_m--nf\"><a class=\"_db _pr\" href=\"https:\/\/elpais.com\/eps\/2025-12-27\/tentaciones-ultras-y-derivas-autoritarias-en-america-latina.html\" data-link-track-dtm=\"\" data-mrf-link=\"https:\/\/elpais.com\/eps\/2025-12-27\/tentaciones-ultras-y-derivas-autoritarias-en-america-latina.html\"><img data-recalc-dims=\"1\" loading=\"lazy\" decoding=\"async\" class=\"_re lazyload a_m-h\" src=\"https:\/\/i0.wp.com\/imagenes.elpais.com\/resizer\/v2\/NSMBG6IAAZEYNFJAP774HFBWXE.jpg?resize=414%2C414&#038;ssl=1\" srcset=\"https:\/\/imagenes.elpais.com\/resizer\/v2\/NSMBG6IAAZEYNFJAP774HFBWXE.jpg?auth=0c35438ca6e7458ade2c084c6eb56bfc9267fac934b5cb1f70e1cd369d5b91ab&amp;width=290&amp;height=290&amp;smart=true 290w,https:\/\/imagenes.elpais.com\/resizer\/v2\/NSMBG6IAAZEYNFJAP774HFBWXE.jpg?auth=0c35438ca6e7458ade2c084c6eb56bfc9267fac934b5cb1f70e1cd369d5b91ab&amp;width=414&amp;height=414&amp;smart=true 414w\" width=\"414\" height=\"414\" \/><\/a><\/figure>\n<div class=\"a_ft_txt\">\n<h2 class=\"a_ft_t\"><a href=\"https:\/\/elpais.com\/eps\/2025-12-27\/tentaciones-ultras-y-derivas-autoritarias-en-america-latina.html\" data-link-track-dtm=\"\" data-mrf-link=\"https:\/\/elpais.com\/eps\/2025-12-27\/tentaciones-ultras-y-derivas-autoritarias-en-america-latina.html\">Tentaciones ultras y derivas autoritarias en Am\u00e9rica Latina<\/a><\/h2>\n<div>Muchos ciudadanos est\u00e1n avalando recetas de populismo de corte autoritario. Lo acaban de hacer masivamente en Chile.<br \/>\n<b>Por Francesco Manetto<\/b><\/div>\n<\/div>\n<\/section>\n<section class=\"a_ft _g _g-md\">\n<figure class=\"a_ft_m a_m-h c_m--nf\"><a class=\"_db _pr\" href=\"https:\/\/elpais.com\/eps\/2025-12-27\/vivienda-la-crisis-que-no-cesa.html\" data-link-track-dtm=\"\" data-mrf-link=\"https:\/\/elpais.com\/eps\/2025-12-27\/vivienda-la-crisis-que-no-cesa.html\"><img data-recalc-dims=\"1\" loading=\"lazy\" decoding=\"async\" class=\"_re lazyload a_m-h\" src=\"https:\/\/i0.wp.com\/imagenes.elpais.com\/resizer\/v2\/LCDWO7ZRKJOLBPXTYXDUFDAVYE.jpg?resize=414%2C414&#038;ssl=1\" srcset=\"https:\/\/imagenes.elpais.com\/resizer\/v2\/LCDWO7ZRKJOLBPXTYXDUFDAVYE.jpg?auth=6d9a25294718c5912ab133021959273e52eedf54dd2a0297c4760c7cd1f421cf&amp;width=290&amp;height=290&amp;smart=true 290w,https:\/\/imagenes.elpais.com\/resizer\/v2\/LCDWO7ZRKJOLBPXTYXDUFDAVYE.jpg?auth=6d9a25294718c5912ab133021959273e52eedf54dd2a0297c4760c7cd1f421cf&amp;width=414&amp;height=414&amp;smart=true 414w\" width=\"414\" height=\"414\" \/><\/a><\/figure>\n<div class=\"a_ft_txt\">\n<h2 class=\"a_ft_t\"><a href=\"https:\/\/elpais.com\/eps\/2025-12-27\/vivienda-la-crisis-que-no-cesa.html\" data-link-track-dtm=\"\" data-mrf-link=\"https:\/\/elpais.com\/eps\/2025-12-27\/vivienda-la-crisis-que-no-cesa.html\">Vivienda, la crisis que no cesa<\/a><\/h2>\n<div>Caduca gran parte de los 630.000 contratos firmados en pandemia y su precio se vuelve a negociar de cero. <br \/>\n<b>Por Jos\u00e9 Luis Aranda<\/b><\/div>\n<\/div>\n<\/section>\n<section class=\"a_ft _g _g-md\">\n<figure class=\"a_ft_m a_m-h c_m--nf\"><a class=\"_db _pr\" href=\"https:\/\/elpais.com\/eps\/2025-12-27\/queremos-friccion.html\" data-link-track-dtm=\"\" data-mrf-link=\"https:\/\/elpais.com\/eps\/2025-12-27\/queremos-friccion.html\"><img data-recalc-dims=\"1\" loading=\"lazy\" decoding=\"async\" class=\"_re lazyload a_m-h\" src=\"https:\/\/i0.wp.com\/imagenes.elpais.com\/resizer\/v2\/V3H7TONADBC7VJEUUWAS234TIY.jpg?resize=414%2C414&#038;ssl=1\" srcset=\"https:\/\/imagenes.elpais.com\/resizer\/v2\/V3H7TONADBC7VJEUUWAS234TIY.jpg?auth=b6f3352dc7ab2f0bedcec3648bae2932c319c98b7d0a1610690404378ba3dc38&amp;width=290&amp;height=290&amp;smart=true 290w,https:\/\/imagenes.elpais.com\/resizer\/v2\/V3H7TONADBC7VJEUUWAS234TIY.jpg?auth=b6f3352dc7ab2f0bedcec3648bae2932c319c98b7d0a1610690404378ba3dc38&amp;width=414&amp;height=414&amp;smart=true 414w\" width=\"414\" height=\"414\" \/><\/a><\/figure>\n<div class=\"a_ft_txt\">\n<h2 class=\"a_ft_t\"><a href=\"https:\/\/elpais.com\/eps\/2025-12-27\/queremos-friccion.html\" data-link-track-dtm=\"\" data-mrf-link=\"https:\/\/elpais.com\/eps\/2025-12-27\/queremos-friccion.html\">\u00a1Queremos fricci\u00f3n!<\/a><\/h2>\n<div>Una creciente tendencia apunta a una vuelta a lo humano tras una d\u00e9cada de hiperconexi\u00f3n que nos dej\u00f3 agotados. <br \/>\n<b>Por Karelia V\u00e1zquez<\/b><\/div>\n<\/div>\n<\/section>\n<section class=\"a_ft _g _g-md\">\n<figure class=\"a_ft_m a_m-h c_m--nf\"><a class=\"_db _pr\" href=\"https:\/\/elpais.com\/eps\/2025-12-27\/el-incomodo-experimento-del-mundial.html\" data-link-track-dtm=\"\" data-mrf-link=\"https:\/\/elpais.com\/eps\/2025-12-27\/el-incomodo-experimento-del-mundial.html\"><img data-recalc-dims=\"1\" loading=\"lazy\" decoding=\"async\" class=\"_re lazyload a_m-h\" src=\"https:\/\/i0.wp.com\/imagenes.elpais.com\/resizer\/v2\/RMD3BFP7TFDMREMUMODWTIHMRY.jpg?resize=414%2C414&#038;ssl=1\" srcset=\"https:\/\/imagenes.elpais.com\/resizer\/v2\/RMD3BFP7TFDMREMUMODWTIHMRY.jpg?auth=b68299766fc02a52c5410205187a53ab5b5dfcd986e4da520699dd4b4ddff110&amp;width=290&amp;height=290&amp;smart=true 290w,https:\/\/imagenes.elpais.com\/resizer\/v2\/RMD3BFP7TFDMREMUMODWTIHMRY.jpg?auth=b68299766fc02a52c5410205187a53ab5b5dfcd986e4da520699dd4b4ddff110&amp;width=414&amp;height=414&amp;smart=true 414w\" width=\"414\" height=\"414\" \/><\/a><\/figure>\n<div class=\"a_ft_txt\">\n<h2 class=\"a_ft_t\"><a href=\"https:\/\/elpais.com\/eps\/2025-12-27\/el-incomodo-experimento-del-mundial.html\" data-link-track-dtm=\"\" data-mrf-link=\"https:\/\/elpais.com\/eps\/2025-12-27\/el-incomodo-experimento-del-mundial.html\">El inc\u00f3modo experimento del Mundial <\/a><\/h2>\n<div>Millones de personas cruzar\u00e1n fronteras f\u00edsicas y emocionales para ver la gran cita del f\u00fatbol. <br \/>\n<b>Por Javier Lafuente<\/b><\/div>\n<\/div>\n<\/section>\n<section class=\"a_ft _g _g-md\">\n<figure class=\"a_ft_m a_m-h c_m--nf\"><a class=\"_db _pr\" href=\"https:\/\/elpais.com\/eps\/2025-12-27\/la-ia-ya-no-solo-te-mostrara-lo-que-pidas-ahora-tambien-hara-cosas-por-ti.html\" data-link-track-dtm=\"\" data-mrf-link=\"https:\/\/elpais.com\/eps\/2025-12-27\/la-ia-ya-no-solo-te-mostrara-lo-que-pidas-ahora-tambien-hara-cosas-por-ti.html\"><img data-recalc-dims=\"1\" loading=\"lazy\" decoding=\"async\" class=\"_re lazyload a_m-h\" src=\"https:\/\/i0.wp.com\/imagenes.elpais.com\/resizer\/v2\/HZF2SLFBFNHLZC4XFBTACS7M3I.jpg?resize=414%2C414&#038;ssl=1\" srcset=\"https:\/\/imagenes.elpais.com\/resizer\/v2\/HZF2SLFBFNHLZC4XFBTACS7M3I.jpg?auth=e58f3322e531bbb86892cb81e6cca415db14a26d7510a9d013f6228cb11dbdec&amp;width=290&amp;height=290&amp;smart=true 290w,https:\/\/imagenes.elpais.com\/resizer\/v2\/HZF2SLFBFNHLZC4XFBTACS7M3I.jpg?auth=e58f3322e531bbb86892cb81e6cca415db14a26d7510a9d013f6228cb11dbdec&amp;width=414&amp;height=414&amp;smart=true 414w\" width=\"414\" height=\"414\" \/><\/a><\/figure>\n<div class=\"a_ft_txt\">\n<h2 class=\"a_ft_t\"><a href=\"https:\/\/elpais.com\/eps\/2025-12-27\/la-ia-ya-no-solo-te-mostrara-lo-que-pidas-ahora-tambien-hara-cosas-por-ti.html\" data-link-track-dtm=\"\" data-mrf-link=\"https:\/\/elpais.com\/eps\/2025-12-27\/la-ia-ya-no-solo-te-mostrara-lo-que-pidas-ahora-tambien-hara-cosas-por-ti.html\">La IA que hace cosas <\/a><\/h2>\n<div>Las herramientas planificar\u00e1n\u00a0y ejecutar\u00e1n acciones.<br \/>\n<b>Por Manuel G. Pascual<\/b><\/div>\n<\/div>\n<\/section>\n<section class=\"a_ft _g _g-md\">\n<figure class=\"a_ft_m a_m-h c_m--nf\"><a class=\"_db _pr\" href=\"https:\/\/elpais.com\/eps\/2025-12-27\/se-vende-estudio-centenario-warner-bros-pone-hollywood-patas-arriba.html\" data-link-track-dtm=\"\" data-mrf-link=\"https:\/\/elpais.com\/eps\/2025-12-27\/se-vende-estudio-centenario-warner-bros-pone-hollywood-patas-arriba.html\"><img loading=\"lazy\" decoding=\"async\" class=\"_re lazyload a_m-h\" src=\"https:\/\/imagenes.elpais.com\/resizer\/v2\/RQX6KTRBJBESTAN437SLGFM5MI.tif?auth=c3737db20c982b0bb8aa9eb8cebe9a29778b42720e16f9f93db05db95a3082c7&amp;width=414&amp;height=414&amp;smart=true\" srcset=\"https:\/\/imagenes.elpais.com\/resizer\/v2\/RQX6KTRBJBESTAN437SLGFM5MI.tif?auth=c3737db20c982b0bb8aa9eb8cebe9a29778b42720e16f9f93db05db95a3082c7&amp;width=290&amp;height=290&amp;smart=true 290w,https:\/\/imagenes.elpais.com\/resizer\/v2\/RQX6KTRBJBESTAN437SLGFM5MI.tif?auth=c3737db20c982b0bb8aa9eb8cebe9a29778b42720e16f9f93db05db95a3082c7&amp;width=414&amp;height=414&amp;smart=true 414w\" width=\"414\" height=\"414\" \/><\/a><\/figure>\n<div class=\"a_ft_txt\">\n<h2 class=\"a_ft_t\"><a href=\"https:\/\/elpais.com\/eps\/2025-12-27\/se-vende-estudio-centenario-warner-bros-pone-hollywood-patas-arriba.html\" data-link-track-dtm=\"\" data-mrf-link=\"https:\/\/elpais.com\/eps\/2025-12-27\/se-vende-estudio-centenario-warner-bros-pone-hollywood-patas-arriba.html\">Se vende estudio centenario <\/a><\/h2>\n<div>Paramount y Netflix pelean por Warner en una batalla clave para el futuro de la creaci\u00f3n audiovisual. <br \/>\n<b>Por Eneko Ruiz Jim\u00e9nez<\/b><\/div>\n<\/div>\n<\/section>\n<section class=\"a_ft _g _g-md\">\n<figure class=\"a_ft_m a_m-h c_m--nf\"><a class=\"_db _pr\" href=\"https:\/\/elpais.com\/eps\/2025-12-27\/el-ano-de-los-mil-frentes-de-guerra.html\" data-link-track-dtm=\"\" data-mrf-link=\"https:\/\/elpais.com\/eps\/2025-12-27\/el-ano-de-los-mil-frentes-de-guerra.html\"><img data-recalc-dims=\"1\" loading=\"lazy\" decoding=\"async\" class=\"_re lazyload a_m-h\" src=\"https:\/\/i0.wp.com\/imagenes.elpais.com\/resizer\/v2\/CLMOBFADHVGMDPZDFAGUPFXMUA.jpg?resize=414%2C414&#038;ssl=1\" srcset=\"https:\/\/imagenes.elpais.com\/resizer\/v2\/CLMOBFADHVGMDPZDFAGUPFXMUA.jpg?auth=0ea072864a7a5727d1206569c9374c80006b2357494066f9f2aea994bf67e417&amp;width=290&amp;height=290&amp;smart=true 290w,https:\/\/imagenes.elpais.com\/resizer\/v2\/CLMOBFADHVGMDPZDFAGUPFXMUA.jpg?auth=0ea072864a7a5727d1206569c9374c80006b2357494066f9f2aea994bf67e417&amp;width=414&amp;height=414&amp;smart=true 414w\" width=\"414\" height=\"414\" \/><\/a><\/figure>\n<div class=\"a_ft_txt\">\n<h2 class=\"a_ft_t\"><a href=\"https:\/\/elpais.com\/eps\/2025-12-27\/el-ano-de-los-mil-frentes-de-guerra.html\" data-link-track-dtm=\"\" data-mrf-link=\"https:\/\/elpais.com\/eps\/2025-12-27\/el-ano-de-los-mil-frentes-de-guerra.html\">Las nuevas y viejas guerras<\/a><\/h2>\n<div>Viejos y nuevos escenarios de conflicto alejan el camino de la paz en 2026. <br \/>\n<b>Por \u00d3scar Guti\u00e9rrez Garrido<\/b><\/div>\n<\/div>\n<\/section>\n<section class=\"a_ft _g _g-md\">\n<figure class=\"a_ft_m a_m-h c_m--nf\"><a class=\"_db _pr\" href=\"https:\/\/elpais.com\/eps\/2025-12-27\/como-se-descoloniza-un-museo.html\" data-link-track-dtm=\"\" data-mrf-link=\"https:\/\/elpais.com\/eps\/2025-12-27\/como-se-descoloniza-un-museo.html\"><img data-recalc-dims=\"1\" loading=\"lazy\" decoding=\"async\" class=\"_re lazyload a_m-h\" src=\"https:\/\/i0.wp.com\/imagenes.elpais.com\/resizer\/v2\/UP3Q4OJUMJHJZDHLRZGTMR5AWU.JPG?resize=414%2C414&#038;ssl=1\" srcset=\"https:\/\/imagenes.elpais.com\/resizer\/v2\/UP3Q4OJUMJHJZDHLRZGTMR5AWU.JPG?auth=2a63f081ea59a0a36138efe37efdce4ae19900206a03c78361d53133deca721a&amp;width=290&amp;height=290&amp;focal=1866%2C1467 290w,https:\/\/imagenes.elpais.com\/resizer\/v2\/UP3Q4OJUMJHJZDHLRZGTMR5AWU.JPG?auth=2a63f081ea59a0a36138efe37efdce4ae19900206a03c78361d53133deca721a&amp;width=414&amp;height=414&amp;focal=1866%2C1467 414w\" width=\"414\" height=\"414\" \/><\/a><\/figure>\n<div class=\"a_ft_txt\">\n<h2 class=\"a_ft_t\"><a href=\"https:\/\/elpais.com\/eps\/2025-12-27\/como-se-descoloniza-un-museo.html\" data-link-track-dtm=\"\" data-mrf-link=\"https:\/\/elpais.com\/eps\/2025-12-27\/como-se-descoloniza-un-museo.html\"> La descolonizaci\u00f3n de los museos<\/a><\/h2>\n<div>Los museos de Am\u00e9rica y Antropolog\u00eda renuevan la forma y el fondo de su discurso. <br \/>\n<b>Por Ana Marcos<\/b><\/div>\n<\/div>\n<\/section>\n<\/div>\n<div class=\"a_fts\" data-dtm-region=\"articulo_sumarioenlaces-fototexto\">\n<section class=\"a_ft _g _g-md\">\n<figure class=\"a_ft_m a_m-h c_m--nf\"><a class=\"_db _pr\" href=\"https:\/\/elpais.com\/eps\/2025-12-27\/el-ocaso-del-influencer.html\" data-link-track-dtm=\"\" data-mrf-link=\"https:\/\/elpais.com\/eps\/2025-12-27\/el-ocaso-del-influencer.html\"><img data-recalc-dims=\"1\" loading=\"lazy\" decoding=\"async\" class=\"_re lazyload a_m-h\" src=\"https:\/\/i0.wp.com\/imagenes.elpais.com\/resizer\/v2\/CF4YRDFGEZCC3ECM5Z6XMAHEAI.jpg?resize=414%2C414&#038;ssl=1\" srcset=\"https:\/\/imagenes.elpais.com\/resizer\/v2\/CF4YRDFGEZCC3ECM5Z6XMAHEAI.jpg?auth=fd6d20f7f6fdba18b56b92982b69a617c0f6edfbfe444986e5ec98402a0cee3c&amp;width=290&amp;height=290&amp;smart=true 290w,https:\/\/imagenes.elpais.com\/resizer\/v2\/CF4YRDFGEZCC3ECM5Z6XMAHEAI.jpg?auth=fd6d20f7f6fdba18b56b92982b69a617c0f6edfbfe444986e5ec98402a0cee3c&amp;width=414&amp;height=414&amp;smart=true 414w\" width=\"414\" height=\"414\" \/><\/a><\/figure>\n<div class=\"a_ft_txt\">\n<h2 class=\"a_ft_t\"><a href=\"https:\/\/elpais.com\/eps\/2025-12-27\/el-ocaso-del-influencer.html\" data-link-track-dtm=\"\" data-mrf-link=\"https:\/\/elpais.com\/eps\/2025-12-27\/el-ocaso-del-influencer.html\">El ocaso del &#8216;influencer&#8217;<\/a><\/h2>\n<div>Las se\u00f1ales dicen que necesitar\u00e1n algo m\u00e1s que un mont\u00f3n de seguidores.<br \/>\n<b>Por Leticia Garc\u00eda<\/b><\/div>\n<\/div>\n<\/section>\n<section class=\"a_ft _g _g-md\">\n<figure class=\"a_ft_m a_m-h c_m--nf\"><a class=\"_db _pr\" href=\"https:\/\/elpais.com\/eps\/2025-12-27\/nuevos-ozempics-y-mejores.html\" data-link-track-dtm=\"\" data-mrf-link=\"https:\/\/elpais.com\/eps\/2025-12-27\/nuevos-ozempics-y-mejores.html\"><img data-recalc-dims=\"1\" loading=\"lazy\" decoding=\"async\" class=\"_re lazyload a_m-h\" src=\"https:\/\/i0.wp.com\/imagenes.elpais.com\/resizer\/v2\/BZYAYF7X2BA3FNENCPZSITV47M.jpg?resize=414%2C414&#038;ssl=1\" srcset=\"https:\/\/imagenes.elpais.com\/resizer\/v2\/BZYAYF7X2BA3FNENCPZSITV47M.jpg?auth=3fcc47d61f6e34972c8b5d89d1cf093352929ae5f5508e22c187edb56a8507d8&amp;width=290&amp;height=290&amp;smart=true 290w,https:\/\/imagenes.elpais.com\/resizer\/v2\/BZYAYF7X2BA3FNENCPZSITV47M.jpg?auth=3fcc47d61f6e34972c8b5d89d1cf093352929ae5f5508e22c187edb56a8507d8&amp;width=414&amp;height=414&amp;smart=true 414w\" width=\"414\" height=\"414\" \/><\/a><\/figure>\n<div class=\"a_ft_txt\">\n<h2 class=\"a_ft_t\"><a href=\"https:\/\/elpais.com\/eps\/2025-12-27\/nuevos-ozempics-y-mejores.html\" data-link-track-dtm=\"\" data-mrf-link=\"https:\/\/elpais.com\/eps\/2025-12-27\/nuevos-ozempics-y-mejores.html\">Nuevos \u2018ozempics\u2019 y mejores<\/a><\/h2>\n<div>Una nueva generaci\u00f3n de f\u00e1rmacos contra la obesidad est\u00e1 en camino. <br \/>\n<b>Por Jessica Mouzo<\/b><\/div>\n<\/div>\n<\/section>\n<\/div>\n<\/div>\n<h2><a class=\"a_md_a_n\" title=\"Ver todas las noticias de El Pa\u00eds Semanal\" href=\"https:\/\/elpais.com\/autor\/el-pais-semanal\/#?rel=author_top\" data-mrf-link=\"https:\/\/elpais.com\/autor\/el-pais-semanal\/\">El Pa\u00eds Semanal<\/a><\/h2>\n<div>FOTO:<span class=\"a_m_m\">Patossa<\/span><\/div>\n<div>\u00a0<\/div>\n<div>https:\/\/elpais.com\/eps\/2025-12-27\/doce-retos-y-tendencias-para-2026.html<\/div>\n","protected":false},"excerpt":{"rendered":"<p>\u00a0 Estas son algunas de las claves de un a\u00f1o que nace cargado de incertidumbre&#8230;<\/p>\n","protected":false},"author":1,"featured_media":81468,"comment_status":"closed","ping_status":"closed","sticky":false,"template":"","format":"standard","meta":{"_coblocks_attr":"","_coblocks_dimensions":"","_coblocks_responsive_height":"","_coblocks_accordion_ie_support":"","jetpack_post_was_ever_published":false,"_jetpack_newsletter_access":"","_jetpack_dont_email_post_to_subs":false,"_jetpack_newsletter_tier_id":0,"_jetpack_memberships_contains_paywalled_content":false,"_jetpack_memberships_contains_paid_content":false,"footnotes":"","jetpack_publicize_message":"","jetpack_publicize_feature_enabled":true,"jetpack_social_post_already_shared":true,"jetpack_social_options":{"image_generator_settings":{"template":"highway","default_image_id":0,"enabled":false},"version":2}},"categories":[1161,10815,9,44,7671],"tags":[],"class_list":["post-81466","post","type-post","status-publish","format-standard","has-post-thumbnail","hentry","category-ciudadania","category-inteligencia-artificial","category-medio-ambiente","category-noticias-de-hoy","category-politica"],"jetpack_publicize_connections":[],"jetpack_featured_media_url":"https:\/\/i0.wp.com\/miradordeatarfe.es\/wp-content\/uploads\/2026\/01\/Screenshot-2026-01-18-at-20-44-41-Doce-retos-y-tendencias-para-2026-EL-PAIS-Semanal-EL-PAIS.png?fit=827%2C691&ssl=1","jetpack_likes_enabled":true,"jetpack_sharing_enabled":true,"_links":{"self":[{"href":"https:\/\/miradordeatarfe.es\/index.php?rest_route=\/wp\/v2\/posts\/81466","targetHints":{"allow":["GET"]}}],"collection":[{"href":"https:\/\/miradordeatarfe.es\/index.php?rest_route=\/wp\/v2\/posts"}],"about":[{"href":"https:\/\/miradordeatarfe.es\/index.php?rest_route=\/wp\/v2\/types\/post"}],"author":[{"embeddable":true,"href":"https:\/\/miradordeatarfe.es\/index.php?rest_route=\/wp\/v2\/users\/1"}],"replies":[{"embeddable":true,"href":"https:\/\/miradordeatarfe.es\/index.php?rest_route=%2Fwp%2Fv2%2Fcomments&post=81466"}],"version-history":[{"count":1,"href":"https:\/\/miradordeatarfe.es\/index.php?rest_route=\/wp\/v2\/posts\/81466\/revisions"}],"predecessor-version":[{"id":81469,"href":"https:\/\/miradordeatarfe.es\/index.php?rest_route=\/wp\/v2\/posts\/81466\/revisions\/81469"}],"wp:featuredmedia":[{"embeddable":true,"href":"https:\/\/miradordeatarfe.es\/index.php?rest_route=\/wp\/v2\/media\/81468"}],"wp:attachment":[{"href":"https:\/\/miradordeatarfe.es\/index.php?rest_route=%2Fwp%2Fv2%2Fmedia&parent=81466"}],"wp:term":[{"taxonomy":"category","embeddable":true,"href":"https:\/\/miradordeatarfe.es\/index.php?rest_route=%2Fwp%2Fv2%2Fcategories&post=81466"},{"taxonomy":"post_tag","embeddable":true,"href":"https:\/\/miradordeatarfe.es\/index.php?rest_route=%2Fwp%2Fv2%2Ftags&post=81466"}],"curies":[{"name":"wp","href":"https:\/\/api.w.org\/{rel}","templated":true}]}}