{"id":8147,"date":"2016-04-10T10:00:01","date_gmt":"2016-04-10T10:00:01","guid":{"rendered":"http:\/\/miradordeatarfe.es\/?p=8147"},"modified":"2016-04-08T17:11:12","modified_gmt":"2016-04-08T17:11:12","slug":"pa-pelillos-a-la-mar-por-juan-alfredo-bellon","status":"publish","type":"post","link":"https:\/\/miradordeatarfe.es\/?p=8147","title":{"rendered":"PA-PELILLOS A LA MAR  por Juan Alfredo Bell\u00f3n"},"content":{"rendered":"<p><strong><em>PA-PELILLOS A LA MAR\u00a0<\/em><\/strong><strong>por Juan Alfredo Bell\u00f3n\u00a0<\/strong><strong>para EL MIRADOR DE ATARFE \u00a0<\/strong><strong>del domingo 10-04-2016<\/strong><!--more--><\/p>\n<p><strong>\u00a0<\/strong><\/p>\n<p><strong>\u00a0\u00a0\u00a0\u00a0\u00a0\u00a0\u00a0\u00a0\u00a0\u00a0\u00a0\u00a0\u00a0\u00a0\u00a0 <\/strong>Parece que lo que llevamos de abril se est\u00e1 despachando meteorol\u00f3gicamente en toda Espa\u00f1a pues, en solo diez d\u00edas, casi nadie habla de la sequ\u00eda y ya solo de la lluvia olvidando que hasta antes de ayer todos poniamos el grito en el cielo por la pertinaz sequ\u00eda. As\u00ed somos: nunca llueve al gusto de todos en la vi\u00f1a del se\u00f1or ni en el huerto de su siervo.<\/p>\n<p>El caso es que esta semana, ya plenamenta abrile\u00f1a, nadie ha tenido que echar cuentas de lo mucho que llevamos sin Gobierno, de no ser los espa\u00f1oles encuestados al respecto, que se inpacientaban por la orfandad gubernamental invitando a los periodistas <em>peperos <\/em>a reclamar machaconamente la Gran Coalici\u00f3n a la alemana y no a la valenciana, como hace Podemos, que aqu\u00ed cada uno arrima el ascua a su sardina y ense\u00f1a su pluma m\u00e1s que Toro Sentado, o sea Sitting Bull.<\/p>\n<p>Lo cierto y verdad es que, a jueves 7 de abril y con la reuni\u00f3n negociadora en curso desde las 4 de la tarde, para acordar la investidura del nuevo gobierno a la valenciana, o a la portuguesa, o la viabilidad parlamentaria para desatascar los contactos, que a\u00fan no se vislumbra una soluci\u00f3n positiva para nuestra orfandad hispana\u00a0 aparentemente end\u00e9mica e insalvable. Y yo con estos pelos, como el gallo de Mor\u00f3n, sin noticias negativas o positivas y cacareando y sin otro argumento ni foco informativo que el chorreo incesante de los <em>Papeles de Panam\u00e1-m\u00e1-m\u00e1-m\u00e1-m\u00e1, <\/em>que ya van por m\u00e1s nombres propios que la n\u00f3mina de Movistar, que empiezan por la hermana del anterior Rey y acaban esta misma\u00a0 noche por Imanol Arias, el pen\u00faltimo de una lista interminable de espa\u00f1oles que practican con el resto de sus compatriotas la famosa Ley del Embudo: el agujero grande para m\u00ed y el chico, si es que alguno les concedo, para el resto de las personas normales, para los pringados y pringadas que pagamos religiosamente los impuestos. Amen.<\/p>\n<p><em>\u00a0\u00a0\u00a0\u00a0\u00a0\u00a0\u00a0\u00a0\u00a0\u00a0\u00a0\u00a0\u00a0\u00a0\u00a0 Y no ser\u00e9 yo quien se atreva a pronosticar el sentido definitivo de los <\/em>acontecimientos actuales, porque la semana pasada, cuando entre bromas y veras lo hice sobre el resultado del Bar\u00e7a-Madrid, met\u00ed la gamba hasta la ingle, demostrando que el f\u00fatbol es una mat\u00e1fora de la vida y esta, otra met\u00e1fora del f\u00fatbol y que cualquier parecido con la realidad (o con el Deseo) es mer\u00edsima coincidencia, excepto el pron\u00f3stico sobre el resultado del Wolfsburgo-Real Madrid, que ni el mismo Florentino P\u00e9rez, borracho, hubiera logrado adivinar. De modo que a cualquiera se le ocurre pronosticar sobre la formaci\u00f3n del nuevo Gobierno y la convocatoria de otras elecciones. Aunque mis lectores ya saben qu\u00e9 opino al respecto por ser esta una secci\u00f3n de opini\u00f3n y v\u00e9rseme de lejos el plumero.<\/p>\n<p>Y\u00a0<em>pa-pelillos a la mar<\/em>, los de Panam\u00e1, B\u00e1rcenas y compa\u00f1\u00eda, siendo como es que esto ocurre en plena era digital, cuando el papel est\u00e1 desapareciendo de nuestras\u00a0 vidas y\u00a0 ni el higi\u00e9nico juega el <em>papel <\/em>de anta\u00f1o y casi todos usamos toallitas h\u00famedas aunque a\u00fan queden unos cuantos trogloditas\u00a0 que se lo hacen con lascas p\u00e9treas como las de Atapuerca sin importarles c\u00f3mo se les quedan los fruncimientos contiguos al ojete, eso que en Sevilla llaman pomposamente <em>mohino escoc\u00edo. <\/em>As\u00ed es c\u00f3mo se unen lo pol\u00edtico y lo escatol\u00f3gico y lo futbol\u00edstico, por la importancia alcanzada por la met\u00e1fora sexual del gol y su relaci\u00f3n con la mucha gomina que Jos\u00e9 Mouri\u00f1o denunci\u00f3 usarse profusamente en el vestuario madridista. Cuidado debe tener el Valencia en fichar al luso para dirigir su vestuario. Qu\u00e9 malo es Mouri\u00f1o y qu\u00e9 vengativo. Ni Florentino est\u00e1 a salvo de su maledicencia rencorosa. Nunca se podr\u00e1 decir de \u00e9l eso de <em>pa-pelillos a la mar <\/em>\u00a0sino m\u00e1s bien lo de la Lirio: <em>A la mar, maera \/\/ y a la virgen, cirios \/ Y pa duquitas, mare de mi arma, \/ pa duqitas negras,\u00a0 \/ las que ti\u00e9 la Lirio. Pelillos que van a dar a la mar, que es el morir, donde van los se\u00f1or\u00edos derechos\u00a0 a se acabar y consumir. Pa-pelillos a la mar<\/em>, N\u00fa\u00f1ez, Domecq, de la Rosa, Pujol, Cameron, Putin, Macr\u00ed,\u00a0 etc., Y Vestringe, asomando la patita por debajo de la mesa&#8230; Qu\u00e9 t\u00edo, qu\u00e9 boca, qu\u00e9 intenciones, casi tan negras como las ducas de la Lirio. Total, que la sentimentalidad de la copla sigue vigente y todas las pasiones patrias caben en su universo mundo.<\/p>\n<p>Ea, pa-pelillos a la mar, excepto a la chuler\u00eda totalitaria de Jorge Vestringe coincidente sospechosamente con el criterio de Aznar en atacar a \u00bfcompa\u00f1eros? de la izquierda. \u00bfSer\u00e1\u00a0 cipote, el t\u00edo?<\/p>\n<p><em>\u00a0<a href=\"https:\/\/i0.wp.com\/miradordeatarfe.es\/wp-content\/uploads\/2016\/04\/003_Verstrynge_ShortHeader.jpg?ssl=1\" rel=\"attachment wp-att-8150\"><img data-recalc-dims=\"1\" loading=\"lazy\" decoding=\"async\" class=\"alignnone size-full wp-image-8150\" src=\"https:\/\/i0.wp.com\/miradordeatarfe.es\/wp-content\/uploads\/2016\/04\/003_Verstrynge_ShortHeader.jpg?resize=603%2C360&#038;ssl=1\" alt=\"003_Verstrynge_ShortHeader\" width=\"603\" height=\"360\" srcset=\"https:\/\/i0.wp.com\/miradordeatarfe.es\/wp-content\/uploads\/2016\/04\/003_Verstrynge_ShortHeader.jpg?w=603&amp;ssl=1 603w, https:\/\/i0.wp.com\/miradordeatarfe.es\/wp-content\/uploads\/2016\/04\/003_Verstrynge_ShortHeader.jpg?resize=300%2C179&amp;ssl=1 300w, https:\/\/i0.wp.com\/miradordeatarfe.es\/wp-content\/uploads\/2016\/04\/003_Verstrynge_ShortHeader.jpg?resize=600%2C358&amp;ssl=1 600w\" sizes=\"auto, (max-width: 603px) 100vw, 603px\" \/><\/a><\/em><\/p>\n<p>&nbsp;<\/p>\n","protected":false},"excerpt":{"rendered":"<p>PA-PELILLOS A LA MAR\u00a0por Juan Alfredo Bell\u00f3n\u00a0para EL MIRADOR DE ATARFE \u00a0del domingo 10-04-2016<\/p>\n","protected":false},"author":1,"featured_media":8148,"comment_status":"closed","ping_status":"closed","sticky":false,"template":"","format":"standard","meta":{"_coblocks_attr":"","_coblocks_dimensions":"","_coblocks_responsive_height":"","_coblocks_accordion_ie_support":"","jetpack_post_was_ever_published":false,"_jetpack_newsletter_access":"","_jetpack_dont_email_post_to_subs":false,"_jetpack_newsletter_tier_id":0,"_jetpack_memberships_contains_paywalled_content":false,"_jetpack_memberships_contains_paid_content":false,"footnotes":"","jetpack_publicize_message":"","jetpack_publicize_feature_enabled":true,"jetpack_social_post_already_shared":false,"jetpack_social_options":{"image_generator_settings":{"template":"highway","default_image_id":0,"enabled":false},"version":2}},"categories":[36,44,15],"tags":[2469,42,2470],"class_list":["post-8147","post","type-post","status-publish","format-standard","has-post-thumbnail","hentry","category-opinion-de-juan-alfredo-bellon","category-noticias-de-hoy","category-ultimas-noticias","tag-panama","tag-politica","tag-vestringe"],"jetpack_publicize_connections":[],"jetpack_featured_media_url":"https:\/\/i0.wp.com\/miradordeatarfe.es\/wp-content\/uploads\/2016\/04\/17944.jpg?fit=310%2C218&ssl=1","jetpack_likes_enabled":true,"jetpack_sharing_enabled":true,"_links":{"self":[{"href":"https:\/\/miradordeatarfe.es\/index.php?rest_route=\/wp\/v2\/posts\/8147","targetHints":{"allow":["GET"]}}],"collection":[{"href":"https:\/\/miradordeatarfe.es\/index.php?rest_route=\/wp\/v2\/posts"}],"about":[{"href":"https:\/\/miradordeatarfe.es\/index.php?rest_route=\/wp\/v2\/types\/post"}],"author":[{"embeddable":true,"href":"https:\/\/miradordeatarfe.es\/index.php?rest_route=\/wp\/v2\/users\/1"}],"replies":[{"embeddable":true,"href":"https:\/\/miradordeatarfe.es\/index.php?rest_route=%2Fwp%2Fv2%2Fcomments&post=8147"}],"version-history":[{"count":2,"href":"https:\/\/miradordeatarfe.es\/index.php?rest_route=\/wp\/v2\/posts\/8147\/revisions"}],"predecessor-version":[{"id":8151,"href":"https:\/\/miradordeatarfe.es\/index.php?rest_route=\/wp\/v2\/posts\/8147\/revisions\/8151"}],"wp:featuredmedia":[{"embeddable":true,"href":"https:\/\/miradordeatarfe.es\/index.php?rest_route=\/wp\/v2\/media\/8148"}],"wp:attachment":[{"href":"https:\/\/miradordeatarfe.es\/index.php?rest_route=%2Fwp%2Fv2%2Fmedia&parent=8147"}],"wp:term":[{"taxonomy":"category","embeddable":true,"href":"https:\/\/miradordeatarfe.es\/index.php?rest_route=%2Fwp%2Fv2%2Fcategories&post=8147"},{"taxonomy":"post_tag","embeddable":true,"href":"https:\/\/miradordeatarfe.es\/index.php?rest_route=%2Fwp%2Fv2%2Ftags&post=8147"}],"curies":[{"name":"wp","href":"https:\/\/api.w.org\/{rel}","templated":true}]}}