{"id":81479,"date":"2026-01-23T11:08:00","date_gmt":"2026-01-23T10:08:00","guid":{"rendered":"https:\/\/miradordeatarfe.es\/?p=81479"},"modified":"2026-01-21T17:57:02","modified_gmt":"2026-01-21T16:57:02","slug":"pregon-de-fiestas-de-1993-por-antonio-indias-gotor","status":"publish","type":"post","link":"https:\/\/miradordeatarfe.es\/?p=81479","title":{"rendered":"ATARFE: PREG\u00d3N DE FIESTAS DE 1993 POR ANTONIO INDIAS GOTOR"},"content":{"rendered":"<h3>HACE UNOS D\u00cdAS CONOC\u00cdAMOS LA NOTICIA DE LA MUERTE DEL PREGONERO DE 1993. (<a href=\"https:\/\/www.ideal.es\/granada\/muere-antonio-india-expresidente-diputacion-granada-20251216094804-nt.html\">https:\/\/www.ideal.es\/granada\/muere-antonio-india-expresidente-diputacion-granada-20251216094804-nt.html<\/a>)\u00a0 SIRVAN SUS PALABRAS PARA RECORDARLO .<\/h3>\n<p style=\"text-align: justify;\">Queridos vecinas y vecinos, querido pueblo de\u00a0Atarfe: otra vez podemos sentirnos felices de\u00a0disfrutar las fiestas patronales. Y yo el primero, por\u00a0darme la oportunidad de estar con vosotros pregonando\u00a0unos d\u00edas que, espero, sean de distracci\u00f3n, de alegr\u00eda y\u00a0entretenimiento.<\/p>\n<p style=\"text-align: justify;\">Vosotros, pueblo de Atarfe, que sab\u00e9is tanto de historia,\u00a0como de cultura y de trabajo sin reserva, tambi\u00e9n\u00a0sab\u00e9is, llegada la hora de celebrar a la patrona Santa\u00a0Ana, revestiros a\u00fan m\u00e1s de esa generosidad que os\u00a0caracteriza y disfrutar de un merecido descanso de\u00a0las preocupaciones y tareas diarias, para entregaros a\u00a0cuantos visitantes nos acercamos a participar en una\u00a0 tradici\u00f3n que ya tiene antecedentes en el siglo XVII.<\/p>\n<p style=\"text-align: justify;\">El talante de un lugar se descubre, muchas veces, en la\u00a0forma de vida de sus habitantes. En \u00e9sta, como en otras\u00a0cuestiones, los avatares de la historia tienen su reflejo\u00a0incuestionable.<\/p>\n<p style=\"text-align: justify;\">Por eso, no debemos olvidar que las fiestas que ahora\u00a0comienzan son una forma m\u00e1s de acercamiento a\u00a0este lugar plagado de un ayer del que todos debemos\u00a0sentirnos orgullosos. Es el momento de recordar aquella\u00a0lejana Atharf o Al Tarf que, situada entre la Sierra Elvira\u00a0y el r\u00edo Genil, que ba\u00f1a la vega, los \u00e1rabes mimaron,\u00a0siempre sensibles a las bellezas del lugar. Recordar\u00a0aquellos atarfes o tarajes a los que los historiadores\u00a0atribuyen el nombre y que sit\u00faan en estos parajes;\u00a0eran \u00e1rboles peque\u00f1os de flores blancas y rosas que\u00a0formaban, en conjunto una inflorescencia compacta. Es\u00a0una m\u00e1s de las inc\u00f3gnitas sobre el origen de un nombre\u00a0que hoy es presente cierto.<\/p>\n<p style=\"text-align: justify;\">Aqu\u00ed se reunieron, all\u00e1 por el siglo IV, diecinueve obispos\u00a0que, huyendo de la persecuci\u00f3n romana, celebraron\u00a0el Concilio de Elvira, profusamente estudiado por su\u00a0indudable trascendencia. Aqu\u00ed tuvo su desenlace una decisiva lucha, la batalla de\u00a0la Higueruela, en la que, por primera vez se enfrentaban\u00a0dos ej\u00e9rcitos numerosos en una batalla en campo abierto.\u00a0Tan espectacular, que mereci\u00f3 que de ella se hiciera una\u00a0pintura que Felipe II mand\u00f3 colocar en la Sala de las\u00a0Batallas de El Escorial.<\/p>\n<p style=\"text-align: justify;\">Desde entonces, muchas cosas han ocurrido que\u00a0vosotros, mejor que nadie, pod\u00e9is ver y disfrutar. Atarfe\u00a0es un enclave importante de nuestra vega, un suelo que,\u00a0regado de sangre en las guerras de moros y cristianos,\u00a0hoy con el esfuerzo de cada uno de vosotros sabe dar\u00a0buenos frutos en lucha contra los elementos.<\/p>\n<p style=\"text-align: justify;\">Lejos est\u00e1n aquellos tiempos de dif\u00edcil convivencia entre las comunidades enfrentadas; la marcha forzada de los moriscos y la llegada intensiva de inmigrantes que pusieron su empe\u00f1o y, a veces, su vida, en renovar el esplendor del lugar. M\u00e1s pr\u00f3ximos est\u00e1n otros avatares que han conformado la personalidad de los atarfe\u00f1os. Muchos de vosotros\u00a0recordar\u00e9is la feria de ganado que de forma habitual\u00a0se realizaba en estas mismas fechas. Entonces, los\u00a0vecinos del pueblo propietarios de animales, acud\u00edan\u00a0al concurso, en \u00e9l que uno de los premios era para el\u00a0lote con m\u00e1s entusiasmo y asiduidad, un dato curioso\u00a0que determina, a\u00fan m\u00e1s, vuestra personalidad.<\/p>\n<p style=\"text-align: justify;\">Dec\u00eda\u00a0Mara\u00f1\u00f3n que \u201chay un pasado que es s\u00f3lo cementerio de\u00a0la Historia. Hay otro pasado del que brota en su hondura\u00a0viva, el manantial del futuro\u201d.<\/p>\n<p style=\"text-align: justify;\">Por eso sin perder de vista sus ra\u00edces, Atarfe es una\u00a0apuesta decidida del ma\u00f1ana. Sin renunciar a lo que\u00a0fuisteis, quer\u00e9is continuar adelante, aprovechando\u00a0todas y cada una de las posibilidades que va ofreciendo un presente, lleno de inquietudes, pero sobre todo de\u00a0esperanza.\u00a0Esa esperanza que os otorga vuestra Patrona Santa\u00a0Ana, aqu\u00e9lla a la que, muchos de vosotros, mir\u00e1is en los\u00a0momentos m\u00e1s decisivos de vuestra vida y que os anima\u00a0al trabajo y a ilusi\u00f3n. Ella tambi\u00e9n os dice que hay que\u00a0disfrutar las fiestas, que hay que acogerse a los buenos\u00a0momentos en los que las familias se unen, los amigos\u00a0se reencuentran y todos, guiados por una misma ilusi\u00f3n\u00a0sal\u00eds a la calle para llenar cada rinc\u00f3n de alegr\u00eda.<\/p>\n<p style=\"text-align: justify;\">Una alegr\u00eda que se transmite de casa en casa y llega hasta\u00a0los m\u00e1s lejanos confines de la provincia, esta provincia\u00a0granadina a la que dais buen ejemplo de actividad y\u00a0de impulso. En Atarfe no hace falta que sean d\u00edas de\u00a0fiesta para saborear un ambiente festivo. Son muchas\u00a0las actividades que se promueven durante el resto del\u00a0a\u00f1o y que vosotros atarfe\u00f1os, aprob\u00e1is con vuestra presencia. Ahora, mejor que nunca, pod\u00e9is participar\u00a0activamente en todos los actos que, hasta el lunes, os van\u00a0a ayudar a disfrutar de unos d\u00edas que, espero, os resulten\u00a0inolvidables.<\/p>\n<p style=\"text-align: justify;\">Yo os animo a vivir intensamente las jornadas que\u00a0se avecinan; tenemos el mejor motivo para alterar el\u00a0discurrir de la vida cotidiana; una ocasi\u00f3n \u00fanica para\u00a0recuperar las tertulias de caf\u00e9 y el paseo sin prisas para\u00a0coger los frescos aires, libres del mandato del reloj.\u00a0Es tambi\u00e9n el momento de saborear el bacalao con ajillo,\u00a0los boquerones en escabeche y las sardinas en moraga,\u00a0 de olvidar la dieta con las buenas gachas de cuscurrones,\u00a0la leche frita y los borrachuelos.<\/p>\n<p style=\"text-align: justify;\">Y as\u00ed bailando en vuestras m\u00e1s antiguas tradiciones,\u00a0y, como en a\u00f1os anteriores, dir\u00e9is adi\u00f3s a las fiestas,\u00a0sabiendo que ocasi\u00f3n habr\u00e1 en otras fechas de derrochar\u00a0la generosidad con que acog\u00e9is a quienes venimos\u00a0dispuestos a compartir vuestra vida.<\/p>\n<p style=\"text-align: justify;\">Gracias por permitirme compartir estos momentos con\u00a0vosotros. \u00a1Atarfe\u00f1os! Que viv\u00e1is la feria con la mayor\u00a0alegr\u00eda y la disfrut\u00e9is como merec\u00e9is.<\/p>\n<p style=\"text-align: justify;\">\u00a1Atarfe\u00f1os!\u00a0 Que comiencen ya las fiestas.<\/p>\n<p><img data-recalc-dims=\"1\" loading=\"lazy\" decoding=\"async\" class=\"wp-image-81481 size-full aligncenter\" src=\"https:\/\/i0.wp.com\/miradordeatarfe.es\/wp-content\/uploads\/2026\/01\/Captura20260119141125.png?resize=288%2C451&#038;ssl=1\" alt=\"\" width=\"288\" height=\"451\" srcset=\"https:\/\/i0.wp.com\/miradordeatarfe.es\/wp-content\/uploads\/2026\/01\/Captura20260119141125.png?w=288&amp;ssl=1 288w, https:\/\/i0.wp.com\/miradordeatarfe.es\/wp-content\/uploads\/2026\/01\/Captura20260119141125.png?resize=192%2C300&amp;ssl=1 192w\" sizes=\"auto, (max-width: 288px) 100vw, 288px\" \/><\/p>\n<h3>Art\u00edculo editado por Corporaci\u00f3n de Medios de Andaluc\u00eda y el Ayuntamiento de Atarfe, coordinado por Jos\u00e9 Enrique Granados y tiene por nombre \u00abAtarfe en el papel\u00bb<\/h3>\n","protected":false},"excerpt":{"rendered":"<p>HACE UNOS D\u00cdAS CONOC\u00cdAMOS LA NOTICIA DE LA MUERTE DEL PREGONERO DE 1993. (https:\/\/www.ideal.es\/granada\/muere-antonio-india-expresidente-diputacion-granada-20251216094804-nt.html)\u00a0 SIRVAN&#8230;<\/p>\n","protected":false},"author":1,"featured_media":81480,"comment_status":"closed","ping_status":"closed","sticky":false,"template":"","format":"standard","meta":{"_coblocks_attr":"","_coblocks_dimensions":"","_coblocks_responsive_height":"","_coblocks_accordion_ie_support":"","jetpack_post_was_ever_published":false,"_jetpack_newsletter_access":"","_jetpack_dont_email_post_to_subs":false,"_jetpack_newsletter_tier_id":0,"_jetpack_memberships_contains_paywalled_content":false,"_jetpack_memberships_contains_paid_content":false,"footnotes":"","jetpack_publicize_message":"","jetpack_publicize_feature_enabled":true,"jetpack_social_post_already_shared":true,"jetpack_social_options":{"image_generator_settings":{"template":"highway","default_image_id":0,"enabled":false},"version":2}},"categories":[2,6916,1225,44],"tags":[],"class_list":["post-81479","post","type-post","status-publish","format-standard","has-post-thumbnail","hentry","category-atarfe","category-ayuntamiento-de-atarfe","category-ha-de-atarfe","category-noticias-de-hoy"],"jetpack_publicize_connections":[],"jetpack_featured_media_url":"https:\/\/i0.wp.com\/miradordeatarfe.es\/wp-content\/uploads\/2026\/01\/Captura20260119141149.png?fit=447%2C306&ssl=1","jetpack_likes_enabled":true,"jetpack_sharing_enabled":true,"_links":{"self":[{"href":"https:\/\/miradordeatarfe.es\/index.php?rest_route=\/wp\/v2\/posts\/81479","targetHints":{"allow":["GET"]}}],"collection":[{"href":"https:\/\/miradordeatarfe.es\/index.php?rest_route=\/wp\/v2\/posts"}],"about":[{"href":"https:\/\/miradordeatarfe.es\/index.php?rest_route=\/wp\/v2\/types\/post"}],"author":[{"embeddable":true,"href":"https:\/\/miradordeatarfe.es\/index.php?rest_route=\/wp\/v2\/users\/1"}],"replies":[{"embeddable":true,"href":"https:\/\/miradordeatarfe.es\/index.php?rest_route=%2Fwp%2Fv2%2Fcomments&post=81479"}],"version-history":[{"count":2,"href":"https:\/\/miradordeatarfe.es\/index.php?rest_route=\/wp\/v2\/posts\/81479\/revisions"}],"predecessor-version":[{"id":81498,"href":"https:\/\/miradordeatarfe.es\/index.php?rest_route=\/wp\/v2\/posts\/81479\/revisions\/81498"}],"wp:featuredmedia":[{"embeddable":true,"href":"https:\/\/miradordeatarfe.es\/index.php?rest_route=\/wp\/v2\/media\/81480"}],"wp:attachment":[{"href":"https:\/\/miradordeatarfe.es\/index.php?rest_route=%2Fwp%2Fv2%2Fmedia&parent=81479"}],"wp:term":[{"taxonomy":"category","embeddable":true,"href":"https:\/\/miradordeatarfe.es\/index.php?rest_route=%2Fwp%2Fv2%2Fcategories&post=81479"},{"taxonomy":"post_tag","embeddable":true,"href":"https:\/\/miradordeatarfe.es\/index.php?rest_route=%2Fwp%2Fv2%2Ftags&post=81479"}],"curies":[{"name":"wp","href":"https:\/\/api.w.org\/{rel}","templated":true}]}}