{"id":81483,"date":"2026-01-21T11:16:48","date_gmt":"2026-01-21T10:16:48","guid":{"rendered":"https:\/\/miradordeatarfe.es\/?p=81483"},"modified":"2026-01-19T15:46:45","modified_gmt":"2026-01-19T14:46:45","slug":"81483","status":"publish","type":"post","link":"https:\/\/miradordeatarfe.es\/?p=81483","title":{"rendered":"\u00abAntonio \u00c1lvarez de Bohorques, primer vizconde de Caparacena\u00bb por Jos\u00e9 Enrique Granados"},"content":{"rendered":"<div class=\"html-div xdj266r x14z9mp xat24cr x1lziwak xexx8yu xyri2b x18d9i69 x1c1uobl\" dir=\"auto\">\n<div class=\"html-div xdj266r x14z9mp xat24cr x1lziwak xexx8yu xyri2b x18d9i69 x1c1uobl\" data-ad-rendering-role=\"story_message\">\n<div class=\"x1l90r2v x1iorvi4 x1g0dm76 xpdmqnj\" data-ad-comet-preview=\"message\" data-ad-preview=\"message\">\n<div class=\"x78zum5 xdt5ytf xz62fqu x16ldp7u\">\n<div class=\"xu06os2 x1ok221b\">\n<div class=\"html-div xdj266r x14z9mp xat24cr x1lziwak xexx8yu xyri2b x18d9i69 x1c1uobl\">\n<div class=\"xdj266r x14z9mp xat24cr x1lziwak x1vvkbs x126k92a\">\n<h3 dir=\"auto\" style=\"text-align: justify;\">En la p\u00e1gina de la Real Academia de la Historia sobre Antonio \u00c1lvarez de Bohorques, primer vizconde de Caparacena podemos leer:<\/h3>\n<\/div>\n<div class=\"x14z9mp xat24cr x1lziwak x1vvkbs xtlvy1s x126k92a\" style=\"text-align: justify;\">\n<div dir=\"auto\">\u00a0<\/div>\n<div dir=\"auto\"><em>&lt;&lt;\u00c1lvarez de Bohorques, Antonio. Marqu\u00e9s de los Trujillos (I). Granada, 1574 \u2013 Madrid, 1640. Consejero de Hacienda.<\/em><\/div>\n<\/div>\n<div class=\"x14z9mp xat24cr x1lziwak x1vvkbs xtlvy1s x126k92a\" style=\"text-align: justify;\">\n<div dir=\"auto\"><em>Uno de los m\u00e1s destacados y poderosos oligarcas granadinos del Antiguo R\u00e9gimen, Antonio \u00c1lvarez de Bohorques muestra a la perfecci\u00f3n en su biograf\u00eda las posibilidades de ascenso social que brindaba el sistema en la Espa\u00f1a moderna. La vida del primer marqu\u00e9s de los Trujillos se debe contemplar tanto a la luz del poder local, encarnado sobre todo en la ciudad de Granada, como a la del central, fuente de la que emanar\u00eda la multitud de cargos, honores y t\u00edtulos que fue acumulando con el paso de los a\u00f1os.<\/em><\/div>\n<div dir=\"auto\">\u00a0<\/div>\n<\/div>\n<div class=\"x14z9mp xat24cr x1lziwak x1vvkbs xtlvy1s x126k92a\" style=\"text-align: justify;\">\n<div dir=\"auto\"><em>Quiz\u00e1 sea un aut\u00e9ntico paradigma del pacto t\u00e1cito que presid\u00eda las relaciones entre el centro y la periferia, entre la monarqu\u00eda y el patriciado urbano entre los siglos XVI y XVIII.<\/em><\/div>\n<\/div>\n<div class=\"x14z9mp xat24cr x1lziwak x1vvkbs xtlvy1s x126k92a\" style=\"text-align: justify;\">\n<div dir=\"auto\"><em>Oriundo de una estirpe hidalga asentada en la localidad sevillana de Villamart\u00edn, el verdadero creador de una grandeza familiar fue su padre, el licenciado Alonso N\u00fa\u00f1ez de Bohorques, colegial del Mayor de Cuenca en la Universidad de Salamanca, caballero de Santiago, oidor de la Real Chanciller\u00eda de Granada y miembro de los Consejos de la Suprema Inquisici\u00f3n y de la C\u00e1mara de Castilla, \u201ccuya persona no s\u00f3lo ilustra a aquel lugar, por haber producido un caballero de tanto valor, m\u00e1s al Andaluc\u00eda toda\u201d, al decir del genealogista Gonzalo Argote de Molina. El licenciado Bohorques despos\u00f3 a la noble local Francisca Deza Gir\u00f3n, emparentada con las mejores familias cordobesas y granadinas. Era hija de Diego Gir\u00f3n, se\u00f1or de la villa de Cardela, caballero de Santiago, y de Isabel Venegas, hija de Egas Venegas, octavo se\u00f1or de Luque, y Beatriz Ponce de Le\u00f3n.<\/em><\/div>\n<div dir=\"auto\">\u00a0<\/div>\n<div dir=\"auto\"><em>De este enlace naci\u00f3 nuestro personaje, quien a los dieciocho a\u00f1os matrimoniaba con su prima hermana Juana Jim\u00e9nez de G\u00f3ngora, hija de Alonso Jim\u00e9nez de G\u00f3ngora, caballero de Santiago, y de Beatriz Ponce de Le\u00f3n, con la que recib\u00eda en dote un oficio de veinticuatro de C\u00f3rdoba, en el que ser\u00eda recibido en 1593. En breve, Antonio consigui\u00f3 ser igualmente veinticuatro de Granada y regidor de Salamanca, lo que le hac\u00eda due\u00f1o nada menos que de tres oficios municipales de sendas ciudades con voto en Cortes.<\/em><\/div>\n<div dir=\"auto\">\u00a0<\/div>\n<\/div>\n<div class=\"x14z9mp xat24cr x1lziwak x1vvkbs xtlvy1s x126k92a\" style=\"text-align: justify;\">\n<div dir=\"auto\"><em>As\u00ed comenz\u00f3 su privilegiada relaci\u00f3n con la Corona, a la que sirvi\u00f3 fielmente sobre todo en las tensas negociaciones relativas al Servicio de Millones. En sus propias palabras: \u201cyo soy uno de los criados de Su Majestad que con m\u00e1s amor sirven las cosas de su servicio\u201d.<\/em><\/div>\n<\/div>\n<div class=\"x14z9mp xat24cr x1lziwak x1vvkbs xtlvy1s x126k92a\" style=\"text-align: justify;\">\n<div dir=\"auto\"><em>En 1619 escrib\u00eda al respecto: \u201cEn lo que toca a Granada har\u00e9 servicio tan lucido como se ver\u00e1 y lo podr\u00e9 asegurar desde luego; en C\u00f3rdoba V.M. sabe lo que en otras ocasiones he trabajado y servido, y en la presente tambi\u00e9n lo har\u00e9; y en Salamanca servir\u00e9 con mi voto cuando V.M. me avise que es menester\u201d.<\/em><\/div>\n<div dir=\"auto\"><em>Todos estos servicios le reportaron grandes beneficios.<\/em><\/div>\n<div dir=\"auto\">\u00a0<\/div>\n<\/div>\n<div class=\"x14z9mp xat24cr x1lziwak x1vvkbs xtlvy1s x126k92a\" style=\"text-align: justify;\">\n<div dir=\"auto\"><em>Gentilhombre de la C\u00e1mara de Su Majestad, caballero de Santiago en 1599, en 1603 obtuvo el corregimiento de Guadix, Baza y Almer\u00eda, pasando el a\u00f1o 1612 a desempe\u00f1ar el de Chinchilla y Villena. En 1627, tras su intervenci\u00f3n en las Cortes como procurador por C\u00f3rdoba, consigui\u00f3 el t\u00edtulo de vizconde de Caparacena, pero la consagraci\u00f3n de su ascenso se dio en 1632 al convertirse en marqu\u00e9s de los Trujillos.<\/em><\/div>\n<div dir=\"auto\">\u00a0<\/div>\n<\/div>\n<div class=\"x14z9mp xat24cr x1lziwak x1vvkbs xtlvy1s x126k92a\" style=\"text-align: justify;\">\n<div dir=\"auto\"><em>Paralelamente, hab\u00eda logrado acceder al Consejo de Hacienda el a\u00f1o 1626. Era, al decir de James Casey, \u201cel bra\u00e7 dret d\u2019Olivares per al govern d\u2019Andalusia\u201d.<\/em><\/div>\n<div dir=\"auto\"><em>A la muerte de su esposa, los parientes de \u00e9sta litigaron contra la Casa de los Trujillos argumentando que los t\u00edtulos nobiliarios recibidos proced\u00edan de su labor como procurador en Cortes por C\u00f3rdoba, y que, por tanto, se deb\u00edan vincular al mayorazgo de los G\u00f3ngora.<\/em><\/div>\n<div dir=\"auto\">\u00a0<\/div>\n<\/div>\n<div class=\"x14z9mp xat24cr x1lziwak x1vvkbs xtlvy1s x126k92a\" style=\"text-align: justify;\">\n<div dir=\"auto\"><em>Tras un convenio entre ambas partes, el vizcondado de Caparacena fue cedido a los G\u00f3ngora cordobeses, que consiguieron del monarca la facultad para cambiarlo de nombre por el de Puebla de los Infantes (1654).<\/em><\/div>\n<div dir=\"auto\">\u00a0<\/div>\n<\/div>\n<div class=\"x14z9mp xat24cr x1lziwak x1vvkbs xtlvy1s x126k92a\" style=\"text-align: justify;\">\n<div dir=\"auto\"><em>Sin embargo, el \u00e9xito cortesano de Antonio no le supuso dejar de lado los intereses locales. Al contrario, en estas primeras d\u00e9cadas del siglo XVII asistimos a una fren\u00e9tica actividad compradora de cargos, jurisdicciones y rentas en el reino de Granada. Fundador del convento de San Basilio (1614) y convertido en alguacil mayor de la Inquisici\u00f3n granadina, en 1626 adquiere el oficio de alf\u00e9rez mayor de esa ciudad, lo que conllev\u00f3 grandes pleitos posteriormente, ya que estaba vinculado y pertenec\u00eda a los mayorazgos del conde de Luque, su pariente.<\/em><\/div>\n<div dir=\"auto\"><em>Toda esta exhibici\u00f3n de poder resulta paralela a sus intentos por convertirse en se\u00f1or de vasallos. En efecto, aprovechando las ventas de jurisdicciones que efectuaba la arruinada Corona, Antonio compr\u00f3 entre 1613 y 1629 los se\u00f1or\u00edos de los cortijos de Bohorques, Caparacena y Cortes, as\u00ed como los lugares y villas de Castillo de Locub\u00edn, Valdepe\u00f1as, los Villares, Cazalilla, Guadahortuna y Albolote, con lo que intentaba crearse un enorme dominio a caballo de los reinos de Ja\u00e9n y Granada. Para completar el plan, desembols\u00f3 fuertes cantidades de dinero a fin de obtener las alcabalas de algunas de estas poblaciones, as\u00ed como de otras de la Vega de Granada (Cogollos, G\u00fcev\u00e9jar, D\u00fadar, Qu\u00e9ntar y Beas), a la vez que compraba los oficios de regidor y alguacil mayor de Cambil, y pujaba por la vara de alguacil mayor de Pinos Puente.<\/em><\/div>\n<div dir=\"auto\">\u00a0<\/div>\n<\/div>\n<div class=\"x14z9mp xat24cr x1lziwak x1vvkbs xtlvy1s x126k92a\" style=\"text-align: justify;\">\n<div dir=\"auto\"><em>Tan ambiciosa estrategia no fructific\u00f3 debido a la resistencia de muchas de estas poblaciones, as\u00ed como al endeudamiento provocado por su elevado coste.<\/em><\/div>\n<div dir=\"auto\"><em>Tambi\u00e9n coadyuv\u00f3 a ello su prematura muerte, en 1640, dejando como \u00fanico heredero a un hijo bastardo, Alonso, habido con su amante y parienta Jer\u00f3nima de Benavides, hija de Crist\u00f3bal de Benavides, se\u00f1or de las villas de Almu\u00f1\u00e1n y Ca\u00f1ena, y de Mar\u00eda de Benavides, hija a su vez de los cuartos condes de Santisteban del Puerto. En \u00e9l habr\u00eda de continuar la ilustre casa de los marqueses de los Trujillos, convertidos en 1803 en duques de Gor, grandes de Espa\u00f1a.&gt;&gt;<\/em><\/div>\n<\/div>\n<div class=\"x14z9mp xat24cr x1lziwak x1vvkbs xtlvy1s x126k92a\">\n<div dir=\"auto\" style=\"text-align: justify;\">\u00a0<\/div>\n<div dir=\"auto\" style=\"text-align: justify;\">En la primera fotograf\u00eda, vista parcial de la iglesia de Caparacena con un cuadro de San Ant\u00f3n en primer t\u00e9rmino, varias de las estaciones del v\u00eda Crucis existente en el templo, as\u00ed parte del confesionario. En la segunda, \u00e9ste con escudo de armas. Investigaremos si se corresponde con el vizcondado.<\/div>\n<\/div>\n<div class=\"x14z9mp xat24cr x1lziwak x1vvkbs xtlvy1s x126k92a\">\n<div dir=\"auto\">\u00a0<\/div>\n<div dir=\"auto\"><strong>Gacetilla y curiosidades elvirenses.<\/strong><\/div>\n<\/div>\n<\/div>\n<\/div>\n<\/div>\n<\/div>\n<\/div>\n<\/div>\n","protected":false},"excerpt":{"rendered":"<p>En la p\u00e1gina de la Real Academia de la Historia sobre Antonio \u00c1lvarez de Bohorques,&#8230;<\/p>\n","protected":false},"author":1,"featured_media":81484,"comment_status":"closed","ping_status":"closed","sticky":false,"template":"","format":"standard","meta":{"_coblocks_attr":"","_coblocks_dimensions":"","_coblocks_responsive_height":"","_coblocks_accordion_ie_support":"","jetpack_post_was_ever_published":false,"_jetpack_newsletter_access":"","_jetpack_dont_email_post_to_subs":false,"_jetpack_newsletter_tier_id":0,"_jetpack_memberships_contains_paywalled_content":false,"_jetpack_memberships_contains_paid_content":false,"footnotes":"","jetpack_publicize_message":"","jetpack_publicize_feature_enabled":true,"jetpack_social_post_already_shared":true,"jetpack_social_options":{"image_generator_settings":{"template":"highway","default_image_id":0,"enabled":false},"version":2}},"categories":[7511,1225,186,44],"tags":[],"class_list":["post-81483","post","type-post","status-publish","format-standard","has-post-thumbnail","hentry","category-atarfe-en-papel","category-ha-de-atarfe","category-instituciones","category-noticias-de-hoy"],"jetpack_publicize_connections":[],"jetpack_featured_media_url":"https:\/\/i0.wp.com\/miradordeatarfe.es\/wp-content\/uploads\/2026\/01\/608140125_1441108368022641_641454360784586667_n.jpg?fit=2048%2C1534&ssl=1","jetpack_likes_enabled":true,"jetpack_sharing_enabled":true,"_links":{"self":[{"href":"https:\/\/miradordeatarfe.es\/index.php?rest_route=\/wp\/v2\/posts\/81483","targetHints":{"allow":["GET"]}}],"collection":[{"href":"https:\/\/miradordeatarfe.es\/index.php?rest_route=\/wp\/v2\/posts"}],"about":[{"href":"https:\/\/miradordeatarfe.es\/index.php?rest_route=\/wp\/v2\/types\/post"}],"author":[{"embeddable":true,"href":"https:\/\/miradordeatarfe.es\/index.php?rest_route=\/wp\/v2\/users\/1"}],"replies":[{"embeddable":true,"href":"https:\/\/miradordeatarfe.es\/index.php?rest_route=%2Fwp%2Fv2%2Fcomments&post=81483"}],"version-history":[{"count":3,"href":"https:\/\/miradordeatarfe.es\/index.php?rest_route=\/wp\/v2\/posts\/81483\/revisions"}],"predecessor-version":[{"id":81487,"href":"https:\/\/miradordeatarfe.es\/index.php?rest_route=\/wp\/v2\/posts\/81483\/revisions\/81487"}],"wp:featuredmedia":[{"embeddable":true,"href":"https:\/\/miradordeatarfe.es\/index.php?rest_route=\/wp\/v2\/media\/81484"}],"wp:attachment":[{"href":"https:\/\/miradordeatarfe.es\/index.php?rest_route=%2Fwp%2Fv2%2Fmedia&parent=81483"}],"wp:term":[{"taxonomy":"category","embeddable":true,"href":"https:\/\/miradordeatarfe.es\/index.php?rest_route=%2Fwp%2Fv2%2Fcategories&post=81483"},{"taxonomy":"post_tag","embeddable":true,"href":"https:\/\/miradordeatarfe.es\/index.php?rest_route=%2Fwp%2Fv2%2Ftags&post=81483"}],"curies":[{"name":"wp","href":"https:\/\/api.w.org\/{rel}","templated":true}]}}