{"id":81489,"date":"2026-01-20T11:10:03","date_gmt":"2026-01-20T10:10:03","guid":{"rendered":"https:\/\/miradordeatarfe.es\/?p=81489"},"modified":"2026-01-19T16:44:34","modified_gmt":"2026-01-19T15:44:34","slug":"comienza-la-segunda-vuelta-y-todo-sigue-igual-en-el-cab-atarfe","status":"publish","type":"post","link":"https:\/\/miradordeatarfe.es\/?p=81489","title":{"rendered":"Comienza la segunda vuelta y todo sigue igual en el CAB Atarfe"},"content":{"rendered":"<h2>Seat Vigilsa CAB Atarfe 93 \u2013 CD Adra 86<\/h2>\n<p style=\"text-align: justify;\">\nEl Seat Vigilsa CAB Atarfe arranc\u00f3 la segunda vuelta de la competici\u00f3n tal y como termin\u00f3 la primera: con victoria y liderando la clasificaci\u00f3n. El conjunto atarfe\u00f1o sum\u00f3 un triunfo tan importante como trabajado ante un CD Adra que nunca le perdi\u00f3 la cara al partido y exigi\u00f3 el m\u00e1ximo durante los cuarenta minutos.<\/p>\n<p style=\"text-align: justify;\">El encuentro, correspondiente a la primera jornada de la segunda vuelta, estuvo marcado por la igualdad y el alto ritmo ofensivo de ambos equipos, reflejado en un tanteo elevado. Pese a ello, el CAB Atarfe mantuvo la intensidad defensiva en los cuatro periodos, una de las claves que le permiti\u00f3 llegar con ventaja a los minutos decisivos.<\/p>\n<p style=\"text-align: justify;\">Los locales volvieron a demostrar su solidez tanto en defensa como en ataque, gestionando bien los momentos de mayor presi\u00f3n del rival y encontrando soluciones colectivas cuando m\u00e1s se necesitaban. Esta nueva victoria consolida al equipo verde en lo m\u00e1s alto de la tabla tras una nueva jornada disputada.<\/p>\n<p style=\"text-align: justify;\">Sin ser el objetivo marcado a principio de temporada, el CAB Atarfe contin\u00faa postul\u00e1ndose como uno de los aspirantes a finalizar el curso entre los dos primeros clasificados, posiciones que dar\u00edan acceso a los play off de ascenso.<\/p>\n<p style=\"text-align: justify;\">El pr\u00f3ximo compromiso para los atarfe\u00f1os llegar\u00e1 el <strong>s\u00e1bado a las 19:30 horas<\/strong>, cuando el equipo se desplazar\u00e1 sin ninguna baja en sus filas a <strong>Hu\u00e9rcal de Almer\u00eda<\/strong> en busca de prolongar su excelente din\u00e1mica<\/p>\n","protected":false},"excerpt":{"rendered":"<p>Seat Vigilsa CAB Atarfe 93 \u2013 CD Adra 86 El Seat Vigilsa CAB Atarfe arranc\u00f3&#8230;<\/p>\n","protected":false},"author":1,"featured_media":81490,"comment_status":"closed","ping_status":"closed","sticky":false,"template":"","format":"standard","meta":{"_coblocks_attr":"","_coblocks_dimensions":"","_coblocks_responsive_height":"","_coblocks_accordion_ie_support":"","jetpack_post_was_ever_published":false,"_jetpack_newsletter_access":"","_jetpack_dont_email_post_to_subs":false,"_jetpack_newsletter_tier_id":0,"_jetpack_memberships_contains_paywalled_content":false,"_jetpack_memberships_contains_paid_content":false,"footnotes":"","jetpack_publicize_message":"","jetpack_publicize_feature_enabled":true,"jetpack_social_post_already_shared":true,"jetpack_social_options":{"image_generator_settings":{"template":"highway","default_image_id":0,"enabled":false},"version":2}},"categories":[10807,1161,182,186,44],"tags":[],"class_list":["post-81489","post","type-post","status-publish","format-standard","has-post-thumbnail","hentry","category-cab-atarfe","category-ciudadania","category-deportes","category-instituciones","category-noticias-de-hoy"],"jetpack_publicize_connections":[],"jetpack_featured_media_url":"https:\/\/i0.wp.com\/miradordeatarfe.es\/wp-content\/uploads\/2026\/01\/DSC08378-scaled.jpg?fit=2560%2C1707&ssl=1","jetpack_likes_enabled":true,"jetpack_sharing_enabled":true,"_links":{"self":[{"href":"https:\/\/miradordeatarfe.es\/index.php?rest_route=\/wp\/v2\/posts\/81489","targetHints":{"allow":["GET"]}}],"collection":[{"href":"https:\/\/miradordeatarfe.es\/index.php?rest_route=\/wp\/v2\/posts"}],"about":[{"href":"https:\/\/miradordeatarfe.es\/index.php?rest_route=\/wp\/v2\/types\/post"}],"author":[{"embeddable":true,"href":"https:\/\/miradordeatarfe.es\/index.php?rest_route=\/wp\/v2\/users\/1"}],"replies":[{"embeddable":true,"href":"https:\/\/miradordeatarfe.es\/index.php?rest_route=%2Fwp%2Fv2%2Fcomments&post=81489"}],"version-history":[{"count":1,"href":"https:\/\/miradordeatarfe.es\/index.php?rest_route=\/wp\/v2\/posts\/81489\/revisions"}],"predecessor-version":[{"id":81491,"href":"https:\/\/miradordeatarfe.es\/index.php?rest_route=\/wp\/v2\/posts\/81489\/revisions\/81491"}],"wp:featuredmedia":[{"embeddable":true,"href":"https:\/\/miradordeatarfe.es\/index.php?rest_route=\/wp\/v2\/media\/81490"}],"wp:attachment":[{"href":"https:\/\/miradordeatarfe.es\/index.php?rest_route=%2Fwp%2Fv2%2Fmedia&parent=81489"}],"wp:term":[{"taxonomy":"category","embeddable":true,"href":"https:\/\/miradordeatarfe.es\/index.php?rest_route=%2Fwp%2Fv2%2Fcategories&post=81489"},{"taxonomy":"post_tag","embeddable":true,"href":"https:\/\/miradordeatarfe.es\/index.php?rest_route=%2Fwp%2Fv2%2Ftags&post=81489"}],"curies":[{"name":"wp","href":"https:\/\/api.w.org\/{rel}","templated":true}]}}