{"id":81502,"date":"2026-01-25T11:27:52","date_gmt":"2026-01-25T10:27:52","guid":{"rendered":"https:\/\/miradordeatarfe.es\/?p=81502"},"modified":"2026-01-20T10:38:37","modified_gmt":"2026-01-20T09:38:37","slug":"imprenta-y-litografia-ortega-por-jose-enrique-granados","status":"publish","type":"post","link":"https:\/\/miradordeatarfe.es\/?p=81502","title":{"rendered":"\u00abImprenta y litograf\u00eda Ortega y ATARFE\u00bb por Jos\u00e9 Enrique Granados"},"content":{"rendered":"<h3><span class=\"x193iq5w xeuugli x13faqbe x1vvkbs x1xmvt09 x1lliihq x1s928wv xhkezso x1gmr53x x1cpjm7i x1fgarty x1943h6x xudqn12 x3x7a5m x6prxxf xvq8zen xo1l8bm xzsf02u\" dir=\"auto\">La carteler\u00eda desplegada para anunciar la feria taurina de 1961 fue sencillamente espectacular. Al menos se usaron siete litograf\u00edas de la imprenta y litograf\u00eda Ortega, con motivos taurinos diferentes. <br class=\"html-br\" \/><br \/>\n<\/span><\/h3>\n<p><span class=\"x193iq5w xeuugli x13faqbe x1vvkbs x1xmvt09 x1lliihq x1s928wv xhkezso x1gmr53x x1cpjm7i x1fgarty x1943h6x xudqn12 x3x7a5m x6prxxf xvq8zen xo1l8bm xzsf02u\" dir=\"auto\">Esta empresa fue fundada en 1871 por Ram\u00f3n Ortega Fort en el n\u00famero 47 de la calle Ruzafa de Valencia. Desde 1888, le sucedi\u00f3 al frente de la empresa uno de sus hijos, Jos\u00e9 Ortega Paredes, que le dio un considerable impulso y la convirti\u00f3 en un referente nacional de las artes gr\u00e1ficas.<br class=\"html-br\" \/><br \/>\n<br class=\"html-br\" \/><br \/>\nLa imprenta destac\u00f3 en los \u00e1mbitos de la litograf\u00eda, la producci\u00f3n de billetaje y en especial en la carteler\u00eda taurina y festiva, en la que fue la empresa l\u00edder en Espa\u00f1a, viviendo en los a\u00f1os 20 a 40 del siglo XX los momentos de mayor esplendor con el concurso de grandes maestros de la pintura de ambiente taurino como Carlos Ruano Llopis, Juan Reus o Jos\u00e9 Cros Estrems.<\/span><\/p>\n<p><span class=\"x193iq5w xeuugli x13faqbe x1vvkbs x1xmvt09 x1lliihq x1s928wv xhkezso x1gmr53x x1cpjm7i x1fgarty x1943h6x xudqn12 x3x7a5m x6prxxf xvq8zen xo1l8bm xzsf02u\" dir=\"auto\"><img data-recalc-dims=\"1\" loading=\"lazy\" decoding=\"async\" class=\"alignnone wp-image-81503 size-full\" src=\"https:\/\/i0.wp.com\/miradordeatarfe.es\/wp-content\/uploads\/2026\/01\/586464962_1411509657649179_2732189525866377052_n-scaled.jpg?resize=640%2C279&#038;ssl=1\" alt=\"\" width=\"640\" height=\"279\" srcset=\"https:\/\/i0.wp.com\/miradordeatarfe.es\/wp-content\/uploads\/2026\/01\/586464962_1411509657649179_2732189525866377052_n-scaled.jpg?w=2560&amp;ssl=1 2560w, https:\/\/i0.wp.com\/miradordeatarfe.es\/wp-content\/uploads\/2026\/01\/586464962_1411509657649179_2732189525866377052_n-scaled.jpg?resize=300%2C131&amp;ssl=1 300w, https:\/\/i0.wp.com\/miradordeatarfe.es\/wp-content\/uploads\/2026\/01\/586464962_1411509657649179_2732189525866377052_n-scaled.jpg?resize=1024%2C447&amp;ssl=1 1024w, https:\/\/i0.wp.com\/miradordeatarfe.es\/wp-content\/uploads\/2026\/01\/586464962_1411509657649179_2732189525866377052_n-scaled.jpg?resize=768%2C335&amp;ssl=1 768w, https:\/\/i0.wp.com\/miradordeatarfe.es\/wp-content\/uploads\/2026\/01\/586464962_1411509657649179_2732189525866377052_n-scaled.jpg?resize=1536%2C670&amp;ssl=1 1536w, https:\/\/i0.wp.com\/miradordeatarfe.es\/wp-content\/uploads\/2026\/01\/586464962_1411509657649179_2732189525866377052_n-scaled.jpg?resize=2048%2C893&amp;ssl=1 2048w, https:\/\/i0.wp.com\/miradordeatarfe.es\/wp-content\/uploads\/2026\/01\/586464962_1411509657649179_2732189525866377052_n-scaled.jpg?resize=1320%2C576&amp;ssl=1 1320w, https:\/\/i0.wp.com\/miradordeatarfe.es\/wp-content\/uploads\/2026\/01\/586464962_1411509657649179_2732189525866377052_n-scaled.jpg?w=1920&amp;ssl=1 1920w\" sizes=\"auto, (max-width: 640px) 100vw, 640px\" \/><br class=\"html-br\" \/><br \/>\n<br class=\"html-br\" \/><br \/>\nLos documentos de la fotograf\u00eda pertenecen a la colecci\u00f3n particular de Anto\u00f1ito el de la Tienda la Esquina, al que no dejaremos de agradecer su labor archiv\u00edstica, que ha permitido que conozcamos mejor el Atarfe del ayer.<\/span><\/p>\n<p><span class=\"x193iq5w xeuugli x13faqbe x1vvkbs x1xmvt09 x1lliihq x1s928wv xhkezso x1gmr53x x1cpjm7i x1fgarty x1943h6x xudqn12 x3x7a5m x6prxxf xvq8zen xo1l8bm xzsf02u\" dir=\"auto\"><br class=\"html-br\" \/><br \/>\n<strong>Gacetilla y curiosidades elvirenses<\/strong><\/span><\/p>\n","protected":false},"excerpt":{"rendered":"<p>La carteler\u00eda desplegada para anunciar la feria taurina de 1961 fue sencillamente espectacular. Al menos&#8230;<\/p>\n","protected":false},"author":1,"featured_media":81504,"comment_status":"closed","ping_status":"closed","sticky":false,"template":"","format":"standard","meta":{"_coblocks_attr":"","_coblocks_dimensions":"","_coblocks_responsive_height":"","_coblocks_accordion_ie_support":"","jetpack_post_was_ever_published":false,"_jetpack_newsletter_access":"","_jetpack_dont_email_post_to_subs":false,"_jetpack_newsletter_tier_id":0,"_jetpack_memberships_contains_paywalled_content":false,"_jetpack_memberships_contains_paid_content":false,"footnotes":"","jetpack_publicize_message":"","jetpack_publicize_feature_enabled":true,"jetpack_social_post_already_shared":true,"jetpack_social_options":{"image_generator_settings":{"template":"highway","default_image_id":0,"enabled":false},"version":2}},"categories":[7511,1225,186,44],"tags":[],"class_list":["post-81502","post","type-post","status-publish","format-standard","has-post-thumbnail","hentry","category-atarfe-en-papel","category-ha-de-atarfe","category-instituciones","category-noticias-de-hoy"],"jetpack_publicize_connections":[],"jetpack_featured_media_url":"https:\/\/i0.wp.com\/miradordeatarfe.es\/wp-content\/uploads\/2026\/01\/586464962_1411509657649179_2732189525866377052_nbb.jpg?fit=970%2C641&ssl=1","jetpack_likes_enabled":true,"jetpack_sharing_enabled":true,"_links":{"self":[{"href":"https:\/\/miradordeatarfe.es\/index.php?rest_route=\/wp\/v2\/posts\/81502","targetHints":{"allow":["GET"]}}],"collection":[{"href":"https:\/\/miradordeatarfe.es\/index.php?rest_route=\/wp\/v2\/posts"}],"about":[{"href":"https:\/\/miradordeatarfe.es\/index.php?rest_route=\/wp\/v2\/types\/post"}],"author":[{"embeddable":true,"href":"https:\/\/miradordeatarfe.es\/index.php?rest_route=\/wp\/v2\/users\/1"}],"replies":[{"embeddable":true,"href":"https:\/\/miradordeatarfe.es\/index.php?rest_route=%2Fwp%2Fv2%2Fcomments&post=81502"}],"version-history":[{"count":2,"href":"https:\/\/miradordeatarfe.es\/index.php?rest_route=\/wp\/v2\/posts\/81502\/revisions"}],"predecessor-version":[{"id":81506,"href":"https:\/\/miradordeatarfe.es\/index.php?rest_route=\/wp\/v2\/posts\/81502\/revisions\/81506"}],"wp:featuredmedia":[{"embeddable":true,"href":"https:\/\/miradordeatarfe.es\/index.php?rest_route=\/wp\/v2\/media\/81504"}],"wp:attachment":[{"href":"https:\/\/miradordeatarfe.es\/index.php?rest_route=%2Fwp%2Fv2%2Fmedia&parent=81502"}],"wp:term":[{"taxonomy":"category","embeddable":true,"href":"https:\/\/miradordeatarfe.es\/index.php?rest_route=%2Fwp%2Fv2%2Fcategories&post=81502"},{"taxonomy":"post_tag","embeddable":true,"href":"https:\/\/miradordeatarfe.es\/index.php?rest_route=%2Fwp%2Fv2%2Ftags&post=81502"}],"curies":[{"name":"wp","href":"https:\/\/api.w.org\/{rel}","templated":true}]}}