{"id":81517,"date":"2026-01-25T08:35:39","date_gmt":"2026-01-25T07:35:39","guid":{"rendered":"https:\/\/miradordeatarfe.es\/?p=81517"},"modified":"2026-01-21T13:44:22","modified_gmt":"2026-01-21T12:44:22","slug":"ingreso-minimo-vital-que-requisitos-tienen-que-cumplir-los-mayores-de-23-anos-que-vivan-con-sus-padres-y-que-quieran-solicitarlo","status":"publish","type":"post","link":"https:\/\/miradordeatarfe.es\/?p=81517","title":{"rendered":"Ingreso M\u00ednimo Vital: Qu\u00e9 requisitos tienen que cumplir los mayores de 23 a\u00f1os que vivan con sus padres y que quieran solicitarlo"},"content":{"rendered":"<div class=\"row row__content\"><main class=\"content__wrapper\"><\/p>\n<div class=\"c-header\">\n<div class=\"news-header\">\n<h3 style=\"text-align: justify;\">Mantener una estructura econ\u00f3mica independiente a pesar de compartir techo con sus progenitores, no estar casado o haber vivido el \u00faltimo a\u00f1o en Espa\u00f1a son algunas de las condiciones para poder acceder a la ayuda<\/h3>\n<\/div>\n<\/div>\n<div class=\"content-container col-12 col-lg-8\">\n<div class=\"c-content\">\n<div class=\"partner-wrapper article-page__body-row\">\n<div class=\"second-col\" style=\"text-align: justify;\">\n<p class=\"article-text\">El <strong>Ingreso M\u00ednimo Vital (IMV)<\/strong> sigue siendo una prestaci\u00f3n econ\u00f3mica dise\u00f1ada por la <a class=\"link\" href=\"https:\/\/www.eldiario.es\/temas\/seguridad-social\/\" data-mrf-recirculation=\"links-noticia\" data-mrf-link=\"https:\/\/www.eldiario.es\/temas\/seguridad-social\/\">Seguridad Social<\/a> para prevenir el riesgo de pobreza y exclusi\u00f3n social, una ayuda que busca garantizar un nivel m\u00ednimo de renta a ciudadanos en situaci\u00f3n de vulnerabilidad econ\u00f3mica, y que ya ha llegado a m\u00e1s de 2,4 millones de personas. Pero, con la entrada del nuevo a\u00f1o, una de las novedades m\u00e1s relevantes es la consolidaci\u00f3n del acceso para personas que, a pesar de vivir con sus progenitores, pueden ser beneficiarias de forma individual. Y es que el Gobierno ha impulsado esta reforma de la ayuda para responder a la <strong>crisis de emancipaci\u00f3n<\/strong> que afecta a miles de j\u00f3venes que no cuentan con independencia econ\u00f3mica y laboral.<\/p>\n<aside class=\"know-more know-more--with-image\">\n<p class=\"know-more__title\">Pensiones por incapacidad permanente, total, absoluta o gran discapacidad: esto es lo que suben en 2026<\/p>\n<p><a href=\"https:\/\/www.eldiario.es\/economia\/tu-economia\/pensiones-incapacidad-permanente-total-absoluta-gran-discapacidad-suben-2026-pm_1_12905653.html\" data-mrf-recirculation=\"saber-mas\" data-dl-event=\"saber-mas\" data-mrf-link=\"https:\/\/www.eldiario.es\/economia\/tu-economia\/pensiones-incapacidad-permanente-total-absoluta-gran-discapacidad-suben-2026-pm_1_12905653.html\"><picture class=\"know-more__img\"><source srcset=\"https:\/\/static.eldiario.es\/clip\/99777163-dbe9-4e5d-aa2d-44d7a2131e44_16-9-aspect-ratio_50p_0.webp\" type=\"image\/webp\" media=\"(max-width: 767px)\" \/><source srcset=\"https:\/\/static.eldiario.es\/clip\/99777163-dbe9-4e5d-aa2d-44d7a2131e44_16-9-aspect-ratio_50p_0.jpg\" type=\"image\/jpg\" media=\"(max-width: 767px)\" \/><source srcset=\"https:\/\/static.eldiario.es\/clip\/99777163-dbe9-4e5d-aa2d-44d7a2131e44_16-9-aspect-ratio_50p_0.webp\" type=\"image\/webp\" media=\"(min-width: 768px)\" \/><source srcset=\"https:\/\/static.eldiario.es\/clip\/99777163-dbe9-4e5d-aa2d-44d7a2131e44_16-9-aspect-ratio_50p_0.jpg\" type=\"image\/jpg\" media=\"(min-width: 768px)\" \/><source srcset=\"https:\/\/static.eldiario.es\/clip\/99777163-dbe9-4e5d-aa2d-44d7a2131e44_16-9-aspect-ratio_default_0.webp\" type=\"image\/webp\" \/><img data-recalc-dims=\"1\" decoding=\"async\" class=\"lazy entered loaded alignleft\" src=\"https:\/\/i0.wp.com\/static.eldiario.es\/clip\/99777163-dbe9-4e5d-aa2d-44d7a2131e44_16-9-aspect-ratio_default_0.jpg?w=640&#038;ssl=1\" alt=\"Pensiones por incapacidad permanente, total, absoluta o gran discapacidad: esto es lo que suben en 2026\" data-src=\"https:\/\/static.eldiario.es\/clip\/99777163-dbe9-4e5d-aa2d-44d7a2131e44_16-9-aspect-ratio_default_0.jpg\" data-ll-status=\"loaded\" \/><\/picture><\/a>Para solicitar esta ayuda viviendo con los padres, a partir de ahora y una vez cumplidos los <strong>23 a\u00f1os<\/strong> de edad, para ser beneficiario de la ayuda habr\u00e1 cumplir una serie de condiciones espec\u00edficas de convivencia. Aunque compartan el mismo domicilio f\u00edsico, la normativa exige que el solicitante no se integre formalmente en la <strong>unidad de convivencia<\/strong> de sus padres para poder recibir la prestaci\u00f3n de manera individual. Entre los requisitos civiles indispensables, el solicitante <strong>no debe estar casado<\/strong>, a menos que se hayan iniciado los tr\u00e1mites legales de separaci\u00f3n o divorcio. Asimismo, se proh\u00edbe que el beneficiario est\u00e9 unido a otra persona como pareja de hecho registrada o que forme parte de otra unidad de convivencia distinta a la que declara.<\/aside>\n<p class=\"article-text\">La <a class=\"link\" href=\"https:\/\/www.eldiario.es\/temas\/seguridad-social\/\" data-mrf-recirculation=\"links-noticia\" data-mrf-link=\"https:\/\/www.eldiario.es\/temas\/seguridad-social\/\">Seguridad Social<\/a> es estricta en este sentido al se\u00f1alar que una misma persona no puede formar parte de m\u00e1s de una unidad de convivencia de forma simult\u00e1nea. Esto implica que el joven debe demostrar que mantiene una <strong>estructura econ\u00f3mica independiente<\/strong> a pesar de compartir el techo familiar con sus progenitores, un matiz clave para la aprobaci\u00f3n del expediente. Si el solicitante tiene entre <strong>23 y 29 a\u00f1os<\/strong>, debe acreditar haber tenido <strong>residencia legal y efectiva<\/strong> en Espa\u00f1a de forma continuada durante el a\u00f1o anterior a la solicitud. Adem\u00e1s, en este rango de edad es obligatorio <strong>haber vivido de forma independiente<\/strong> durante al menos los dos a\u00f1os anteriores a la petici\u00f3n de la ayuda.<\/p>\n<figure><picture class=\"news-image\"><source srcset=\"https:\/\/static.eldiario.es\/clip\/40ed4506-09a6-4dd9-8bd9-28599de6567e_16-9-discover-aspect-ratio_50p_0.webp\" type=\"image\/webp\" media=\"(max-width: 576px)\" \/><source srcset=\"https:\/\/static.eldiario.es\/clip\/40ed4506-09a6-4dd9-8bd9-28599de6567e_16-9-discover-aspect-ratio_50p_0.jpg\" type=\"image\/jpg\" media=\"(max-width: 576px)\" \/><source srcset=\"https:\/\/static.eldiario.es\/clip\/40ed4506-09a6-4dd9-8bd9-28599de6567e_16-9-discover-aspect-ratio_75p_0.webp\" type=\"image\/webp\" media=\"(max-width: 767px)\" \/><source srcset=\"https:\/\/static.eldiario.es\/clip\/40ed4506-09a6-4dd9-8bd9-28599de6567e_16-9-discover-aspect-ratio_75p_0.jpg\" type=\"image\/jpg\" media=\"(max-width: 767px)\" \/><source srcset=\"https:\/\/static.eldiario.es\/clip\/40ed4506-09a6-4dd9-8bd9-28599de6567e_16-9-discover-aspect-ratio_default_0.webp\" type=\"image\/webp\" media=\"(min-width: 768px)\" \/><source srcset=\"https:\/\/static.eldiario.es\/clip\/40ed4506-09a6-4dd9-8bd9-28599de6567e_16-9-discover-aspect-ratio_default_0.jpg\" type=\"image\/jpg\" media=\"(min-width: 768px)\" \/><source srcset=\"https:\/\/static.eldiario.es\/clip\/40ed4506-09a6-4dd9-8bd9-28599de6567e_16-9-discover-aspect-ratio_default_0.webp\" type=\"image\/webp\" \/><img data-recalc-dims=\"1\" decoding=\"async\" class=\"lazy entered loaded\" src=\"https:\/\/i0.wp.com\/static.eldiario.es\/clip\/40ed4506-09a6-4dd9-8bd9-28599de6567e_16-9-discover-aspect-ratio_default_0.jpg?w=640&#038;ssl=1\" alt=\"Haber vivido de forma independiente durante al menos los dos a\u00f1os anteriores a la petici\u00f3n de la ayuda es uno de los requisitos para solicitarla\" data-src=\"https:\/\/static.eldiario.es\/clip\/40ed4506-09a6-4dd9-8bd9-28599de6567e_16-9-discover-aspect-ratio_default_0.jpg\" data-ll-status=\"loaded\" \/><\/picture><figcaption class=\"image-footer\"><span class=\"title\"> Haber vivido de forma independiente durante al menos los dos a\u00f1os anteriores a la petici\u00f3n de la ayuda es uno de los requisitos para solicitarla <\/span><\/figcaption><\/figure>\n<p class=\"article-text\">Se considera que una persona ha vivido de forma independiente si demuestra que su domicilio fue distinto al de sus padres durante esos dos a\u00f1os. Adicionalmente, debe acreditar haber estado dado de alta en la <strong>Seguridad Social<\/strong>, Clases Pasivas o mutualidades alternativas durante al menos doce meses dentro de ese periodo. No obstante, existen excepciones importantes a la norma de independencia previa para colectivos especialmente vulnerables. No se exigir\u00e1 el periodo de vida independiente a quienes hayan abandonado su domicilio habitual por ser v\u00edctimas de <strong>violencia de g\u00e9nero<\/strong>, de trata de seres humanos o por haber iniciado tr\u00e1mites de separaci\u00f3n o divorcio.<\/p>\n<p class=\"article-text\">En el caso de los ciudadanos que tengan <strong>30 a\u00f1os o m\u00e1s<\/strong>, los requisitos de independencia se flexibilizan ligeramente en cuanto a los plazos exigidos. Estos solicitantes deben acreditar que, durante el a\u00f1o inmediatamente anterior a la petici\u00f3n, su domicilio en Espa\u00f1a ha sido diferente al de sus progenitores, tutores o acogedores. Existe una salvedad espec\u00edfica para los mayores de 30 a\u00f1os que regresan al domicilio familiar por causas de fuerza mayor: No ser\u00e1 necesario cumplir el a\u00f1o de residencia separada si el cese de la convivencia previa con los progenitores se debi\u00f3 exclusivamente al <strong>fallecimiento<\/strong> de estos.<\/p>\n<h2 class=\"article-text\">733,6 euros mensuales<\/h2>\n<p class=\"article-text\">M\u00e1s all\u00e1 de la convivencia, el solicitante debe encontrarse en situaci\u00f3n de <strong>vulnerabilidad econ\u00f3mica<\/strong> seg\u00fan los baremos oficiales de la <a class=\"link\" href=\"https:\/\/www.eldiario.es\/temas\/seguridad-social\/\" data-mrf-recirculation=\"links-noticia\" data-mrf-link=\"https:\/\/www.eldiario.es\/temas\/seguridad-social\/\">Seguridad Social<\/a>. Para ser beneficiario individual en 2026, los ingresos deben ser inferiores a la renta garantizada, que tras la revalorizaci\u00f3n se sit\u00faa en unos 733,6 euros mensuales para un solo adulto. Con la revalorizaci\u00f3n del <strong>11,4%<\/strong> prevista para 2026, la ayuda del<strong> Ingreso M\u00ednimo Vital <\/strong>busca mitigar el impacto de la inflaci\u00f3n y mejorar la inclusi\u00f3n de los j\u00f3venes en precariedad. Esta medida podr\u00eda suponer un alivio para un colectivo que enfrenta grandes dificultades para acceder a una vivienda y un empleo estable en la actualidad.<\/p>\n<p class=\"article-text\">La mencionada cifra de 733,6 euros aumenta un 22% si existe una <strong>discapacidad<\/strong> igual o superior al 65%. Para las unidades de convivencia, el importe base sube un 30% por cada miembro adicional a partir del segundo, con un tope m\u00e1ximo del 220%. Esto supone rangos que van desde los 953,68 euros para dos adultos hasta los 1.613,92 euros en las familias de mayor tama\u00f1o. Las <strong>unidades monoparentales<\/strong> cuentan con un complemento especial del 22%, aplicable tambi\u00e9n en situaciones de <strong>violencia de g\u00e9nero<\/strong> o <strong>gran dependencia<\/strong>, con importes que oscilan entre 1.115,07 y 1.775,31 euros seg\u00fan el n\u00famero de menores a cargo. Adem\u00e1s, se a\u00f1ade otro 22% adicional si alg\u00fan miembro de la unidad tiene una <strong>discapacidad<\/strong> reconocida del 65% o m\u00e1s.<\/p>\n<aside class=\"know-more know-more--with-image\">\n<p class=\"know-more__title\">C\u00f3mo funciona la ayuda a la vivienda para menores de 35 a\u00f1os que ya est\u00e1 en vigor<\/p>\n<p><a href=\"https:\/\/www.eldiario.es\/economia\/tu-economia\/funciona-ayuda-vivienda-menores-35-anos-entra-hoy-vigor-pm_1_12879319.html\" data-mrf-recirculation=\"saber-mas-abajo\" data-dl-event=\"saber-mas-abajo\" data-mrf-link=\"https:\/\/www.eldiario.es\/economia\/tu-economia\/funciona-ayuda-vivienda-menores-35-anos-entra-hoy-vigor-pm_1_12879319.html\"><picture class=\"know-more__img\"><source srcset=\"https:\/\/static.eldiario.es\/clip\/7a065b47-f22e-4a59-9d42-9fbea9f4ab6b_16-9-aspect-ratio_50p_0.webp\" type=\"image\/webp\" media=\"(max-width: 767px)\" \/><source srcset=\"https:\/\/static.eldiario.es\/clip\/7a065b47-f22e-4a59-9d42-9fbea9f4ab6b_16-9-aspect-ratio_50p_0.jpg\" type=\"image\/jpg\" media=\"(max-width: 767px)\" \/><source srcset=\"https:\/\/static.eldiario.es\/clip\/7a065b47-f22e-4a59-9d42-9fbea9f4ab6b_16-9-aspect-ratio_50p_0.webp\" type=\"image\/webp\" media=\"(min-width: 768px)\" \/><source srcset=\"https:\/\/static.eldiario.es\/clip\/7a065b47-f22e-4a59-9d42-9fbea9f4ab6b_16-9-aspect-ratio_50p_0.jpg\" type=\"image\/jpg\" media=\"(min-width: 768px)\" \/><source srcset=\"https:\/\/static.eldiario.es\/clip\/7a065b47-f22e-4a59-9d42-9fbea9f4ab6b_16-9-aspect-ratio_default_0.webp\" type=\"image\/webp\" \/><img data-recalc-dims=\"1\" decoding=\"async\" class=\"lazy entered loaded alignleft\" src=\"https:\/\/i0.wp.com\/static.eldiario.es\/clip\/7a065b47-f22e-4a59-9d42-9fbea9f4ab6b_16-9-aspect-ratio_default_0.jpg?w=640&#038;ssl=1\" alt=\"C\u00f3mo funciona la ayuda a la vivienda para menores de 35 a\u00f1os que ya est\u00e1 en vigor\" data-src=\"https:\/\/static.eldiario.es\/clip\/7a065b47-f22e-4a59-9d42-9fbea9f4ab6b_16-9-aspect-ratio_default_0.jpg\" data-ll-status=\"loaded\" \/><\/picture><\/a>Por otro lado, se otorga un <strong>complemento de ayuda para la infancia<\/strong> por cada menor, fijado en 115 euros para menores de tres a\u00f1os, 80,50 euros para ni\u00f1os de tres a seis a\u00f1os y 57,50 euros hasta los dieciocho a\u00f1os. En casos de custodia compartida, el menor se asigna a la unidad donde est\u00e9 domiciliado para el c\u00e1lculo. Es crucial entender que esta ayuda de la <a class=\"link\" href=\"https:\/\/www.eldiario.es\/temas\/seguridad-social\/\" data-mrf-recirculation=\"links-noticia\" data-mrf-link=\"https:\/\/www.eldiario.es\/temas\/seguridad-social\/\">Seguridad Social<\/a> es subsidiaria: si se perciben pensiones contributivas, no contributivas o subsidios para mayores de 52 a\u00f1os, el ingreso m\u00ednimo vital solo cubrir\u00e1 la diferencia hasta alcanzar la renta garantizada. Si los ingresos externos ya igualan o superan este l\u00edmite, no se reconocer\u00e1 el derecho a la prestaci\u00f3n<\/aside>\n<\/div>\n<\/div>\n<\/div>\n<\/div>\n<p><\/main><\/div>\n<aside>\n<div class=\"second-col\">\n<figure class=\"ni-figure\"><figcaption class=\"image-footer\"><span class=\"title\"><br \/>\n<strong><a href=\"https:\/\/www.eldiario.es\/autores\/alberto_gomez\/\" data-mrf-link=\"https:\/\/www.eldiario.es\/autores\/alberto_gomez\/\">Alberto G\u00f3mez<\/a><\/p>\n<p>FOTO: <\/strong>Una novedad del Ingreso M\u00ednimo Vital es que aquellos j\u00f3venes de al menos 23 a\u00f1os y que vivan con sus padres podr\u00edan ser beneficiarios de la ayuda <span class=\"author\"> EUROPA PRESS &#8211; Archivo<\/p>\n<p>https:\/\/www.eldiario.es\/economia\/tu-economia\/ingreso-minimo-vital-requisitos-cumplir-mayores-23-anos-vivan-padres-quieran-solicitarlo-pm_1_12923277.html<\/span> <\/span><\/figcaption><\/figure>\n<\/div>\n<div class=\"news-info\" data-mrf-recirculation=\"firma\">\n<div class=\"info-wrapper\">\n<p class=\"authors\">\u00a0<\/p>\n<\/div>\n<\/div>\n<\/aside>\n","protected":false},"excerpt":{"rendered":"<p>Mantener una estructura econ\u00f3mica independiente a pesar de compartir techo con sus progenitores, no estar&#8230;<\/p>\n","protected":false},"author":1,"featured_media":81518,"comment_status":"closed","ping_status":"closed","sticky":false,"template":"","format":"standard","meta":{"_coblocks_attr":"","_coblocks_dimensions":"","_coblocks_responsive_height":"","_coblocks_accordion_ie_support":"","jetpack_post_was_ever_published":false,"_jetpack_newsletter_access":"","_jetpack_dont_email_post_to_subs":false,"_jetpack_newsletter_tier_id":0,"_jetpack_memberships_contains_paywalled_content":false,"_jetpack_memberships_contains_paid_content":false,"footnotes":"","jetpack_publicize_message":"","jetpack_publicize_feature_enabled":true,"jetpack_social_post_already_shared":true,"jetpack_social_options":{"image_generator_settings":{"template":"highway","default_image_id":0,"enabled":false},"version":2}},"categories":[1161,10811,44,6937],"tags":[],"class_list":["post-81517","post","type-post","status-publish","format-standard","has-post-thumbnail","hentry","category-ciudadania","category-jovenes","category-noticias-de-hoy","category-sociedad"],"jetpack_publicize_connections":[],"jetpack_featured_media_url":"https:\/\/i0.wp.com\/miradordeatarfe.es\/wp-content\/uploads\/2026\/01\/58f7442d-dfbc-458b-912e-9b7cd6c47903_16-9-discover-aspect-ratio_default_0.webp?fit=1200%2C675&ssl=1","jetpack_likes_enabled":true,"jetpack_sharing_enabled":true,"_links":{"self":[{"href":"https:\/\/miradordeatarfe.es\/index.php?rest_route=\/wp\/v2\/posts\/81517","targetHints":{"allow":["GET"]}}],"collection":[{"href":"https:\/\/miradordeatarfe.es\/index.php?rest_route=\/wp\/v2\/posts"}],"about":[{"href":"https:\/\/miradordeatarfe.es\/index.php?rest_route=\/wp\/v2\/types\/post"}],"author":[{"embeddable":true,"href":"https:\/\/miradordeatarfe.es\/index.php?rest_route=\/wp\/v2\/users\/1"}],"replies":[{"embeddable":true,"href":"https:\/\/miradordeatarfe.es\/index.php?rest_route=%2Fwp%2Fv2%2Fcomments&post=81517"}],"version-history":[{"count":1,"href":"https:\/\/miradordeatarfe.es\/index.php?rest_route=\/wp\/v2\/posts\/81517\/revisions"}],"predecessor-version":[{"id":81519,"href":"https:\/\/miradordeatarfe.es\/index.php?rest_route=\/wp\/v2\/posts\/81517\/revisions\/81519"}],"wp:featuredmedia":[{"embeddable":true,"href":"https:\/\/miradordeatarfe.es\/index.php?rest_route=\/wp\/v2\/media\/81518"}],"wp:attachment":[{"href":"https:\/\/miradordeatarfe.es\/index.php?rest_route=%2Fwp%2Fv2%2Fmedia&parent=81517"}],"wp:term":[{"taxonomy":"category","embeddable":true,"href":"https:\/\/miradordeatarfe.es\/index.php?rest_route=%2Fwp%2Fv2%2Fcategories&post=81517"},{"taxonomy":"post_tag","embeddable":true,"href":"https:\/\/miradordeatarfe.es\/index.php?rest_route=%2Fwp%2Fv2%2Ftags&post=81517"}],"curies":[{"name":"wp","href":"https:\/\/api.w.org\/{rel}","templated":true}]}}