{"id":81520,"date":"2026-01-22T11:00:39","date_gmt":"2026-01-22T10:00:39","guid":{"rendered":"https:\/\/miradordeatarfe.es\/?p=81520"},"modified":"2026-01-21T13:52:34","modified_gmt":"2026-01-21T12:52:34","slug":"gentes-indeseables-por-juan-de-dios-villanueva-roa","status":"publish","type":"post","link":"https:\/\/miradordeatarfe.es\/?p=81520","title":{"rendered":"\u00abGentes indeseables\u00bb por Juan de Dios Villanueva Roa"},"content":{"rendered":"<p style=\"text-align: justify;\">No somos indeseables, no todo sirve para las personas decentes, para quienes est\u00e1n en la vida por la vida.<\/p>\n<p style=\"text-align: justify;\">Las <strong>personas<\/strong> somos propensas a ayudar a los dem\u00e1s de manera desinteresada, de ser \u00fatiles para quienes nos necesitan, de poner a disposici\u00f3n de quienes precisan de nuestra ayuda aquello de lo que disponemos. As\u00ed fue a lo largo de la historia, por eso hemos llegado hasta aqu\u00ed, y por eso seguiremos avanzando en nuestras relaciones.<\/p>\n<p style=\"text-align: justify;\">Despu\u00e9s aparecen las <strong>gentes,<\/strong> esas que est\u00e1n permanentemente buscando su exclusivo beneficio, su momento, aprovecharse de cualquier circunstancia para quedarse con el ascua y con la sardina, para imponer sus falacias porque el oportunismo ya sea hist\u00f3rico o puntual se lo permite.<\/p>\n<p style=\"text-align: justify;\">Entre las personas estamos la inmensa mayor\u00eda, y eso ennoblece al g\u00e9nero humano. Luego est\u00e1n aquellos que aprovechan las aguas revueltas, naturalidad en cualquier espacio, para arremeter. Es el caso de Trump, ser que se ha convertido en uno de los m\u00e1s despreciables del mundo, por su agon\u00eda, por su insaciable y desmedida ansia de quedarse con todo aquello que se le cruza por su cabeza.<\/p>\n<p style=\"text-align: justify;\">Y luego est\u00e1n sus seguidores, aquellos que bajo su sombra caminan ahora por los carriles de la sociedad, todas las ultraderechas terr\u00edcolas, que son capaces de desatar la tercera guerra mundial por tal de alabar a su l\u00edder, amado l\u00edder. Aqu\u00ed sabemos d\u00f3nde est\u00e1n y c\u00f3mo act\u00faan en cualquier situaci\u00f3n extrema, y si no es tal, ellos dilatan las circunstancias hasta hacerla extrema siempre que a ellos no les afecte, porque la masa reacciona como as\u00ed, sin pensamiento propio ni raciocinio, cuando los extremos se tocan.<\/p>\n<p style=\"text-align: justify;\">El comunicado de Abascal sobre el terrible accidente de Adamuz lo demuestra. Su objetivo est\u00e1 claro: mientras peor, mejor para sus intereses. Y si no, se provoca.<\/p>\n","protected":false},"excerpt":{"rendered":"<p>No somos indeseables, no todo sirve para las personas decentes, para quienes est\u00e1n en la&#8230;<\/p>\n","protected":false},"author":1,"featured_media":81521,"comment_status":"closed","ping_status":"closed","sticky":false,"template":"","format":"standard","meta":{"_coblocks_attr":"","_coblocks_dimensions":"","_coblocks_responsive_height":"","_coblocks_accordion_ie_support":"","jetpack_post_was_ever_published":false,"_jetpack_newsletter_access":"","_jetpack_dont_email_post_to_subs":false,"_jetpack_newsletter_tier_id":0,"_jetpack_memberships_contains_paywalled_content":false,"_jetpack_memberships_contains_paid_content":false,"footnotes":"","jetpack_publicize_message":"","jetpack_publicize_feature_enabled":true,"jetpack_social_post_already_shared":true,"jetpack_social_options":{"image_generator_settings":{"template":"highway","default_image_id":0,"enabled":false},"version":2}},"categories":[1161,9772,44,7671],"tags":[],"class_list":["post-81520","post","type-post","status-publish","format-standard","has-post-thumbnail","hentry","category-ciudadania","category-opinion-de-juan-de-dios-villanueva","category-noticias-de-hoy","category-politica"],"jetpack_publicize_connections":[],"jetpack_featured_media_url":"https:\/\/i0.wp.com\/miradordeatarfe.es\/wp-content\/uploads\/2026\/01\/27PIZLABZJGWFH3Y2F6UIAXMTI.jpg?fit=1960%2C1103&ssl=1","jetpack_likes_enabled":true,"jetpack_sharing_enabled":true,"_links":{"self":[{"href":"https:\/\/miradordeatarfe.es\/index.php?rest_route=\/wp\/v2\/posts\/81520","targetHints":{"allow":["GET"]}}],"collection":[{"href":"https:\/\/miradordeatarfe.es\/index.php?rest_route=\/wp\/v2\/posts"}],"about":[{"href":"https:\/\/miradordeatarfe.es\/index.php?rest_route=\/wp\/v2\/types\/post"}],"author":[{"embeddable":true,"href":"https:\/\/miradordeatarfe.es\/index.php?rest_route=\/wp\/v2\/users\/1"}],"replies":[{"embeddable":true,"href":"https:\/\/miradordeatarfe.es\/index.php?rest_route=%2Fwp%2Fv2%2Fcomments&post=81520"}],"version-history":[{"count":1,"href":"https:\/\/miradordeatarfe.es\/index.php?rest_route=\/wp\/v2\/posts\/81520\/revisions"}],"predecessor-version":[{"id":81522,"href":"https:\/\/miradordeatarfe.es\/index.php?rest_route=\/wp\/v2\/posts\/81520\/revisions\/81522"}],"wp:featuredmedia":[{"embeddable":true,"href":"https:\/\/miradordeatarfe.es\/index.php?rest_route=\/wp\/v2\/media\/81521"}],"wp:attachment":[{"href":"https:\/\/miradordeatarfe.es\/index.php?rest_route=%2Fwp%2Fv2%2Fmedia&parent=81520"}],"wp:term":[{"taxonomy":"category","embeddable":true,"href":"https:\/\/miradordeatarfe.es\/index.php?rest_route=%2Fwp%2Fv2%2Fcategories&post=81520"},{"taxonomy":"post_tag","embeddable":true,"href":"https:\/\/miradordeatarfe.es\/index.php?rest_route=%2Fwp%2Fv2%2Ftags&post=81520"}],"curies":[{"name":"wp","href":"https:\/\/api.w.org\/{rel}","templated":true}]}}