{"id":81526,"date":"2026-01-24T11:31:18","date_gmt":"2026-01-24T10:31:18","guid":{"rendered":"https:\/\/miradordeatarfe.es\/?p=81526"},"modified":"2026-01-23T17:34:21","modified_gmt":"2026-01-23T16:34:21","slug":"atarfe-marina-heredia-en-concierto","status":"publish","type":"post","link":"https:\/\/miradordeatarfe.es\/?p=81526","title":{"rendered":"ATARFE: Marina Heredia en Concierto"},"content":{"rendered":"<p style=\"text-align: justify;\">Marina Heredia ha publicado\u00a0 en todas las plataformas digitales \u201cJuan el Egiptano\u201d, el primer adelanto de su nuevo trabajo discogr\u00e1fico, <strong>\u201cEn Libertad. El camino de los gitanos\u201d<\/strong>. Esta rumba catalana, que cuenta con la participaci\u00f3n de Lolita, supone la primera muestra de un proyecto que combina investigaci\u00f3n hist\u00f3rica, creaci\u00f3n art\u00edstica y un homenaje directo al pueblo gitano en el VI centenario de su llegada a la Pen\u00ednsula Ib\u00e9rica.<\/p>\n<p style=\"text-align: justify;\"><strong>\u201cEn Libertad. El camino de los gitanos\u201d<\/strong> es un trabajo de gran envergadura art\u00edstica y conceptual. El proyecto, que combina una parte cl\u00e1sica y otra plenamente flamenca, nace de una residencia art\u00edstica de Heredia en Alemania y del trabajo conjunto con Jos\u00e9 Quevedo \u201cBolita\u201d y Joan Albert Amarg\u00f3s, autores de la parte sinf\u00f3nica estrenada en 2023 con la Duisburger Philharmoniker. Desde ah\u00ed, el disco propone un viaje musical que recorre siglos de historia, memoria y transformaci\u00f3n cultural, enlazando tradici\u00f3n, contemporaneidad y ra\u00edz gitana.<\/p>\n<p style=\"text-align: justify;\"><strong>Un concierto \u00fanico, lleno emoci\u00f3n.\u201cEn libertad. El camino de los gitanos\u201d<\/strong><\/p>\n<p style=\"text-align: justify;\">La voz de Marina Heredia, una de las grandes figuras del flamenco actual, resonar\u00e1 en Atarfe en una noche que promete ser inolvidable.<\/p>\n<p style=\"text-align: justify;\"><strong>&#8211; 7 de marzo de 2026<\/strong><br \/>\n<strong>&#8211; 20:00 h<\/strong><br \/>\n<strong>&#8211; Centro Cultural Medina Elvira<\/strong><\/p>\n<p style=\"text-align: justify;\">Un espect\u00e1culo que es mucho m\u00e1s que m\u00fasica: es identidad, sentimiento y libertad hecha cante.<\/p>\n<p style=\"text-align: justify;\">Entradas ya a la venta<br \/>\n<a href=\"https:\/\/www.redentradas.com\/?entradas=marina-heredia-en-concierto&amp;provincia=granada&amp;cpro=18&amp;eid=2933\">https:\/\/www.redentradas.com\/?entradas=marina-heredia-en-concierto&amp;provincia=granada&amp;cpro=18&amp;eid=2933<\/a><\/p>\n<p style=\"text-align: justify;\">Precio: 21,60 \u20ac<\/p>\n<p style=\"text-align: justify;\">No te pierdas la oportunidad de vivir el flamenco en estado puro.<\/p>\n<p style=\"text-align: justify;\">Atarfe se llena de arte.<\/p>\n<p><img data-recalc-dims=\"1\" loading=\"lazy\" decoding=\"async\" class=\"alignnone wp-image-81528 \" src=\"https:\/\/i0.wp.com\/miradordeatarfe.es\/wp-content\/uploads\/2026\/01\/marina-heredia-concierto.jpg?resize=640%2C905&#038;ssl=1\" alt=\"\" width=\"640\" height=\"905\" srcset=\"https:\/\/i0.wp.com\/miradordeatarfe.es\/wp-content\/uploads\/2026\/01\/marina-heredia-concierto.jpg?w=600&amp;ssl=1 600w, https:\/\/i0.wp.com\/miradordeatarfe.es\/wp-content\/uploads\/2026\/01\/marina-heredia-concierto.jpg?resize=212%2C300&amp;ssl=1 212w\" sizes=\"auto, (max-width: 640px) 100vw, 640px\" \/><\/p>\n","protected":false},"excerpt":{"rendered":"<p>Marina Heredia ha publicado\u00a0 en todas las plataformas digitales \u201cJuan el Egiptano\u201d, el primer adelanto&#8230;<\/p>\n","protected":false},"author":1,"featured_media":81527,"comment_status":"closed","ping_status":"closed","sticky":false,"template":"","format":"standard","meta":{"_coblocks_attr":"","_coblocks_dimensions":"","_coblocks_responsive_height":"","_coblocks_accordion_ie_support":"","jetpack_post_was_ever_published":false,"_jetpack_newsletter_access":"","_jetpack_dont_email_post_to_subs":false,"_jetpack_newsletter_tier_id":0,"_jetpack_memberships_contains_paywalled_content":false,"_jetpack_memberships_contains_paid_content":false,"footnotes":"","jetpack_publicize_message":"","jetpack_publicize_feature_enabled":true,"jetpack_social_post_already_shared":true,"jetpack_social_options":{"image_generator_settings":{"template":"highway","default_image_id":0,"enabled":false},"version":2}},"categories":[12,186,44],"tags":[],"class_list":["post-81526","post","type-post","status-publish","format-standard","has-post-thumbnail","hentry","category-cultura","category-instituciones","category-noticias-de-hoy"],"jetpack_publicize_connections":[],"jetpack_featured_media_url":"https:\/\/i0.wp.com\/miradordeatarfe.es\/wp-content\/uploads\/2026\/01\/en-libertad-marina-heredia.jpg?fit=650%2C691&ssl=1","jetpack_likes_enabled":true,"jetpack_sharing_enabled":true,"_links":{"self":[{"href":"https:\/\/miradordeatarfe.es\/index.php?rest_route=\/wp\/v2\/posts\/81526","targetHints":{"allow":["GET"]}}],"collection":[{"href":"https:\/\/miradordeatarfe.es\/index.php?rest_route=\/wp\/v2\/posts"}],"about":[{"href":"https:\/\/miradordeatarfe.es\/index.php?rest_route=\/wp\/v2\/types\/post"}],"author":[{"embeddable":true,"href":"https:\/\/miradordeatarfe.es\/index.php?rest_route=\/wp\/v2\/users\/1"}],"replies":[{"embeddable":true,"href":"https:\/\/miradordeatarfe.es\/index.php?rest_route=%2Fwp%2Fv2%2Fcomments&post=81526"}],"version-history":[{"count":1,"href":"https:\/\/miradordeatarfe.es\/index.php?rest_route=\/wp\/v2\/posts\/81526\/revisions"}],"predecessor-version":[{"id":81529,"href":"https:\/\/miradordeatarfe.es\/index.php?rest_route=\/wp\/v2\/posts\/81526\/revisions\/81529"}],"wp:featuredmedia":[{"embeddable":true,"href":"https:\/\/miradordeatarfe.es\/index.php?rest_route=\/wp\/v2\/media\/81527"}],"wp:attachment":[{"href":"https:\/\/miradordeatarfe.es\/index.php?rest_route=%2Fwp%2Fv2%2Fmedia&parent=81526"}],"wp:term":[{"taxonomy":"category","embeddable":true,"href":"https:\/\/miradordeatarfe.es\/index.php?rest_route=%2Fwp%2Fv2%2Fcategories&post=81526"},{"taxonomy":"post_tag","embeddable":true,"href":"https:\/\/miradordeatarfe.es\/index.php?rest_route=%2Fwp%2Fv2%2Ftags&post=81526"}],"curies":[{"name":"wp","href":"https:\/\/api.w.org\/{rel}","templated":true}]}}