{"id":81530,"date":"2026-01-24T11:23:59","date_gmt":"2026-01-24T10:23:59","guid":{"rendered":"https:\/\/miradordeatarfe.es\/?p=81530"},"modified":"2026-01-24T12:50:05","modified_gmt":"2026-01-24T11:50:05","slug":"atarfe-cine-que-remueve-conciencias","status":"publish","type":"post","link":"https:\/\/miradordeatarfe.es\/?p=81530","title":{"rendered":"ATARFE: Cine que remueve conciencias \u00abEL PARQUE\u00bb"},"content":{"rendered":"<div>\n<h3>Llega a Atarfe \u201cEL PARQUE\u201d, una pel\u00edcula impactante que nos enfrenta, sin rodeos, a una realidad inc\u00f3moda\u2026 y demasiado cercana. 6 DE FEBRERO EN ATARFE<\/h3>\n<p>Una mujer que padece de insomnio se asoma a la ventana y ve como un africano va a dormir al parque que hay enfrente de su edificio. Se lo cuenta al resto de vecinos, estando unos en contra y otros a favor de que est\u00e9 all\u00ed, obrando estos en consecuencia y sucediendo cosas terribles e inesperadas, ya que a veces las cosas no son lo que parecen ser.<\/p>\n<p>La Academia celebra cada a\u00f1o la calidad del cine espa\u00f1ol con la entrega de los Premios Goya a los mejores profesionales de cada una de las especialidades t\u00e9cnicas y creativas. La informaci\u00f3n y recursos contenidos en las fichas de las pel\u00edculas inscritas es aportada por las productoras de las pel\u00edculas y responsabilidad \u00fanica y exclusiva de las mismas.<\/p>\n<p><strong>&#8211;\u00a06 de febrero de 2026<\/strong><br \/>\n<strong>&#8211;\u00a019:00 h<\/strong><br \/>\n<strong>&#8211;\u00a0Centro Cultural Medina Elvira<\/strong><\/p>\n<p>A partir de ah\u00ed, nada es lo que parece. Las reacciones, los miedos y las decisiones individuales conducen a hechos terribles e inesperados que sacan a la luz la crudeza de nuestros prejuicios.<\/p>\n<h3>\u201cEL PARQUE\u201d Y LOS GOYAS<\/h3>\n<div class=\"Y3BBE\" data-sfc-cp=\"\" data-hveid=\"CAEQAA\" data-processed=\"true\">\n<div data-subtree=\"aimfl,mfl\" data-processed=\"true\">La pel\u00edcula \u00ab<\/div>\n<p><a class=\"GI370e\" href=\"https:\/\/www.google.com\/search?client=firefox-b-d&amp;q=El+parque&amp;mstk=AUtExfBdSBZMHZxB2aWavLmpRB5-ygzaUdO6FccmOueN_FIpygcOL3pLBYldrpKQdIw4puObLAcd_xdFi1xt-aPUC95vIs4bxDlHlU8CbvV2neZRfGZm1Z4qkQ5MGEujpTy0dZJDKn8wZqNdbManCd9_hTzRfftVfe9zf7qX8XNWpdvD-XT73hHP16s37QsWGRf2_TXm6JPPP_eIN-nWjeuCLqRSikePWS38UDl7dxM7TzB0-YgFAhy90Abo6DlQ260H1tO9pJu46nK_OdG5x__iv9ODOe5dVl0HJajda0GHXp3MrdPgrVJa4VsS_k4_2yRJe_puzR0uGkaYOxrYJbcTo1ifPWvQp7xI5ytPNnwjQsr2yRVHi2w5OfEQ8Cpr9OO-Dw&amp;csui=3&amp;ved=2ahUKEwjt6bOv8pySAxU1cvEDHc2XD2IQgK4QegQIARAB\" data-ved=\"2ahUKEwjt6bOv8pySAxU1cvEDHc2XD2IQgK4QegQIARAB\" data-hveid=\"CAEQAQ\" data-processed=\"true\">El parque<\/a>\u00bb (de Rogelio Enr\u00edquez Soto) ha recibido <strong class=\"Yjhzub\" data-processed=\"true\">numerosas inscripciones y nominaciones<\/strong> para los Premios Goya 2026, destacando en categor\u00edas t\u00e9cnicas y art\u00edsticas como <mark class=\"HxTRcb\" data-processed=\"true\">Mejor Pel\u00edcula, Mejor Direcci\u00f3n Novel, Mejor Guion Adaptado, y varias nominaciones para actores (protagonistas y reparto), fotograf\u00eda, sonido y maquillaje<\/mark>, confirmando su fuerte presencia en la gala.<span class=\"uJ19be notranslate\" data-wiz-uids=\"R22lUb_e\" data-processed=\"true\"><span class=\"vKEkVd\" data-animation-atomic=\"\" data-wiz-attrbind=\"class=R22lUb_d\/TKHnVd\" data-processed=\"true\">\u00a0<\/span><\/span><\/div>\n<div class=\"Y3BBE\" data-sfc-cp=\"\" data-hveid=\"CAIQAA\" data-processed=\"true\">Aqu\u00ed un resumen de sus nominaciones principales:<\/div>\n<ul class=\"KsbFXc U6u95\" data-processed=\"true\">\n<li data-hveid=\"CAMQAA\" data-processed=\"true\"><span class=\"T286Pc\" data-sfc-cp=\"\" data-processed=\"true\"><strong class=\"Yjhzub\" data-processed=\"true\">Mejor Pel\u00edcula<\/strong>: Rogelio Enr\u00edquez Soto.<\/span><\/li>\n<li data-hveid=\"CAMQAQ\" data-processed=\"true\"><span class=\"T286Pc\" data-sfc-cp=\"\" data-processed=\"true\"><strong class=\"Yjhzub\" data-processed=\"true\">Mejor Direcci\u00f3n Novel<\/strong>: Rogelio Enr\u00edquez Soto.<\/span><\/li>\n<li data-hveid=\"CAMQAg\" data-processed=\"true\"><span class=\"T286Pc\" data-sfc-cp=\"\" data-processed=\"true\"><strong class=\"Yjhzub\" data-processed=\"true\">Mejor Guion Adaptado<\/strong>: Rogelio Enr\u00edquez Soto.<\/span><\/li>\n<li data-hveid=\"CAMQAw\" data-processed=\"true\"><span class=\"T286Pc\" data-sfc-cp=\"\" data-processed=\"true\"><strong class=\"Yjhzub\" data-processed=\"true\">Mejor Actor Protagonista<\/strong>: <a class=\"GI370e\" href=\"https:\/\/www.google.com\/search?client=firefox-b-d&amp;q=Enrique+De+Cienfuegos&amp;mstk=AUtExfBdSBZMHZxB2aWavLmpRB5-ygzaUdO6FccmOueN_FIpygcOL3pLBYldrpKQdIw4puObLAcd_xdFi1xt-aPUC95vIs4bxDlHlU8CbvV2neZRfGZm1Z4qkQ5MGEujpTy0dZJDKn8wZqNdbManCd9_hTzRfftVfe9zf7qX8XNWpdvD-XT73hHP16s37QsWGRf2_TXm6JPPP_eIN-nWjeuCLqRSikePWS38UDl7dxM7TzB0-YgFAhy90Abo6DlQ260H1tO9pJu46nK_OdG5x__iv9ODOe5dVl0HJajda0GHXp3MrdPgrVJa4VsS_k4_2yRJe_puzR0uGkaYOxrYJbcTo1ifPWvQp7xI5ytPNnwjQsr2yRVHi2w5OfEQ8Cpr9OO-Dw&amp;csui=3&amp;ved=2ahUKEwjt6bOv8pySAxU1cvEDHc2XD2IQgK4QegQIAxAE\" data-ved=\"2ahUKEwjt6bOv8pySAxU1cvEDHc2XD2IQgK4QegQIAxAE\" data-hveid=\"CAMQBA\" data-processed=\"true\">Enrique De Cienfuegos<\/a>, <a class=\"GI370e\" href=\"https:\/\/www.google.com\/search?client=firefox-b-d&amp;q=Gora+Sarr&amp;mstk=AUtExfBdSBZMHZxB2aWavLmpRB5-ygzaUdO6FccmOueN_FIpygcOL3pLBYldrpKQdIw4puObLAcd_xdFi1xt-aPUC95vIs4bxDlHlU8CbvV2neZRfGZm1Z4qkQ5MGEujpTy0dZJDKn8wZqNdbManCd9_hTzRfftVfe9zf7qX8XNWpdvD-XT73hHP16s37QsWGRf2_TXm6JPPP_eIN-nWjeuCLqRSikePWS38UDl7dxM7TzB0-YgFAhy90Abo6DlQ260H1tO9pJu46nK_OdG5x__iv9ODOe5dVl0HJajda0GHXp3MrdPgrVJa4VsS_k4_2yRJe_puzR0uGkaYOxrYJbcTo1ifPWvQp7xI5ytPNnwjQsr2yRVHi2w5OfEQ8Cpr9OO-Dw&amp;csui=3&amp;ved=2ahUKEwjt6bOv8pySAxU1cvEDHc2XD2IQgK4QegQIAxAF\" data-ved=\"2ahUKEwjt6bOv8pySAxU1cvEDHc2XD2IQgK4QegQIAxAF\" data-hveid=\"CAMQBQ\" data-processed=\"true\">Gora Sarr<\/a>.<\/span><\/li>\n<li data-hveid=\"CAMQBg\" data-processed=\"true\"><span class=\"T286Pc\" data-sfc-cp=\"\" data-processed=\"true\"><strong class=\"Yjhzub\" data-processed=\"true\">Mejor Actriz Protagonista<\/strong>: <a class=\"GI370e\" href=\"https:\/\/www.google.com\/search?client=firefox-b-d&amp;q=Magda+Edite&amp;mstk=AUtExfBdSBZMHZxB2aWavLmpRB5-ygzaUdO6FccmOueN_FIpygcOL3pLBYldrpKQdIw4puObLAcd_xdFi1xt-aPUC95vIs4bxDlHlU8CbvV2neZRfGZm1Z4qkQ5MGEujpTy0dZJDKn8wZqNdbManCd9_hTzRfftVfe9zf7qX8XNWpdvD-XT73hHP16s37QsWGRf2_TXm6JPPP_eIN-nWjeuCLqRSikePWS38UDl7dxM7TzB0-YgFAhy90Abo6DlQ260H1tO9pJu46nK_OdG5x__iv9ODOe5dVl0HJajda0GHXp3MrdPgrVJa4VsS_k4_2yRJe_puzR0uGkaYOxrYJbcTo1ifPWvQp7xI5ytPNnwjQsr2yRVHi2w5OfEQ8Cpr9OO-Dw&amp;csui=3&amp;ved=2ahUKEwjt6bOv8pySAxU1cvEDHc2XD2IQgK4QegQIAxAH\" data-ved=\"2ahUKEwjt6bOv8pySAxU1cvEDHc2XD2IQgK4QegQIAxAH\" data-hveid=\"CAMQBw\" data-processed=\"true\">Magda Edite<\/a>, <a class=\"GI370e\" href=\"https:\/\/www.google.com\/search?client=firefox-b-d&amp;q=Marisa+Corral&amp;mstk=AUtExfBdSBZMHZxB2aWavLmpRB5-ygzaUdO6FccmOueN_FIpygcOL3pLBYldrpKQdIw4puObLAcd_xdFi1xt-aPUC95vIs4bxDlHlU8CbvV2neZRfGZm1Z4qkQ5MGEujpTy0dZJDKn8wZqNdbManCd9_hTzRfftVfe9zf7qX8XNWpdvD-XT73hHP16s37QsWGRf2_TXm6JPPP_eIN-nWjeuCLqRSikePWS38UDl7dxM7TzB0-YgFAhy90Abo6DlQ260H1tO9pJu46nK_OdG5x__iv9ODOe5dVl0HJajda0GHXp3MrdPgrVJa4VsS_k4_2yRJe_puzR0uGkaYOxrYJbcTo1ifPWvQp7xI5ytPNnwjQsr2yRVHi2w5OfEQ8Cpr9OO-Dw&amp;csui=3&amp;ved=2ahUKEwjt6bOv8pySAxU1cvEDHc2XD2IQgK4QegQIAxAI\" data-ved=\"2ahUKEwjt6bOv8pySAxU1cvEDHc2XD2IQgK4QegQIAxAI\" data-hveid=\"CAMQCA\" data-processed=\"true\">Marisa Corral<\/a>.<\/span><\/li>\n<li data-hveid=\"CAMQCQ\" data-processed=\"true\"><span class=\"T286Pc\" data-sfc-cp=\"\" data-processed=\"true\"><strong class=\"Yjhzub\" data-processed=\"true\">Mejor Actor de Reparto<\/strong>: Varios, incluyendo a <a class=\"GI370e\" href=\"https:\/\/www.google.com\/search?client=firefox-b-d&amp;q=Al%C3%AD+Asad&amp;mstk=AUtExfBdSBZMHZxB2aWavLmpRB5-ygzaUdO6FccmOueN_FIpygcOL3pLBYldrpKQdIw4puObLAcd_xdFi1xt-aPUC95vIs4bxDlHlU8CbvV2neZRfGZm1Z4qkQ5MGEujpTy0dZJDKn8wZqNdbManCd9_hTzRfftVfe9zf7qX8XNWpdvD-XT73hHP16s37QsWGRf2_TXm6JPPP_eIN-nWjeuCLqRSikePWS38UDl7dxM7TzB0-YgFAhy90Abo6DlQ260H1tO9pJu46nK_OdG5x__iv9ODOe5dVl0HJajda0GHXp3MrdPgrVJa4VsS_k4_2yRJe_puzR0uGkaYOxrYJbcTo1ifPWvQp7xI5ytPNnwjQsr2yRVHi2w5OfEQ8Cpr9OO-Dw&amp;csui=3&amp;ved=2ahUKEwjt6bOv8pySAxU1cvEDHc2XD2IQgK4QegQIAxAK\" data-ved=\"2ahUKEwjt6bOv8pySAxU1cvEDHc2XD2IQgK4QegQIAxAK\" data-hveid=\"CAMQCg\" data-processed=\"true\">Al\u00ed Asad<\/a>, <a class=\"GI370e\" href=\"https:\/\/www.google.com\/search?client=firefox-b-d&amp;q=David+Bueno&amp;mstk=AUtExfBdSBZMHZxB2aWavLmpRB5-ygzaUdO6FccmOueN_FIpygcOL3pLBYldrpKQdIw4puObLAcd_xdFi1xt-aPUC95vIs4bxDlHlU8CbvV2neZRfGZm1Z4qkQ5MGEujpTy0dZJDKn8wZqNdbManCd9_hTzRfftVfe9zf7qX8XNWpdvD-XT73hHP16s37QsWGRf2_TXm6JPPP_eIN-nWjeuCLqRSikePWS38UDl7dxM7TzB0-YgFAhy90Abo6DlQ260H1tO9pJu46nK_OdG5x__iv9ODOe5dVl0HJajda0GHXp3MrdPgrVJa4VsS_k4_2yRJe_puzR0uGkaYOxrYJbcTo1ifPWvQp7xI5ytPNnwjQsr2yRVHi2w5OfEQ8Cpr9OO-Dw&amp;csui=3&amp;ved=2ahUKEwjt6bOv8pySAxU1cvEDHc2XD2IQgK4QegQIAxAL\" data-ved=\"2ahUKEwjt6bOv8pySAxU1cvEDHc2XD2IQgK4QegQIAxAL\" data-hveid=\"CAMQCw\" data-processed=\"true\">David Bueno<\/a>, <a class=\"GI370e\" href=\"https:\/\/www.google.com\/search?client=firefox-b-d&amp;q=Emilio+Calatayud&amp;mstk=AUtExfBdSBZMHZxB2aWavLmpRB5-ygzaUdO6FccmOueN_FIpygcOL3pLBYldrpKQdIw4puObLAcd_xdFi1xt-aPUC95vIs4bxDlHlU8CbvV2neZRfGZm1Z4qkQ5MGEujpTy0dZJDKn8wZqNdbManCd9_hTzRfftVfe9zf7qX8XNWpdvD-XT73hHP16s37QsWGRf2_TXm6JPPP_eIN-nWjeuCLqRSikePWS38UDl7dxM7TzB0-YgFAhy90Abo6DlQ260H1tO9pJu46nK_OdG5x__iv9ODOe5dVl0HJajda0GHXp3MrdPgrVJa4VsS_k4_2yRJe_puzR0uGkaYOxrYJbcTo1ifPWvQp7xI5ytPNnwjQsr2yRVHi2w5OfEQ8Cpr9OO-Dw&amp;csui=3&amp;ved=2ahUKEwjt6bOv8pySAxU1cvEDHc2XD2IQgK4QegQIAxAM\" data-ved=\"2ahUKEwjt6bOv8pySAxU1cvEDHc2XD2IQgK4QegQIAxAM\" data-hveid=\"CAMQDA\" data-processed=\"true\">Emilio Calatayud<\/a>, entre otros.<\/span><\/li>\n<li data-hveid=\"CAMQDQ\" data-processed=\"true\"><span class=\"T286Pc\" data-sfc-cp=\"\" data-processed=\"true\"><strong class=\"Yjhzub\" data-processed=\"true\">Mejor Actriz de Reparto<\/strong>: Varias actrices, como <a class=\"GI370e\" href=\"https:\/\/www.google.com\/search?client=firefox-b-d&amp;q=Bineta+Cisse&amp;mstk=AUtExfBdSBZMHZxB2aWavLmpRB5-ygzaUdO6FccmOueN_FIpygcOL3pLBYldrpKQdIw4puObLAcd_xdFi1xt-aPUC95vIs4bxDlHlU8CbvV2neZRfGZm1Z4qkQ5MGEujpTy0dZJDKn8wZqNdbManCd9_hTzRfftVfe9zf7qX8XNWpdvD-XT73hHP16s37QsWGRf2_TXm6JPPP_eIN-nWjeuCLqRSikePWS38UDl7dxM7TzB0-YgFAhy90Abo6DlQ260H1tO9pJu46nK_OdG5x__iv9ODOe5dVl0HJajda0GHXp3MrdPgrVJa4VsS_k4_2yRJe_puzR0uGkaYOxrYJbcTo1ifPWvQp7xI5ytPNnwjQsr2yRVHi2w5OfEQ8Cpr9OO-Dw&amp;csui=3&amp;ved=2ahUKEwjt6bOv8pySAxU1cvEDHc2XD2IQgK4QegQIAxAO\" data-ved=\"2ahUKEwjt6bOv8pySAxU1cvEDHc2XD2IQgK4QegQIAxAO\" data-hveid=\"CAMQDg\" data-processed=\"true\">Bineta Cisse<\/a>, <a class=\"GI370e\" href=\"https:\/\/www.google.com\/search?client=firefox-b-d&amp;q=Edisa+Berrio&amp;mstk=AUtExfBdSBZMHZxB2aWavLmpRB5-ygzaUdO6FccmOueN_FIpygcOL3pLBYldrpKQdIw4puObLAcd_xdFi1xt-aPUC95vIs4bxDlHlU8CbvV2neZRfGZm1Z4qkQ5MGEujpTy0dZJDKn8wZqNdbManCd9_hTzRfftVfe9zf7qX8XNWpdvD-XT73hHP16s37QsWGRf2_TXm6JPPP_eIN-nWjeuCLqRSikePWS38UDl7dxM7TzB0-YgFAhy90Abo6DlQ260H1tO9pJu46nK_OdG5x__iv9ODOe5dVl0HJajda0GHXp3MrdPgrVJa4VsS_k4_2yRJe_puzR0uGkaYOxrYJbcTo1ifPWvQp7xI5ytPNnwjQsr2yRVHi2w5OfEQ8Cpr9OO-Dw&amp;csui=3&amp;ved=2ahUKEwjt6bOv8pySAxU1cvEDHc2XD2IQgK4QegQIAxAP\" data-ved=\"2ahUKEwjt6bOv8pySAxU1cvEDHc2XD2IQgK4QegQIAxAP\" data-hveid=\"CAMQDw\" data-processed=\"true\">Edisa Berrio<\/a>.<\/span><\/li>\n<li data-hveid=\"CAMQEA\" data-processed=\"true\"><span class=\"T286Pc\" data-sfc-cp=\"\" data-processed=\"true\"><strong class=\"Yjhzub\" data-processed=\"true\">Mejor Direcci\u00f3n de Fotograf\u00eda<\/strong>: <a class=\"GI370e\" href=\"https:\/\/www.google.com\/search?client=firefox-b-d&amp;q=David+Barros+Bustos&amp;mstk=AUtExfBdSBZMHZxB2aWavLmpRB5-ygzaUdO6FccmOueN_FIpygcOL3pLBYldrpKQdIw4puObLAcd_xdFi1xt-aPUC95vIs4bxDlHlU8CbvV2neZRfGZm1Z4qkQ5MGEujpTy0dZJDKn8wZqNdbManCd9_hTzRfftVfe9zf7qX8XNWpdvD-XT73hHP16s37QsWGRf2_TXm6JPPP_eIN-nWjeuCLqRSikePWS38UDl7dxM7TzB0-YgFAhy90Abo6DlQ260H1tO9pJu46nK_OdG5x__iv9ODOe5dVl0HJajda0GHXp3MrdPgrVJa4VsS_k4_2yRJe_puzR0uGkaYOxrYJbcTo1ifPWvQp7xI5ytPNnwjQsr2yRVHi2w5OfEQ8Cpr9OO-Dw&amp;csui=3&amp;ved=2ahUKEwjt6bOv8pySAxU1cvEDHc2XD2IQgK4QegQIAxAR\" data-ved=\"2ahUKEwjt6bOv8pySAxU1cvEDHc2XD2IQgK4QegQIAxAR\" data-hveid=\"CAMQEQ\" data-processed=\"true\">David Barros Bustos<\/a>.<\/span><\/li>\n<li data-hveid=\"CAMQEg\" data-processed=\"true\"><span class=\"T286Pc\" data-sfc-cp=\"\" data-processed=\"true\"><strong class=\"Yjhzub\" data-processed=\"true\">Mejor Sonido<\/strong>: <a class=\"GI370e\" href=\"https:\/\/www.google.com\/search?client=firefox-b-d&amp;q=David+Barros+Bustos&amp;mstk=AUtExfBdSBZMHZxB2aWavLmpRB5-ygzaUdO6FccmOueN_FIpygcOL3pLBYldrpKQdIw4puObLAcd_xdFi1xt-aPUC95vIs4bxDlHlU8CbvV2neZRfGZm1Z4qkQ5MGEujpTy0dZJDKn8wZqNdbManCd9_hTzRfftVfe9zf7qX8XNWpdvD-XT73hHP16s37QsWGRf2_TXm6JPPP_eIN-nWjeuCLqRSikePWS38UDl7dxM7TzB0-YgFAhy90Abo6DlQ260H1tO9pJu46nK_OdG5x__iv9ODOe5dVl0HJajda0GHXp3MrdPgrVJa4VsS_k4_2yRJe_puzR0uGkaYOxrYJbcTo1ifPWvQp7xI5ytPNnwjQsr2yRVHi2w5OfEQ8Cpr9OO-Dw&amp;csui=3&amp;ved=2ahUKEwjt6bOv8pySAxU1cvEDHc2XD2IQgK4QegQIAxAT\" data-ved=\"2ahUKEwjt6bOv8pySAxU1cvEDHc2XD2IQgK4QegQIAxAT\" data-hveid=\"CAMQEw\" data-processed=\"true\">David Barros Bustos<\/a>.<\/span><\/li>\n<li data-hveid=\"CAMQFA\" data-processed=\"true\"><span class=\"T286Pc\" data-sfc-cp=\"\" data-processed=\"true\"><strong class=\"Yjhzub\" data-processed=\"true\">Mejor Maquillaje y Peluquer\u00eda<\/strong>: <a class=\"GI370e\" href=\"https:\/\/www.google.com\/search?client=firefox-b-d&amp;q=Marisa+Mayor&amp;mstk=AUtExfBdSBZMHZxB2aWavLmpRB5-ygzaUdO6FccmOueN_FIpygcOL3pLBYldrpKQdIw4puObLAcd_xdFi1xt-aPUC95vIs4bxDlHlU8CbvV2neZRfGZm1Z4qkQ5MGEujpTy0dZJDKn8wZqNdbManCd9_hTzRfftVfe9zf7qX8XNWpdvD-XT73hHP16s37QsWGRf2_TXm6JPPP_eIN-nWjeuCLqRSikePWS38UDl7dxM7TzB0-YgFAhy90Abo6DlQ260H1tO9pJu46nK_OdG5x__iv9ODOe5dVl0HJajda0GHXp3MrdPgrVJa4VsS_k4_2yRJe_puzR0uGkaYOxrYJbcTo1ifPWvQp7xI5ytPNnwjQsr2yRVHi2w5OfEQ8Cpr9OO-Dw&amp;csui=3&amp;ved=2ahUKEwjt6bOv8pySAxU1cvEDHc2XD2IQgK4QegQIAxAV\" data-ved=\"2ahUKEwjt6bOv8pySAxU1cvEDHc2XD2IQgK4QegQIAxAV\" data-hveid=\"CAMQFQ\" data-processed=\"true\">Marisa Mayor<\/a>.<\/span><\/li>\n<li data-hveid=\"CAMQFg\" data-processed=\"true\"><span class=\"T286Pc\" data-sfc-cp=\"\" data-processed=\"true\"><strong class=\"Yjhzub\" data-processed=\"true\">Mejores Efectos Especiales<\/strong>: <a class=\"GI370e\" href=\"https:\/\/www.google.com\/search?client=firefox-b-d&amp;q=Juanma+Rold%C3%A1n&amp;mstk=AUtExfBdSBZMHZxB2aWavLmpRB5-ygzaUdO6FccmOueN_FIpygcOL3pLBYldrpKQdIw4puObLAcd_xdFi1xt-aPUC95vIs4bxDlHlU8CbvV2neZRfGZm1Z4qkQ5MGEujpTy0dZJDKn8wZqNdbManCd9_hTzRfftVfe9zf7qX8XNWpdvD-XT73hHP16s37QsWGRf2_TXm6JPPP_eIN-nWjeuCLqRSikePWS38UDl7dxM7TzB0-YgFAhy90Abo6DlQ260H1tO9pJu46nK_OdG5x__iv9ODOe5dVl0HJajda0GHXp3MrdPgrVJa4VsS_k4_2yRJe_puzR0uGkaYOxrYJbcTo1ifPWvQp7xI5ytPNnwjQsr2yRVHi2w5OfEQ8Cpr9OO-Dw&amp;csui=3&amp;ved=2ahUKEwjt6bOv8pySAxU1cvEDHc2XD2IQgK4QegQIAxAX\" data-ved=\"2ahUKEwjt6bOv8pySAxU1cvEDHc2XD2IQgK4QegQIAxAX\" data-hveid=\"CAMQFw\" data-processed=\"true\">Juanma Rold\u00e1n<\/a>.<\/span><span class=\"uJ19be notranslate\" data-wiz-uids=\"R22lUb_1v\" data-processed=\"true\"><span class=\"vKEkVd\" data-animation-atomic=\"\" data-wiz-attrbind=\"class=R22lUb_1u\/TKHnVd\" data-processed=\"true\">\u00a0<\/span><\/span><\/li>\n<\/ul>\n<div class=\"Y3BBE\" data-sfc-cp=\"\" data-hveid=\"CAQQAA\" data-processed=\"true\"><strong class=\"Yjhzub\" data-processed=\"true\">Otras nominaciones destacadas<\/strong>:<\/div>\n<ul class=\"KsbFXc U6u95\" data-processed=\"true\">\n<li data-hveid=\"CAUQAA\" data-processed=\"true\"><span class=\"T286Pc\" data-sfc-cp=\"\" data-processed=\"true\">Mejor Actor Revelaci\u00f3n (Manuel Hern\u00e1ndez, Manuel Porras).<\/span><\/li>\n<li data-hveid=\"CAUQAQ\" data-processed=\"true\"><span class=\"T286Pc\" data-sfc-cp=\"\" data-processed=\"true\">Mejor Actriz Revelaci\u00f3n (M\u00aa \u00c1ngeles Rodr\u00edguez, Patricia Maldonado).<\/span><\/li>\n<li data-hveid=\"CAUQAg\" data-processed=\"true\"><span class=\"T286Pc\" data-sfc-cp=\"\" data-processed=\"true\">Mejor Montaje (David Barros Bustos).<\/span><span class=\"uJ19be notranslate\" data-wiz-uids=\"R22lUb_29\" data-processed=\"true\"><span class=\"vKEkVd\" data-animation-atomic=\"\" data-wiz-attrbind=\"class=R22lUb_28\/TKHnVd\" data-processed=\"true\">\u00a0<\/span><\/span><\/li>\n<\/ul>\n<div class=\"Y3BBE\" data-sfc-cp=\"\" data-hveid=\"CAYQAA\" data-processed=\"true\">Estas inscripciones reflejan el gran trabajo detr\u00e1s de la pel\u00edcula \u00abEl parque\u00bb, dirigida y escrita por Rogelio Enr\u00edquez Soto, y su potencial para ser una de las triunfadoras en los premios del cine espa\u00f1ol.<span class=\"uJ19be notranslate\" data-wiz-uids=\"R22lUb_2d\" data-processed=\"true\"><span class=\"vKEkVd\" data-animation-atomic=\"\" data-wiz-attrbind=\"class=R22lUb_2c\/TKHnVd\" data-processed=\"true\">\u00a0<\/span><\/span><\/div>\n<p>Una historia dura, necesaria y profundamente humana.\u00a0Un retrato sin filtros de la intolerancia, el miedo y la falsa tranquilidad de mirar hacia otro lado.<\/p>\n<p><strong>RECOGE TU INVITACI\u00d3N EN EL CENTRO CULTURAL MEDINA ELVIRA<\/strong><\/p>\n<p>Porque hay historias que no est\u00e1n hechas para entretener, sino para despertar.<\/p>\n<\/div>\n<p><div class=\"jetpack-video-wrapper\"><iframe loading=\"lazy\" title=\"El Parque - Tr\u00e1iler Oficial de Rogelio Enr\u00edquez Soto\" width=\"640\" height=\"360\" src=\"https:\/\/www.youtube.com\/embed\/-iqlrVkqSno?feature=oembed\" frameborder=\"0\" allow=\"accelerometer; autoplay; clipboard-write; encrypted-media; gyroscope; picture-in-picture; web-share\" referrerpolicy=\"strict-origin-when-cross-origin\" allowfullscreen><\/iframe><\/div>\n<\/p>\n<p><img data-recalc-dims=\"1\" loading=\"lazy\" decoding=\"async\" class=\"alignnone wp-image-81531 \" src=\"https:\/\/i0.wp.com\/miradordeatarfe.es\/wp-content\/uploads\/2026\/01\/el-parque-pelicula.jpg?resize=640%2C906&#038;ssl=1\" alt=\"\" width=\"640\" height=\"906\" srcset=\"https:\/\/i0.wp.com\/miradordeatarfe.es\/wp-content\/uploads\/2026\/01\/el-parque-pelicula.jpg?w=600&amp;ssl=1 600w, https:\/\/i0.wp.com\/miradordeatarfe.es\/wp-content\/uploads\/2026\/01\/el-parque-pelicula.jpg?resize=212%2C300&amp;ssl=1 212w\" sizes=\"auto, (max-width: 640px) 100vw, 640px\" \/><\/p>\n","protected":false},"excerpt":{"rendered":"<p>Llega a Atarfe \u201cEL PARQUE\u201d, una pel\u00edcula impactante que nos enfrenta, sin rodeos, a una&#8230;<\/p>\n","protected":false},"author":1,"featured_media":81532,"comment_status":"closed","ping_status":"closed","sticky":false,"template":"","format":"standard","meta":{"_coblocks_attr":"","_coblocks_dimensions":"","_coblocks_responsive_height":"","_coblocks_accordion_ie_support":"","jetpack_post_was_ever_published":false,"_jetpack_newsletter_access":"","_jetpack_dont_email_post_to_subs":false,"_jetpack_newsletter_tier_id":0,"_jetpack_memberships_contains_paywalled_content":false,"_jetpack_memberships_contains_paid_content":false,"footnotes":"","jetpack_publicize_message":"","jetpack_publicize_feature_enabled":true,"jetpack_social_post_already_shared":true,"jetpack_social_options":{"image_generator_settings":{"template":"highway","default_image_id":0,"enabled":false},"version":2}},"categories":[12,44,6937],"tags":[],"class_list":["post-81530","post","type-post","status-publish","format-standard","has-post-thumbnail","hentry","category-cultura","category-noticias-de-hoy","category-sociedad"],"jetpack_publicize_connections":[],"jetpack_featured_media_url":"https:\/\/i0.wp.com\/miradordeatarfe.es\/wp-content\/uploads\/2026\/01\/maxresdefault.jpg?fit=1280%2C720&ssl=1","jetpack_likes_enabled":true,"jetpack_sharing_enabled":true,"_links":{"self":[{"href":"https:\/\/miradordeatarfe.es\/index.php?rest_route=\/wp\/v2\/posts\/81530","targetHints":{"allow":["GET"]}}],"collection":[{"href":"https:\/\/miradordeatarfe.es\/index.php?rest_route=\/wp\/v2\/posts"}],"about":[{"href":"https:\/\/miradordeatarfe.es\/index.php?rest_route=\/wp\/v2\/types\/post"}],"author":[{"embeddable":true,"href":"https:\/\/miradordeatarfe.es\/index.php?rest_route=\/wp\/v2\/users\/1"}],"replies":[{"embeddable":true,"href":"https:\/\/miradordeatarfe.es\/index.php?rest_route=%2Fwp%2Fv2%2Fcomments&post=81530"}],"version-history":[{"count":2,"href":"https:\/\/miradordeatarfe.es\/index.php?rest_route=\/wp\/v2\/posts\/81530\/revisions"}],"predecessor-version":[{"id":81611,"href":"https:\/\/miradordeatarfe.es\/index.php?rest_route=\/wp\/v2\/posts\/81530\/revisions\/81611"}],"wp:featuredmedia":[{"embeddable":true,"href":"https:\/\/miradordeatarfe.es\/index.php?rest_route=\/wp\/v2\/media\/81532"}],"wp:attachment":[{"href":"https:\/\/miradordeatarfe.es\/index.php?rest_route=%2Fwp%2Fv2%2Fmedia&parent=81530"}],"wp:term":[{"taxonomy":"category","embeddable":true,"href":"https:\/\/miradordeatarfe.es\/index.php?rest_route=%2Fwp%2Fv2%2Fcategories&post=81530"},{"taxonomy":"post_tag","embeddable":true,"href":"https:\/\/miradordeatarfe.es\/index.php?rest_route=%2Fwp%2Fv2%2Ftags&post=81530"}],"curies":[{"name":"wp","href":"https:\/\/api.w.org\/{rel}","templated":true}]}}