{"id":81541,"date":"2026-01-24T09:00:51","date_gmt":"2026-01-24T08:00:51","guid":{"rendered":"https:\/\/miradordeatarfe.es\/?p=81541"},"modified":"2026-01-21T17:36:50","modified_gmt":"2026-01-21T16:36:50","slug":"un-ano-clave-para-reorientar-el-sistema-sanitario","status":"publish","type":"post","link":"https:\/\/miradordeatarfe.es\/?p=81541","title":{"rendered":"Un a\u00f1o clave para reorientar el sistema sanitario"},"content":{"rendered":"<h3 class=\"subtitle-atom B-500-400-300-N B-525-400-300-N--md mb-3_5\" style=\"text-align: justify;\">Tras un periodo de zozobra en la pol\u00edtica sanitaria, 2026 ser\u00e1 el a\u00f1o de demostrar, a nivel nacional y auton\u00f3mico, si los planes y presupuestos bajan del papel a la consulta<\/h3>\n<p class=\"paragraph-atom B-510-400-550-N B-525-400-700-N--md\" style=\"text-align: justify;\">Si <strong>2025<\/strong> fue un curso agitado en la <strong>pol\u00edtica sanitaria<\/strong>, tras unos a\u00f1os de <strong>resaca pand\u00e9mica<\/strong> y <strong>reformas de calado sin acometer<\/strong>, <strong>2026<\/strong> ser\u00e1 el a\u00f1o en el que el <strong>Sistema Nacional de Salud (SNS)<\/strong> tenga que demostrar qu\u00e9 cambios <strong>bajan a pie de consulta<\/strong> y cu\u00e1les se quedan en el papel. En todas las <strong>Comunidades Aut\u00f3nomas<\/strong> persiste la <strong>presi\u00f3n en Atenci\u00f3n Primaria<\/strong>, con <strong>demoras cronificadas<\/strong>, <strong>plantillas al l\u00edmite<\/strong> y <strong>problemas estructurales<\/strong> que en <strong>Andaluc\u00eda<\/strong> se han materializado, por ejemplo, en la <strong>crisis de los cribados de c\u00e1ncer de mama<\/strong>. En una comunidad donde la <strong>capilaridad del sistema<\/strong> es clave y el <strong>reto demogr\u00e1fico<\/strong> se concentra en el <strong>mundo rural<\/strong>, mejorar la <strong>accesibilidad<\/strong> sigue siendo un desaf\u00edo central.<\/p>\n<p class=\"paragraph-atom B-510-400-550-N B-525-400-700-N--md\" style=\"text-align: justify;\">El <strong>marco de trabajo<\/strong> ya est\u00e1 en buena parte escrito y <strong>financiado<\/strong>. En <strong>2025<\/strong>, el <strong>Consejo Interterritorial del Sistema Nacional de Salud (CISNS)<\/strong> aprob\u00f3 la distribuci\u00f3n de <strong>m\u00e1s de 229 millones de euros<\/strong> para reforzar <strong>Atenci\u00f3n Primaria<\/strong>, <strong>salud mental<\/strong> y <strong>prevenci\u00f3n del suicidio<\/strong>, con partidas espec\u00edficas para cada plan. La pregunta para <strong>2026<\/strong> es si ese dinero se traduce en <strong>recursos tangibles<\/strong>: <strong>agendas<\/strong>, <strong>equipos<\/strong>, <strong>dispositivos<\/strong> y <strong>tiempos de respuesta<\/strong> que ofrezcan <strong>resultados reales en salud<\/strong>.<\/p>\n<h3 class=\"excerp-atom\" style=\"text-align: justify;\"><span class=\"excerp-text B-550-500-200-N\">Las Comunidades tendr\u00e1n que aplicar el Plan de Acci\u00f3n de Atenci\u00f3n Primaria <\/span><\/h3>\n<p class=\"paragraph-atom B-510-400-550-N B-525-400-700-N--md\" style=\"text-align: justify;\">El CISNS tambi\u00e9n dio luz verde al <strong>Plan de Acci\u00f3n de Atenci\u00f3n Primaria y Comunitaria 2025-2027<\/strong>, que apuesta por <strong>equipos m\u00e1s amplios<\/strong> y por <strong>descargar burocracia<\/strong>. En su presentaci\u00f3n destac\u00f3 la figura del <strong>\u201cadministrativo en salud\u201d<\/strong> y la ampliaci\u00f3n de competencias hacia perfiles como <strong>fisioterapia<\/strong>, <strong>nutrici\u00f3n<\/strong> o <strong>trabajo social<\/strong>, aunque siguen por definir <strong>funciones<\/strong>, <strong>competencias<\/strong>, <strong>categor\u00eda profesional<\/strong> y <strong>retribuci\u00f3n<\/strong>.<\/p>\n<p class=\"paragraph-atom B-510-400-550-N B-525-400-700-N--md\" style=\"text-align: justify;\">Andaluc\u00eda llega adem\u00e1s con <strong>agenda propia<\/strong> a trav\u00e9s de la <strong>Estrategia de Salud Comunitaria de Andaluc\u00eda 2026-2030 (ESCA)<\/strong>, aprobada en <strong>diciembre de 2025<\/strong>, que busca estructurar la <strong>salud comunitaria desde Atenci\u00f3n Primaria<\/strong>, en coordinaci\u00f3n con <strong>Salud P\u00fablica<\/strong>, <strong>ciudadan\u00eda<\/strong> y <strong>administraciones locales<\/strong>. El presupuesto asignado es de <strong>cinco millones de euros para cinco a\u00f1os<\/strong>. Como constante compartida por todas las comunidades, el debate sobre la <strong>gesti\u00f3n de las listas de espera<\/strong> seguir\u00e1 siendo el gran <strong>term\u00f3metro social<\/strong>, y no solo en <strong>cirug\u00eda<\/strong>. Los \u00faltimos datos del <strong>Sistema de Informaci\u00f3n de Listas de Espera del SNS (SISLE)<\/strong> muestran el peso de las <strong>consultas externas<\/strong>: a <strong>30 de junio de 2025<\/strong> hab\u00eda <strong>81,4 personas por cada 1.000<\/strong> en lista para una <strong>primera consulta hospitalaria<\/strong>. Cuando la primera consulta se retrasa, se retrasa todo: <strong>pruebas<\/strong>, <strong>diagn\u00f3stico<\/strong>, <strong>derivaciones<\/strong> y, en algunos casos, la propia <strong>cirug\u00eda<\/strong>.<\/p>\n<p class=\"paragraph-atom B-510-400-550-N B-525-400-700-N--md\" style=\"text-align: justify;\">En el cap\u00edtulo de <strong>personal sanitario<\/strong>, la <strong>reforma del Estatuto Marco<\/strong> ser\u00e1 uno de los textos m\u00e1s conflictivos de <strong>2026<\/strong>. El <strong>Ministerio de Sanidad<\/strong> ha publicado el borrador del <strong>Nuevo Estatuto Marco<\/strong>, que introduce cambios en <strong>estabilidad<\/strong>, <strong>conciliaci\u00f3n<\/strong>, <strong>prevenci\u00f3n de riesgos<\/strong> y <strong>regulaci\u00f3n de jornadas<\/strong> para evitar excesos y garantizar <strong>descansos<\/strong>. El pulso real estar\u00e1 en la <strong>negociaci\u00f3n<\/strong>, con asuntos clave como <strong>guardias<\/strong>, <strong>incentivos<\/strong>, <strong>carrera profesional<\/strong> y <strong>zonas de dif\u00edcil cobertura<\/strong>. En Andaluc\u00eda, esto deber\u00eda traducirse en <strong>continuidad asistencial<\/strong> y en la capacidad de <strong>retener especialistas<\/strong> fuera de las grandes \u00e1reas metropolitanas.<\/p>\n<p class=\"paragraph-atom B-510-400-550-N B-525-400-700-N--md\" style=\"text-align: justify;\">Adem\u00e1s, en <strong>2026<\/strong> vuelve a emerger como term\u00f3metro del sistema el debate sobre <strong>Muface<\/strong>. <strong>Enero<\/strong> abre el plazo de <strong>cambio ordinario de entidad<\/strong> dentro del <strong>concierto 2025-2027<\/strong>, en un contexto de creciente discusi\u00f3n sobre <strong>usos mixtos p\u00fablico-privados<\/strong>.<\/p>\n<div class=\"excerp-atom\" style=\"text-align: justify;\"><span class=\"excerp-text B-550-500-200-N\">La Junta invertir\u00e1 316 millones para impulsar la nueva Estrategia de Salud Digital<\/span><\/div>\n<p class=\"paragraph-atom B-510-400-550-N B-525-400-700-N--md\" style=\"text-align: justify;\">En paralelo, dentro de la <strong>Estrategia de Salud Digital 2021-2026<\/strong>, se est\u00e1n desarrollando <strong>seis planes nacionales de acci\u00f3n<\/strong> para desplegar <strong>herramientas digitales<\/strong> que faciliten la atenci\u00f3n a pacientes y el trabajo profesional. En Andaluc\u00eda, el consejero <strong>Antonio Sanz<\/strong> anunci\u00f3 la v\u00edspera de <strong>Nochebuena<\/strong> una inversi\u00f3n de <strong>316 millones de euros<\/strong> para impulsar la nueva <strong>Estrategia de Salud Digital 2030<\/strong>. <strong>2026<\/strong> ser\u00e1 un a\u00f1o clave para comprobar si la <strong>tecnolog\u00eda reduce la burocracia<\/strong> o simplemente la <strong>transforma<\/strong>.<\/p>\n<p class=\"paragraph-atom B-510-400-550-N B-525-400-700-N--md\" style=\"text-align: justify;\">Por \u00faltimo, habr\u00e1 margen para empezar a ejecutar los fondos que el CISNS aprob\u00f3 en <strong>2025<\/strong> ligados a <strong>salud mental<\/strong>: <strong>39 millones de euros<\/strong> para el <strong>Plan de Acci\u00f3n de Salud Mental 2025-2027<\/strong> y <strong>17,83 millones<\/strong> destinados a la <strong>prevenci\u00f3n del suicidio<\/strong>.<\/p>\n<h3><a class=\"author-content-name A-300-700-500-N\" href=\"https:\/\/www.granadahoy.com\/autores\/ramiro-navarro\/\" data-mrf-link=\"https:\/\/www.granadahoy.com\/autores\/ramiro-navarro\/\">Ramiro Navarro <\/a><\/h3>\n<p>FOTO: <span class=\"text\">El consejero de Salud , Antonio Sanz , durante la visita a las obras de un nuevo centro en Granada.<\/span> \/ <span class=\"signature color-neutral900 tt-u\">Antonio L. Ju\u00e1rez<\/span><\/p>\n<p>https:\/\/www.granadahoy.com\/salud\/actualidad\/ano-clave-reorientar-sistema_0_2005624676.html<\/p>\n","protected":false},"excerpt":{"rendered":"<p>Tras un periodo de zozobra en la pol\u00edtica sanitaria, 2026 ser\u00e1 el a\u00f1o de demostrar,&#8230;<\/p>\n","protected":false},"author":1,"featured_media":81542,"comment_status":"closed","ping_status":"closed","sticky":false,"template":"","format":"standard","meta":{"_coblocks_attr":"","_coblocks_dimensions":"","_coblocks_responsive_height":"","_coblocks_accordion_ie_support":"","jetpack_post_was_ever_published":false,"_jetpack_newsletter_access":"","_jetpack_dont_email_post_to_subs":false,"_jetpack_newsletter_tier_id":0,"_jetpack_memberships_contains_paywalled_content":false,"_jetpack_memberships_contains_paid_content":false,"footnotes":"","jetpack_publicize_message":"","jetpack_publicize_feature_enabled":true,"jetpack_social_post_already_shared":true,"jetpack_social_options":{"image_generator_settings":{"template":"highway","default_image_id":0,"enabled":false},"version":2}},"categories":[1161,44,10],"tags":[],"class_list":["post-81541","post","type-post","status-publish","format-standard","has-post-thumbnail","hentry","category-ciudadania","category-noticias-de-hoy","category-salud"],"jetpack_publicize_connections":[],"jetpack_featured_media_url":"https:\/\/i0.wp.com\/miradordeatarfe.es\/wp-content\/uploads\/2026\/01\/566e9497-4cc8-4b07-bed7-c520f37f3383_16-9-aspect-ratio_1600w_0.webp?fit=1600%2C900&ssl=1","jetpack_likes_enabled":true,"jetpack_sharing_enabled":true,"_links":{"self":[{"href":"https:\/\/miradordeatarfe.es\/index.php?rest_route=\/wp\/v2\/posts\/81541","targetHints":{"allow":["GET"]}}],"collection":[{"href":"https:\/\/miradordeatarfe.es\/index.php?rest_route=\/wp\/v2\/posts"}],"about":[{"href":"https:\/\/miradordeatarfe.es\/index.php?rest_route=\/wp\/v2\/types\/post"}],"author":[{"embeddable":true,"href":"https:\/\/miradordeatarfe.es\/index.php?rest_route=\/wp\/v2\/users\/1"}],"replies":[{"embeddable":true,"href":"https:\/\/miradordeatarfe.es\/index.php?rest_route=%2Fwp%2Fv2%2Fcomments&post=81541"}],"version-history":[{"count":1,"href":"https:\/\/miradordeatarfe.es\/index.php?rest_route=\/wp\/v2\/posts\/81541\/revisions"}],"predecessor-version":[{"id":81543,"href":"https:\/\/miradordeatarfe.es\/index.php?rest_route=\/wp\/v2\/posts\/81541\/revisions\/81543"}],"wp:featuredmedia":[{"embeddable":true,"href":"https:\/\/miradordeatarfe.es\/index.php?rest_route=\/wp\/v2\/media\/81542"}],"wp:attachment":[{"href":"https:\/\/miradordeatarfe.es\/index.php?rest_route=%2Fwp%2Fv2%2Fmedia&parent=81541"}],"wp:term":[{"taxonomy":"category","embeddable":true,"href":"https:\/\/miradordeatarfe.es\/index.php?rest_route=%2Fwp%2Fv2%2Fcategories&post=81541"},{"taxonomy":"post_tag","embeddable":true,"href":"https:\/\/miradordeatarfe.es\/index.php?rest_route=%2Fwp%2Fv2%2Ftags&post=81541"}],"curies":[{"name":"wp","href":"https:\/\/api.w.org\/{rel}","templated":true}]}}