{"id":81544,"date":"2026-01-23T11:25:04","date_gmt":"2026-01-23T10:25:04","guid":{"rendered":"https:\/\/miradordeatarfe.es\/?p=81544"},"modified":"2026-01-21T17:58:18","modified_gmt":"2026-01-21T16:58:18","slug":"francisco-valenzuela-puche-franchu-convocado-para-la-copa-del-mundo-del-proximo-mes-de-febrero","status":"publish","type":"post","link":"https:\/\/miradordeatarfe.es\/?p=81544","title":{"rendered":"Francisco Valenzuela Puche \u00abFranchu\u00bb  convocado para la Copa del Mundo del pr\u00f3ximo mes de febrero."},"content":{"rendered":"<div id=\"tdi_79\" class=\"tdc-row stretch_row_content td-stretch-content\">\n<div class=\"vc_row tdi_80  wpb_row td-pb-row\">\n<div class=\"vc_column tdi_82  wpb_column vc_column_container tdc-column td-pb-span12\">\n<div class=\"wpb_wrapper\">\n<div class=\"vc_row_inner tdi_89  vc_row vc_inner wpb_row td-pb-row absolute_inner_1068 absolute_inner\">\n<div class=\"vc_column_inner tdi_91  wpb_column vc_column_container tdc-inner-column td-pb-span12\">\n<div class=\"vc_column-inner\">\n<div class=\"wpb_wrapper\">\n<div class=\"td_block_wrap tdb_title tdi_93 tdb-single-title td-pb-border-top td_block_template_9\" style=\"text-align: justify;\" data-td-block-uid=\"tdi_93\">\n<div class=\"tdb-block-inner td-fix-index\">\n<h3 class=\"tdb-title-text\">\u00a0Francisco Valenzuela Puche:\u00a0 \u201cEl Skimo es un deporte que necesita mucho sacrificio y horas de entrenamiento, y mi sue\u00f1o es poder participar en unas Olimpiadas\u201d<\/h3>\n<\/div>\n<\/div>\n<\/div>\n<\/div>\n<\/div>\n<\/div>\n<\/div>\n<\/div>\n<\/div>\n<\/div>\n<div id=\"tdi_101\" class=\"tdc-row\">\n<div class=\"vc_row tdi_102 td-ss-row td-scroll-content wpb_row td-pb-row\">\n<div class=\"vc_column tdi_104  wpb_column vc_column_container tdc-column td-pb-span12\">\n<div class=\"wpb_wrapper\">\n<div class=\"td_block_wrap tdb_single_content tdi_106 td-pb-border-top td_block_template_9 td-post-content tagdiv-type\" data-td-block-uid=\"tdi_106\">\n<div class=\"tdb-block-inner td-fix-index\">\n<p style=\"text-align: justify;\">El joven deportista del Club de Atletismo y Monta\u00f1a Atarfe, Francisco Valenzuela Puche, es otro de los deportistas del Grupo de Tecnificaci\u00f3n y CEEDA de Skimo que ha evolucionado de forma clara. Persona \u201cinquieta desde peque\u00f1o\u201d, tras participar de ni\u00f1o en una edici\u00f3n de la CxM Sierra Elvira, ya qued\u00f3 \u2018enganchado\u2019 a la monta\u00f1a y sus deportes. \u2018Franchu\u2019, como es conocido en el grupo y por sus propios \u2018rivales\u2019, lleva desde 2021 en el equipo que dirige Javier Arg\u00fcelles y el t\u00e9cnico Luis Ord\u00f3\u00f1ez Cobacho. En estos cinco a\u00f1os, el deportista granadino ha logrado diferentes t\u00edtulos andaluces y podios nacionales (el \u00faltimo en Cerler), y sus actuaciones en las cuatro pruebas celebradas en Spot y Cerler han derivado en su convocatoria por primera vez con la Selecci\u00f3n FEDME para la Copa del Mundo del pr\u00f3ximo mes de febrero.<\/p>\n<p style=\"text-align: justify;\">\u201cPoder participar en la Copa del Mundo es para m\u00ed es una gran recompensa y orgullo. Es un deporte que necesita mucho sacrificio y horas de entrenamiento\u201d, afirma. Su referente a nivel internacional es \u201cRemi Bonnet\u201d, y locales son \u201cNico Molina y Ana Alonso\u201d, de quien afirma que \u201cpara m\u00ed es un ejemplo a seguir, es un lujo entrenar con ella, nos da muy buenos consejos. Ana nos est\u00e1 abriendo el camino y ense\u00f1ando que con esfuerzo y trabajo todo es posible\u201d. El sue\u00f1o de Francisco Valenzuela es \u201cpoder participar en unas Olimpiadas\u201d.<\/p>\n<ul style=\"text-align: justify;\">\n<li><strong>C\u00f3mo fueron tus inicios y por qu\u00e9 esa apuesta por la monta\u00f1a y sus deportes, la naturaleza, \u2026<\/strong><\/li>\n<\/ul>\n<p style=\"text-align: justify;\">Desde peque\u00f1o era una persona bastante inquieta que necesitaba adrenalina por lo que prob\u00e9 distintos deportes. Ninguno me convenci\u00f3 hasta un d\u00eda participe en una carrera por monta\u00f1a de mi localidad y la verdad es que me gust\u00f3 mucho. Entonces mis padres me apuntaron al Club de Atletismo y Monta\u00f1a de Atarfe y ah\u00ed fue cuando me inici\u00e9 en los deportes de monta\u00f1a y encontr\u00e9 el deporte que me llenaba.<\/p>\n<ul style=\"text-align: justify;\">\n<li><strong>Siempre deportes de monta\u00f1a, o practicabas otros deportes antes.<\/strong><\/li>\n<\/ul>\n<p style=\"text-align: justify;\">Mi inicio en el deporte fue en el f\u00fatbol, ya que mi hermano jugaba y a m\u00ed me llamaba la atenci\u00f3n, pero tras una temporada jugando decid\u00ed cambiar. Prob\u00e9 con otros deportes tradicionales como el tenis, pero era demasiado tranquilo para m\u00ed, necesitaba m\u00e1s acci\u00f3n y el patinaje tampoco me convenci\u00f3. En Atarfe se celebra la carrera por monta\u00f1a de Sierra Elvira para adultos y para ni\u00f1os, tanto mi padre como t\u00eda la han realizado durante varios a\u00f1os, y un d\u00eda decidieron apuntarme para que probara. Ese fue el inicio de mi contacto con la monta\u00f1a.<\/p>\n<div class=\"wp-block-image\" style=\"text-align: justify;\">\n<figure class=\"aligncenter size-full\"><img data-recalc-dims=\"1\" loading=\"lazy\" decoding=\"async\" class=\"wp-image-46568 td-animation-stack-type0-2\" src=\"https:\/\/i0.wp.com\/fadmes.es\/wp-content\/uploads\/2026\/01\/8d60fdac-7c80-4928-b09e-65df36fccb44.jpg?resize=640%2C480&#038;ssl=1\" sizes=\"auto, (max-width: 1600px) 100vw, 1600px\" srcset=\"https:\/\/fadmes.es\/wp-content\/uploads\/2026\/01\/8d60fdac-7c80-4928-b09e-65df36fccb44.jpg 1600w, https:\/\/fadmes.es\/wp-content\/uploads\/2026\/01\/8d60fdac-7c80-4928-b09e-65df36fccb44-768x576.jpg 768w, https:\/\/fadmes.es\/wp-content\/uploads\/2026\/01\/8d60fdac-7c80-4928-b09e-65df36fccb44-1536x1152.jpg 1536w, https:\/\/fadmes.es\/wp-content\/uploads\/2026\/01\/8d60fdac-7c80-4928-b09e-65df36fccb44-696x522.jpg 696w, https:\/\/fadmes.es\/wp-content\/uploads\/2026\/01\/8d60fdac-7c80-4928-b09e-65df36fccb44-1392x1044.jpg 1392w, https:\/\/fadmes.es\/wp-content\/uploads\/2026\/01\/8d60fdac-7c80-4928-b09e-65df36fccb44-1068x801.jpg 1068w, https:\/\/fadmes.es\/wp-content\/uploads\/2026\/01\/8d60fdac-7c80-4928-b09e-65df36fccb44-24x18.jpg 24w, https:\/\/fadmes.es\/wp-content\/uploads\/2026\/01\/8d60fdac-7c80-4928-b09e-65df36fccb44-36x27.jpg 36w, https:\/\/fadmes.es\/wp-content\/uploads\/2026\/01\/8d60fdac-7c80-4928-b09e-65df36fccb44-48x36.jpg 48w\" alt=\"\" width=\"640\" height=\"480\" \/><\/figure>\n<\/div>\n<ul style=\"text-align: justify;\">\n<li><strong>Desde cu\u00e1ndo perteneces al grupo de tecnificaci\u00f3n de Skimo y c\u00f3mo es la experiencia vives en este grupo.<\/strong><\/li>\n<\/ul>\n<p style=\"text-align: justify;\">Desde el a\u00f1o 2021 pertenezco al grupo de tecnificaci\u00f3n, Pablo Cara (compa\u00f1ero del club de Atletismo y Monta\u00f1a) y yo realizamos las pruebas y nos gust\u00f3 la experiencia. Hemos hecho un buen grupo, nos llevamos genial y nos ayudamos en todo lo que podemos. Son muchas horas las que pasamos juntos, sobre todo en los desplazamientos a los campeonatos. Adem\u00e1s, desde este curso Juan, Jaime, Alejandra y yo compartimos clases en el mismo Instituto.<\/p>\n<ul style=\"text-align: justify;\">\n<li><strong>C\u00f3mo valoras tu evoluci\u00f3n. Hasta d\u00f3nde puede llegar Francisco Valenzuela.<\/strong><\/li>\n<\/ul>\n<p style=\"text-align: justify;\">La valoro de forma muy positiva, aunque la verdad que es un deporte que necesita mucho sacrificio y horas de entreno.\u00a0 Si echo la vista atr\u00e1s puedo ver toda mi trayectoria y lo que he mejorado durante estos a\u00f1os. Ahora me pongo metas a corto plazo, cada d\u00eda intento mejorar y dar un paso m\u00e1s en mi trayectoria.<\/p>\n<ul style=\"text-align: justify;\">\n<li><strong>Y tu trabajo, constancia y esfuerzo ha conllevado tu convocatoria con la selecci\u00f3n espa\u00f1ola para participar en la pr\u00f3xima cita de la Copa del Mundo ISMF de J\u00f3venes, C\u00f3mo has recibido la noticia.<\/strong><\/li>\n<\/ul>\n<p style=\"text-align: justify;\">Ha sido bastante emocionante, ya que esta clasificaci\u00f3n es la suma de las cuatro pruebas de Copa de Espa\u00f1a celebradas en Spot y Cerler y est\u00e1bamos varios esquiadores muy igualados a puntos. Se decidi\u00f3 todo en la \u00faltima prueba. Poder participar en la Copa del Mundo es para m\u00ed es una gran recompensa y orgullo por todas las horas de sacrificio y entreno.<\/p>\n<div class=\"wp-block-image\" style=\"text-align: justify;\">\n<figure class=\"aligncenter size-full\"><img data-recalc-dims=\"1\" loading=\"lazy\" decoding=\"async\" class=\"wp-image-46569 td-animation-stack-type0-2\" src=\"https:\/\/i0.wp.com\/fadmes.es\/wp-content\/uploads\/2026\/01\/2bc0b014-96b6-4a57-84d7-b309ffb8b72f.jpg?resize=640%2C426&#038;ssl=1\" sizes=\"auto, (max-width: 1600px) 100vw, 1600px\" srcset=\"https:\/\/fadmes.es\/wp-content\/uploads\/2026\/01\/2bc0b014-96b6-4a57-84d7-b309ffb8b72f.jpg 1600w, https:\/\/fadmes.es\/wp-content\/uploads\/2026\/01\/2bc0b014-96b6-4a57-84d7-b309ffb8b72f-768x512.jpg 768w, https:\/\/fadmes.es\/wp-content\/uploads\/2026\/01\/2bc0b014-96b6-4a57-84d7-b309ffb8b72f-1536x1023.jpg 1536w, https:\/\/fadmes.es\/wp-content\/uploads\/2026\/01\/2bc0b014-96b6-4a57-84d7-b309ffb8b72f-696x464.jpg 696w, https:\/\/fadmes.es\/wp-content\/uploads\/2026\/01\/2bc0b014-96b6-4a57-84d7-b309ffb8b72f-1392x927.jpg 1392w, https:\/\/fadmes.es\/wp-content\/uploads\/2026\/01\/2bc0b014-96b6-4a57-84d7-b309ffb8b72f-1068x712.jpg 1068w, https:\/\/fadmes.es\/wp-content\/uploads\/2026\/01\/2bc0b014-96b6-4a57-84d7-b309ffb8b72f-24x16.jpg 24w, https:\/\/fadmes.es\/wp-content\/uploads\/2026\/01\/2bc0b014-96b6-4a57-84d7-b309ffb8b72f-36x24.jpg 36w, https:\/\/fadmes.es\/wp-content\/uploads\/2026\/01\/2bc0b014-96b6-4a57-84d7-b309ffb8b72f-48x32.jpg 48w\" alt=\"\" width=\"640\" height=\"426\" \/><\/figure>\n<\/div>\n<ul style=\"text-align: justify;\">\n<li><strong>Y qu\u00e9 meta de marcas esta temporada que ha empezado hace poco.<\/strong><\/li>\n<\/ul>\n<p style=\"text-align: justify;\">En primer lugar continuar con las pruebas de Copa y Campeonato de Espa\u00f1a que quedan, la pr\u00f3xima semana competimos en Bo\u00ed Ta\u00fcll, intentar\u00e9 repetir los buenos resultados obtenidos hasta ahora y buscar la clasificaci\u00f3n al Campeonato del Mundo. Por otro lado hacer un buen papel en la pr\u00f3xima Copa del Mundo en Noruega.<\/p>\n<ul style=\"text-align: justify;\">\n<li><strong>Estudios, entrenamientos y preparaci\u00f3n, competiciones, desplazamientos. C\u00f3mo los has ido y est\u00e1s compaginando.<\/strong><\/li>\n<\/ul>\n<p style=\"text-align: justify;\">Este a\u00f1o estoy cursando Primero de Bachillerato en el IES H Lanz, dentro del grupo CEEDA. En \u00e9l nos facilitan los estudios sobre todo los d\u00edas que estamos concentrados en Sierra Nevada, en la pretemporada (en Tignes) y los d\u00edas de competici\u00f3n. La verdad es que es duro, ya que diariamente entrenamos varias horas y el resto de tiempo se lo dedico a los estudios.<\/p>\n<ul style=\"text-align: justify;\">\n<li><strong>C\u00f3mo consideras la puesta en funcionamiento de los Centros de Excelencia Educativa Deportiva puestos en marcha por la Junta de Andaluc\u00eda (no s\u00e9 si ya est\u00e1s acogido al plan o est\u00e1 por llegar)<\/strong><\/li>\n<\/ul>\n<p style=\"text-align: justify;\">Como he dicho anteriormente la experiencia est\u00e1 siendo bastante buena, tenemos una tutora deportiva que se encarga de organizar las clases y ex\u00e1menes con el resto de profesorado. Cuando estamos de concentraci\u00f3n tenemos clases de forma virtual por las tardes para no perder el ritmo de estudio.<\/p>\n<ul style=\"text-align: justify;\">\n<li><strong>Y el trabajo que se hace desde el Programa de Tecnificaci\u00f3n de Skimo bajo las directrices de Javier Arg\u00fcelles. En los \u00faltimos diez a\u00f1os la evoluci\u00f3n ha sido impresionante, \u00bfno?<\/strong><\/li>\n<\/ul>\n<p style=\"text-align: justify;\">Si, cada a\u00f1o vemos c\u00f3mo este deporte est\u00e1 evolucionando. Incluso este a\u00f1o se celebrar\u00e1n por primera vez dos pruebas de Skimo en las Olimpiadas de invierno, lo que hace que se haga m\u00e1s exigente. Javi Arg\u00fcelles es el encargado de coordinarlo todo junto con Luis Ordo\u00f1ez, nuestro entrenador. Organizar la temporada conlleva mucho trabajo: preparar entrenamientos, pruebas y test en el CAR, desplazamientos, alojamiento, \u2026 Son muchas las horas que ellos tambi\u00e9n dedican a lo largo del a\u00f1o.\u00a0 \u00a0<\/p>\n<div class=\"wp-block-image\" style=\"text-align: justify;\">\n<figure class=\"aligncenter size-full\"><img data-recalc-dims=\"1\" loading=\"lazy\" decoding=\"async\" class=\"wp-image-46570 td-animation-stack-type0-2\" src=\"https:\/\/i0.wp.com\/fadmes.es\/wp-content\/uploads\/2026\/01\/5ca28789-a315-45bd-9ff5-03512b965066.jpg?resize=640%2C646&#038;ssl=1\" sizes=\"auto, (max-width: 800px) 100vw, 800px\" srcset=\"https:\/\/fadmes.es\/wp-content\/uploads\/2026\/01\/5ca28789-a315-45bd-9ff5-03512b965066.jpg 800w, https:\/\/fadmes.es\/wp-content\/uploads\/2026\/01\/5ca28789-a315-45bd-9ff5-03512b965066-768x776.jpg 768w, https:\/\/fadmes.es\/wp-content\/uploads\/2026\/01\/5ca28789-a315-45bd-9ff5-03512b965066-696x703.jpg 696w, https:\/\/fadmes.es\/wp-content\/uploads\/2026\/01\/5ca28789-a315-45bd-9ff5-03512b965066-24x24.jpg 24w, https:\/\/fadmes.es\/wp-content\/uploads\/2026\/01\/5ca28789-a315-45bd-9ff5-03512b965066-36x36.jpg 36w, https:\/\/fadmes.es\/wp-content\/uploads\/2026\/01\/5ca28789-a315-45bd-9ff5-03512b965066-48x48.jpg 48w\" alt=\"\" width=\"640\" height=\"646\" \/><\/figure>\n<\/div>\n<ul style=\"text-align: justify;\">\n<li><strong>Tienes alg\u00fan referente a nivel deportivo, en esqu\u00ed de monta\u00f1a o en CxM u otros deportes<\/strong><\/li>\n<\/ul>\n<p style=\"text-align: justify;\">Por supuesto, a nivel local tanto Nico Molina como Ana Alonso son unos grandes referentes con los que tengo la suerte de aprender al compartir entrenamientos. Por otro lado, me gusta la carrera de Remi Bonnet que compite en las dos disciplinas.<\/p>\n<ul style=\"text-align: justify;\">\n<li><strong>Qu\u00e9 supone contar en ese grupo con una campeona a nivel internacional, con plaza para los primeros Juegos de Invierno con el Esqu\u00ed de Monta\u00f1a como deporte ol\u00edmpico, como es Ana Alonso.<\/strong><\/li>\n<\/ul>\n<p style=\"text-align: justify;\">Para m\u00ed es un ejemplo a seguir, es un lujo entrenar con ella, nos da muy buenos consejos. \u00a0<\/p>\n<p style=\"text-align: justify;\">Ana nos est\u00e1 abriendo el camino y ense\u00f1ando que con esfuerzo y trabajo todo es posible.<\/p>\n<ul style=\"text-align: justify;\">\n<li><strong>Y todo el grupo ahora con ella \u201ca muerte\u201d, como la gran \u201cfamilia\u201d que os consider\u00e1is en su proceso de recuperaci\u00f3n tras el atropello que sufri\u00f3 hace tres meses y con la mirada puesta en los Juegos Ol\u00edmpicos.<\/strong><\/li>\n<\/ul>\n<p style=\"text-align: justify;\">Est\u00e1 cumpliendo su sue\u00f1o, aunque tras el accidente el esfuerzo que est\u00e1 realizando para poder llegar a competir en las Olimpiadas es bestial. Todos estamos muy atentos a sus progresos diarios, le deseamos lo mejor.<\/p>\n<div class=\"wp-block-image\" style=\"text-align: justify;\">\n<figure class=\"aligncenter size-full\"><img data-recalc-dims=\"1\" loading=\"lazy\" decoding=\"async\" class=\"wp-image-46571 td-animation-stack-type0-2\" src=\"https:\/\/i0.wp.com\/fadmes.es\/wp-content\/uploads\/2026\/01\/ba61e595-2800-40a1-92c6-842c00383851.jpg?resize=640%2C897&#038;ssl=1\" sizes=\"auto, (max-width: 1142px) 100vw, 1142px\" srcset=\"https:\/\/fadmes.es\/wp-content\/uploads\/2026\/01\/ba61e595-2800-40a1-92c6-842c00383851.jpg 1142w, https:\/\/fadmes.es\/wp-content\/uploads\/2026\/01\/ba61e595-2800-40a1-92c6-842c00383851-768x1076.jpg 768w, https:\/\/fadmes.es\/wp-content\/uploads\/2026\/01\/ba61e595-2800-40a1-92c6-842c00383851-1096x1536.jpg 1096w, https:\/\/fadmes.es\/wp-content\/uploads\/2026\/01\/ba61e595-2800-40a1-92c6-842c00383851-696x975.jpg 696w, https:\/\/fadmes.es\/wp-content\/uploads\/2026\/01\/ba61e595-2800-40a1-92c6-842c00383851-1068x1496.jpg 1068w, https:\/\/fadmes.es\/wp-content\/uploads\/2026\/01\/ba61e595-2800-40a1-92c6-842c00383851-17x24.jpg 17w, https:\/\/fadmes.es\/wp-content\/uploads\/2026\/01\/ba61e595-2800-40a1-92c6-842c00383851-26x36.jpg 26w, https:\/\/fadmes.es\/wp-content\/uploads\/2026\/01\/ba61e595-2800-40a1-92c6-842c00383851-34x48.jpg 34w\" alt=\"\" width=\"640\" height=\"897\" \/><\/figure>\n<\/div>\n<ul style=\"text-align: justify;\">\n<li><strong>Contar con ese grupo de trabajo, una estaci\u00f3n y una monta\u00f1a junto a casa, un Centro de Alto Rendimiento en altura es una garant\u00eda, no?<\/strong><\/li>\n<\/ul>\n<p style=\"text-align: justify;\">El tener estos recursos cerca de casa facilita mucho el entreno diario, ya que tenemos la posibilidad de estudiar por la ma\u00f1ana y subir al CAR o esquiar por la tarde. Adem\u00e1s, en pretemporada tenemos la suerte de entrenar en el tapiz con esqu\u00eds en las instalaciones del CAR.<\/p>\n<ul style=\"text-align: justify;\">\n<li><strong>En realidad, el trabajo que realiz\u00e1is da unos frutos claros con ejemplos adem\u00e1s del de Ana, como Nico Molina, Mar\u00eda Ord\u00f3\u00f1ez, Gonzalo Casares, Manu Peinado o Hada Ruiz a nivel internacional ya. Imagino que cada uno o una aportar\u00e1 a los m\u00e1s j\u00f3venes diferentes aspectos a aprovechar.<\/strong><\/li>\n<\/ul>\n<p style=\"text-align: justify;\">Todos han sido internacionales, el compartir diariamente los entrenamientos con ellos nos motiva para continuar en su l\u00ednea de trabajo. La relaci\u00f3n entre todo el grupo es fant\u00e1stica, existe una gran confianza entre todos y cada uno de ellos nos ayuda y da consejos para mejorar.<\/p>\n<div class=\"wp-block-image\" style=\"text-align: justify;\">\n<figure class=\"aligncenter size-full\"><img data-recalc-dims=\"1\" loading=\"lazy\" decoding=\"async\" class=\"wp-image-46572 td-animation-stack-type0-2\" src=\"https:\/\/i0.wp.com\/fadmes.es\/wp-content\/uploads\/2026\/01\/d0c504b7-3e75-4cc8-85d1-cb83e1870c72.jpg?resize=640%2C427&#038;ssl=1\" sizes=\"auto, (max-width: 1500px) 100vw, 1500px\" srcset=\"https:\/\/fadmes.es\/wp-content\/uploads\/2026\/01\/d0c504b7-3e75-4cc8-85d1-cb83e1870c72.jpg 1500w, https:\/\/fadmes.es\/wp-content\/uploads\/2026\/01\/d0c504b7-3e75-4cc8-85d1-cb83e1870c72-768x512.jpg 768w, https:\/\/fadmes.es\/wp-content\/uploads\/2026\/01\/d0c504b7-3e75-4cc8-85d1-cb83e1870c72-696x464.jpg 696w, https:\/\/fadmes.es\/wp-content\/uploads\/2026\/01\/d0c504b7-3e75-4cc8-85d1-cb83e1870c72-1392x928.jpg 1392w, https:\/\/fadmes.es\/wp-content\/uploads\/2026\/01\/d0c504b7-3e75-4cc8-85d1-cb83e1870c72-1068x712.jpg 1068w, https:\/\/fadmes.es\/wp-content\/uploads\/2026\/01\/d0c504b7-3e75-4cc8-85d1-cb83e1870c72-24x16.jpg 24w, https:\/\/fadmes.es\/wp-content\/uploads\/2026\/01\/d0c504b7-3e75-4cc8-85d1-cb83e1870c72-36x24.jpg 36w, https:\/\/fadmes.es\/wp-content\/uploads\/2026\/01\/d0c504b7-3e75-4cc8-85d1-cb83e1870c72-48x32.jpg 48w\" alt=\"\" width=\"640\" height=\"427\" \/><\/figure>\n<\/div>\n<ul style=\"text-align: justify;\">\n<li><strong>En el nivel en el que te encuentras, qu\u00e9 planteamientos de futuro de marcas a nivel de estudios y deportivo.<\/strong><\/li>\n<\/ul>\n<p style=\"text-align: justify;\">A nivel de estudios terminar con buena nota el Bachillerato para poder optar a alguna carrera que guste, que por supuesto estar\u00e1 relacionada con el deporte. A nivel deportivo mi sue\u00f1o ser\u00eda poder participar en unas Olimpiadas.<\/p>\n<ul style=\"text-align: justify;\">\n<li><strong>Casi para terminar, qu\u00e9 le dir\u00edas a la juventud para que se iniciaran en deportes de monta\u00f1a, a indagar la naturaleza y el medio ambiente, \u2026<\/strong><\/li>\n<\/ul>\n<p style=\"text-align: justify;\">Les dir\u00eda que los\u00a0deportes de monta\u00f1a y el contacto con la naturaleza no son solo una forma de hacer ejercicio, sino una manera distinta de vivir. La monta\u00f1a ense\u00f1a cosas que no se aprenden en una pantalla: a esforzarte, a confiar en los dem\u00e1s y en ti mismo.<\/p>\n<h1 class=\"tdb-title-text\"><span style=\"font-size: 12pt;\">ENTREVISTAS FADMES<\/span><\/h1>\n<p>https:\/\/fadmes.es\/entrevistas-fadmes-francisco-valenzuela-puche-el-skimo-es-un-deporte-que-necesita-mucho-sacrificio-y-horas-de-entrenamiento-y-mi-sueno-es-poder-participar-en-unas-olimpiadas\/<\/p>\n<\/div>\n<\/div>\n<\/div>\n<\/div>\n<\/div>\n<\/div>\n","protected":false},"excerpt":{"rendered":"<p>\u00a0Francisco Valenzuela Puche:\u00a0 \u201cEl Skimo es un deporte que necesita mucho sacrificio y horas de&#8230;<\/p>\n","protected":false},"author":1,"featured_media":81545,"comment_status":"closed","ping_status":"closed","sticky":false,"template":"","format":"standard","meta":{"_coblocks_attr":"","_coblocks_dimensions":"","_coblocks_responsive_height":"","_coblocks_accordion_ie_support":"","jetpack_post_was_ever_published":false,"_jetpack_newsletter_access":"","_jetpack_dont_email_post_to_subs":false,"_jetpack_newsletter_tier_id":0,"_jetpack_memberships_contains_paywalled_content":false,"_jetpack_memberships_contains_paid_content":false,"footnotes":"","jetpack_publicize_message":"","jetpack_publicize_feature_enabled":true,"jetpack_social_post_already_shared":true,"jetpack_social_options":{"image_generator_settings":{"template":"highway","default_image_id":0,"enabled":false},"version":2}},"categories":[182,10811,44,6539],"tags":[],"class_list":["post-81544","post","type-post","status-publish","format-standard","has-post-thumbnail","hentry","category-deportes","category-jovenes","category-noticias-de-hoy","category-personajes-de-ataref"],"jetpack_publicize_connections":[],"jetpack_featured_media_url":"https:\/\/i0.wp.com\/miradordeatarfe.es\/wp-content\/uploads\/2026\/01\/7638d815-9648-4005-a43f-f7aa2afe3447.jpg?fit=544%2C580&ssl=1","jetpack_likes_enabled":true,"jetpack_sharing_enabled":true,"_links":{"self":[{"href":"https:\/\/miradordeatarfe.es\/index.php?rest_route=\/wp\/v2\/posts\/81544","targetHints":{"allow":["GET"]}}],"collection":[{"href":"https:\/\/miradordeatarfe.es\/index.php?rest_route=\/wp\/v2\/posts"}],"about":[{"href":"https:\/\/miradordeatarfe.es\/index.php?rest_route=\/wp\/v2\/types\/post"}],"author":[{"embeddable":true,"href":"https:\/\/miradordeatarfe.es\/index.php?rest_route=\/wp\/v2\/users\/1"}],"replies":[{"embeddable":true,"href":"https:\/\/miradordeatarfe.es\/index.php?rest_route=%2Fwp%2Fv2%2Fcomments&post=81544"}],"version-history":[{"count":1,"href":"https:\/\/miradordeatarfe.es\/index.php?rest_route=\/wp\/v2\/posts\/81544\/revisions"}],"predecessor-version":[{"id":81546,"href":"https:\/\/miradordeatarfe.es\/index.php?rest_route=\/wp\/v2\/posts\/81544\/revisions\/81546"}],"wp:featuredmedia":[{"embeddable":true,"href":"https:\/\/miradordeatarfe.es\/index.php?rest_route=\/wp\/v2\/media\/81545"}],"wp:attachment":[{"href":"https:\/\/miradordeatarfe.es\/index.php?rest_route=%2Fwp%2Fv2%2Fmedia&parent=81544"}],"wp:term":[{"taxonomy":"category","embeddable":true,"href":"https:\/\/miradordeatarfe.es\/index.php?rest_route=%2Fwp%2Fv2%2Fcategories&post=81544"},{"taxonomy":"post_tag","embeddable":true,"href":"https:\/\/miradordeatarfe.es\/index.php?rest_route=%2Fwp%2Fv2%2Ftags&post=81544"}],"curies":[{"name":"wp","href":"https:\/\/api.w.org\/{rel}","templated":true}]}}