{"id":81547,"date":"2026-01-22T11:20:23","date_gmt":"2026-01-22T10:20:23","guid":{"rendered":"https:\/\/miradordeatarfe.es\/?p=81547"},"modified":"2026-01-21T18:04:42","modified_gmt":"2026-01-21T17:04:42","slug":"francisco-valenzuela-a-la-copa-del-mundo-de-skimo","status":"publish","type":"post","link":"https:\/\/miradordeatarfe.es\/?p=81547","title":{"rendered":"FRANCISCO VALENZUELA A LA COPA DEL MUNDO DE SKIMO"},"content":{"rendered":"<h3 class=\"tdb-title-text\" style=\"text-align: justify;\">Francisco Valenzuela debutar\u00e1 con la selecci\u00f3n espa\u00f1ola de Skimo en la cita de la Copa del Mundo ISMF J\u00f3venes de febrero en Noruega<\/h3>\n<p style=\"text-align: justify;\">La estaci\u00f3n noruega de Surnadal albergar\u00e1 del 12 al 15 de febrero tres pruebas de la Copa del Mundo ISMF J\u00f3venes en la que Espa\u00f1a estar\u00e1 representada por 10 esquiadores y esquiadoras, convocatoria en la que est\u00e1n citados Gonzalo Casares Herv\u00edas (CD Superan2) y por primera vez Francisco Valenzuela Puche (Club de Atletismo y Monta\u00f1a Atarfe). En Sumadal est\u00e1 prevista la celebraci\u00f3n de tres carreras: Sprint, Vertical e Individual.<\/p>\n<p style=\"text-align: justify;\">El joven deportista del club atarfe\u00f1o recibe de esta forma el fruto a su gran trabajo realizado en el grupo de tecnificaci\u00f3n de Skimo de la FADMES, coordinado y supervisado por Javier Arg\u00fcelles Cienfuegos, y la labor del t\u00e9cnico Luis Ord\u00f3\u00f1ez Cobacho. Francisco Valenzuela logr\u00f3 el pasado domingo la medalla de plata en la Vertical de la Copa de Espa\u00f1a celebrada en Cerler en su categor\u00eda U18. En esa jornada Gonzalo Casares se colg\u00f3 el oro en U20, habiendo realizado adem\u00e1s el tercer mejor tiempo de la carrera a nivel absoluto. Hada Ruiz logr\u00f3 otro bronce en U23, lo que le supuso a la esquiadora del CD Superan2 su segunda presea en Cerler, tras el bronce tambi\u00e9n de la prueba de sprint del s\u00e1bado.<\/p>\n<p><strong><a href=\"https:\/\/fedme.es\/wp-content\/uploads\/2026\/01\/02_Convocatoria-2a-YWC-26.pdf\">CONVOCATORIA FEDME 2\u00aa COPA DEL MUNDO ISMF J\u00d3VENES 2025\/26<\/a><\/strong><\/p>\n","protected":false},"excerpt":{"rendered":"<p>Francisco Valenzuela debutar\u00e1 con la selecci\u00f3n espa\u00f1ola de Skimo en la cita de la Copa&#8230;<\/p>\n","protected":false},"author":1,"featured_media":81549,"comment_status":"closed","ping_status":"closed","sticky":false,"template":"","format":"standard","meta":{"_coblocks_attr":"","_coblocks_dimensions":"","_coblocks_responsive_height":"","_coblocks_accordion_ie_support":"","jetpack_post_was_ever_published":false,"_jetpack_newsletter_access":"","_jetpack_dont_email_post_to_subs":false,"_jetpack_newsletter_tier_id":0,"_jetpack_memberships_contains_paywalled_content":false,"_jetpack_memberships_contains_paid_content":false,"footnotes":"","jetpack_publicize_message":"","jetpack_publicize_feature_enabled":true,"jetpack_social_post_already_shared":true,"jetpack_social_options":{"image_generator_settings":{"template":"highway","default_image_id":0,"enabled":false},"version":2}},"categories":[182,10803,44,6539],"tags":[],"class_list":["post-81547","post","type-post","status-publish","format-standard","has-post-thumbnail","hentry","category-deportes","category-europa","category-noticias-de-hoy","category-personajes-de-ataref"],"jetpack_publicize_connections":[],"jetpack_featured_media_url":"https:\/\/i0.wp.com\/miradordeatarfe.es\/wp-content\/uploads\/2026\/01\/franchu.jpg?fit=711%2C665&ssl=1","jetpack_likes_enabled":true,"jetpack_sharing_enabled":true,"_links":{"self":[{"href":"https:\/\/miradordeatarfe.es\/index.php?rest_route=\/wp\/v2\/posts\/81547","targetHints":{"allow":["GET"]}}],"collection":[{"href":"https:\/\/miradordeatarfe.es\/index.php?rest_route=\/wp\/v2\/posts"}],"about":[{"href":"https:\/\/miradordeatarfe.es\/index.php?rest_route=\/wp\/v2\/types\/post"}],"author":[{"embeddable":true,"href":"https:\/\/miradordeatarfe.es\/index.php?rest_route=\/wp\/v2\/users\/1"}],"replies":[{"embeddable":true,"href":"https:\/\/miradordeatarfe.es\/index.php?rest_route=%2Fwp%2Fv2%2Fcomments&post=81547"}],"version-history":[{"count":1,"href":"https:\/\/miradordeatarfe.es\/index.php?rest_route=\/wp\/v2\/posts\/81547\/revisions"}],"predecessor-version":[{"id":81550,"href":"https:\/\/miradordeatarfe.es\/index.php?rest_route=\/wp\/v2\/posts\/81547\/revisions\/81550"}],"wp:featuredmedia":[{"embeddable":true,"href":"https:\/\/miradordeatarfe.es\/index.php?rest_route=\/wp\/v2\/media\/81549"}],"wp:attachment":[{"href":"https:\/\/miradordeatarfe.es\/index.php?rest_route=%2Fwp%2Fv2%2Fmedia&parent=81547"}],"wp:term":[{"taxonomy":"category","embeddable":true,"href":"https:\/\/miradordeatarfe.es\/index.php?rest_route=%2Fwp%2Fv2%2Fcategories&post=81547"},{"taxonomy":"post_tag","embeddable":true,"href":"https:\/\/miradordeatarfe.es\/index.php?rest_route=%2Fwp%2Fv2%2Ftags&post=81547"}],"curies":[{"name":"wp","href":"https:\/\/api.w.org\/{rel}","templated":true}]}}