{"id":81551,"date":"2026-01-23T10:45:07","date_gmt":"2026-01-23T09:45:07","guid":{"rendered":"https:\/\/miradordeatarfe.es\/?p=81551"},"modified":"2026-01-23T11:21:43","modified_gmt":"2026-01-23T10:21:43","slug":"aniversario-de-josefina-manresa-por-juan-santaella","status":"publish","type":"post","link":"https:\/\/miradordeatarfe.es\/?p=81551","title":{"rendered":"\u00abAniversario de Josefina Manresa\u00bb por Juan Santaella"},"content":{"rendered":"<h2 class=\"v-a-sub-t \" style=\"text-align: justify;\">Esposa de Miguel Hern\u00e1ndez, fue decisiva en su vida y en su obra<\/h2>\n<p class=\"v-p\" style=\"text-align: justify;\">Hace 110 a\u00f1os (2-I-1816), naci\u00f3 en Quesada, Josefina Manresa, esposa de Miguel Hern\u00e1ndez. Su padre, guardia civil, fue trasladado a Orihuela, en 1927, <span class=\"paywall pw-open\">y all\u00ed conoci\u00f3 al poeta, con 17 a\u00f1os. A partir de entonces, Miguel la acompa\u00f1a desde el taller de costura al cuartel, y le escribe poemas. Tras tres a\u00f1os de noviazgo, se casan el 9-III-1937. <\/span><\/p>\n<div class=\"paywall\" data-mrf-recirculation=\"Link art\u00edculos\">\n<p class=\"v-p\" style=\"text-align: justify;\">Josefina fue la inspiraci\u00f3n del poeta, especialmente en &#8216;El rayo que no cesa&#8217; (1936), muy elogiada por todos, especialmente por Juan Ram\u00f3n Jim\u00e9nez. Miguel, muy enamorado de su novia, al comienzo de la Guerra le dice: \u00abYo necesito tu persona\u2026 No quiero vivir solo\u00bb. Y en febrero de 1937: \u00abEn esta primavera tenemos que casarnos\u2026, y ver\u00e1s c\u00f3mo seremos felices\u00bb. El 9 de marzo se casaron por lo civil. Luego, el 4-III-1942, 24 d\u00edas antes de su muerte, por el rito cat\u00f3lico, \u2013su esposa era creyente\u2013. Ella intent\u00f3 confesarse, pero solo pudo decirle al cura: \u00abmi marido se me est\u00e1 muriendo en la c\u00e1rcel y yo estoy sufriendo mucho\u00bb, a lo que Vendrell, el confesor, respondi\u00f3: \u00abHija, la Iglesia no tiene la culpa, la culpa la tienen los hombres\u00bb. Ella, se levant\u00f3 y se march\u00f3 sin contestarle.<\/p>\n<p class=\"v-p\" style=\"text-align: justify;\">Su vida fue un completo calvario, aunque despu\u00e9s fue nombrada hija adoptiva de Quesada, Cox \u2013el pueblo de su padre\u2013, y Elche, donde se asent\u00f3 definitivamente, en 1950, tras la muerte del poeta. Solo estuvo un a\u00f1o en la escuela, pues, siendo la mayor de seis hermanos, y con solo el sueldo de su padre, hasta que muri\u00f3 asesinado en la Guerra, aprendi\u00f3 desde muy ni\u00f1a el trabajo de modista y de ello vivi\u00f3 su familia. Padeci\u00f3 el asesinato de su padre, el fallecimiento de su madre y de sus dos hijos, y la muerte por abandono, de su marido, en la c\u00e1rcel de Alicante, en 1942.<\/p>\n<p class=\"v-p\" style=\"text-align: justify;\">Gracias a Josefina, se ha podido recuperar gran parte de la vida y la obra de Miguel, sus recuerdos, sus escritos y sus vivencias. Por la estrecha colaboraci\u00f3n entre Josefina y Aleixandre, se publicaron varias obras en Losada, Espasa Calpe\u2026; y, en 1952, la editorial Aguilar public\u00f3 &#8216;Obra escogida&#8217;, con bastante material in\u00e9dito, suministrado por Josefina y ordenado por Aleixandre, Leopoldo de Luis y Jos\u00e9 Luis Cano.<\/p>\n<p class=\"v-p\" style=\"text-align: justify;\">Josefina fue siempre una fiel compa\u00f1era del poeta: con \u00e9l vivi\u00f3 su tragedia permanente, por convicci\u00f3n y por amor. Su obra &#8216;Recuerdos de la viuda de Miguel Hern\u00e1ndez&#8217;, de 1980, es fundamental para conocer al poeta. El libro es un tratado de antropolog\u00eda social, pues en \u00e9l describe la vida en Orihuela: costumbres, pr\u00e1cticas religiosas, pol\u00edtica, vida social, gastronom\u00eda, la casa y familia de Miguel, y la suya\u2026<\/p>\n<p class=\"v-p\" style=\"text-align: justify;\">Por decisi\u00f3n de sus herederos, y, gracias al apoyo del Ayuntamiento de Quesada y la Diputaci\u00f3n de Ja\u00e9n, el Museo Miguel Hern\u00e1ndez y Josefina Manresa se ha trasladado a Quesada, para asegurar el legado del poeta, y para conservar y proyectar su obra. El Museo, que alberga, conjuntamente, la obra literaria de Miguel y la pict\u00f3rica de Zabaleta, es un magn\u00edfico centro cultural de obligada visita. El acuerdo del Museo se firm\u00f3 en 2012, y, desde entonces, autoridades locales y provinciales, y los amigos del Museo M. Hern\u00e1ndez-Josefina Manresa, que colaboramos econ\u00f3micamente cada mes, organizan actividades culturales de todo tipo. \u00a1Abandonemos el odio y la guerra, y apoyemos y vivamos la cultura!<\/p>\n<p>FOTO: <span class=\"title\">Josefina Manresa y Miguel Hern\u00e1ndez <span class=\"author\"> Legado del autor<\/span><\/span><\/p>\n<p>https:\/\/www.ideal.es\/opinion\/juan-santaella-aniversario-josefina-manresa-20260122232028-nt.html<\/p>\n<\/div>\n","protected":false},"excerpt":{"rendered":"<p>Esposa de Miguel Hern\u00e1ndez, fue decisiva en su vida y en su obra Hace 110&#8230;<\/p>\n","protected":false},"author":1,"featured_media":81552,"comment_status":"closed","ping_status":"closed","sticky":false,"template":"","format":"standard","meta":{"_coblocks_attr":"","_coblocks_dimensions":"","_coblocks_responsive_height":"","_coblocks_accordion_ie_support":"","jetpack_post_was_ever_published":false,"_jetpack_newsletter_access":"","_jetpack_dont_email_post_to_subs":false,"_jetpack_newsletter_tier_id":0,"_jetpack_memberships_contains_paywalled_content":false,"_jetpack_memberships_contains_paid_content":false,"footnotes":"","jetpack_publicize_message":"","jetpack_publicize_feature_enabled":true,"jetpack_social_post_already_shared":true,"jetpack_social_options":{"image_generator_settings":{"template":"highway","default_image_id":0,"enabled":false},"version":2}},"categories":[14,7721,44],"tags":[],"class_list":["post-81551","post","type-post","status-publish","format-standard","has-post-thumbnail","hentry","category-feminismo","category-mujeres-que-cambiaron-la-historia","category-noticias-de-hoy"],"jetpack_publicize_connections":[],"jetpack_featured_media_url":"https:\/\/i0.wp.com\/miradordeatarfe.es\/wp-content\/uploads\/2026\/01\/c61b781c-ec96-47ab-883e-7598231f7422_16-9-discover-aspect-ratio_default_0.webp?fit=1200%2C675&ssl=1","jetpack_likes_enabled":true,"jetpack_sharing_enabled":true,"_links":{"self":[{"href":"https:\/\/miradordeatarfe.es\/index.php?rest_route=\/wp\/v2\/posts\/81551","targetHints":{"allow":["GET"]}}],"collection":[{"href":"https:\/\/miradordeatarfe.es\/index.php?rest_route=\/wp\/v2\/posts"}],"about":[{"href":"https:\/\/miradordeatarfe.es\/index.php?rest_route=\/wp\/v2\/types\/post"}],"author":[{"embeddable":true,"href":"https:\/\/miradordeatarfe.es\/index.php?rest_route=\/wp\/v2\/users\/1"}],"replies":[{"embeddable":true,"href":"https:\/\/miradordeatarfe.es\/index.php?rest_route=%2Fwp%2Fv2%2Fcomments&post=81551"}],"version-history":[{"count":1,"href":"https:\/\/miradordeatarfe.es\/index.php?rest_route=\/wp\/v2\/posts\/81551\/revisions"}],"predecessor-version":[{"id":81553,"href":"https:\/\/miradordeatarfe.es\/index.php?rest_route=\/wp\/v2\/posts\/81551\/revisions\/81553"}],"wp:featuredmedia":[{"embeddable":true,"href":"https:\/\/miradordeatarfe.es\/index.php?rest_route=\/wp\/v2\/media\/81552"}],"wp:attachment":[{"href":"https:\/\/miradordeatarfe.es\/index.php?rest_route=%2Fwp%2Fv2%2Fmedia&parent=81551"}],"wp:term":[{"taxonomy":"category","embeddable":true,"href":"https:\/\/miradordeatarfe.es\/index.php?rest_route=%2Fwp%2Fv2%2Fcategories&post=81551"},{"taxonomy":"post_tag","embeddable":true,"href":"https:\/\/miradordeatarfe.es\/index.php?rest_route=%2Fwp%2Fv2%2Ftags&post=81551"}],"curies":[{"name":"wp","href":"https:\/\/api.w.org\/{rel}","templated":true}]}}