{"id":81554,"date":"2026-01-24T10:23:23","date_gmt":"2026-01-24T09:23:23","guid":{"rendered":"https:\/\/miradordeatarfe.es\/?p=81554"},"modified":"2026-01-23T11:29:28","modified_gmt":"2026-01-23T10:29:28","slug":"donde-ver-las-peliculas-nominadas-a-los-oscar-2026","status":"publish","type":"post","link":"https:\/\/miradordeatarfe.es\/?p=81554","title":{"rendered":"D\u00f3nde ver las pel\u00edculas nominadas a los Oscar 2026"},"content":{"rendered":"<h3>Los largometrajes con m\u00e1s candidaturas, como \u2018Los pecadores\u2019, \u2018Una batalla tras otra\u2019 o \u2018Frankenstein\u2019, est\u00e1n ya disponibles en plataformas de \u2018streaming\u2019. Otras, como \u2018Hamnet\u2019 o \u2018Marty Supreme\u2019, se estrenan pronto en las salas espa\u00f1olas<\/h3>\n<p class=\"\"><i>Los pecadores<\/i>, el filme de Ryan Coogler que protagoniza Michael B. Jordan, ha roto el r\u00e9cord de nominaciones a los Premios Oscar, con 16 candidaturas. Ser\u00e1 la gran favorita de una gala en la que competir\u00e1, sobre todo, con <i>Una batalla tras otra, <\/i>de Paul Thomas Anderson, que recibe 13 nominaciones. Las dos pel\u00edculas m\u00e1s nominadas son, adem\u00e1s, de <a title=\"https:\/\/elpais.com\/economia\/2026-01-20\/netflix-modifica-su-oferta-por-warner-bros-y-pagara-integramente-en-efectivo.html\" href=\"https:\/\/elpais.com\/economia\/2026-01-20\/netflix-modifica-su-oferta-por-warner-bros-y-pagara-integramente-en-efectivo.html\" rel=\"\" data-link-track-dtm=\"\" data-mrf-link=\"https:\/\/elpais.com\/economia\/2026-01-20\/netflix-modifica-su-oferta-por-warner-bros-y-pagara-integramente-en-efectivo.html\">Warner, el estudio por cuya compra hoy pelean Netflix y Paramount<\/a>. Espa\u00f1a ser\u00e1 representada por <i>Sir\u00e2t,<\/i> que competir\u00e1 a Mejor sonido y Mejor pel\u00edcula internacional, en una noche que se celebrar\u00e1 el 15 de marzo y que presentar\u00e1, por segundo a\u00f1o consecutivo, el c\u00f3mico Conan O\u2019brien.<\/p>\n<h1>\u2018Los pecadores\u2019 (16 nominaciones)<\/h1>\n<p class=\"\"><i>Los pecadores <\/i>es la bomba cinematogr\u00e1fica del momento, especialmente en Estados Unidos, donde ha recaudado 187 millones de d\u00f3lares (165 millones de euros). Con esos datos gan\u00f3 Globo de Oro a Mejor logro cinematogr\u00e1fico y de taquilla junto con el de Mejor banda sonora original. Su \u00e9xito era imprevisible. Quiz\u00e1 por la singular combinaci\u00f3n de g\u00e9neros que propone: <a title=\"https:\/\/elpais.com\/cultura\/2025-05-01\/bienvenidos-a-la-era-del-musical-deprimente-el-cine-canta-ante-el-drama-y-el-apocalipsis.html#?rel=mas_sumario\" href=\"https:\/\/elpais.com\/cultura\/2025-05-01\/bienvenidos-a-la-era-del-musical-deprimente-el-cine-canta-ante-el-drama-y-el-apocalipsis.html#?rel=mas_sumario\" rel=\"\" data-link-track-dtm=\"\" data-mrf-link=\"https:\/\/elpais.com\/cultura\/2025-05-01\/bienvenidos-a-la-era-del-musical-deprimente-el-cine-canta-ante-el-drama-y-el-apocalipsis.html\">musical<\/a>, acci\u00f3n, terror, filme de \u00e9poca y vampiros. Ahora, la pel\u00edcula dirigida por Ryan Coogler y protagonizada por Michael B. Jordan, aspira a 16 premios Oscar, un r\u00e9cord de nominaciones con el que supera a <i>Tit\u00e1nic<\/i> o <i>La La Land<\/i>, que acumularon 14.<\/p>\n<p class=\"\"><b>\u00bfDonde ver?<\/b> En las plataformas de <i>streaming<\/i> <b>HBO Max y Movistar +. <\/b>Tambi\u00e9n est\u00e1 disponible para compra o alquiler en plataformas como <b>Amazon Prime Video<\/b>,<b> Apple TV<\/b>.<\/p>\n<p class=\"\"><a title=\"https:\/\/elpais.com\/cultura\/2025-05-08\/el-rastro-del-blues-diabolico-en-el-bombazo-cinematografico-del-momento-los-pecadores.html\" href=\"https:\/\/elpais.com\/cultura\/2025-05-08\/el-rastro-del-blues-diabolico-en-el-bombazo-cinematografico-del-momento-los-pecadores.html\" target=\"_self\" rel=\"\" data-link-track-dtm=\"\" data-mrf-link=\"https:\/\/elpais.com\/cultura\/2025-05-08\/el-rastro-del-blues-diabolico-en-el-bombazo-cinematografico-del-momento-los-pecadores.html\">Lea aqu\u00ed el art\u00edculo completo.<\/a><\/p>\n<div id=\"sum_youtube\" class=\"a_em _df _rt _rt-16x9\" data-oembed-type=\"youtube\"><iframe loading=\"lazy\" title=\"Los pecadores | Tr\u00e1iler Oficial\" src=\"https:\/\/www.youtube.com\/embed\/wAxwRnRvGXc?feature=oembed\" width=\"560\" height=\"315\" frameborder=\"0\" allowfullscreen=\"allowfullscreen\" data-mce-fragment=\"1\"><\/iframe><\/div>\n<h1>\u2018Sir\u00e2t\u2019 (2 nominaciones)<\/h1>\n<p class=\"\">La pel\u00edcula dirigida por Oliver Laxe y protagonizada por Sergi L\u00f3pez y Bruno N\u00fa\u00f1ez, llegar\u00e1 a la gala de los Oscar como la gran esperanza espa\u00f1ola, despu\u00e9s de 2 a\u00f1os sin representaci\u00f3n. Esta coproducci\u00f3n hispano-francesa, producida por Movistar + y El Deseo, fue estrenada en el festival de Cannes del a\u00f1o pasado, donde recibi\u00f3 el Premio del Jurado. En la 98\u00aa edici\u00f3n de los Oscar ha conseguido 2 nominaciones: una a mejor sonido y la otra como mejor pel\u00edcula internacional.<\/p>\n<p class=\"\"><b>\u00bfD\u00f3nde ver?<\/b> El largo espa\u00f1ol se estren\u00f3 en salas comerciales en Espa\u00f1a el pasado 6 de junio y desde septiembre est\u00e1 disponible en <i>streaming <\/i>en <b>Movistar +<\/b>.<\/p>\n<p class=\"\"><a title=\"https:\/\/elpais.com\/cultura\/2025-06-06\/sirat-imagenes-y-sonidos-hipnoticos-que-me-dejan-colgado.html\" href=\"https:\/\/elpais.com\/cultura\/2025-06-06\/sirat-imagenes-y-sonidos-hipnoticos-que-me-dejan-colgado.html\" target=\"_self\" rel=\"\" data-link-track-dtm=\"\" data-mrf-link=\"https:\/\/elpais.com\/cultura\/2025-06-06\/sirat-imagenes-y-sonidos-hipnoticos-que-me-dejan-colgado.html\">Lea aqu\u00ed la cr\u00edtica completa.<\/a><\/p>\n<figure class=\"a_m\">\n<div class=\"videoTop videoTop-v\">\n<div id=\"video_2025052613748276\" class=\" core_player_container \">\n<div id=\"player_lima_inner\" class=\"core_inner\">\n<div class=\"core_cover_container\">\n<div id=\"lima_player_image_cover\" class=\"core_cover\">\u00a0<\/div>\n<div class=\"core_cover\">\n<div id=\"ph_video_2025052613748276\" class=\"videoTop videoTop-ph\">\n<div class=\"posicionador\" role=\"button\" aria-label=\"Reproducir v\u00eddeo\"><img data-recalc-dims=\"1\" loading=\"lazy\" decoding=\"async\" class=\"_re lazyload a_m-h\" src=\"https:\/\/i0.wp.com\/imagenes.elpais.com\/resizer\/v2\/https%3A%2F%2Fvdmedia.elpais.com%2Fmcv%2Felpais%2Fmultimedia%2F20250526%2F1060196_110859_still.0000001.jpg?resize=414%2C233&#038;ssl=1\" sizes=\"auto, (min-width:1199px) 661px, (min-width: 1001px) calc((100vw - 385px)\/12*7 + 186px), (min-width:767px) 767px, 100vw\" srcset=\"https:\/\/imagenes.elpais.com\/resizer\/v2\/https%3A%2F%2Fvdmedia.elpais.com%2Fmcv%2Felpais%2Fmultimedia%2F20250526%2F1060196_110859_still.0000001.jpg?auth=fad04c5c9f6b5c65c3e091e7f0adba9825f785fe31705dab97f6966f3cabf9fd&amp;width=414&amp;height=233&amp;smart=true 414w,https:\/\/imagenes.elpais.com\/resizer\/v2\/https%3A%2F%2Fvdmedia.elpais.com%2Fmcv%2Felpais%2Fmultimedia%2F20250526%2F1060196_110859_still.0000001.jpg?auth=fad04c5c9f6b5c65c3e091e7f0adba9825f785fe31705dab97f6966f3cabf9fd&amp;width=828&amp;height=466&amp;smart=true 640w,https:\/\/imagenes.elpais.com\/resizer\/v2\/https%3A%2F%2Fvdmedia.elpais.com%2Fmcv%2Felpais%2Fmultimedia%2F20250526%2F1060196_110859_still.0000001.jpg?auth=fad04c5c9f6b5c65c3e091e7f0adba9825f785fe31705dab97f6966f3cabf9fd&amp;width=980&amp;height=551&amp;smart=true 1000w,https:\/\/imagenes.elpais.com\/resizer\/v2\/https%3A%2F%2Fvdmedia.elpais.com%2Fmcv%2Felpais%2Fmultimedia%2F20250526%2F1060196_110859_still.0000001.jpg?auth=fad04c5c9f6b5c65c3e091e7f0adba9825f785fe31705dab97f6966f3cabf9fd&amp;width=1200&amp;height=675&amp;smart=true 1200w\" alt=\"\" width=\"414\" height=\"233\" \/><\/p>\n<div class=\"_pa _df ph-v_b ph-v_b-lg\">\n<div class=\"_df ph-v_c\">\n<div class=\"ph-v_d _dib\">01:51<\/div>\n<div class=\"ph-v_t\">Tr\u00e1iler oficial de &#8216;Sirat&#8217;<\/div>\n<\/div>\n<\/div>\n<\/div>\n<\/div>\n<\/div>\n<\/div>\n<\/div>\n<\/div>\n<\/div>\n<\/figure>\n<h1>\u2018Una batalla tras otra\u2019 (13 nominaciones)<\/h1>\n<p class=\"\">La gran ganadora de los Globo de Oro 2026 \u2014con cuatro premios, entre ellos Mejor pel\u00edcula (musical o comedia) y Mejor direcci\u00f3n\u2014 acumula ahora<b> <\/b>13 nominaciones para la siguiente edici\u00f3n de los Oscar. Leonardo DiCaprio, que la protagoniza, aspira a conseguir su segundo Oscar, con su s\u00e9ptima nominaci\u00f3n como actor.<\/p>\n<p class=\"\"><b>\u00bfD\u00f3nde ver?<\/b> Puede verse con suscripci\u00f3n en<b> HBO Max<\/b>, o con el pack de ficci\u00f3n de <b>Movistar<\/b>. Mientras que en Apple TV, Prime Video o Rakuten TV est\u00e1 disponible para alquilar o comprar.<\/p>\n<p class=\"\"><a title=\"https:\/\/elpais.com\/cultura\/cine\/2025-09-26\/una-batalla-tras-otra-un-bostezo-tras-otro-ante-la-pelicula-del-ano.html\" href=\"https:\/\/elpais.com\/cultura\/cine\/2025-09-26\/una-batalla-tras-otra-un-bostezo-tras-otro-ante-la-pelicula-del-ano.html\" target=\"_self\" rel=\"\" data-link-track-dtm=\"\" data-mrf-link=\"https:\/\/elpais.com\/cultura\/cine\/2025-09-26\/una-batalla-tras-otra-un-bostezo-tras-otro-ante-la-pelicula-del-ano.html\">Lea aqu\u00ed la cr\u00edtica completa.<\/a><\/p>\n<figure class=\"a_m\">\n<div class=\"videoTop videoTop-v\">\n<div id=\"video_20250925153811275\" class=\" core_player_container \">\n<div id=\"player_alfa_inner\" class=\"core_inner\">\n<div class=\"core_cover_container\">\n<div id=\"alfa_player_image_cover\" class=\"core_cover\">\u00a0<\/div>\n<div class=\"core_cover\">\n<div id=\"ph_video_20250925153811275\" class=\"videoTop videoTop-ph\">\n<div class=\"posicionador\" role=\"button\" aria-label=\"Reproducir v\u00eddeo\"><img data-recalc-dims=\"1\" loading=\"lazy\" decoding=\"async\" class=\"_re lazyload a_m-h\" src=\"https:\/\/i0.wp.com\/imagenes.elpais.com\/resizer\/v2\/AVMIQMDCIRCF7A6DQ4TBJ2VEWA.webp?resize=414%2C233&#038;ssl=1\" sizes=\"auto, (min-width:1199px) 661px, (min-width: 1001px) calc((100vw - 385px)\/12*7 + 186px), (min-width:767px) 767px, 100vw\" srcset=\"https:\/\/imagenes.elpais.com\/resizer\/v2\/AVMIQMDCIRCF7A6DQ4TBJ2VEWA.webp?auth=ba36cc77abd60dc1728a76bc274e2ce486dd05899823e6f006b59cb42dd6c903&amp;width=414&amp;height=233&amp;smart=true 414w,https:\/\/imagenes.elpais.com\/resizer\/v2\/AVMIQMDCIRCF7A6DQ4TBJ2VEWA.webp?auth=ba36cc77abd60dc1728a76bc274e2ce486dd05899823e6f006b59cb42dd6c903&amp;width=828&amp;height=466&amp;smart=true 640w,https:\/\/imagenes.elpais.com\/resizer\/v2\/AVMIQMDCIRCF7A6DQ4TBJ2VEWA.webp?auth=ba36cc77abd60dc1728a76bc274e2ce486dd05899823e6f006b59cb42dd6c903&amp;width=980&amp;height=551&amp;smart=true 1000w,https:\/\/imagenes.elpais.com\/resizer\/v2\/AVMIQMDCIRCF7A6DQ4TBJ2VEWA.webp?auth=ba36cc77abd60dc1728a76bc274e2ce486dd05899823e6f006b59cb42dd6c903&amp;width=1200&amp;height=675&amp;smart=true 1200w\" alt=\"\" width=\"414\" height=\"233\" \/><\/p>\n<div class=\"_pa _df ph-v_b ph-v_b-lg\">\n<div class=\"_df ph-v_c\">\n<div class=\"ph-v_d _dib\">02:15<\/div>\n<div class=\"ph-v_t\">Tr\u00e1iler de &#8216;Una batalla tras otra&#8217;<\/div>\n<\/div>\n<\/div>\n<\/div>\n<\/div>\n<\/div>\n<\/div>\n<\/div>\n<\/div>\n<\/div>\n<\/figure>\n<h1>\u2018Frankenstein\u2019 (9 nominaciones)<\/h1>\n<p class=\"\">Guillermo del Toro esper\u00f3 15 a\u00f1os para llevar esta pel\u00edcula a la pantalla. La colosal <i>Frankenstei<\/i>n, protagonizada por Oscar Isaac y Jacob Elordi, recibe ahora 9 nominaciones, incluyendo la de Mejor pel\u00edcula y mejor guion adaptado. Aunque el director mexicano firma la adaptaci\u00f3n, se queda sin su candidatura como director.<\/p>\n<p class=\"\"><b>\u00bfDonde ver?<\/b> Esta adaptaci\u00f3n del mito creado por Mary Shelley en su novela de 1818, se estren\u00f3 el pasado 17 de octubre en (muy pocas) salas de cine. Ahora puede verse exclusivamente en Netflix, que en este caso es tambi\u00e9n la productora.<\/p>\n<p class=\"\"><a title=\"https:\/\/elpais.com\/television\/2025-11-15\/ese-monstruo-tan-humano-acorralado-y-solito.html\" href=\"https:\/\/elpais.com\/television\/2025-11-15\/ese-monstruo-tan-humano-acorralado-y-solito.html\" target=\"_self\" rel=\"\" data-link-track-dtm=\"\" data-mrf-link=\"https:\/\/elpais.com\/television\/2025-11-15\/ese-monstruo-tan-humano-acorralado-y-solito.html\">Lea aqu\u00ed la cr\u00edtica completa.<\/a><\/p>\n<figure class=\"a_m\">\n<div class=\"videoTop videoTop-v\">\n<div id=\"video_20251022104627531\" class=\" core_player_container \">\n<div id=\"player_bravo_inner\" class=\"core_inner\">\n<div class=\"core_cover_container\">\n<div id=\"bravo_player_image_cover\" class=\"core_cover\">\u00a0<\/div>\n<div class=\"core_cover\">\n<div id=\"ph_video_20251022104627531\" class=\"videoTop videoTop-ph\">\n<div class=\"posicionador\" role=\"button\" aria-label=\"Reproducir v\u00eddeo\"><img data-recalc-dims=\"1\" loading=\"lazy\" decoding=\"async\" class=\"_re lazyload a_m-h\" src=\"https:\/\/i0.wp.com\/imagenes.elpais.com\/resizer\/v2\/TEHICUSTXVHJHPBTL7VAOD6EDU.jpg?resize=414%2C233&#038;ssl=1\" sizes=\"auto, (min-width:1199px) 661px, (min-width: 1001px) calc((100vw - 385px)\/12*7 + 186px), (min-width:767px) 767px, 100vw\" srcset=\"https:\/\/imagenes.elpais.com\/resizer\/v2\/TEHICUSTXVHJHPBTL7VAOD6EDU.jpg?auth=284f35a1b99ce58d4f84638345b043d3d8a1ef8313eea606b151b9e03faded60&amp;width=414&amp;height=233&amp;smart=true 414w,https:\/\/imagenes.elpais.com\/resizer\/v2\/TEHICUSTXVHJHPBTL7VAOD6EDU.jpg?auth=284f35a1b99ce58d4f84638345b043d3d8a1ef8313eea606b151b9e03faded60&amp;width=828&amp;height=466&amp;smart=true 640w,https:\/\/imagenes.elpais.com\/resizer\/v2\/TEHICUSTXVHJHPBTL7VAOD6EDU.jpg?auth=284f35a1b99ce58d4f84638345b043d3d8a1ef8313eea606b151b9e03faded60&amp;width=980&amp;height=551&amp;smart=true 1000w,https:\/\/imagenes.elpais.com\/resizer\/v2\/TEHICUSTXVHJHPBTL7VAOD6EDU.jpg?auth=284f35a1b99ce58d4f84638345b043d3d8a1ef8313eea606b151b9e03faded60&amp;width=1200&amp;height=675&amp;smart=true 1200w\" alt=\"\" width=\"414\" height=\"233\" \/><\/p>\n<div class=\"_pa _df ph-v_b ph-v_b-lg\">\n<div class=\"_df ph-v_c\">\n<div class=\"ph-v_d _dib\">02:17<\/div>\n<div class=\"ph-v_t\">Tr\u00e1iler de &#8216;Frankenstein&#8217;<\/div>\n<\/div>\n<\/div>\n<\/div>\n<\/div>\n<\/div>\n<\/div>\n<\/div>\n<\/div>\n<\/div>\n<\/figure>\n<h1>\u2018Marty Supreme\u2019 (9 nominaciones)<\/h1>\n<p class=\"\"><i>Marty Supreme<\/i>, una pel\u00edcula protagonizada por el reci\u00e9n ganador del Globo de Oro a Mejor actor protagonista, Timoth\u00e9e Chalamet, narra la historia de un joven jugador de tenis de mesa con una gran ambici\u00f3n. El filme dirigido por Joshua Safdie le da al actor estadounidense su tercera nominaci\u00f3n \u2014el<b> <\/b>int\u00e9rprete m\u00e1s joven en lograrlo\u2014 y lo convierte en uno de los grandes favoritos para ganarlo.<\/p>\n<p class=\"\">Es tambi\u00e9n el <a title=\"https:\/\/elpais.com\/cultura\/cine\/2025-10-03\/the-smashing-machine-un-drama-hecho-a-golpe-de-fuerza-bruta.html\" href=\"https:\/\/elpais.com\/cultura\/cine\/2025-10-03\/the-smashing-machine-un-drama-hecho-a-golpe-de-fuerza-bruta.html\" target=\"_self\" rel=\"\" data-link-track-dtm=\"\" data-mrf-link=\"https:\/\/elpais.com\/cultura\/cine\/2025-10-03\/the-smashing-machine-un-drama-hecho-a-golpe-de-fuerza-bruta.html\">segundo filme en pocos meses<\/a> de los separados hermanos Safdie (aunque casi todos dicen que esta es la buena). Una pel\u00edcula adrenal\u00ednica que ha sido aplaudida por la cr\u00edtica y que adem\u00e1s cuenta con Gwyneth Paltrow en la primera plana.<\/p>\n<p class=\"\"><b>\u00bfDonde ver?<\/b> El pr\u00f3ximo 30 de enero se estrena solo en cines.<\/p>\n<figure class=\"a_m\">\n<div class=\"videoTop videoTop-v\">\n<div id=\"video_202601139630736\" class=\" core_player_container \">\n<div id=\"player_charlie_inner\" class=\"core_inner\">\n<div class=\"core_cover_container\">\n<div id=\"charlie_player_image_cover\" class=\"core_cover\">\u00a0<\/div>\n<div class=\"core_cover\">\n<div id=\"ph_video_202601139630736\" class=\"videoTop videoTop-ph\">\n<div class=\"posicionador\" role=\"button\" aria-label=\"Reproducir v\u00eddeo\"><img data-recalc-dims=\"1\" loading=\"lazy\" decoding=\"async\" class=\"_re lazyload a_m-h\" src=\"https:\/\/i0.wp.com\/imagenes.elpais.com\/resizer\/v2\/YJMG3GTFC5N4PBXEZJ6JJ775IM.jpg?resize=414%2C233&#038;ssl=1\" sizes=\"auto, (min-width:1199px) 661px, (min-width: 1001px) calc((100vw - 385px)\/12*7 + 186px), (min-width:767px) 767px, 100vw\" srcset=\"https:\/\/imagenes.elpais.com\/resizer\/v2\/YJMG3GTFC5N4PBXEZJ6JJ775IM.jpg?auth=7b741e3952cca1157618d41808682fca836d6e0931a46ee6fd4572f8b52536bc&amp;width=414&amp;height=233&amp;smart=true 414w,https:\/\/imagenes.elpais.com\/resizer\/v2\/YJMG3GTFC5N4PBXEZJ6JJ775IM.jpg?auth=7b741e3952cca1157618d41808682fca836d6e0931a46ee6fd4572f8b52536bc&amp;width=828&amp;height=466&amp;smart=true 640w,https:\/\/imagenes.elpais.com\/resizer\/v2\/YJMG3GTFC5N4PBXEZJ6JJ775IM.jpg?auth=7b741e3952cca1157618d41808682fca836d6e0931a46ee6fd4572f8b52536bc&amp;width=980&amp;height=551&amp;smart=true 1000w,https:\/\/imagenes.elpais.com\/resizer\/v2\/YJMG3GTFC5N4PBXEZJ6JJ775IM.jpg?auth=7b741e3952cca1157618d41808682fca836d6e0931a46ee6fd4572f8b52536bc&amp;width=1200&amp;height=675&amp;smart=true 1200w\" alt=\"\" width=\"414\" height=\"233\" \/><\/p>\n<div class=\"_pa _df ph-v_b ph-v_b-lg\">\n<div class=\"_df ph-v_c\">\n<div class=\"ph-v_t\">Tr\u00e1iler de &#8216;Marty Supreme&#8217;.<\/div>\n<\/div>\n<\/div>\n<\/div>\n<\/div>\n<\/div>\n<\/div>\n<\/div>\n<\/div>\n<\/div><figcaption class=\"a_m_p\">Timoth\u00e9e Chalamet en una escena de &#8216;Marty Supreme&#8217;.<\/figcaption><\/figure>\n<h1>\u2018Valor sentimental\u2019 (9 nominaciones)<\/h1>\n<p class=\"\">La noruega <i>Valor sentimental <\/i>fue la gran ganadora en la la 38\u00aa ceremonia de los premios de la Academia del Cine Europeo, y ahora es tambi\u00e9n la gran favorita para ganar el Oscar a Mejor pel\u00edcula extranjera. Adem\u00e1s de la nominaci\u00f3n en esa categor\u00eda, suma ocho m\u00e1s, incluida la de Mejor pel\u00edcula.<\/p>\n<p class=\"\"><b>\u00bfD\u00f3nde ver? <\/b>La pel\u00edcula se estren\u00f3 el pasado 5 de diciembre y a\u00fan puede verse en las salas.<\/p>\n<p class=\"\"><a title=\"https:\/\/elpais.com\/cultura\/cine\/2025-12-05\/valor-sentimental-demasiada-intensidad-nordica.html\" href=\"https:\/\/elpais.com\/cultura\/cine\/2025-12-05\/valor-sentimental-demasiada-intensidad-nordica.html\" target=\"_self\" rel=\"\" data-link-track-dtm=\"\" data-mrf-link=\"https:\/\/elpais.com\/cultura\/cine\/2025-12-05\/valor-sentimental-demasiada-intensidad-nordica.html\">Lea aqu\u00ed la cr\u00edtica completa.<\/a><\/p>\n<figure class=\"a_m\">\n<div class=\"videoTop videoTop-v\">\n<div id=\"video_20251128141635114\" class=\" core_player_container \">\n<div id=\"player_delta_inner\" class=\"core_inner\">\n<div class=\"core_cover_container\">\n<div id=\"delta_player_image_cover\" class=\"core_cover\">\u00a0<\/div>\n<div class=\"core_cover\">\n<div id=\"ph_video_20251128141635114\" class=\"videoTop videoTop-ph\">\n<div class=\"posicionador\" role=\"button\" aria-label=\"Reproducir v\u00eddeo\"><img data-recalc-dims=\"1\" loading=\"lazy\" decoding=\"async\" class=\"_re lazyload a_m-h\" src=\"https:\/\/i0.wp.com\/imagenes.elpais.com\/resizer\/v2\/D3NZC2AO3BAJBOJLYNGKYFUSM4.webp?resize=414%2C233&#038;ssl=1\" sizes=\"auto, (min-width:1199px) 661px, (min-width: 1001px) calc((100vw - 385px)\/12*7 + 186px), (min-width:767px) 767px, 100vw\" srcset=\"https:\/\/imagenes.elpais.com\/resizer\/v2\/D3NZC2AO3BAJBOJLYNGKYFUSM4.webp?auth=dae140a864af5fcdccf6c1a811e1ffdfd2bfa454907480d89d45048618705482&amp;width=414&amp;height=233&amp;smart=true 414w,https:\/\/imagenes.elpais.com\/resizer\/v2\/D3NZC2AO3BAJBOJLYNGKYFUSM4.webp?auth=dae140a864af5fcdccf6c1a811e1ffdfd2bfa454907480d89d45048618705482&amp;width=828&amp;height=466&amp;smart=true 640w,https:\/\/imagenes.elpais.com\/resizer\/v2\/D3NZC2AO3BAJBOJLYNGKYFUSM4.webp?auth=dae140a864af5fcdccf6c1a811e1ffdfd2bfa454907480d89d45048618705482&amp;width=980&amp;height=551&amp;smart=true 1000w,https:\/\/imagenes.elpais.com\/resizer\/v2\/D3NZC2AO3BAJBOJLYNGKYFUSM4.webp?auth=dae140a864af5fcdccf6c1a811e1ffdfd2bfa454907480d89d45048618705482&amp;width=1200&amp;height=675&amp;smart=true 1200w\" alt=\"\" width=\"414\" height=\"233\" \/><\/p>\n<div class=\"_pa _df ph-v_b ph-v_b-lg\">\n<div class=\"_df ph-v_c\">\n<div class=\"ph-v_d _dib\">02:03<\/div>\n<div class=\"ph-v_t\">Tr\u00e1iler de &#8216;Valor sentimental&#8217;<\/div>\n<\/div>\n<\/div>\n<\/div>\n<\/div>\n<\/div>\n<\/div>\n<\/div>\n<\/div>\n<\/div>\n<\/figure>\n<h1>\u2018Hamnet\u2019 (8 nominaciones)<\/h1>\n<p class=\"\"><i>Hamnet<\/i> fue uno de los libros m\u00e1s importantes de su a\u00f1o y ahora ser\u00e1 una de las pel\u00edculas m\u00e1s comentadas de la temporada. <i>Y<\/i>a se llev\u00f3 dos Globos de Oro, por Mejor pel\u00edcula (Drama) y Mejo actriz Protagonista. Ahora aspira a 8 premios de la Academia, incluyendo el de Mejor Pel\u00edcula, aunque su protagonista, Paul Mescal, que se mete en la piel de Shakespeare, no ha sido nominado.<\/p>\n<p class=\"\"><b>\u00bfDonde ver?<\/b> Esta mirada particular de la historia del escritor ingl\u00e9s llegar\u00e1 a las salas este viernes 23. Un drama contemplativo en las manos de Chlo\u00e9 Zhao \u2014oscarizada por <i>Nomadland<\/i> y que vuelve a la primera plana tras pasar por Marvel\u2014.<\/p>\n<figure class=\"a_m\">\n<div class=\"videoTop videoTop-v\">\n<div id=\"video_20260121184245571\" class=\" core_player_container \">\n<div id=\"player_echo_inner\" class=\"core_inner\">\n<div class=\"core_cover_container\">\n<div id=\"echo_player_image_cover\" class=\"core_cover\">\u00a0<\/div>\n<div class=\"core_cover\">\n<div id=\"ph_video_20260121184245571\" class=\"videoTop videoTop-ph\">\n<div class=\"posicionador\" role=\"button\" aria-label=\"Reproducir v\u00eddeo\"><img data-recalc-dims=\"1\" loading=\"lazy\" decoding=\"async\" class=\"_re lazyload a_m-h\" src=\"https:\/\/i0.wp.com\/imagenes.elpais.com\/resizer\/v2\/YAOS7G6OKNF5THVLPWRYCZPCVY.jpg?resize=414%2C233&#038;ssl=1\" sizes=\"auto, (min-width:1199px) 661px, (min-width: 1001px) calc((100vw - 385px)\/12*7 + 186px), (min-width:767px) 767px, 100vw\" srcset=\"https:\/\/imagenes.elpais.com\/resizer\/v2\/YAOS7G6OKNF5THVLPWRYCZPCVY.jpg?auth=3188be1f0a851faddc8e0b99ecf1440ae8ee5fae51df679ada04d89ad55236e3&amp;width=414&amp;height=233&amp;smart=true 414w,https:\/\/imagenes.elpais.com\/resizer\/v2\/YAOS7G6OKNF5THVLPWRYCZPCVY.jpg?auth=3188be1f0a851faddc8e0b99ecf1440ae8ee5fae51df679ada04d89ad55236e3&amp;width=828&amp;height=466&amp;smart=true 640w,https:\/\/imagenes.elpais.com\/resizer\/v2\/YAOS7G6OKNF5THVLPWRYCZPCVY.jpg?auth=3188be1f0a851faddc8e0b99ecf1440ae8ee5fae51df679ada04d89ad55236e3&amp;width=980&amp;height=551&amp;smart=true 1000w,https:\/\/imagenes.elpais.com\/resizer\/v2\/YAOS7G6OKNF5THVLPWRYCZPCVY.jpg?auth=3188be1f0a851faddc8e0b99ecf1440ae8ee5fae51df679ada04d89ad55236e3&amp;width=1200&amp;height=675&amp;smart=true 1200w\" alt=\"\" width=\"414\" height=\"233\" \/><\/p>\n<div class=\"_pa _df ph-v_b ph-v_b-lg\">\n<div class=\"_df ph-v_c\">\n<div class=\"ph-v_d _dib\">02:18<\/div>\n<div class=\"ph-v_t\">Tr\u00e1iler de &#8216;Hamnet&#8217;<\/div>\n<\/div>\n<\/div>\n<\/div>\n<\/div>\n<\/div>\n<\/div>\n<\/div>\n<\/div>\n<\/div><figcaption class=\"a_m_p\">Jessie Buckley y Paul Mescal, en &#8216;Hamnet&#8217;.<\/figcaption><\/figure>\n<h1>\u2018El agente secreto\u2019 (4 nominaciones)<\/h1>\n<p class=\"\"><i>El agente secreto<\/i>, como <i>Valor sentimental<\/i>, recibe una nominaci\u00f3n a Mejor pel\u00edcula, adem\u00e1s de otra como Mejor pel\u00edcula extranjera. El filme brasile\u00f1o, una de las sorpresas del Festival de Cannes gan\u00f3 ya dos Globos de Oro: Mejor actor principal (Wagner Moura) y Mejor pel\u00edcula de habla no inglesa.<\/p>\n<p class=\"\"><b>\u00bfD\u00f3nde ver?<\/b> El <i>thriller<\/i> pol\u00edtico de Kleber Mendon\u00e7a Filho se estrenar\u00e1 el pr\u00f3ximo 20 de febrero en las salas espa\u00f1olas.<\/p>\n<div id=\"sum_youtube\" class=\"a_em _df _rt _rt-16x9\" data-oembed-type=\"youtube\"><iframe loading=\"lazy\" title=\"Trailer de El agente secreto (O agente secreto \u2014 The Secret Agent) subtitulado en espa\u00f1ol (HD)\" src=\"https:\/\/www.youtube.com\/embed\/xHRDGI_SwjI?feature=oembed\" width=\"560\" height=\"315\" frameborder=\"0\" allowfullscreen=\"allowfullscreen\" data-mce-fragment=\"1\"><\/iframe><\/div>\n<h1>\u2018Bugonia\u2019 (4 nominaciones)<\/h1>\n<p class=\"\"><i>Bugonia<\/i>, de Yorgos Lanthimos, coloca de nuevo a Emma Stone en la carrera para conseguir el premio a Mejor actriz protagonista, que ya ha ganado en un par de ocasiones (las dos veces que fue nominada). El filme del griego no tuvo suerte<b> <\/b>en los Globo de Oro y se qued\u00f3 sin estatuillas.<\/p>\n<p class=\"\"><b>\u00bfD\u00f3nde ver? <\/b><i>Bugonia, <\/i>el <i>remake <\/i>del filme coreano <i>Save the Green Planet, <\/i>se estren\u00f3 el pasado 7 de noviembre en cines y a\u00fan quedan pases el algunas salas. Tambi\u00e9n puede verse de forma digital alquil\u00e1ndola o compr\u00e1ndola en plataformas como Apple TV, Rakuten TV y Prime Video. No est\u00e1 disponible en <i>streaming<\/i> gratuito o con suscripci\u00f3n.<\/p>\n<p class=\"\"><a title=\"https:\/\/elpais.com\/cultura\/cine\/2025-11-07\/bugonia-el-sugestivo-y-retorcido-cine-de-lanthimos-se-adentra-en-la-conspiranoia.html\" href=\"https:\/\/elpais.com\/cultura\/cine\/2025-11-07\/bugonia-el-sugestivo-y-retorcido-cine-de-lanthimos-se-adentra-en-la-conspiranoia.html\" target=\"_self\" rel=\"\" data-link-track-dtm=\"\" data-mrf-link=\"https:\/\/elpais.com\/cultura\/cine\/2025-11-07\/bugonia-el-sugestivo-y-retorcido-cine-de-lanthimos-se-adentra-en-la-conspiranoia.html\">Lea aqu\u00ed la cr\u00edtica completa.<\/a><\/p>\n<figure class=\"a_m\">\n<div class=\"videoTop videoTop-v\">\n<div id=\"video_20251028113539325\" class=\" core_player_container \">\n<div id=\"player_foxtrot_inner\" class=\"core_inner\">\n<div class=\"core_cover_container\">\n<div id=\"foxtrot_player_image_cover\" class=\"core_cover\">\u00a0<\/div>\n<div class=\"core_cover\">\n<div id=\"ph_video_20251028113539325\" class=\"videoTop videoTop-ph\">\n<div class=\"posicionador\" role=\"button\" aria-label=\"Reproducir v\u00eddeo\"><img data-recalc-dims=\"1\" loading=\"lazy\" decoding=\"async\" class=\"_re lazyload a_m-h\" src=\"https:\/\/i0.wp.com\/imagenes.elpais.com\/resizer\/v2\/EFTU2U3HYBA5DJGKTQNS3HOKEI.webp?resize=414%2C233&#038;ssl=1\" sizes=\"auto, (min-width:1199px) 661px, (min-width: 1001px) calc((100vw - 385px)\/12*7 + 186px), (min-width:767px) 767px, 100vw\" srcset=\"https:\/\/imagenes.elpais.com\/resizer\/v2\/EFTU2U3HYBA5DJGKTQNS3HOKEI.webp?auth=c7ba258063d1903d5a535e2ecc1144468975dc96ccc6b64426f37fa822e92540&amp;width=414&amp;height=233&amp;smart=true 414w,https:\/\/imagenes.elpais.com\/resizer\/v2\/EFTU2U3HYBA5DJGKTQNS3HOKEI.webp?auth=c7ba258063d1903d5a535e2ecc1144468975dc96ccc6b64426f37fa822e92540&amp;width=828&amp;height=466&amp;smart=true 640w,https:\/\/imagenes.elpais.com\/resizer\/v2\/EFTU2U3HYBA5DJGKTQNS3HOKEI.webp?auth=c7ba258063d1903d5a535e2ecc1144468975dc96ccc6b64426f37fa822e92540&amp;width=980&amp;height=551&amp;smart=true 1000w,https:\/\/imagenes.elpais.com\/resizer\/v2\/EFTU2U3HYBA5DJGKTQNS3HOKEI.webp?auth=c7ba258063d1903d5a535e2ecc1144468975dc96ccc6b64426f37fa822e92540&amp;width=1200&amp;height=675&amp;smart=true 1200w\" alt=\"\" width=\"414\" height=\"233\" \/><\/p>\n<div class=\"_pa _df ph-v_b ph-v_b-lg\">\n<div class=\"_df ph-v_c\">\n<div class=\"ph-v_t\">Tr\u00e1iler de la pel\u00edcula &#8216;Bugonia&#8217;<\/div>\n<\/div>\n<\/div>\n<\/div>\n<\/div>\n<\/div>\n<\/div>\n<\/div>\n<\/div>\n<\/div>\n<\/figure>\n<h1>\u2018Sue\u00f1os de trenes\u2019 (4 nominaciones)<\/h1>\n<p class=\"\">El drama estadounidense de Clint Bailey, militante del cine <i>indie<\/i>, presenta una especie de western sin disparos, protagonizado por Joel Edgerton. Su protagonista es un hombre parco en palabras, aunque dotado de sentimientos, que busca esforzadamente un lugar en el mundo en la construcci\u00f3n de ferrocarriles y talando \u00e1rboles.<\/p>\n<p class=\"\"><b>\u00bfD\u00f3nde ver? <\/b><i>Sue\u00f1o de trenes<\/i> es una producci\u00f3n original de Netflix y esta disponible exclusivamente<b> <\/b>en la plataforma.<\/p>\n<p class=\"\"><a title=\"https:\/\/elpais.com\/cultura\/cine\/2025-12-12\/suenos-de-trenes-un-precioso-western-sin-tiros.html\" href=\"https:\/\/elpais.com\/cultura\/cine\/2025-12-12\/suenos-de-trenes-un-precioso-western-sin-tiros.html\" target=\"_self\" rel=\"\" data-link-track-dtm=\"\" data-mrf-link=\"https:\/\/elpais.com\/cultura\/cine\/2025-12-12\/suenos-de-trenes-un-precioso-western-sin-tiros.html\">Lea aqu\u00ed la cr\u00edtica completa.<\/a><\/p>\n<figure class=\"a_m\">\n<div class=\"videoTop videoTop-v\">\n<div id=\"video_2025121118427952\" class=\" core_player_container \">\n<div id=\"player_golf_inner\" class=\"core_inner\">\n<div class=\"core_cover_container\">\n<div id=\"golf_player_image_cover\" class=\"core_cover\">\u00a0<\/div>\n<div class=\"core_cover\">\n<div id=\"ph_video_2025121118427952\" class=\"videoTop videoTop-ph\">\n<div class=\"posicionador\" role=\"button\" aria-label=\"Reproducir v\u00eddeo\"><img data-recalc-dims=\"1\" loading=\"lazy\" decoding=\"async\" class=\"_re lazyload a_m-h\" src=\"https:\/\/i0.wp.com\/imagenes.elpais.com\/resizer\/v2\/RUMLEGU6GRGEZKHHGRX3TAQUIM.webp?resize=414%2C233&#038;ssl=1\" sizes=\"auto, (min-width:1199px) 661px, (min-width: 1001px) calc((100vw - 385px)\/12*7 + 186px), (min-width:767px) 767px, 100vw\" srcset=\"https:\/\/imagenes.elpais.com\/resizer\/v2\/RUMLEGU6GRGEZKHHGRX3TAQUIM.webp?auth=a21ac8e5628d5befaed2b04d717bc66b113f31a00296be0d207c86f734b61de2&amp;width=414&amp;height=233&amp;smart=true 414w,https:\/\/imagenes.elpais.com\/resizer\/v2\/RUMLEGU6GRGEZKHHGRX3TAQUIM.webp?auth=a21ac8e5628d5befaed2b04d717bc66b113f31a00296be0d207c86f734b61de2&amp;width=828&amp;height=466&amp;smart=true 640w,https:\/\/imagenes.elpais.com\/resizer\/v2\/RUMLEGU6GRGEZKHHGRX3TAQUIM.webp?auth=a21ac8e5628d5befaed2b04d717bc66b113f31a00296be0d207c86f734b61de2&amp;width=980&amp;height=551&amp;smart=true 1000w,https:\/\/imagenes.elpais.com\/resizer\/v2\/RUMLEGU6GRGEZKHHGRX3TAQUIM.webp?auth=a21ac8e5628d5befaed2b04d717bc66b113f31a00296be0d207c86f734b61de2&amp;width=1200&amp;height=675&amp;smart=true 1200w\" alt=\"\" width=\"414\" height=\"233\" \/><\/p>\n<div class=\"_pa _df ph-v_b ph-v_b-lg\">\n<div class=\"_df ph-v_c\">\n<div class=\"ph-v_d _dib\">02:32<\/div>\n<div class=\"ph-v_t\">Tr\u00e1iler de &#8216;Sue\u00f1os de trenes&#8217;<\/div>\n<\/div>\n<\/div>\n<\/div>\n<\/div>\n<\/div>\n<\/div>\n<\/div>\n<\/div>\n<\/div>\n<\/figure>\n<h1>\u2018F1: la pel\u00edcula\u2019 (4 nominaciones)<\/h1>\n<p class=\"\">La pel\u00edcula de Joseph Kosinski mete a Brad Pitt en la piel de un piloto veterano de Formula 1, y a Javier Bardem como due\u00f1o de la escuder\u00eda en la que pilota. Es un filme para los amantes del motor que cosech\u00f3 un gran \u00e9xito en taquillas, el mayor \u00e9xito comercial en la carrera del experimentado actor.<\/p>\n<p class=\"\"><b>\u00bfD\u00f3nde ver?<\/b> Apple Tv la coproduce y ya est\u00e1 disponible en su plataforma.<\/p>\n<figure class=\"a_m\">\n<div class=\"videoTop videoTop-v\">\n<div id=\"video_2025062912258203\" class=\" core_player_container \">\n<div id=\"player_hotel_inner\" class=\"core_inner\">\n<div class=\"core_cover_container\">\n<div id=\"hotel_player_image_cover\" class=\"core_cover\">\u00a0<\/div>\n<div class=\"core_cover\">\n<div id=\"ph_video_2025062912258203\" class=\"videoTop videoTop-ph\">\n<div class=\"posicionador\" role=\"button\" aria-label=\"Reproducir v\u00eddeo\"><img data-recalc-dims=\"1\" loading=\"lazy\" decoding=\"async\" class=\"_re lazyload a_m-h\" src=\"https:\/\/i0.wp.com\/imagenes.elpais.com\/resizer\/v2\/3ABVFN44LRGBTNZOE7MUVVUXRA.jpg?resize=414%2C233&#038;ssl=1\" sizes=\"auto, (min-width:1199px) 661px, (min-width: 1001px) calc((100vw - 385px)\/12*7 + 186px), (min-width:767px) 767px, 100vw\" srcset=\"https:\/\/imagenes.elpais.com\/resizer\/v2\/3ABVFN44LRGBTNZOE7MUVVUXRA.jpg?auth=e611114d62d4fc4831a67e0d3a47239816e7239be19519b013ae7da7a0e3e115&amp;width=414&amp;height=233&amp;smart=true 414w,https:\/\/imagenes.elpais.com\/resizer\/v2\/3ABVFN44LRGBTNZOE7MUVVUXRA.jpg?auth=e611114d62d4fc4831a67e0d3a47239816e7239be19519b013ae7da7a0e3e115&amp;width=828&amp;height=466&amp;smart=true 640w,https:\/\/imagenes.elpais.com\/resizer\/v2\/3ABVFN44LRGBTNZOE7MUVVUXRA.jpg?auth=e611114d62d4fc4831a67e0d3a47239816e7239be19519b013ae7da7a0e3e115&amp;width=980&amp;height=551&amp;smart=true 1000w,https:\/\/imagenes.elpais.com\/resizer\/v2\/3ABVFN44LRGBTNZOE7MUVVUXRA.jpg?auth=e611114d62d4fc4831a67e0d3a47239816e7239be19519b013ae7da7a0e3e115&amp;width=1200&amp;height=675&amp;smart=true 1200w\" alt=\"\" width=\"414\" height=\"233\" \/><\/p>\n<div class=\"_pa _df ph-v_b ph-v_b-lg\">\n<div class=\"_df ph-v_c\">\n<div class=\"ph-v_d _dib\">02:22<\/div>\n<div class=\"ph-v_t\">Tr\u00e1iler de &#8216;F1: la pel\u00edcula&#8217;<\/div>\n<\/div>\n<\/div>\n<\/div>\n<\/div>\n<\/div>\n<\/div>\n<\/div>\n<\/div>\n<\/div><figcaption class=\"a_m_p\">Brad Pitt y Javier Bardem en &#8216;F1: la pel\u00edcula&#8217;.<\/figcaption><\/figure>\n<h1>\u2018Un simple accidente\u2019 (2 nominaciones)<\/h1>\n<p class=\"\">La iran\u00ed <i>Un simple accidente<\/i>, ganadora de la Palma de Oro a Mejor pel\u00edcula en el Festival de Cannes, aspira ahora a 2 Oscar: Mejor pel\u00edcula internacional y Mejor director.<b> <\/b>El filme dirigido por Jafar Panahi se qued\u00f3 sin Globos de Oro a pesar de estar nominado en cuatro categor\u00edas. Con las pel\u00edculas que la acompa\u00f1an en sus categor\u00edas, la historia podr\u00eda repetirse. <i> <\/i><\/p>\n<p class=\"\"><b>\u00bfDonde ver? <\/b><i>Un simple accidente, <\/i>nominada tambi\u00e9n a los Goya como Mejor pel\u00edcula europea, llegar\u00e1 a Filmin el 6 de febrero.<\/p>\n<p class=\"\"><a title=\"https:\/\/elpais.com\/cultura\/cine\/2025-10-17\/un-simple-accidente-cuando-en-una-furgoneta-caben-un-terrible-dilema-moral-humor-absurdo-y-una-palma-de-oro.html\" href=\"https:\/\/elpais.com\/cultura\/cine\/2025-10-17\/un-simple-accidente-cuando-en-una-furgoneta-caben-un-terrible-dilema-moral-humor-absurdo-y-una-palma-de-oro.html\" target=\"_self\" rel=\"\" data-link-track-dtm=\"\" data-mrf-link=\"https:\/\/elpais.com\/cultura\/cine\/2025-10-17\/un-simple-accidente-cuando-en-una-furgoneta-caben-un-terrible-dilema-moral-humor-absurdo-y-una-palma-de-oro.html\">Lea la cr\u00edtica completa aqu\u00ed.<\/a><\/p>\n<figure class=\"a_m\">\n<div class=\"videoTop videoTop-v\">\n<div id=\"video_2025101523117919\" class=\" core_player_container \">\n<div id=\"player_india_inner\" class=\"core_inner\">\n<div class=\"core_cover_container\">\n<div id=\"india_player_image_cover\" class=\"core_cover\">\u00a0<\/div>\n<div class=\"core_cover\">\n<div id=\"ph_video_2025101523117919\" class=\"videoTop videoTop-ph\">\n<div class=\"posicionador\" role=\"button\" aria-label=\"Reproducir v\u00eddeo\"><img data-recalc-dims=\"1\" loading=\"lazy\" decoding=\"async\" class=\"_re lazyload a_m-h\" src=\"https:\/\/i0.wp.com\/imagenes.elpais.com\/resizer\/v2\/SWPFOIVPKNGPXFBMRLBOMQZERU.jpg?resize=414%2C233&#038;ssl=1\" sizes=\"auto, (min-width:1199px) 661px, (min-width: 1001px) calc((100vw - 385px)\/12*7 + 186px), (min-width:767px) 767px, 100vw\" srcset=\"https:\/\/imagenes.elpais.com\/resizer\/v2\/SWPFOIVPKNGPXFBMRLBOMQZERU.jpg?auth=d735ac5d075a7feeab9289c25ad86c61ca1e904964364c6dccd8c468fb3dfce7&amp;width=414&amp;height=233&amp;smart=true 414w,https:\/\/imagenes.elpais.com\/resizer\/v2\/SWPFOIVPKNGPXFBMRLBOMQZERU.jpg?auth=d735ac5d075a7feeab9289c25ad86c61ca1e904964364c6dccd8c468fb3dfce7&amp;width=828&amp;height=466&amp;smart=true 640w,https:\/\/imagenes.elpais.com\/resizer\/v2\/SWPFOIVPKNGPXFBMRLBOMQZERU.jpg?auth=d735ac5d075a7feeab9289c25ad86c61ca1e904964364c6dccd8c468fb3dfce7&amp;width=980&amp;height=551&amp;smart=true 1000w,https:\/\/imagenes.elpais.com\/resizer\/v2\/SWPFOIVPKNGPXFBMRLBOMQZERU.jpg?auth=d735ac5d075a7feeab9289c25ad86c61ca1e904964364c6dccd8c468fb3dfce7&amp;width=1200&amp;height=675&amp;smart=true 1200w\" alt=\"\" width=\"414\" height=\"233\" \/><\/p>\n<div class=\"_pa _df ph-v_b ph-v_b-lg\">\n<div class=\"_df ph-v_c\">\n<div class=\"ph-v_d _dib\">01:51<\/div>\n<div class=\"ph-v_t\">Tr\u00e1iler de &#8216;Un simple accidente&#8217;<\/div>\n<\/div>\n<\/div>\n<\/div>\n<\/div>\n<\/div>\n<\/div>\n<\/div>\n<\/div>\n<\/div>\n<\/figure>\n<h1>\u2018Blue Moon\u2019 (2 nominaciones)<\/h1>\n<p class=\"\">La pel\u00edcula de Richard Linklater est\u00e1 ambientada exclusivamente en un bar y retrata lo que ocurre detr\u00e1s de la fachada de la fiesta, del color, del ritmo, de la efervescencia y del hedonismo del viejo Broadway. La protagoniza Ethan Hawke, que encarna a un personaje real: el letrista de musicales <a title=\"https:\/\/es.wikipedia.org\/wiki\/Lorenz_Hart\" href=\"https:\/\/es.wikipedia.org\/wiki\/Lorenz_Hart\" rel=\"\" data-link-track-dtm=\"\" data-mrf-link=\"https:\/\/es.wikipedia.org\/wiki\/Lorenz_Hart\">Lorenz Hart,<\/a> creador junto a <a title=\"https:\/\/es.wikipedia.org\/wiki\/Richard_Rodgers\" href=\"https:\/\/es.wikipedia.org\/wiki\/Richard_Rodgers\" rel=\"\" data-link-track-dtm=\"\" data-mrf-link=\"https:\/\/es.wikipedia.org\/wiki\/Richard_Rodgers\">Richard Rodgers <\/a>de la canci\u00f3n que da t\u00edtulo a la pel\u00edcula.<\/p>\n<p class=\"\"><b>\u00bfDonde ver? <\/b>Podr\u00e1 alquilarse o comprarse en Prime Video a partir del 27 de enero.<\/p>\n<p class=\"\"><a title=\"https:\/\/elpais.com\/cultura\/cine\/2025-11-28\/blue-moon-linklater-muestra-las-tripas-podridas-de-un-encantador-creador-de-canciones.html\" href=\"https:\/\/elpais.com\/cultura\/cine\/2025-11-28\/blue-moon-linklater-muestra-las-tripas-podridas-de-un-encantador-creador-de-canciones.html\" target=\"_blank\" rel=\"noopener noreferrer\" data-link-track-dtm=\"\" data-mrf-link=\"https:\/\/elpais.com\/cultura\/cine\/2025-11-28\/blue-moon-linklater-muestra-las-tripas-podridas-de-un-encantador-creador-de-canciones.html\">Lea la cr\u00edtica completa aqu\u00ed<\/a><\/p>\n<figure class=\"a_m\">\n<div class=\"videoTop videoTop-v\">\n<div id=\"video_20251126141624822\" class=\" core_player_container \">\n<div id=\"player_juliett_inner\" class=\"core_inner\">\n<div class=\"core_cover_container\">\n<div id=\"juliett_player_image_cover\" class=\"core_cover\">\u00a0<\/div>\n<div class=\"core_cover\">\n<div id=\"ph_video_20251126141624822\" class=\"videoTop videoTop-ph\">\n<div class=\"posicionador\" role=\"button\" aria-label=\"Reproducir v\u00eddeo\"><img data-recalc-dims=\"1\" loading=\"lazy\" decoding=\"async\" class=\"_re lazyload a_m-h\" src=\"https:\/\/i0.wp.com\/imagenes.elpais.com\/resizer\/v2\/4APIO2LPWFCGVPYONJDAVMS6LQ.webp?resize=414%2C233&#038;ssl=1\" sizes=\"auto, (min-width:1199px) 661px, (min-width: 1001px) calc((100vw - 385px)\/12*7 + 186px), (min-width:767px) 767px, 100vw\" srcset=\"https:\/\/imagenes.elpais.com\/resizer\/v2\/4APIO2LPWFCGVPYONJDAVMS6LQ.webp?auth=d628dfc02a8b835e960ab030e2c41b66e718949626c2eca06b93c5894c617a02&amp;width=414&amp;height=233&amp;smart=true 414w,https:\/\/imagenes.elpais.com\/resizer\/v2\/4APIO2LPWFCGVPYONJDAVMS6LQ.webp?auth=d628dfc02a8b835e960ab030e2c41b66e718949626c2eca06b93c5894c617a02&amp;width=828&amp;height=466&amp;smart=true 640w,https:\/\/imagenes.elpais.com\/resizer\/v2\/4APIO2LPWFCGVPYONJDAVMS6LQ.webp?auth=d628dfc02a8b835e960ab030e2c41b66e718949626c2eca06b93c5894c617a02&amp;width=980&amp;height=551&amp;smart=true 1000w,https:\/\/imagenes.elpais.com\/resizer\/v2\/4APIO2LPWFCGVPYONJDAVMS6LQ.webp?auth=d628dfc02a8b835e960ab030e2c41b66e718949626c2eca06b93c5894c617a02&amp;width=1200&amp;height=675&amp;smart=true 1200w\" alt=\"\" width=\"414\" height=\"233\" \/><\/p>\n<div class=\"_pa _df ph-v_b ph-v_b-lg\">\n<div class=\"_df ph-v_c\">\n<div class=\"ph-v_d _dib\">02:10<\/div>\n<div class=\"ph-v_t\">Tr\u00e1iler de &#8216;Blue Moon&#8217;<\/div>\n<\/div>\n<\/div>\n<\/div>\n<\/div>\n<\/div>\n<\/div>\n<\/div>\n<\/div>\n<\/div><figcaption class=\"a_m_p\">Margaret Qualley y Ethan Hawke, en &#8216;Blue Moon&#8217;.<\/figcaption><\/figure>\n<h1>\u2018Avatar: fuego y ceniza\u2019 (2 nominaciones)<\/h1>\n<p class=\"\"><i>Avatar <\/i>ha vuelto en otra pel\u00edcula tan gigantesca como las anteriores. James Cameron regresa, con tecnolog\u00edas a\u00fan m\u00e1s avanzadas, para mostrar una nueva tribu en Pandora, la del fuego, mientras que la batalla por el planeta contra los humanos crece. Otras m\u00e1s de 3 horas efectos visuales.<\/p>\n<p class=\"\"><b>\u00bfD\u00f3nde ver? <\/b>La nueva entrega llega, dice su director, con un reto nuevo: si no hace el dinero suficiente, no podr\u00e1 rodar la cuarta y quinta pel\u00edcula de la saga. Con esas vistas al futuro, seg\u00fan qu\u00e9 resultado se prefiera, se puede ver, o no, en las salas espa\u00f1ola.<\/p>\n<figure class=\"a_m\">\n<div class=\"videoTop videoTop-v\">\n<div id=\"video_20251217235257365\" class=\" core_player_container \">\n<div id=\"player_kilo_inner\" class=\"core_inner\">\n<div class=\"core_cover_container\">\n<div id=\"kilo_player_image_cover\" class=\"core_cover\">\u00a0<\/div>\n<div class=\"core_cover\">\n<div id=\"ph_video_20251217235257365\" class=\"videoTop videoTop-ph\">\n<div class=\"posicionador\" role=\"button\" aria-label=\"Reproducir v\u00eddeo\"><img data-recalc-dims=\"1\" loading=\"lazy\" decoding=\"async\" class=\"_re lazyload a_m-h\" src=\"https:\/\/i0.wp.com\/imagenes.elpais.com\/resizer\/v2\/Y6F52FF3EJEALKJXTZC2U4DWPY.jpg?resize=414%2C233&#038;ssl=1\" sizes=\"auto, (min-width:1199px) 661px, (min-width: 1001px) calc((100vw - 385px)\/12*7 + 186px), (min-width:767px) 767px, 100vw\" srcset=\"https:\/\/imagenes.elpais.com\/resizer\/v2\/Y6F52FF3EJEALKJXTZC2U4DWPY.jpg?auth=b415a9b9f3ddfbd5210649fef04c3e8e15a3b07ef9c28cf8ded1903ec16af2b9&amp;width=414&amp;height=233&amp;smart=true 414w,https:\/\/imagenes.elpais.com\/resizer\/v2\/Y6F52FF3EJEALKJXTZC2U4DWPY.jpg?auth=b415a9b9f3ddfbd5210649fef04c3e8e15a3b07ef9c28cf8ded1903ec16af2b9&amp;width=828&amp;height=466&amp;smart=true 640w,https:\/\/imagenes.elpais.com\/resizer\/v2\/Y6F52FF3EJEALKJXTZC2U4DWPY.jpg?auth=b415a9b9f3ddfbd5210649fef04c3e8e15a3b07ef9c28cf8ded1903ec16af2b9&amp;width=980&amp;height=551&amp;smart=true 1000w,https:\/\/imagenes.elpais.com\/resizer\/v2\/Y6F52FF3EJEALKJXTZC2U4DWPY.jpg?auth=b415a9b9f3ddfbd5210649fef04c3e8e15a3b07ef9c28cf8ded1903ec16af2b9&amp;width=1200&amp;height=675&amp;smart=true 1200w\" alt=\"\" width=\"414\" height=\"233\" \/><\/p>\n<div class=\"_pa _df ph-v_b ph-v_b-lg\">\n<div class=\"_df ph-v_c\">\n<div class=\"ph-v_d _dib\">02:19<\/div>\n<div class=\"ph-v_t\">Tr\u00e1iler de &#8216;Avatar: fuego y ceniza&#8217;<\/div>\n<\/div>\n<\/div>\n<\/div>\n<\/div>\n<\/div>\n<\/div>\n<\/div>\n<\/div>\n<\/div><figcaption class=\"a_m_p\">Zoe Salda\u00f1a como Neytiri en una pel\u00edcula de &#8216;Avatar&#8217;.<\/figcaption><\/figure>\n<h1>Otras pel\u00edculas con una nominaci\u00f3n<\/h1>\n<p class=\"\"><i><b>La voz de Hind Rajab<\/b><\/i><b>:<\/b><i> <\/i> Puede verse a\u00fan en pocas salas de cine, donde se estren\u00f3 el pasado 28 de noviembre. Est\u00e1 previsto que est\u00e9 disponible en Filmin (con suscripci\u00f3n) a partir del pr\u00f3ximo 13 de marzo.<\/p>\n<p class=\"\"><a title=\"https:\/\/elpais.com\/cultura\/cine\/2026-01-16\/si-pudiera-te-daria-una-patada-primer-plano-del-viaje-al-abismo-de-rose-byrne.html\" href=\"https:\/\/elpais.com\/cultura\/cine\/2026-01-16\/si-pudiera-te-daria-una-patada-primer-plano-del-viaje-al-abismo-de-rose-byrne.html\" target=\"_blank\" rel=\"noopener noreferrer\" data-link-track-dtm=\"\" data-mrf-link=\"https:\/\/elpais.com\/cultura\/cine\/2026-01-16\/si-pudiera-te-daria-una-patada-primer-plano-del-viaje-al-abismo-de-rose-byrne.html\"><i><b>Si pudiera, te dar\u00eda una patada<\/b><\/i><\/a><b>: <\/b>En las <b>salas de cine<\/b>.<\/p>\n<p class=\"\"><a title=\"https:\/\/elpais.com\/cultura\/cine\/2025-08-19\/weapons-el-fenomeno-cinematografico-este-verano-es-una-pelicula-de-terror.html\" href=\"https:\/\/elpais.com\/cultura\/cine\/2025-08-19\/weapons-el-fenomeno-cinematografico-este-verano-es-una-pelicula-de-terror.html\" target=\"_blank\" rel=\"noopener noreferrer\" data-link-track-dtm=\"\" data-mrf-link=\"https:\/\/elpais.com\/cultura\/cine\/2025-08-19\/weapons-el-fenomeno-cinematografico-este-verano-es-una-pelicula-de-terror.html\"><i><b>Weapons<\/b><\/i><\/a>: Lleg\u00f3 al cat\u00e1logo de <b>HBO Max<\/b> el 24 de octubre del a\u00f1o pasado, y est\u00e1 tambi\u00e9n en el <i>pack <\/i>de ficci\u00f3n de <b>Movistar +<\/b><\/p>\n<p class=\"\"><a title=\"https:\/\/elpais.com\/cultura\/cine\/2026-01-09\/song-sung-blue-cancion-para-dos-blanda-epica-de-karaoke-en-honor-a-neil-diamond.html\" href=\"https:\/\/elpais.com\/cultura\/cine\/2026-01-09\/song-sung-blue-cancion-para-dos-blanda-epica-de-karaoke-en-honor-a-neil-diamond.html\" target=\"_blank\" rel=\"noopener noreferrer\" data-link-track-dtm=\"\" data-mrf-link=\"https:\/\/elpais.com\/cultura\/cine\/2026-01-09\/song-sung-blue-cancion-para-dos-blanda-epica-de-karaoke-en-honor-a-neil-diamond.html\"><i><b>Song Sung Blue: canci\u00f3n para dos<\/b><\/i><\/a>: Se estren\u00f3 el pasado 9 de enero y puede verse a\u00fan en salas.<\/p>\n<p class=\"\"><i><b>Kokuho:<\/b><\/i> A\u00fan no tiene una fecha de lanzamiento o distribuci\u00f3n confirmada en plataformas espa\u00f1olas.<\/p>\n<p class=\"\"><a title=\"https:\/\/elpais.com\/cultura\/cine\/2025-10-03\/the-smashing-machine-un-drama-hecho-a-golpe-de-fuerza-bruta.html\" href=\"https:\/\/elpais.com\/cultura\/cine\/2025-10-03\/the-smashing-machine-un-drama-hecho-a-golpe-de-fuerza-bruta.html\" target=\"_blank\" rel=\"noopener noreferrer\" data-link-track-dtm=\"\" data-mrf-link=\"https:\/\/elpais.com\/cultura\/cine\/2025-10-03\/the-smashing-machine-un-drama-hecho-a-golpe-de-fuerza-bruta.html\"><i><b>The Smashing Machine:<\/b><\/i><\/a><i><b> <\/b><\/i>Ahora no est\u00e1 disponible<i> y t<\/i>odav\u00eda no tiene fecha confirmada para plataformas de suscripci\u00f3n.<\/p>\n<p class=\"\"><i><b>La hermanastra fea:<\/b><\/i> No disponible en Espa\u00f1a.<\/p>\n<p class=\"\"><a title=\"https:\/\/elpais.com\/cultura\/2025-07-02\/jurassic-world-el-renacer-cuando-el-producto-se-come-a-la-pelicula-y-la-golosina-nostalgica-resulta-venenosa.html\" href=\"https:\/\/elpais.com\/cultura\/2025-07-02\/jurassic-world-el-renacer-cuando-el-producto-se-come-a-la-pelicula-y-la-golosina-nostalgica-resulta-venenosa.html\" target=\"_blank\" rel=\"noopener noreferrer\" data-link-track-dtm=\"\" data-mrf-link=\"https:\/\/elpais.com\/cultura\/2025-07-02\/jurassic-world-el-renacer-cuando-el-producto-se-come-a-la-pelicula-y-la-golosina-nostalgica-resulta-venenosa.html\"><i><b>Jurassic World: El Renacer<\/b><\/i><\/a><i>: <\/i>Est\u00e1 disponible en con el <i>pack <\/i>de ficci\u00f3n de Movistar +, y en SkyShowtime.<\/p>\n<p class=\"\"><i><b>Laberinto en llamas:<\/b><\/i> Disponible en Apple TV.<\/p>\n<p class=\"\"><a title=\"https:\/\/elpais.com\/cultura\/cine\/2026-01-20\/zootropolis-2-se-convierte-en-la-pelicula-animada-mas-taquillera-de-hollywood.html\" href=\"https:\/\/elpais.com\/cultura\/cine\/2026-01-20\/zootropolis-2-se-convierte-en-la-pelicula-animada-mas-taquillera-de-hollywood.html\" target=\"_blank\" rel=\"noopener noreferrer\" data-link-track-dtm=\"\" data-mrf-link=\"https:\/\/elpais.com\/cultura\/cine\/2026-01-20\/zootropolis-2-se-convierte-en-la-pelicula-animada-mas-taquillera-de-hollywood.html\"><i><b>Zootr\u00f3polis 2:<\/b><\/i><\/a><i><b> <\/b><\/i>Est\u00e1 disponible en salas de cine.<\/p>\n<p class=\"\"><a title=\"https:\/\/elpais.com\/cultura\/cine\/2025-08-27\/las-guerreras-kpop-se-convierte-en-la-pelicula-mas-vista-en-la-historia-de-netflix.html\" href=\"https:\/\/elpais.com\/cultura\/cine\/2025-08-27\/las-guerreras-kpop-se-convierte-en-la-pelicula-mas-vista-en-la-historia-de-netflix.html\" target=\"_blank\" rel=\"noopener noreferrer\" data-link-track-dtm=\"\" data-mrf-link=\"https:\/\/elpais.com\/cultura\/cine\/2025-08-27\/las-guerreras-kpop-se-convierte-en-la-pelicula-mas-vista-en-la-historia-de-netflix.html\"><i><b>Las guerreas Kpop:<\/b><\/i><\/a><b> <\/b>Disponible en Netflix, donde se estren\u00f3 el verano pasado.<\/p>\n<p class=\"\"><i><b>Arco<\/b><\/i><b>:<\/b> En salas de cine.<\/p>\n<p class=\"\"><i><b>Elio<\/b><\/i><i>: <\/i>La m\u00e1s reciente pel\u00edcula de Pixar puede verse principalmente en Disney+, donde se estren\u00f3 y est\u00e1 disponible para suscriptores en Espa\u00f1a.<\/p>\n<p class=\"\"><i><b>Little Am\u00e9lie: <\/b><\/i>El estreno de este filme franc\u00e9s est\u00e1 previsto para el pr\u00f3ximo 13 de febrero en salas de cine.<\/p>\n","protected":false},"excerpt":{"rendered":"<p>Los largometrajes con m\u00e1s candidaturas, como \u2018Los pecadores\u2019, \u2018Una batalla tras otra\u2019 o \u2018Frankenstein\u2019, est\u00e1n&#8230;<\/p>\n","protected":false},"author":1,"featured_media":81555,"comment_status":"closed","ping_status":"closed","sticky":false,"template":"","format":"standard","meta":{"_coblocks_attr":"","_coblocks_dimensions":"","_coblocks_responsive_height":"","_coblocks_accordion_ie_support":"","jetpack_post_was_ever_published":false,"_jetpack_newsletter_access":"","_jetpack_dont_email_post_to_subs":false,"_jetpack_newsletter_tier_id":0,"_jetpack_memberships_contains_paywalled_content":false,"_jetpack_memberships_contains_paid_content":false,"footnotes":"","jetpack_publicize_message":"","jetpack_publicize_feature_enabled":true,"jetpack_social_post_already_shared":true,"jetpack_social_options":{"image_generator_settings":{"template":"highway","default_image_id":0,"enabled":false},"version":2}},"categories":[1161,44,6937],"tags":[],"class_list":["post-81554","post","type-post","status-publish","format-standard","has-post-thumbnail","hentry","category-ciudadania","category-noticias-de-hoy","category-sociedad"],"jetpack_publicize_connections":[],"jetpack_featured_media_url":"https:\/\/miradordeatarfe.es\/wp-content\/uploads\/2026\/01\/KA37K2NVPVERTPJDC7WY73AWTQ.avif","jetpack_likes_enabled":true,"jetpack_sharing_enabled":true,"_links":{"self":[{"href":"https:\/\/miradordeatarfe.es\/index.php?rest_route=\/wp\/v2\/posts\/81554","targetHints":{"allow":["GET"]}}],"collection":[{"href":"https:\/\/miradordeatarfe.es\/index.php?rest_route=\/wp\/v2\/posts"}],"about":[{"href":"https:\/\/miradordeatarfe.es\/index.php?rest_route=\/wp\/v2\/types\/post"}],"author":[{"embeddable":true,"href":"https:\/\/miradordeatarfe.es\/index.php?rest_route=\/wp\/v2\/users\/1"}],"replies":[{"embeddable":true,"href":"https:\/\/miradordeatarfe.es\/index.php?rest_route=%2Fwp%2Fv2%2Fcomments&post=81554"}],"version-history":[{"count":1,"href":"https:\/\/miradordeatarfe.es\/index.php?rest_route=\/wp\/v2\/posts\/81554\/revisions"}],"predecessor-version":[{"id":81556,"href":"https:\/\/miradordeatarfe.es\/index.php?rest_route=\/wp\/v2\/posts\/81554\/revisions\/81556"}],"wp:featuredmedia":[{"embeddable":true,"href":"https:\/\/miradordeatarfe.es\/index.php?rest_route=\/wp\/v2\/media\/81555"}],"wp:attachment":[{"href":"https:\/\/miradordeatarfe.es\/index.php?rest_route=%2Fwp%2Fv2%2Fmedia&parent=81554"}],"wp:term":[{"taxonomy":"category","embeddable":true,"href":"https:\/\/miradordeatarfe.es\/index.php?rest_route=%2Fwp%2Fv2%2Fcategories&post=81554"},{"taxonomy":"post_tag","embeddable":true,"href":"https:\/\/miradordeatarfe.es\/index.php?rest_route=%2Fwp%2Fv2%2Ftags&post=81554"}],"curies":[{"name":"wp","href":"https:\/\/api.w.org\/{rel}","templated":true}]}}