{"id":81574,"date":"2026-01-26T10:15:58","date_gmt":"2026-01-26T09:15:58","guid":{"rendered":"https:\/\/miradordeatarfe.es\/?p=81574"},"modified":"2026-01-23T19:23:32","modified_gmt":"2026-01-23T18:23:32","slug":"lo-que-el-gran-apagon-revelo-sobre-tu-cerebro-activa-tu-punto-azul","status":"publish","type":"post","link":"https:\/\/miradordeatarfe.es\/?p=81574","title":{"rendered":"Lo que el gran apag\u00f3n revel\u00f3 sobre tu cerebro: \u00a1activa tu punto azul!"},"content":{"rendered":"<article class=\"xl-a xl-a--d xl-a--d-s xl-a--d-s-x xl-a--d-s-x--t1 xl-a--p-r xl-a--p-b-sm\">\n<div class=\"xl-a-inf-c-e \">\n<div class=\"xl-a-inf-c-e__t-sec\">\n<h2 class=\"xl-a-t-nd\" style=\"text-align: justify;\">En el cerebro hay una pieza diminuta y crucial de color azul: nuestro interruptor de la atenci\u00f3n. Se enciende cuando algo es importante y se apaga si es irrelevante.<\/h2>\n<p class=\"xl-a-t-nd\" style=\"text-align: justify;\"><span class=\"Apple-converted-space\">L<\/span>as nuevas tecnolog\u00edas \u2014m\u00f3viles, redes&#8230;\u2014 llevan a\u00f1os da\u00f1\u00e1ndolo. Por eso nos resulta tan dif\u00edcil concentrarnos y estar desconectados. Pero hay una buena noticia: se puede poner en forma. Te lo contamos.<\/p>\n<\/div>\n<\/div>\n<\/article>\n<div class=\"xl-c xl-c--s\">\n<div class=\"xl-d xl-d--abc xl-d--spl\">\n<div class=\"row vc_row wpb_row vc_row-fluid\">\n<div class=\"\">\n<div class=\"wpb_column vc_column_container vc_col-sm-12\">\n<p class=\"voc-paragraph\" style=\"text-align: justify;\"><span class=\"voc-capital\">R<\/span>econ\u00f3celo: cuando se fue la luz estabas como pollo sin cabeza, mirando la pantalla muerta de tu m\u00f3vil cada dos por tres, incapaz de concentrar tu atenci\u00f3n en algo productivo. Y no estabas solo. Muchos empezamos ese libro que llev\u00e1bamos meses queriendo leer y lo dejamos despu\u00e9s de unas<span class=\"paywall\" data-mrf-recirculation=\"Link art\u00edculos\"> pocas l\u00edneas, no por falta de inter\u00e9s, sino porque era m\u00e1s apremiante la sensaci\u00f3n abrumadora de orfandad sin nuestra raci\u00f3n de Instagram y TikTok&#8230; El problema no es solo que seamos unos adictos digitales (que tambi\u00e9n), es que hemos estado modificando la biolog\u00eda y la qu\u00edmica de nuestros cerebros durante a\u00f1os. Y ahora estamos empezando a pagar las consecuencias.<\/span><\/p>\n<p class=\"voc-paragraph\" style=\"text-align: justify;\">En lo m\u00e1s profundo de nuestro tronco cerebral existe una estructura diminuta conocida como el &#8216;punto azul&#8217; o locus coeruleus (LC). Tiene apenas el tama\u00f1o de un grano de arroz y contiene un pigmento azulado llamado &#8216;neuromelanina&#8217;. Este n\u00facleo de neuronas es nuestro interruptor de la atenci\u00f3n. B\u00e1sicamente, funciona como un foco de teatro que ilumina lo que nos interesa y deja a oscuras todo lo dem\u00e1s. Es uno de esos regalos envenenados que nos leg\u00f3 la evoluci\u00f3n, perfecto para alertar de un depredador, pero disfuncional para estos tiempos. Las notificaciones del m\u00f3vil y todo el arsenal de trucos que los ingenieros de las tecnol\u00f3gicas han desarrollado para secuestrar nuestra atenci\u00f3n se adue\u00f1an de nuestro cerebro, lo saturan\u2026 Y el punto azul, que deber\u00eda protegerlo, se vuelve tan in\u00fatil como una br\u00fajula rodeada de imanes cuya aguja gira fren\u00e9tica.<\/p>\n<h2 class=\"voc-ladillo-paragraph \" style=\"text-align: justify;\"><strong>El hallazgo del m\u00e9dico de Mar\u00eda Antonieta<\/strong><\/h2>\n<p class=\"voc-paragraph\" style=\"text-align: justify;\">Su descubrimiento, en el siglo XVIII, se debe al gran anatomista F\u00e9lix Vicq d&#8217;Azyr, m\u00e9dico personal de Mar\u00eda Antonieta, cuya posici\u00f3n privilegiada en la corte le daba acceso a cad\u00e1veres para sus disecciones cerebrales. Durante siglos, apenas se supo nada de este misterioso zafiro biol\u00f3gico. Gracias a las modernas t\u00e9cnicas de neuroimagen, poco a poco se ha ido revelando su importancia.<\/p>\n<p class=\"voc-paragraph\" style=\"text-align: justify;\">Cada vez aparecen m\u00e1s pruebas de que estamos ante la central de sem\u00e1foros de nuestro cerebro. El neurocient\u00edfico John Maunsell, de la Universidad de Chicago, ha descubierto en experimentos con monos que no solo funciona como un interruptor de la atenci\u00f3n, sino que mejora la visi\u00f3n, afinando su capacidad para distinguir detalles entre un 15 y un 20 por ciento. En t\u00e9rminos pr\u00e1cticos, esto significa pasar de ver una mancha indefinida a identificar un enemigo (o una presa) entre la maleza.<\/p>\n<div class=\"voc-detail__cmp\" style=\"text-align: justify;\">\n<div class=\"voc-summary\">\n<h3 class=\"voc-summary__title\">El punto azul es una de las primeras estructuras que alertan de nuestro deterioro cognitivo, tanto el normal por la edad como el producido por el alzh\u00e9imer<\/h3>\n<\/div>\n<\/div>\n<p class=\"voc-paragraph\" style=\"text-align: justify;\">Investigaciones recientes vinculan el deterioro del punto azul con la fatiga cognitiva de la actualidad, un mal que muchos expertos consideran que est\u00e1 alcanzando proporciones de epidemia. Un estudio publicado en <i>Science<\/i> en enero se\u00f1ala que \u00abla activaci\u00f3n repetida del LC causa una r\u00e1pida reducci\u00f3n de la actividad de calcio y la liberaci\u00f3n de noradrenalina\u00bb (una especie de cafe\u00edna natural). Este fen\u00f3meno se traduce en una desaz\u00f3n que nos mantiene alerta y pendientes de m\u00faltiples est\u00edmulos, pero nos impide seleccionar uno de ellos. Su conexi\u00f3n con el estr\u00e9s es evidente. No es casualidad que tambi\u00e9n regule nuestra respiraci\u00f3n: cuando el LC se dispara, nuestro ritmo respiratorio se altera. Y estos picos de ansiedad nos dejan exhaustos.<\/p>\n<h2 class=\"voc-ladillo-paragraph \" style=\"text-align: justify;\"><strong>Un canario en la mina de nuestro cerebro<\/strong><\/h2>\n<p class=\"voc-paragraph\" style=\"text-align: justify;\">La fatiga cognitiva hace que nuestro cerebro tarde m\u00e1s en reaccionar y que su respuesta sea m\u00e1s d\u00e9bil, lo que se traduce en menor eficacia para percibir, decidir, recordar o concentrarse. Estos cambios afectan a nuestra capacidad para mantener la atenci\u00f3n en tareas que requieren concentraci\u00f3n sostenida. Pensar detenidamente, leer sin interrupciones o mantener la atenci\u00f3n en una sola tarea nos agota en un tiempo r\u00e9cord. Y cada vez sucede a edades m\u00e1s tempranas.<\/p>\n<div class=\"xl-c-cmp xl-c-cmp--ab-sm\" style=\"text-align: justify;\">\n<div class=\"xl-cmp-exp xl-cmp-exp--t4 xl-bg xl-bg--fw-sm\">\n<h3 class=\"xl-cmp-exp__t\">10 estrategias para recuperar el control de tu cerebro&#8230; (y de la vida)<\/h3>\n<article class=\"xl-a xl-a--cmp-exp xl-a--p-t\">\n<div class=\"xl-a-img-c\">\n<figure class=\"xl-a-fig\"><a class=\"xl-a-a\" title=\"\" href=\"https:\/\/www.ideal.es\/xlsemanal\/ciencia\/apagon-cerebro-punto-azul.html#\"> <img data-recalc-dims=\"1\" decoding=\"async\" class=\"xl-a-img \" src=\"https:\/\/i0.wp.com\/www.ideal.es\/xlsemanal\/wp-content\/uploads\/sites\/5\/2025\/05\/Luz-azul-cerebro-10-estrategias-d.jpg?w=640&#038;ssl=1\" alt=\"\" \/> <\/a><figcaption class=\"xl-fc  \"><\/figcaption><\/figure>\n<\/div>\n<div class=\"xl-a-inf-c \">\n<div class=\"xl-cmp-u\"><span class=\"xl-cmp-u__n\"> 1 <\/span><\/p>\n<div class=\"xl-cmp-u__c xl-cmp-u__c--b-l \">\n<h3 class=\"xl-cmp-u__t \">Activa el modo monocroma: \u00a1ahora!<\/h3>\n<\/div>\n<\/div>\n<p class=\"xl-p \">Si solo haces una cosa despu\u00e9s de leer este reportaje, que sea esta. Activa el modo monocromo en tu m\u00f3vil. La luz azul-violeta est\u00e1 literalmente friendo tu cerebro. Estudios han demostrado que poner tu tel\u00e9fono en escala de grises reduce la fatiga visual y es menos adictivo.<\/p>\n<\/div>\n<p>Otras investigaciones revelan que el LC funciona como un canario en la mina para nuestro cerebro. Es una de las primeras estructuras en mostrar se\u00f1ales de deterioro, tanto en el envejecimiento normal como en enfermedades neurodegenerativas como el alzh\u00e9imer. \u00abEl LC es una de las primeras regiones cerebrales en mostrar signos de acumulaci\u00f3n de prote\u00edna tau\u00bb, explica la doctora Heidi Jacobs, de la Universidad de Harvard, que ha demostrado que \u00absu desgaste predice el declive cognitivo a\u00f1os despu\u00e9s\u00bb. Para entenderlo mejor, imagina que tu cerebro es una ciudad y las prote\u00ednas tau son montones de basura celular: estos montones empiezan a acumularse primero en el barrio del LC, como una se\u00f1al de alerta temprana, antes que en otras zonas importantes como el hipocampo (responsable de la memoria) y el l\u00f3bulo frontal (del que dependen el habla y la comprensi\u00f3n del lenguaje).<\/article>\n<\/div>\n<\/div>\n<h3 class=\"voc-ladillo-paragraph \" style=\"text-align: justify;\"><strong>Ciclos de atenci\u00f3n: de 20 a 45 minutos<\/strong><\/h3>\n<p class=\"voc-paragraph\" style=\"text-align: justify;\">La ciencia tambi\u00e9n ha confirmado que nuestra capacidad de poner los cinco sentidos en una tarea funciona en ciclos de 20 a 45 minutos, tras los cuales necesitamos un peque\u00f1o <i>reset<\/i>. Jonathan Morris, neurocient\u00edfico de Stanford, explica que \u00abnuestro cerebro no est\u00e1 dise\u00f1ado para maratones de atenci\u00f3n, sino para ciclos cortos de concentraci\u00f3n intensa seguidos de peque\u00f1os descansos\u00bb. Un estudio publicado en <i>Nature Neuroscience<\/i> en 2024 demostr\u00f3 que el LC tiene diferentes \u00abmodos de funcionamiento\u00bb, como un motor que puede trabajar a diferentes revoluciones.<\/p>\n<div class=\"voc-detail__cmp\" style=\"text-align: justify;\">\n<div class=\"voc-summary\">\n<h3 class=\"voc-summary__title\">Ponerlo en forma requiere un esfuerzo consciente y sostenido. Cuanto antes se adopten h\u00e1bitos protectores, mayor es la capacidad de recuperaci\u00f3n<\/h3>\n<\/div>\n<\/div>\n<p class=\"voc-paragraph\" style=\"text-align: justify;\">La investigadora Mithu Storoni lo explica gr\u00e1ficamente: tu cerebro funciona como un coche con marchas, aunque solo tiene tres marchas. Cuando metes primera, el LC est\u00e1 relajad\u00edsimo, liberando apenas un hilillo de noradrenalina. Tu atenci\u00f3n se dispersa tanto que puedes recordar la lista de la compra mientras ves Netflix. Perfecto para la creatividad, desastroso para terminar tareas. Segunda: la marcha de la productividad. El punto azul libera noradrenalina con moderaci\u00f3n y picos ocasionales. Aqu\u00ed brilla tu capacidad de pensamiento abstracto. Es tu zona dorada de trabajo. Tercera: a tope. El LC bombea noradrenalina como si no hubiera un ma\u00f1ana. Tu cerebro racional se inhibe, mientras que las zonas de supervivencia toman el control.<\/p>\n<div class=\"xl-c-cmp xl-c-cmp--ab-sm\" style=\"text-align: justify;\">\n<div class=\"xl-cmp-exp xl-cmp-exp--t1 xl-bg xl-bg--fw-sm\">\n<article class=\"xl-a xl-a--cmp-exp xl-a--p-t\">\n<div class=\"xl-a-img-c\">\n<figure class=\"xl-a-fig\"><a class=\"xl-a-a\" title=\"\" href=\"https:\/\/www.ideal.es\/xlsemanal\/ciencia\/apagon-cerebro-punto-azul.html#\"><img data-recalc-dims=\"1\" decoding=\"async\" class=\"xl-a-img \" src=\"https:\/\/i0.wp.com\/www.ideal.es\/xlsemanal\/wp-content\/uploads\/sites\/5\/2025\/05\/Luz-azul-cerebro-d-scaled.jpg?w=640&#038;ssl=1\" alt=\"\" \/><\/a><figcaption class=\"xl-fc  \"><\/figcaption><\/figure>\n<\/div>\n<div class=\"xl-a-inf-c \">\n<h3 class=\"xl-a-t \">La maldici\u00f3n de la luz azul<\/h3>\n<p class=\"xl-a-e\">La sobrecarga digital puede afectar negativamente al punto azul. Los dispositivos digitales modernos con pantallas led emiten luz azul-violeta (con longitudes de onda corta, en torno a 450 nan\u00f3metros) a cent\u00edmetros de nuestros ojos. Esta luz impacta en la retina, ya que ni la c\u00f3rnea ni el cristalino la filtran eficazmente. Y las c\u00e9lulas fotosensibles de la retina la rebotan como un repetidor hacia el punto azul o LC. Cuando usamos el smartphone por la noche, el efecto se intensifica, alterando nuestro ritmo circadiano y suprimiendo la producci\u00f3n de melatonina, la hormona que nos amodorra en la oscuridad. Y el LC, que regula tanto la vigilia como el sue\u00f1o, no se apaga del todo mientras dormimos, pero debe reducir su actividad para permitir el sue\u00f1o REM. La exposici\u00f3n a luz azul puede interferir con este proceso, crucial para el descanso, la consolidaci\u00f3n de la memoria y el funcionamiento cognitivo \u00f3ptimo. La medida m\u00e1s urgente que cualquiera deber\u00eda tomar es activar el modo monocromo de su m\u00f3vil, en especial durante la noche. \u00a0<\/p>\n<\/div>\n<\/article>\n<\/div>\n<\/div>\n<p class=\"voc-paragraph\" style=\"text-align: justify;\">Todo esto nos obliga a plantearnos algunas preguntas inquietantes. \u00bfPodemos frenar este deterioro del LC? Los estudios indican que s\u00ed. El cerebro es notablemente pl\u00e1stico y el LC mantiene cierta capacidad de regeneraci\u00f3n incluso en edades avanzadas. Sin embargo, requiere un esfuerzo consciente y sostenido, muy diferente de las &#8216;dietas digitales&#8217; ocasionales. \u00bfEs completamente reversible el da\u00f1o? La respuesta a esta cuesti\u00f3n es m\u00e1s matizada. \u00abLa reversibilidad depende del grado y la duraci\u00f3n del deterioro\u00bb, explica Heikki Tanila, de la Universidad de Helsinki. Pero su conclusi\u00f3n es clara: \u00abCuanto antes se adopten h\u00e1bitos protectores, mayor ser\u00e1 la capacidad de recuperaci\u00f3n\u00bb.<\/p>\n<p class=\"voc-paragraph\" style=\"text-align: justify;\">\u00bfLa inteligencia artificial (que piensa por nosotros) va a empeorar las cosas? Est\u00e1 por ver, pero deber\u00eda preocuparnos, sobre todo en j\u00f3venes. La neurobi\u00f3loga Mara Dierssen advierte que, \u00abcuando dejamos en manos de la IA el procesamiento de la informaci\u00f3n, perdemos la oportunidad de fortalecer la memoria\u00bb, y a\u00f1ade que \u00abreducir el esfuerzo neurol\u00f3gico disminuye nuestra capacidad para pensar cr\u00edticamente\u00bb. Un c\u00edrculo vicioso.<\/p>\n<p class=\"voc-paragraph\" style=\"text-align: justify;\">Por \u00faltimo, hay que considerar la complicada relaci\u00f3n entre el uso de tecnolog\u00eda digital y el aumento en los diagn\u00f3sticos de trastornos de d\u00e9ficit de atenci\u00f3n e hiperactividad (TDAH). \u00abSi bien no hay evidencia concluyente de que la tecnolog\u00eda cause TDAH, que es mayoritariamente de origen gen\u00e9tico y se manifiesta por primera vez en la infancia, s\u00ed existen datos que indican que la sobreestimulaci\u00f3n digital puede exacerbar s\u00edntomas atencionales\u00bb, explica Russell Barkley, experto mundial en este trastorno.<\/p>\n<p class=\"voc-paragraph\" style=\"text-align: justify;\">Quiz\u00e1 la batalla por mantener una atenci\u00f3n sin fisuras en la era digital ya est\u00e9 perdida. Y el nuevo superpoder no sea evitar toda distracci\u00f3n, sino cultivar la agilidad necesaria para cambiar conscientemente nuestro foco: elegir en qu\u00e9 invertir nuestra atenci\u00f3n, cu\u00e1ndo desconectar y c\u00f3mo movernos entre estados mentales seg\u00fan nuestras necesidades y no bajo la dictadura de las notificaciones. Como observ\u00f3 William James, uno de los padres de la psicolog\u00eda moderna: \u00abLa capacidad de traer voluntariamente de vuelta una atenci\u00f3n errante, una y otra vez, es la ra\u00edz misma del juicio, el car\u00e1cter y la voluntad. Nadie es due\u00f1o de s\u00ed mismo si no la posee\u00bb.<\/p>\n<div class=\"xl-mdl-ath__c xl-mdl-ath__c--1\">\n<h3 class=\"xl-mdl-ath__p xl-mdl-ath__p--2\" style=\"text-align: justify;\"><a class=\"xl-mdl-ath__a 1\">Carlos Manuel S\u00e1nchez | <\/a><\/h3>\n<p class=\"xl-mdl-ath__p xl-mdl-ath__p--2\"><a class=\"xl-mdl-ath__a 1\">FOTO: Im\u00e1genes: Mekakushi <\/a><\/p>\n<p>https:\/\/www.ideal.es\/xlsemanal\/ciencia\/apagon-cerebro-punto-azul.html<\/p>\n<\/div>\n<div class=\"xl-mdl-ath__c xl-mdl-ath__c--2\">\n<div class=\"xl-mdl-ath__inf\">\u00a0<\/div>\n<p class=\"xl-mdl-ath__p xl-mdl-ath__p--7\">\u00a0<\/p>\n<\/div>\n<\/div>\n<\/div>\n<\/div>\n<\/div>\n<\/div>\n","protected":false},"excerpt":{"rendered":"<p>En el cerebro hay una pieza diminuta y crucial de color azul: nuestro interruptor de&#8230;<\/p>\n","protected":false},"author":1,"featured_media":81575,"comment_status":"closed","ping_status":"closed","sticky":false,"template":"","format":"standard","meta":{"_coblocks_attr":"","_coblocks_dimensions":"","_coblocks_responsive_height":"","_coblocks_accordion_ie_support":"","jetpack_post_was_ever_published":false,"_jetpack_newsletter_access":"","_jetpack_dont_email_post_to_subs":false,"_jetpack_newsletter_tier_id":0,"_jetpack_memberships_contains_paywalled_content":false,"_jetpack_memberships_contains_paid_content":false,"footnotes":"","jetpack_publicize_message":"","jetpack_publicize_feature_enabled":true,"jetpack_social_post_already_shared":true,"jetpack_social_options":{"image_generator_settings":{"template":"highway","default_image_id":0,"enabled":false},"version":2}},"categories":[10797,1161,44,6937],"tags":[],"class_list":["post-81574","post","type-post","status-publish","format-standard","has-post-thumbnail","hentry","category-ciencia","category-ciudadania","category-noticias-de-hoy","category-sociedad"],"jetpack_publicize_connections":[],"jetpack_featured_media_url":"https:\/\/i0.wp.com\/miradordeatarfe.es\/wp-content\/uploads\/2026\/01\/Luz-azul-cerebro-m-scaled-2.jpg?fit=1862%2C2146&ssl=1","jetpack_likes_enabled":true,"jetpack_sharing_enabled":true,"_links":{"self":[{"href":"https:\/\/miradordeatarfe.es\/index.php?rest_route=\/wp\/v2\/posts\/81574","targetHints":{"allow":["GET"]}}],"collection":[{"href":"https:\/\/miradordeatarfe.es\/index.php?rest_route=\/wp\/v2\/posts"}],"about":[{"href":"https:\/\/miradordeatarfe.es\/index.php?rest_route=\/wp\/v2\/types\/post"}],"author":[{"embeddable":true,"href":"https:\/\/miradordeatarfe.es\/index.php?rest_route=\/wp\/v2\/users\/1"}],"replies":[{"embeddable":true,"href":"https:\/\/miradordeatarfe.es\/index.php?rest_route=%2Fwp%2Fv2%2Fcomments&post=81574"}],"version-history":[{"count":1,"href":"https:\/\/miradordeatarfe.es\/index.php?rest_route=\/wp\/v2\/posts\/81574\/revisions"}],"predecessor-version":[{"id":81576,"href":"https:\/\/miradordeatarfe.es\/index.php?rest_route=\/wp\/v2\/posts\/81574\/revisions\/81576"}],"wp:featuredmedia":[{"embeddable":true,"href":"https:\/\/miradordeatarfe.es\/index.php?rest_route=\/wp\/v2\/media\/81575"}],"wp:attachment":[{"href":"https:\/\/miradordeatarfe.es\/index.php?rest_route=%2Fwp%2Fv2%2Fmedia&parent=81574"}],"wp:term":[{"taxonomy":"category","embeddable":true,"href":"https:\/\/miradordeatarfe.es\/index.php?rest_route=%2Fwp%2Fv2%2Fcategories&post=81574"},{"taxonomy":"post_tag","embeddable":true,"href":"https:\/\/miradordeatarfe.es\/index.php?rest_route=%2Fwp%2Fv2%2Ftags&post=81574"}],"curies":[{"name":"wp","href":"https:\/\/api.w.org\/{rel}","templated":true}]}}