{"id":81587,"date":"2026-01-28T08:50:31","date_gmt":"2026-01-28T07:50:31","guid":{"rendered":"https:\/\/miradordeatarfe.es\/?p=81587"},"modified":"2026-01-23T20:08:33","modified_gmt":"2026-01-23T19:08:33","slug":"un-estudio-de-30-anos-advierte-los-horarios-de-las-comidas-podrian-influir-en-la-longevidad","status":"publish","type":"post","link":"https:\/\/miradordeatarfe.es\/?p=81587","title":{"rendered":"Un estudio de 30 a\u00f1os advierte: los horarios de las comidas podr\u00edan influir en la longevidad"},"content":{"rendered":"<h3 style=\"text-align: justify;\">Un seguimiento de casi 3.000 adultos mayores durante m\u00e1s de 30 a\u00f1os revela que retrasar el desayuno y la cena no solo refleja problemas de salud, sino que tambi\u00e9n se asocia con mayor mortalidad.<\/h3>\n<p data-mrf-recirculation=\"Links p\u00e1rrafo\">La edad no solo marca el paso del tiempo en el cuerpo, tambi\u00e9n reorganiza las rutinas m\u00e1s b\u00e1sicas. Entre ellas, las comidas. Un estudio longitudinal realizado en el Reino Unido muestra que, con los a\u00f1os, las personas tienden a desayunar y cenar m\u00e1s tarde, acortando la ventana diaria de alimentaci\u00f3n. Ese simple detalle, que podr\u00eda parecer trivial, resulta tener profundas conexiones con la salud f\u00edsica, la <a href=\"https:\/\/muyinteresante.okdiario.com\/ciencia\/autismo-evolucion-neuronal-humana.html\" target=\"_blank\" rel=\"noreferrer noopener\" data-mrf-link=\"https:\/\/muyinteresante.okdiario.com\/ciencia\/autismo-evolucion-neuronal-humana.html\">gen\u00e9tica<\/a> y la supervivencia.<\/p>\n<p data-mrf-recirculation=\"Links p\u00e1rrafo\">Los investigadores siguieron a <strong>2.945 adultos mayores durante m\u00e1s de tres d\u00e9cadas<\/strong>, analizando c\u00f3mo cambiaban sus horarios de comida a lo largo de la vida. Lo hicieron gracias al <em>Estudio Longitudinal de la Universidad de Manchester sobre Cognici\u00f3n en el Envejecimiento Normal y Saludable<\/em> \u2014que recopil\u00f3 datos desde 1983 hasta 2017.<\/p>\n<p data-mrf-recirculation=\"Links p\u00e1rrafo\">Los participantes, de entre 42 y 94 a\u00f1os al inicio, informaban regularmente a qu\u00e9 hora desayunaban, com\u00edan y cenaban, adem\u00e1s de contestar encuestas sobre salud, sue\u00f1o y h\u00e1bitos de vida. <strong>El resultado fue un mapa detallado de c\u00f3mo la vejez mueve las agujas del reloj de la alimentaci\u00f3n.<\/strong><\/p>\n<p data-mrf-recirculation=\"Links p\u00e1rrafo\">Con el tiempo, el desayuno y la cena se retrasaban, el punto medio de la ingesta se desplazaba a m\u00e1s tarde y la ventana total de alimentaci\u00f3n se acortaba. Curiosamente, el almuerzo se manten\u00eda estable, quiz\u00e1 por su fuerte arraigo cultural como comida central del d\u00eda.<\/p>\n<figure class=\"wp-block-image alignwide size-large\">\n<div id=\"ad-unit-image-wrapper-1-undefined-b6b00701-dde4-4784-93ad-263533bda716\"><img data-recalc-dims=\"1\" loading=\"lazy\" decoding=\"async\" class=\"wp-image-609082\" src=\"https:\/\/i0.wp.com\/muyinteresante.okdiario.com\/wp-content\/uploads\/sites\/5\/2025\/09\/Un-estudio-de-30-anos-advierte-los-horarios-de-las-comidas-podrian-influir-en-la-longevidad-2.jpg?resize=640%2C426&#038;ssl=1\" sizes=\"auto, (max-width: 1024px) 100vw, 1024px\" srcset=\"https:\/\/muyinteresante.okdiario.com\/wp-content\/uploads\/sites\/5\/2025\/09\/Un-estudio-de-30-anos-advierte-los-horarios-de-las-comidas-podrian-influir-en-la-longevidad-2.jpg 1280w, https:\/\/muyinteresante.okdiario.com\/wp-content\/uploads\/sites\/5\/2025\/09\/Un-estudio-de-30-anos-advierte-los-horarios-de-las-comidas-podrian-influir-en-la-longevidad-2.jpg?resize=300,200 300w, https:\/\/muyinteresante.okdiario.com\/wp-content\/uploads\/sites\/5\/2025\/09\/Un-estudio-de-30-anos-advierte-los-horarios-de-las-comidas-podrian-influir-en-la-longevidad-2.jpg?resize=768,512 768w, https:\/\/muyinteresante.okdiario.com\/wp-content\/uploads\/sites\/5\/2025\/09\/Un-estudio-de-30-anos-advierte-los-horarios-de-las-comidas-podrian-influir-en-la-longevidad-2.jpg?resize=1024,682 1024w, https:\/\/muyinteresante.okdiario.com\/wp-content\/uploads\/sites\/5\/2025\/09\/Un-estudio-de-30-anos-advierte-los-horarios-de-las-comidas-podrian-influir-en-la-longevidad-2.jpg?resize=245,163 245w, https:\/\/muyinteresante.okdiario.com\/wp-content\/uploads\/sites\/5\/2025\/09\/Un-estudio-de-30-anos-advierte-los-horarios-de-las-comidas-podrian-influir-en-la-longevidad-2.jpg?resize=120,80 120w, https:\/\/muyinteresante.okdiario.com\/wp-content\/uploads\/sites\/5\/2025\/09\/Un-estudio-de-30-anos-advierte-los-horarios-de-las-comidas-podrian-influir-en-la-longevidad-2.jpg?resize=353,235 353w, https:\/\/muyinteresante.okdiario.com\/wp-content\/uploads\/sites\/5\/2025\/09\/Un-estudio-de-30-anos-advierte-los-horarios-de-las-comidas-podrian-influir-en-la-longevidad-2.jpg?resize=180,120 180w, https:\/\/muyinteresante.okdiario.com\/wp-content\/uploads\/sites\/5\/2025\/09\/Un-estudio-de-30-anos-advierte-los-horarios-de-las-comidas-podrian-influir-en-la-longevidad-2.jpg?resize=747,498 747w, https:\/\/muyinteresante.okdiario.com\/wp-content\/uploads\/sites\/5\/2025\/09\/Un-estudio-de-30-anos-advierte-los-horarios-de-las-comidas-podrian-influir-en-la-longevidad-2.jpg?resize=550,367 550w, https:\/\/muyinteresante.okdiario.com\/wp-content\/uploads\/sites\/5\/2025\/09\/Un-estudio-de-30-anos-advierte-los-horarios-de-las-comidas-podrian-influir-en-la-longevidad-2.jpg?resize=255,170 255w, https:\/\/muyinteresante.okdiario.com\/wp-content\/uploads\/sites\/5\/2025\/09\/Un-estudio-de-30-anos-advierte-los-horarios-de-las-comidas-podrian-influir-en-la-longevidad-2.jpg?resize=1140,760 1140w\" alt=\"desayuno\" width=\"640\" height=\"426\" \/><\/div><figcaption class=\"wp-element-caption\"><em>Retrasar el desayuno se asocia con depresi\u00f3n, fatiga, problemas de salud bucal y multimorbilidad. Fuente: Pixabay.<\/em><\/figcaption><\/figure>\n<h2 class=\"wp-block-heading\">Cuando la enfermedad retrasa la primera comida<\/h2>\n<p data-mrf-recirculation=\"Links p\u00e1rrafo\">El estudio no solo midi\u00f3 relojes, tambi\u00e9n cruz\u00f3 datos con la salud de los participantes. Y el patr\u00f3n fue claro:\u00a0<strong>quienes ten\u00edan m\u00e1s problemas f\u00edsicos o psicol\u00f3gicos sol\u00edan desayunar m\u00e1s tarde.<\/strong><\/p>\n<p data-mrf-recirculation=\"Links p\u00e1rrafo\">La <a href=\"https:\/\/muyinteresante.okdiario.com\/salud\/fatiga-cronica-prueba-sangre-diagnostico.html\" target=\"_blank\" rel=\"noreferrer noopener\" data-mrf-link=\"https:\/\/muyinteresante.okdiario.com\/salud\/fatiga-cronica-prueba-sangre-diagnostico.html\">fatiga<\/a>, los problemas de salud bucal, la depresi\u00f3n y la ansiedad fueron los factores que m\u00e1s se asociaron con este retraso. Adem\u00e1s, la presencia de varias enfermedades a la vez \u2014lo que se llama <strong>multimorbilidad<\/strong>\u2014 aumentaba a\u00fan m\u00e1s la probabilidad de aplazar la primera comida del d\u00eda.<\/p>\n<p data-mrf-recirculation=\"Links p\u00e1rrafo\">Esto sugiere que el horario de las comidas puede funcionar como un marcador indirecto del estado de salud. Un simple \u201c\u00bfa qu\u00e9 hora desayuna usted?\u201d podr\u00eda ofrecer <strong>pistas valiosas sobre el bienestar <\/strong>de una persona mayor.<\/p>\n<h2 class=\"wp-block-heading\">La gen\u00e9tica tambi\u00e9n pesa<\/h2>\n<p data-mrf-recirculation=\"Links p\u00e1rrafo\">Adem\u00e1s de la salud, la biolog\u00eda aporta su influencia. En un subgrupo de m\u00e1s de mil participantes se analizaron perfiles gen\u00e9ticos relacionados con el cronotipo \u2014ser m\u00e1s \u201cdiurno\u201d o m\u00e1s \u201cnocturno\u201d\u2014 y con la obesidad.\u00a0<strong>Los genes asociados a un cronotipo vespertino se vincularon de forma consistente con comer m\u00e1s tarde.<\/strong><\/p>\n<p data-mrf-recirculation=\"Links p\u00e1rrafo\">Las personas con esta <strong>predisposici\u00f3n gen\u00e9tica <\/strong>desayunaban, com\u00edan y cenaban algunos minutos despu\u00e9s que el resto, y adem\u00e1s ten\u00edan una ventana diaria de alimentaci\u00f3n m\u00e1s corta.<\/p>\n<p data-mrf-recirculation=\"Links p\u00e1rrafo\">En cambio, los genes relacionados con la obesidad no mostraron una asociaci\u00f3n clara con la hora de las comidas, aunque s\u00ed con el tiempo total disponible para comer.<\/p>\n<p data-mrf-recirculation=\"Links p\u00e1rrafo\">Estos hallazgos refuerzan la idea de que la inclinaci\u00f3n a ser m\u00e1s madrugador o trasnochador no solo afecta al sue\u00f1o, sino tambi\u00e9n a los <a href=\"https:\/\/muyinteresante.okdiario.com\/salud\/crononutricion-horarios-comer-digestion.html\" target=\"_blank\" rel=\"noreferrer noopener\" data-mrf-link=\"https:\/\/muyinteresante.okdiario.com\/salud\/crononutricion-horarios-comer-digestion.html\">ritmos de la alimentaci\u00f3n<\/a>.<\/p>\n<figure class=\"wp-block-image alignwide size-large\">\n<div id=\"ad-unit-image-wrapper-2-undefined-b6b00701-dde4-4784-93ad-263533bda716\"><img data-recalc-dims=\"1\" loading=\"lazy\" decoding=\"async\" class=\"wp-image-609084\" src=\"https:\/\/i0.wp.com\/muyinteresante.okdiario.com\/wp-content\/uploads\/sites\/5\/2025\/09\/Un-estudio-de-30-anos-advierte-los-horarios-de-las-comidas-podrian-influir-en-la-longevidad-4.jpg?resize=640%2C360&#038;ssl=1\" sizes=\"auto, (max-width: 1024px) 100vw, 1024px\" srcset=\"https:\/\/muyinteresante.okdiario.com\/wp-content\/uploads\/sites\/5\/2025\/09\/Un-estudio-de-30-anos-advierte-los-horarios-de-las-comidas-podrian-influir-en-la-longevidad-4.jpg 1280w, https:\/\/muyinteresante.okdiario.com\/wp-content\/uploads\/sites\/5\/2025\/09\/Un-estudio-de-30-anos-advierte-los-horarios-de-las-comidas-podrian-influir-en-la-longevidad-4.jpg?resize=300,169 300w, https:\/\/muyinteresante.okdiario.com\/wp-content\/uploads\/sites\/5\/2025\/09\/Un-estudio-de-30-anos-advierte-los-horarios-de-las-comidas-podrian-influir-en-la-longevidad-4.jpg?resize=768,432 768w, https:\/\/muyinteresante.okdiario.com\/wp-content\/uploads\/sites\/5\/2025\/09\/Un-estudio-de-30-anos-advierte-los-horarios-de-las-comidas-podrian-influir-en-la-longevidad-4.jpg?resize=1024,576 1024w, https:\/\/muyinteresante.okdiario.com\/wp-content\/uploads\/sites\/5\/2025\/09\/Un-estudio-de-30-anos-advierte-los-horarios-de-las-comidas-podrian-influir-en-la-longevidad-4.jpg?resize=290,163 290w, https:\/\/muyinteresante.okdiario.com\/wp-content\/uploads\/sites\/5\/2025\/09\/Un-estudio-de-30-anos-advierte-los-horarios-de-las-comidas-podrian-influir-en-la-longevidad-4.jpg?resize=635,357 635w, https:\/\/muyinteresante.okdiario.com\/wp-content\/uploads\/sites\/5\/2025\/09\/Un-estudio-de-30-anos-advierte-los-horarios-de-las-comidas-podrian-influir-en-la-longevidad-4.jpg?resize=195,109 195w, https:\/\/muyinteresante.okdiario.com\/wp-content\/uploads\/sites\/5\/2025\/09\/Un-estudio-de-30-anos-advierte-los-horarios-de-las-comidas-podrian-influir-en-la-longevidad-4.jpg?resize=120,67 120w, https:\/\/muyinteresante.okdiario.com\/wp-content\/uploads\/sites\/5\/2025\/09\/Un-estudio-de-30-anos-advierte-los-horarios-de-las-comidas-podrian-influir-en-la-longevidad-4.jpg?resize=353,198 353w, https:\/\/muyinteresante.okdiario.com\/wp-content\/uploads\/sites\/5\/2025\/09\/Un-estudio-de-30-anos-advierte-los-horarios-de-las-comidas-podrian-influir-en-la-longevidad-4.jpg?resize=180,101 180w, https:\/\/muyinteresante.okdiario.com\/wp-content\/uploads\/sites\/5\/2025\/09\/Un-estudio-de-30-anos-advierte-los-horarios-de-las-comidas-podrian-influir-en-la-longevidad-4.jpg?resize=747,420 747w, https:\/\/muyinteresante.okdiario.com\/wp-content\/uploads\/sites\/5\/2025\/09\/Un-estudio-de-30-anos-advierte-los-horarios-de-las-comidas-podrian-influir-en-la-longevidad-4.jpg?resize=550,309 550w, https:\/\/muyinteresante.okdiario.com\/wp-content\/uploads\/sites\/5\/2025\/09\/Un-estudio-de-30-anos-advierte-los-horarios-de-las-comidas-podrian-influir-en-la-longevidad-4.jpg?resize=255,143 255w, https:\/\/muyinteresante.okdiario.com\/wp-content\/uploads\/sites\/5\/2025\/09\/Un-estudio-de-30-anos-advierte-los-horarios-de-las-comidas-podrian-influir-en-la-longevidad-4.jpg?resize=1140,641 1140w\" alt=\"Comidas\" width=\"640\" height=\"360\" \/><\/p>\n<div id=\"videootv-overlay-inimage-2-5d9a10f7-b204-473d-ba4e-e6e78823fd7b-b6b00701-dde4-4784-93ad-263533bda716\" class=\"videootv-overlay-inimage\">\u00a0<\/div>\n<\/div><figcaption class=\"wp-element-caption\"><em>Los horarios de comida pueden ser un marcador simple y \u00fatil del estado de salud en la vejez. Fuente: Pixabay.<\/em><\/figcaption><\/figure>\n<h2 class=\"wp-block-heading\">Comer temprano o comer tarde: dos caminos<\/h2>\n<p data-mrf-recirculation=\"Links p\u00e1rrafo\">Al analizar las trayectorias de horarios, los investigadores identificaron dos grandes grupos:\u00a0<strong>los que comen temprano y los que comen tarde<\/strong>.\u00a0Los primeros manten\u00edan un patr\u00f3n de comidas adelantado, mientras que los segundos retrasaban progresivamente sus horarios a medida que <a href=\"https:\/\/muyinteresante.okdiario.com\/ciencia\/edad-biologica-organos-cerebro-juventud-longevidad-stanford.html\" target=\"_blank\" rel=\"noreferrer noopener\" data-mrf-link=\"https:\/\/muyinteresante.okdiario.com\/ciencia\/edad-biologica-organos-cerebro-juventud-longevidad-stanford.html\">envejec\u00edan<\/a>.<\/p>\n<p data-mrf-recirculation=\"Links p\u00e1rrafo\">Las diferencias no fueron meramente estad\u00edsticas. Diez a\u00f1os despu\u00e9s del inicio del seguimiento, la supervivencia era del 89,5 % en el grupo temprano frente al 86,7 % en el grupo tard\u00edo. Esa brecha, aunque modesta, apunta a un <strong>v\u00ednculo entre el horario de las comidas y la longevidad.<\/strong><\/p>\n<p data-mrf-recirculation=\"Links p\u00e1rrafo\">El factor m\u00e1s determinante fue el desayuno. Cuanto m\u00e1s tarde se tomaba, mayor era el riesgo de mortalidad en los a\u00f1os siguientes, incluso ajustando por otros factores como el estilo de vida, el sue\u00f1o o el estado socioecon\u00f3mico.<\/p>\n<div class=\"wp-block-post post-601508 post type-post status-publish format-standard has-post-thumbnail hentry category-ciencia tag-cerebro tag-matematicas tag-siesta tag-sueno tag-sueno-de-calidad tag-trastornos-del-sueno wp-block-zinet-platform-post-picker\">\n<aside class=\"post-card post-card--has-variant-lg-horizontal has-aspect-ratio-16-9 has-link wp-block-zinet-platform-card has-background has-neutrals-200-background-color\" data-mrf-recirculation=\"Noticia relacionada\">\n<div class=\"post-card__media-wrapper\">\n<figure class=\"image post-card__media size-card-lg-horizontal-landscape\"><img data-recalc-dims=\"1\" loading=\"lazy\" decoding=\"async\" class=\"wp-image-601517 alignleft\" src=\"https:\/\/i0.wp.com\/muyinteresante.okdiario.com\/wp-content\/uploads\/sites\/5\/2025\/07\/Un-modelo-matematico-explica-por-que-cambiamos-nuestros-horarios-de-sueno-con-la-edad-1.jpg?resize=255%2C143&#038;ssl=1\" sizes=\"auto, (max-width: 255px) 100vw, 255px\" srcset=\"https:\/\/muyinteresante.okdiario.com\/wp-content\/uploads\/sites\/5\/2025\/07\/Un-modelo-matematico-explica-por-que-cambiamos-nuestros-horarios-de-sueno-con-la-edad-1.jpg 1920w, https:\/\/muyinteresante.okdiario.com\/wp-content\/uploads\/sites\/5\/2025\/07\/Un-modelo-matematico-explica-por-que-cambiamos-nuestros-horarios-de-sueno-con-la-edad-1.jpg?resize=300,169 300w, https:\/\/muyinteresante.okdiario.com\/wp-content\/uploads\/sites\/5\/2025\/07\/Un-modelo-matematico-explica-por-que-cambiamos-nuestros-horarios-de-sueno-con-la-edad-1.jpg?resize=768,432 768w, https:\/\/muyinteresante.okdiario.com\/wp-content\/uploads\/sites\/5\/2025\/07\/Un-modelo-matematico-explica-por-que-cambiamos-nuestros-horarios-de-sueno-con-la-edad-1.jpg?resize=1024,576 1024w, https:\/\/muyinteresante.okdiario.com\/wp-content\/uploads\/sites\/5\/2025\/07\/Un-modelo-matematico-explica-por-que-cambiamos-nuestros-horarios-de-sueno-con-la-edad-1.jpg?resize=1536,864 1536w, https:\/\/muyinteresante.okdiario.com\/wp-content\/uploads\/sites\/5\/2025\/07\/Un-modelo-matematico-explica-por-que-cambiamos-nuestros-horarios-de-sueno-con-la-edad-1.jpg?resize=290,163 290w, https:\/\/muyinteresante.okdiario.com\/wp-content\/uploads\/sites\/5\/2025\/07\/Un-modelo-matematico-explica-por-que-cambiamos-nuestros-horarios-de-sueno-con-la-edad-1.jpg?resize=635,357 635w, https:\/\/muyinteresante.okdiario.com\/wp-content\/uploads\/sites\/5\/2025\/07\/Un-modelo-matematico-explica-por-que-cambiamos-nuestros-horarios-de-sueno-con-la-edad-1.jpg?resize=195,109 195w, https:\/\/muyinteresante.okdiario.com\/wp-content\/uploads\/sites\/5\/2025\/07\/Un-modelo-matematico-explica-por-que-cambiamos-nuestros-horarios-de-sueno-con-la-edad-1.jpg?resize=120,67 120w, https:\/\/muyinteresante.okdiario.com\/wp-content\/uploads\/sites\/5\/2025\/07\/Un-modelo-matematico-explica-por-que-cambiamos-nuestros-horarios-de-sueno-con-la-edad-1.jpg?resize=353,198 353w, https:\/\/muyinteresante.okdiario.com\/wp-content\/uploads\/sites\/5\/2025\/07\/Un-modelo-matematico-explica-por-que-cambiamos-nuestros-horarios-de-sueno-con-la-edad-1.jpg?resize=180,101 180w, https:\/\/muyinteresante.okdiario.com\/wp-content\/uploads\/sites\/5\/2025\/07\/Un-modelo-matematico-explica-por-que-cambiamos-nuestros-horarios-de-sueno-con-la-edad-1.jpg?resize=747,420 747w, https:\/\/muyinteresante.okdiario.com\/wp-content\/uploads\/sites\/5\/2025\/07\/Un-modelo-matematico-explica-por-que-cambiamos-nuestros-horarios-de-sueno-con-la-edad-1.jpg?resize=550,309 550w, https:\/\/muyinteresante.okdiario.com\/wp-content\/uploads\/sites\/5\/2025\/07\/Un-modelo-matematico-explica-por-que-cambiamos-nuestros-horarios-de-sueno-con-la-edad-1.jpg?resize=255,143 255w, https:\/\/muyinteresante.okdiario.com\/wp-content\/uploads\/sites\/5\/2025\/07\/Un-modelo-matematico-explica-por-que-cambiamos-nuestros-horarios-de-sueno-con-la-edad-1.jpg?resize=1140,641 1140w, https:\/\/muyinteresante.okdiario.com\/wp-content\/uploads\/sites\/5\/2025\/07\/Un-modelo-matematico-explica-por-que-cambiamos-nuestros-horarios-de-sueno-con-la-edad-1.jpg?resize=1370,770 1370w\" alt=\"Un modelo matem\u00e1tico explica por qu\u00e9 cambiamos nuestros horarios de sue\u00f1o con la edad 1\" width=\"255\" height=\"143\" \/><\/figure>\n<\/div>\n<\/aside>\n<\/div>\n<h2 class=\"wp-block-heading\">\u00bfPor qu\u00e9 el desayuno importa tanto?<\/h2>\n<p data-mrf-recirculation=\"Links p\u00e1rrafo\">Los cient\u00edficos se\u00f1alan varias posibles explicaciones.\u00a0<strong>El desayuno tard\u00edo puede reflejar p\u00e9rdida de apetito, depresi\u00f3n, fatiga o dificultades para preparar alimentos, todos ellos problemas frecuentes en la vejez.<\/strong>\u00a0<\/p>\n<p data-mrf-recirculation=\"Links p\u00e1rrafo\">Tambi\u00e9n podr\u00eda estar relacionado con un desajuste entre los ritmos internos del cuerpo y los externos, lo que se conoce como <strong>desincronizaci\u00f3n circadiana<\/strong>.<\/p>\n<p data-mrf-recirculation=\"Links p\u00e1rrafo\">Adem\u00e1s, retrasar la primera comida del d\u00eda podr\u00eda acortar la ventana de ingesta y reducir la calidad de la dieta, afectando a la <strong>energ\u00eda y al metabolismo<\/strong>. Aunque los efectos observados fueron moderados, sumados durante d\u00e9cadas pueden influir en la salud y en la supervivencia.<\/p>\n<p data-mrf-recirculation=\"Links p\u00e1rrafo\">El hallazgo no significa que desayunar tarde cause directamente la muerte, sino que <strong>puede ser un indicador de cambios m\u00e1s profundos en la salud<\/strong> y el envejecimiento.<\/p>\n<figure class=\"wp-block-image alignwide size-large\">\n<div id=\"ad-unit-image-wrapper-3-undefined-b6b00701-dde4-4784-93ad-263533bda716\"><img data-recalc-dims=\"1\" loading=\"lazy\" decoding=\"async\" class=\"wp-image-609083\" src=\"https:\/\/i0.wp.com\/muyinteresante.okdiario.com\/wp-content\/uploads\/sites\/5\/2025\/09\/Un-estudio-de-30-anos-advierte-los-horarios-de-las-comidas-podrian-influir-en-la-longevidad-3.jpg?resize=640%2C360&#038;ssl=1\" sizes=\"auto, (max-width: 1024px) 100vw, 1024px\" srcset=\"https:\/\/muyinteresante.okdiario.com\/wp-content\/uploads\/sites\/5\/2025\/09\/Un-estudio-de-30-anos-advierte-los-horarios-de-las-comidas-podrian-influir-en-la-longevidad-3.jpg 1280w, https:\/\/muyinteresante.okdiario.com\/wp-content\/uploads\/sites\/5\/2025\/09\/Un-estudio-de-30-anos-advierte-los-horarios-de-las-comidas-podrian-influir-en-la-longevidad-3.jpg?resize=300,169 300w, https:\/\/muyinteresante.okdiario.com\/wp-content\/uploads\/sites\/5\/2025\/09\/Un-estudio-de-30-anos-advierte-los-horarios-de-las-comidas-podrian-influir-en-la-longevidad-3.jpg?resize=768,432 768w, https:\/\/muyinteresante.okdiario.com\/wp-content\/uploads\/sites\/5\/2025\/09\/Un-estudio-de-30-anos-advierte-los-horarios-de-las-comidas-podrian-influir-en-la-longevidad-3.jpg?resize=1024,576 1024w, https:\/\/muyinteresante.okdiario.com\/wp-content\/uploads\/sites\/5\/2025\/09\/Un-estudio-de-30-anos-advierte-los-horarios-de-las-comidas-podrian-influir-en-la-longevidad-3.jpg?resize=290,163 290w, https:\/\/muyinteresante.okdiario.com\/wp-content\/uploads\/sites\/5\/2025\/09\/Un-estudio-de-30-anos-advierte-los-horarios-de-las-comidas-podrian-influir-en-la-longevidad-3.jpg?resize=635,357 635w, https:\/\/muyinteresante.okdiario.com\/wp-content\/uploads\/sites\/5\/2025\/09\/Un-estudio-de-30-anos-advierte-los-horarios-de-las-comidas-podrian-influir-en-la-longevidad-3.jpg?resize=195,109 195w, https:\/\/muyinteresante.okdiario.com\/wp-content\/uploads\/sites\/5\/2025\/09\/Un-estudio-de-30-anos-advierte-los-horarios-de-las-comidas-podrian-influir-en-la-longevidad-3.jpg?resize=120,67 120w, https:\/\/muyinteresante.okdiario.com\/wp-content\/uploads\/sites\/5\/2025\/09\/Un-estudio-de-30-anos-advierte-los-horarios-de-las-comidas-podrian-influir-en-la-longevidad-3.jpg?resize=353,198 353w, https:\/\/muyinteresante.okdiario.com\/wp-content\/uploads\/sites\/5\/2025\/09\/Un-estudio-de-30-anos-advierte-los-horarios-de-las-comidas-podrian-influir-en-la-longevidad-3.jpg?resize=180,101 180w, https:\/\/muyinteresante.okdiario.com\/wp-content\/uploads\/sites\/5\/2025\/09\/Un-estudio-de-30-anos-advierte-los-horarios-de-las-comidas-podrian-influir-en-la-longevidad-3.jpg?resize=747,420 747w, https:\/\/muyinteresante.okdiario.com\/wp-content\/uploads\/sites\/5\/2025\/09\/Un-estudio-de-30-anos-advierte-los-horarios-de-las-comidas-podrian-influir-en-la-longevidad-3.jpg?resize=550,309 550w, https:\/\/muyinteresante.okdiario.com\/wp-content\/uploads\/sites\/5\/2025\/09\/Un-estudio-de-30-anos-advierte-los-horarios-de-las-comidas-podrian-influir-en-la-longevidad-3.jpg?resize=255,143 255w, https:\/\/muyinteresante.okdiario.com\/wp-content\/uploads\/sites\/5\/2025\/09\/Un-estudio-de-30-anos-advierte-los-horarios-de-las-comidas-podrian-influir-en-la-longevidad-3.jpg?resize=1140,641 1140w\" alt=\"comidas\" width=\"640\" height=\"360\" \/><\/div><figcaption class=\"wp-element-caption\">Los genes que predisponen a un cronotipo nocturno tambi\u00e9n influyen en comer m\u00e1s tarde. Fuente: Pixabay.<\/figcaption><\/figure>\n<h2 class=\"wp-block-heading\">Lecciones para un envejecimiento saludable<\/h2>\n<p data-mrf-recirculation=\"Links p\u00e1rrafo\">El estudio, publicado en\u00a0<em>Communications Medicine<\/em>, abre la puerta a considerar los horarios de comida como una herramienta sencilla de evaluaci\u00f3n en geriatr\u00eda.\u00a0<strong>Vigilar la hora del desayuno podr\u00eda ser tan importante como controlar el peso o la tensi\u00f3n arterial.<\/strong><\/p>\n<p data-mrf-recirculation=\"Links p\u00e1rrafo\">Promover rutinas de alimentaci\u00f3n alineadas con los ritmos biol\u00f3gicos podr\u00eda ayudar a mantener la salud en la vejez. Esto incluye desayunar en horarios relativamente tempranos y <strong>mantener ventanas de alimentaci\u00f3n consistentes<\/strong> a lo largo del tiempo.<\/p>\n<p data-mrf-recirculation=\"Links p\u00e1rrafo\">Como todo estudio, tiene limitaciones: se bas\u00f3 en datos autoinformados, se centr\u00f3 en poblaci\u00f3n brit\u00e1nica y no puede probar causalidad. Aun as\u00ed, ofrece un mensaje potente: los horarios de las comidas son m\u00e1s que una costumbre, son un espejo del estado de salud y <strong>un posible aliado para promover un envejecimiento m\u00e1s sano.<\/strong><\/p>\n<div class=\"wp-block-group box-references has-border-color has-background is-layout-constrained wp-container-core-group-is-layout-6386b1bc wp-block-group-is-layout-constrained\">\n<h5 id=\"h-referencias\" class=\"wp-block-heading\">Referencias<\/h5>\n<ul class=\"wp-block-list\">\n<li>\n<h5>Dashti, H.S., Liu, C., Deng, H.\u00a0<em>et al.<\/em>\u00a0Meal timing trajectories in older adults and their associations with morbidity, genetic profiles, and mortality.\u00a0<em>Commun Med<\/em>. (2025). doi: <a href=\"https:\/\/doi.org\/10.1038\/s43856-025-01035-x\" target=\"_blank\" rel=\"noreferrer noopener\">10.1038\/s43856-025-01035-x<\/a><\/h5>\n<\/li>\n<\/ul>\n<\/div>\n<footer class=\"article__footer\">\n<div class=\"news-collection news-collection--has-lg-font-size news-collection--is-default article__tags\" data-mrf-recirculation=\"Etiquetas\">\n<div class=\"news-collection__wrapper\">\n<div class=\"news-collection__items\">\n<h3>Aitana V\u00e1zquez Fern\u00e1ndez<\/h3>\n<p>FOTO_ <span class=\"image__caption\">Con la edad, las comidas tienden a retrasarse: el desayuno y la cena se corren hacia m\u00e1s tarde. Fuente: iStock (composici\u00f3n)<\/span><\/p>\n<blockquote class=\"wp-embedded-content\" data-secret=\"98TgHNNiPx\"><p><a href=\"https:\/\/muyinteresante.okdiario.com\/ciencia\/horarios-de-las-comidas-longevidad-salud.html\">Un estudio de 30 a\u00f1os advierte: los horarios de las comidas podr\u00edan influir en la longevidad<\/a><\/p><\/blockquote>\n<p><iframe loading=\"lazy\" class=\"wp-embedded-content\" sandbox=\"allow-scripts\" security=\"restricted\" style=\"position: absolute; visibility: hidden;\" title=\"\u00abUn estudio de 30 a\u00f1os advierte: los horarios de las comidas podr\u00edan influir en la longevidad\u00bb \u2014 Muy Interesante\" src=\"https:\/\/muyinteresante.okdiario.com\/ciencia\/horarios-de-las-comidas-longevidad-salud.html\/embed#?secret=WrxeqjJG6F#?secret=98TgHNNiPx\" data-secret=\"98TgHNNiPx\" width=\"600\" height=\"338\" frameborder=\"0\" marginwidth=\"0\" marginheight=\"0\" scrolling=\"no\"><\/iframe><\/p>\n<p>&nbsp;<\/p>\n<\/div>\n<\/div>\n<\/div>\n<\/footer>\n","protected":false},"excerpt":{"rendered":"<p>Un seguimiento de casi 3.000 adultos mayores durante m\u00e1s de 30 a\u00f1os revela que retrasar&#8230;<\/p>\n","protected":false},"author":1,"featured_media":81588,"comment_status":"closed","ping_status":"closed","sticky":false,"template":"","format":"standard","meta":{"_coblocks_attr":"","_coblocks_dimensions":"","_coblocks_responsive_height":"","_coblocks_accordion_ie_support":"","jetpack_post_was_ever_published":false,"_jetpack_newsletter_access":"","_jetpack_dont_email_post_to_subs":false,"_jetpack_newsletter_tier_id":0,"_jetpack_memberships_contains_paywalled_content":false,"_jetpack_memberships_contains_paid_content":false,"footnotes":"","jetpack_publicize_message":"","jetpack_publicize_feature_enabled":true,"jetpack_social_post_already_shared":true,"jetpack_social_options":{"image_generator_settings":{"template":"highway","default_image_id":0,"enabled":false},"version":2}},"categories":[10797,1161,44,10],"tags":[],"class_list":["post-81587","post","type-post","status-publish","format-standard","has-post-thumbnail","hentry","category-ciencia","category-ciudadania","category-noticias-de-hoy","category-salud"],"jetpack_publicize_connections":[],"jetpack_featured_media_url":"https:\/\/i0.wp.com\/miradordeatarfe.es\/wp-content\/uploads\/2026\/01\/Un-estudio-de-30-anos-advierte-los-horarios-de-las-comidas-podrian-influir-en-la-longevidad.webp?fit=1370%2C770&ssl=1","jetpack_likes_enabled":true,"jetpack_sharing_enabled":true,"_links":{"self":[{"href":"https:\/\/miradordeatarfe.es\/index.php?rest_route=\/wp\/v2\/posts\/81587","targetHints":{"allow":["GET"]}}],"collection":[{"href":"https:\/\/miradordeatarfe.es\/index.php?rest_route=\/wp\/v2\/posts"}],"about":[{"href":"https:\/\/miradordeatarfe.es\/index.php?rest_route=\/wp\/v2\/types\/post"}],"author":[{"embeddable":true,"href":"https:\/\/miradordeatarfe.es\/index.php?rest_route=\/wp\/v2\/users\/1"}],"replies":[{"embeddable":true,"href":"https:\/\/miradordeatarfe.es\/index.php?rest_route=%2Fwp%2Fv2%2Fcomments&post=81587"}],"version-history":[{"count":1,"href":"https:\/\/miradordeatarfe.es\/index.php?rest_route=\/wp\/v2\/posts\/81587\/revisions"}],"predecessor-version":[{"id":81589,"href":"https:\/\/miradordeatarfe.es\/index.php?rest_route=\/wp\/v2\/posts\/81587\/revisions\/81589"}],"wp:featuredmedia":[{"embeddable":true,"href":"https:\/\/miradordeatarfe.es\/index.php?rest_route=\/wp\/v2\/media\/81588"}],"wp:attachment":[{"href":"https:\/\/miradordeatarfe.es\/index.php?rest_route=%2Fwp%2Fv2%2Fmedia&parent=81587"}],"wp:term":[{"taxonomy":"category","embeddable":true,"href":"https:\/\/miradordeatarfe.es\/index.php?rest_route=%2Fwp%2Fv2%2Fcategories&post=81587"},{"taxonomy":"post_tag","embeddable":true,"href":"https:\/\/miradordeatarfe.es\/index.php?rest_route=%2Fwp%2Fv2%2Ftags&post=81587"}],"curies":[{"name":"wp","href":"https:\/\/api.w.org\/{rel}","templated":true}]}}