{"id":81596,"date":"2026-01-29T08:12:22","date_gmt":"2026-01-29T07:12:22","guid":{"rendered":"https:\/\/miradordeatarfe.es\/?p=81596"},"modified":"2026-01-23T20:26:23","modified_gmt":"2026-01-23T19:26:23","slug":"no-sobran-migrantes-falta-inversion","status":"publish","type":"post","link":"https:\/\/miradordeatarfe.es\/?p=81596","title":{"rendered":"No sobran migrantes, falta inversi\u00f3n"},"content":{"rendered":"<h3 id=\"article-title\" class=\"article-title text-balance desktop:text-pretty leading-tight mb-7 desktop:mb-5 font-serif text-xl8 desktop:text-xxxl\" style=\"text-align: justify;\" data-original-text-size=\"text-xl8:text-xxxl\">No sobran migrantes, falta inversi\u00f3n: las administraciones recortan all\u00ed donde m\u00e1s se necesitan servicios p\u00fablicos<\/h3>\n<p style=\"text-align: justify;\">El incremento de la poblaci\u00f3n extranjera en Espa\u00f1a no siempre est\u00e1 acompa\u00f1ada de un aumento proporcional de los servicios p\u00fablicos. Es en esta competici\u00f3n de los ciudadanos por los recursos donde las narrativas antimigratorias encuentran su fil\u00f3n.<\/p>\n<p style=\"text-align: justify;\">Esta informaci\u00f3n forma parte de un proyecto de periodismo de investigaci\u00f3n transfronterizo, llamado &#8216;Landscape of change&#8217;, en el que &#8216;P\u00fablico&#8217; participa junto al medio malt\u00e9s &#8216;Amphora Media&#8217;.<\/p>\n<p class=\"paragraph text-xl pb-7 w-full text-pretty [&amp;_a]:text-link-normal dark:[&amp;_a]:text-link-dark [&amp;_a]:decoration-1 [&amp;_a:hover]:underline [&amp;_a:hover]:text-link-hover [&amp;_a:hover]:decoration-2 [&amp;_b_a]:text-link-normal dark:[&amp;_b_a]:text-link-dark [&amp;_b_a]:decoration-1 [&amp;_b_a:hover]:underline [&amp;_b_a:hover]:text-link-hover desktop:leading-relaxed break-words font-serif\" style=\"text-align: justify;\" data-original-text-size=\"text-xl\">Sus abuelos emigraron a Venezuela despu\u00e9s de la Guerra Civil. <b>\u00abLos nativos sabemos lo que es la pobreza<\/b>. De peque\u00f1a, mi madre ten\u00eda que bajar del pueblo en burro, aqu\u00ed no hab\u00eda ni carreteras\u00bb, relata el taxista mientras recorre la calzada que conecta Adeje (Tenerife) con la costa. No tuvo que ser f\u00e1cil asfaltar los caminos abiertos sobre la roca volc\u00e1nica. Pero en los a\u00f1os sesenta, la pujante<b> industria tur\u00edstica<\/b> del franquismo arrib\u00f3 con fuerza a la isla y la convirti\u00f3 en el <b>destino perfecto para las clases medias del norte de Europa<\/b>.\u00a0Esa carretera, razona el taxista, es una prueba m\u00e1s de c\u00f3mo el turismo ha mejorado la vida de los adejeros.\u00a0 \u00a0<\/p>\n<p class=\"paragraph text-xl pb-7 w-full text-pretty [&amp;_a]:text-link-normal dark:[&amp;_a]:text-link-dark [&amp;_a]:decoration-1 [&amp;_a:hover]:underline [&amp;_a:hover]:text-link-hover [&amp;_a:hover]:decoration-2 [&amp;_b_a]:text-link-normal dark:[&amp;_b_a]:text-link-dark [&amp;_b_a]:decoration-1 [&amp;_b_a:hover]:underline [&amp;_b_a:hover]:text-link-hover desktop:leading-relaxed break-words font-serif\" style=\"text-align: justify;\" data-original-text-size=\"text-xl\">El veh\u00edculo se abre paso entre <b>hoteles, descampados con gr\u00faas y peque\u00f1os centros comerciales<\/b> con indicaciones en ingl\u00e9s. Esa zona del pueblo es para los turistas. Los aut\u00f3ctonos y las personas migrantes, principalmente italianos, acuden a ella para <b>transportarlos, servirles sangr\u00eda y hacer sus camas<\/b>. \u00abNo cabemos m\u00e1s, ni gente de fuera ni turistas. Esto es una isla, no puedes construirla entera y no crece m\u00e1s\u00bb, masculla de pronto el taxista. <b>\u00bfD\u00f3nde notan los vecinos de Adeje los efectos negativos de esta superpoblaci\u00f3n?<\/b> El taxista balbucea. Pide que le repitan la pregunta. Lo que sigue es una madeja de frases sueltas sobre la <b>permisividad en las fronteras y la falta de integraci\u00f3n de los migrantes<\/b>. \u00ab<b>Hay una saturaci\u00f3n de los recursos\u00bb<\/b>, afirma sucintamente como conclusi\u00f3n.<\/p>\n<p class=\"paragraph text-xl pb-7 w-full text-pretty [&amp;_a]:text-link-normal dark:[&amp;_a]:text-link-dark [&amp;_a]:decoration-1 [&amp;_a:hover]:underline [&amp;_a:hover]:text-link-hover [&amp;_a:hover]:decoration-2 [&amp;_b_a]:text-link-normal dark:[&amp;_b_a]:text-link-dark [&amp;_b_a]:decoration-1 [&amp;_b_a:hover]:underline [&amp;_b_a:hover]:text-link-hover desktop:leading-relaxed break-words font-serif\" style=\"text-align: justify;\" data-original-text-size=\"text-xl\">Contrastar esta hip\u00f3tesis, tantas veces repetida en barras de bar, plat\u00f3s de televisi\u00f3n y m\u00edtines pol\u00edticos, ha sido el objetivo de la investigaci\u00f3n period\u00edstica transnacional <b><i>Landscape of change<\/i> <\/b>(<i>Entorno cambiante<\/i>)<i>, <\/i>liderada por <b><i>Amphora Media <\/i>(Malta), financiada por Journalism Fund<\/b><i> <\/i><b>y <\/b>en la que ha<b> <\/b>participado\u00a0<i>P\u00fablico<\/i>. Para ello, este peri\u00f3dico ha analizado la evoluci\u00f3n de la poblaci\u00f3n extranjera en los municipios espa\u00f1oles con m\u00e1s de 10.000 habitantes entre 2014 y 2023, as\u00ed como la inversi\u00f3n municipal en servicios sociales entre ese mismo periodo. Adem\u00e1s, se ha estudiado <b>la ratio de pacientes por sanitarios y de alumnos por aulas<\/b> en las zonas con mayor concentraci\u00f3n de poblaci\u00f3n extranjera. <i>P\u00fablico <\/i>se ha desplazado hasta algunos de estos lugares para conocer su realidad de primera mano.<\/p>\n<p class=\"paragraph text-xl pb-7 w-full text-pretty [&amp;_a]:text-link-normal dark:[&amp;_a]:text-link-dark [&amp;_a]:decoration-1 [&amp;_a:hover]:underline [&amp;_a:hover]:text-link-hover [&amp;_a:hover]:decoration-2 [&amp;_b_a]:text-link-normal dark:[&amp;_b_a]:text-link-dark [&amp;_b_a]:decoration-1 [&amp;_b_a:hover]:underline [&amp;_b_a:hover]:text-link-hover desktop:leading-relaxed break-words font-serif\" style=\"text-align: justify;\" data-original-text-size=\"text-xl\">El resultado de esta investigaci\u00f3n ha ratificado que <b>el incremento de poblaci\u00f3n extranjera en algunos municipios no siempre ha venido acompa\u00f1ado de una mejora o aumento de los recursos y servicios p\u00fablicos<\/b> por parte de las administraciones competentes. Este fen\u00f3meno destaca en aquellos lugares donde la mayor\u00eda de los extranjeros provienen de pa\u00edses empobrecidos, lo que hace que los habitantes de dichos municipios \u2013sean aut\u00f3ctonos o migrantes\u2013 se vean obligados a <b>competir por dichos recursos<\/b>.<\/p>\n<p class=\"paragraph text-xl pb-7 w-full text-pretty [&amp;_a]:text-link-normal dark:[&amp;_a]:text-link-dark [&amp;_a]:decoration-1 [&amp;_a:hover]:underline [&amp;_a:hover]:text-link-hover [&amp;_a:hover]:decoration-2 [&amp;_b_a]:text-link-normal dark:[&amp;_b_a]:text-link-dark [&amp;_b_a]:decoration-1 [&amp;_b_a:hover]:underline [&amp;_b_a:hover]:text-link-hover desktop:leading-relaxed break-words font-serif\" style=\"text-align: justify;\" data-original-text-size=\"text-xl\"><b>Adeje, el pueblo del que tuvo que migrar la familia del taxista, es ejemplo de ello<\/b>. El municipio tinerfe\u00f1o es uno de los que tiene mayor porcentaje de poblaci\u00f3n migrante de Espa\u00f1a. De los 50.523 habitantes que seg\u00fan el INE hab\u00eda censados en enero de 2023, <b>pr\u00e1cticamente la mitad (un 48,4%), eran de nacionalidad extranjera<\/b>. En su mayor\u00eda,<b> italianos e ingleses<\/b>. Esto supone <b>un punto porcentual m\u00e1s que en 2014<\/b>. Al igual que la poblaci\u00f3n, en este periodo ha crecido la recaudaci\u00f3n de impuestos, que pas\u00f3 de<b> 2.130 euros por persona a 2.185<\/b> en el mismo periodo, seg\u00fan los datos del Ministerio de Hacienda. Casi\u00a0300 euros por encima de la media nacional en 2023.<\/p>\n<p class=\"paragraph text-xl pb-7 w-full text-pretty [&amp;_a]:text-link-normal dark:[&amp;_a]:text-link-dark [&amp;_a]:decoration-1 [&amp;_a:hover]:underline [&amp;_a:hover]:text-link-hover [&amp;_a:hover]:decoration-2 [&amp;_b_a]:text-link-normal dark:[&amp;_b_a]:text-link-dark [&amp;_b_a]:decoration-1 [&amp;_b_a:hover]:underline [&amp;_b_a:hover]:text-link-hover desktop:leading-relaxed break-words font-serif\" style=\"text-align: justify;\" data-original-text-size=\"text-xl\">El Ayuntamiento de Adeje, en manos del PSOE desde 1987, ha invertido una parte de estas ganancias en su partida municipal de servicios sociales, destinada a la orientaci\u00f3n de personas vulnerables, actividades socioeducativas, dependencia, acceso a recursos adaptados o gesti\u00f3n de ayudas econ\u00f3micas de emergencia. En 2023, <b>el consistorio gast\u00f3 una media de 116,5 euros por habitante en esta partida, 30 euros m\u00e1s que hace diez a\u00f1os si se tiene en cuenta la inflaci\u00f3n<\/b>. Adeje tambi\u00e9n cuenta con una ratio de alumnos por aula que, seg\u00fan los datos aportados por el Gobierno local -entre 24 y 26 en secundaria y 20 en infantil y primaria- se ajusta a las exigencias marcadas por el Gobierno auton\u00f3mico, actualmente en manos de <b>Coalici\u00f3n Canaria<\/b>.<\/p>\n<div style=\"text-align: justify;\">\u00a0<\/div>\n<p class=\"paragraph text-xl pb-7 w-full text-pretty [&amp;_a]:text-link-normal dark:[&amp;_a]:text-link-dark [&amp;_a]:decoration-1 [&amp;_a:hover]:underline [&amp;_a:hover]:text-link-hover [&amp;_a:hover]:decoration-2 [&amp;_b_a]:text-link-normal dark:[&amp;_b_a]:text-link-dark [&amp;_b_a]:decoration-1 [&amp;_b_a:hover]:underline [&amp;_b_a:hover]:text-link-hover desktop:leading-relaxed break-words font-serif\" style=\"text-align: justify;\" data-original-text-size=\"text-xl\">Entonces,\u00a0<b>\u00bfd\u00f3nde nota el taxista la falta de recursos?<\/b> El coche avanza despacio a lo largo de una carretera colapsada. <b>\u00abEn el alquiler\u00bb, <\/b>explica tras unos segundos de silencio. Sus precios, asegura, est\u00e1n \u00abpor las nubes\u00bb. Los <a href=\"https:\/\/elpais.com\/economia\/2025-05-18\/mas-de-23000-personas-vuelven-a-la-calle-para-reclamar-limites-al-turismo-en-canarias.html\"><u>movimientos por el derecho a la vivienda<\/u><\/a> de la isla llevan a\u00f1os denunciando que este fen\u00f3meno es <b>consecuencia de la presi\u00f3n tur\u00edstica que hay sobre la isla y del auge del alquiler vacacional<\/b>. El concejal de Presidencia y Planificaci\u00f3n de Adeje, <b>Manuel Luis M\u00e9ndez<\/b>, en conversaci\u00f3n con <i>P\u00fablico, <\/i>asume que esto genera \u00abindudablemente\u00bb problemas con la vivienda. \u00abEn los \u00faltimos 10 a\u00f1os hemos perdido un 18% de camas hoteleras\u00bb, explica. \u00abSin embargo, el alquiler vacacional se ha disparado un 200%\u00bb, apuntilla <b>Ezequiel Borges, director de Comunicaci\u00f3n del consistorio<\/b>. M\u00e9ndez se\u00f1ala como responsable de esta situaci\u00f3n al Gobierno auton\u00f3mico y al reglamento de vivienda vacacional actual.<\/p>\n<p class=\"paragraph text-xl pb-7 w-full text-pretty [&amp;_a]:text-link-normal dark:[&amp;_a]:text-link-dark [&amp;_a]:decoration-1 [&amp;_a:hover]:underline [&amp;_a:hover]:text-link-hover [&amp;_a:hover]:decoration-2 [&amp;_b_a]:text-link-normal dark:[&amp;_b_a]:text-link-dark [&amp;_b_a]:decoration-1 [&amp;_b_a:hover]:underline [&amp;_b_a:hover]:text-link-hover desktop:leading-relaxed break-words font-serif\" style=\"text-align: justify;\" data-original-text-size=\"text-xl\">Si se tienen en cuenta los datos de Idealista de agosto de 2025, el precio del metro cuadrado en Adeje ha experimentado un importante incremento en los \u00faltimos dos a\u00f1os, elev\u00e1ndose un\u00a0 <a href=\"https:\/\/www.idealista.com\/sala-de-prensa\/informes-precio-vivienda\/venta\/canarias\/santa-cruz-de-tenerife-provincia\/adeje\/historico\/\"><u>15%<\/u><\/a>\u00a0en la venta y un\u00a0<a href=\"https:\/\/www.idealista.com\/sala-de-prensa\/informes-precio-vivienda\/alquiler\/canarias\/santa-cruz-de-tenerife-provincia\/adeje\/historico\/\"><u>23%<\/u><\/a>\u00a0en el alquiler. <b>El coste medio del metro cuadrado en el primer caso alcanz\u00f3 este verano los 19,8 euros de media<\/b>, mientras que el de venta rond\u00f3 los <b>4.471 euros por metro cuadrado<\/b>. Ambos superaron la media nacional en aquel momento, establecida en <b>14,5 y 2.498 euros<\/b> respectivamente.<\/p>\n<div style=\"text-align: justify;\">\u00a0<\/div>\n<p class=\"paragraph text-xl pb-7 w-full text-pretty [&amp;_a]:text-link-normal dark:[&amp;_a]:text-link-dark [&amp;_a]:decoration-1 [&amp;_a:hover]:underline [&amp;_a:hover]:text-link-hover [&amp;_a:hover]:decoration-2 [&amp;_b_a]:text-link-normal dark:[&amp;_b_a]:text-link-dark [&amp;_b_a]:decoration-1 [&amp;_b_a:hover]:underline [&amp;_b_a:hover]:text-link-hover desktop:leading-relaxed break-words font-serif\" style=\"text-align: justify;\" data-original-text-size=\"text-xl\">El taxista tambi\u00e9n se queja de que <b>los servicios sanitarios<\/b> est\u00e1n saturados. Cuenta a este peri\u00f3dico que hace unas semanas tuvo que acudir junto a su hijo al centro de salud y que tardaron en atenderlo. Tenerife cuenta con tres hospitales p\u00fablicos, que se encuentran al norte de la isla, y siete privados o concertados. En el sur de la isla s\u00f3lo hay dos hospitales. El Quir\u00f3n Costa Adeje, privado, y el Hospital Sur, p\u00fablico, pero que a\u00fan no se encuentra a pleno rendimiento. Adem\u00e1s, la zona sur de la isla cuenta con un centro de salud y \u00abun peque\u00f1o dispensario\u00bb, describe<b> Ezequiel Borges<\/b>. Esto hace que la presi\u00f3n poblacional sobre los sanitarios p\u00fablicos sea mucho mayor que en otras zonas de Espa\u00f1a.\u00a0<\/p>\n<p class=\"paragraph text-xl pb-7 w-full text-pretty [&amp;_a]:text-link-normal dark:[&amp;_a]:text-link-dark [&amp;_a]:decoration-1 [&amp;_a:hover]:underline [&amp;_a:hover]:text-link-hover [&amp;_a:hover]:decoration-2 [&amp;_b_a]:text-link-normal dark:[&amp;_b_a]:text-link-dark [&amp;_b_a]:decoration-1 [&amp;_b_a:hover]:underline [&amp;_b_a:hover]:text-link-hover desktop:leading-relaxed break-words font-serif\" style=\"text-align: justify;\" data-original-text-size=\"text-xl\">Seg\u00fan los datos del <b>Servicio de Informaci\u00f3n sobre Atenci\u00f3n Primaria (SIAP)<\/b> del <b>Ministerio de Sanidad<\/b>, la media de poblaci\u00f3n asignada a cada m\u00e9dico de familia en Canarias en 2023 era de 1.438 personas. Sin embargo, en Adeje, la ratio se eleva a <b>1.923 personas por m\u00e9dico en el centro de salud y a 2.045 en lo que Borges denominaba \u00abdispensario\u00bb<\/b>, de acuerdo a los datos del propio Ayuntamiento.<\/p>\n<p class=\"paragraph text-xl pb-7 w-full text-pretty [&amp;_a]:text-link-normal dark:[&amp;_a]:text-link-dark [&amp;_a]:decoration-1 [&amp;_a:hover]:underline [&amp;_a:hover]:text-link-hover [&amp;_a:hover]:decoration-2 [&amp;_b_a]:text-link-normal dark:[&amp;_b_a]:text-link-dark [&amp;_b_a]:decoration-1 [&amp;_b_a:hover]:underline [&amp;_b_a:hover]:text-link-hover desktop:leading-relaxed break-words font-serif\" style=\"text-align: justify;\" data-original-text-size=\"text-xl\">\u00abSanitariamente estamos deficitarios, pero no es una competencia nuestra\u00bb, explica a este peri\u00f3dico <b>Manuel Luis M\u00e9ndez<\/b>. El edil explica que llevan a\u00f1os esperando a que el Gobierno auton\u00f3mico avance en la construcci\u00f3n de un nuevo centro de salud en la zona que \u00absolventar\u00eda un poco la saturaci\u00f3n que puede tener este\u00bb. Por el momento, seg\u00fan ha podido comprobar este peri\u00f3dico, no existen avances en esta cuesti\u00f3n.<\/p>\n<p class=\"paragraph text-xl pb-7 w-full text-pretty [&amp;_a]:text-link-normal dark:[&amp;_a]:text-link-dark [&amp;_a]:decoration-1 [&amp;_a:hover]:underline [&amp;_a:hover]:text-link-hover [&amp;_a:hover]:decoration-2 [&amp;_b_a]:text-link-normal dark:[&amp;_b_a]:text-link-dark [&amp;_b_a]:decoration-1 [&amp;_b_a:hover]:underline [&amp;_b_a:hover]:text-link-hover desktop:leading-relaxed break-words font-serif\" style=\"text-align: justify;\" data-original-text-size=\"text-xl\">El intercambio de acusaciones entre las distintas capas de la administraci\u00f3n p\u00fablica es algo habitual en cualquier municipio de Espa\u00f1a, confirman a <i>P\u00fablico <\/i>varias fuentes consultadas durante esta investigaci\u00f3n. Justamente en los l\u00edmites de este reparto burocr\u00e1tico de responsabilidades \u2013en ocasiones en manos de partidos ideol\u00f3gicamente opuestos\u2013 es donde se producen los mayores desajustes entre el crecimiento de la poblaci\u00f3n y los servicios p\u00fablicos que se ponen a su disposici\u00f3n. Mientras<b> en Adeje <\/b>dichas limitaciones se evidencian especialmente en la sobrecarga del sistema p\u00fablico de salud, en <b>El Ejido (Almer\u00eda)<\/b> se muestra en la <b>desinversi\u00f3n en los servicios sociales del Ayuntamiento<\/b> \u2013especialmente en la escasez de trabajadores de este sector\u2013, mientras que en otros, como <b>Elche (Alicante)<\/b>, se percibe en los recortes en servicios adaptativos como aulas de aprendizaje del castellano para migrantes arabeparlantes.<\/p>\n<p class=\"paragraph text-xl pb-7 w-full text-pretty [&amp;_a]:text-link-normal dark:[&amp;_a]:text-link-dark [&amp;_a]:decoration-1 [&amp;_a:hover]:underline [&amp;_a:hover]:text-link-hover [&amp;_a:hover]:decoration-2 [&amp;_b_a]:text-link-normal dark:[&amp;_b_a]:text-link-dark [&amp;_b_a]:decoration-1 [&amp;_b_a:hover]:underline [&amp;_b_a:hover]:text-link-hover desktop:leading-relaxed break-words font-serif\" style=\"text-align: justify;\" data-original-text-size=\"text-xl\">Adem\u00e1s, sobre todos los municipios, especialmente en los m\u00e1s tur\u00edsticos como Adeje, tambi\u00e9n planea la sombra de la especulaci\u00f3n inmobiliaria, que dificulta el acceso a una vivienda digna especialmente entre los m\u00e1s vulnerables. <i>Landscape of change <\/i>ha podido identificar que la dificultad de acceder a un recurso habitacional y, por tanto, para <b>empadronarse, es una de las principales barreras que encuentran las personas extranjeras para acceder a los recursos p\u00fablicos<\/b>.<\/p>\n<div style=\"text-align: justify;\">\n<h2 id=\"flourish-header-title\">Relaci\u00f3n entre poblaci\u00f3n extranjera y recursos p\u00fablicos en CINCO de los municipios con m\u00e1s extranjeros de Espa\u00f1a<\/h2>\n<p><img data-recalc-dims=\"1\" loading=\"lazy\" decoding=\"async\" class=\"alignnone wp-image-81597 size-full\" src=\"https:\/\/i0.wp.com\/miradordeatarfe.es\/wp-content\/uploads\/2026\/01\/Screenshot-2026-01-23-at-20-15-56-No-sobran-migrantes-falta-inversion-las-administraciones-recortan-alli-donde-mas-se-necesitan-servicios-publicos-Publico.png?resize=536%2C382&#038;ssl=1\" alt=\"\" width=\"536\" height=\"382\" srcset=\"https:\/\/i0.wp.com\/miradordeatarfe.es\/wp-content\/uploads\/2026\/01\/Screenshot-2026-01-23-at-20-15-56-No-sobran-migrantes-falta-inversion-las-administraciones-recortan-alli-donde-mas-se-necesitan-servicios-publicos-Publico.png?w=536&amp;ssl=1 536w, https:\/\/i0.wp.com\/miradordeatarfe.es\/wp-content\/uploads\/2026\/01\/Screenshot-2026-01-23-at-20-15-56-No-sobran-migrantes-falta-inversion-las-administraciones-recortan-alli-donde-mas-se-necesitan-servicios-publicos-Publico.png?resize=300%2C214&amp;ssl=1 300w\" sizes=\"auto, (max-width: 536px) 100vw, 536px\" \/> <img data-recalc-dims=\"1\" loading=\"lazy\" decoding=\"async\" class=\"alignnone wp-image-81598 size-full\" src=\"https:\/\/i0.wp.com\/miradordeatarfe.es\/wp-content\/uploads\/2026\/01\/Screenshot-2026-01-23-at-20-15-36-No-sobran-migrantes-falta-inversion-las-administraciones-recortan-alli-donde-mas-se-necesitan-servicios-publicos-Publico.png?resize=259%2C373&#038;ssl=1\" alt=\"\" width=\"259\" height=\"373\" srcset=\"https:\/\/i0.wp.com\/miradordeatarfe.es\/wp-content\/uploads\/2026\/01\/Screenshot-2026-01-23-at-20-15-36-No-sobran-migrantes-falta-inversion-las-administraciones-recortan-alli-donde-mas-se-necesitan-servicios-publicos-Publico.png?w=259&amp;ssl=1 259w, https:\/\/i0.wp.com\/miradordeatarfe.es\/wp-content\/uploads\/2026\/01\/Screenshot-2026-01-23-at-20-15-36-No-sobran-migrantes-falta-inversion-las-administraciones-recortan-alli-donde-mas-se-necesitan-servicios-publicos-Publico.png?resize=208%2C300&amp;ssl=1 208w\" sizes=\"auto, (max-width: 259px) 100vw, 259px\" \/> <img data-recalc-dims=\"1\" loading=\"lazy\" decoding=\"async\" class=\"alignnone wp-image-81599 size-full\" src=\"https:\/\/i0.wp.com\/miradordeatarfe.es\/wp-content\/uploads\/2026\/01\/Screenshot-2026-01-23-at-20-15-08-No-sobran-migrantes-falta-inversion-las-administraciones-recortan-alli-donde-mas-se-necesitan-servicios-publicos-Publico.png?resize=529%2C385&#038;ssl=1\" alt=\"\" width=\"529\" height=\"385\" srcset=\"https:\/\/i0.wp.com\/miradordeatarfe.es\/wp-content\/uploads\/2026\/01\/Screenshot-2026-01-23-at-20-15-08-No-sobran-migrantes-falta-inversion-las-administraciones-recortan-alli-donde-mas-se-necesitan-servicios-publicos-Publico.png?w=529&amp;ssl=1 529w, https:\/\/i0.wp.com\/miradordeatarfe.es\/wp-content\/uploads\/2026\/01\/Screenshot-2026-01-23-at-20-15-08-No-sobran-migrantes-falta-inversion-las-administraciones-recortan-alli-donde-mas-se-necesitan-servicios-publicos-Publico.png?resize=300%2C218&amp;ssl=1 300w\" sizes=\"auto, (max-width: 529px) 100vw, 529px\" \/><\/p>\n<p class=\"paragraph text-xl pb-7 w-full text-pretty [&amp;_a]:text-link-normal dark:[&amp;_a]:text-link-dark [&amp;_a]:decoration-1 [&amp;_a:hover]:underline [&amp;_a:hover]:text-link-hover [&amp;_a:hover]:decoration-2 [&amp;_b_a]:text-link-normal dark:[&amp;_b_a]:text-link-dark [&amp;_b_a]:decoration-1 [&amp;_b_a:hover]:underline [&amp;_b_a:hover]:text-link-hover desktop:leading-relaxed break-words font-serif\" data-original-text-size=\"text-xl\"><b>La escasez de recursos<\/b>\u00a0-generada por los recortes o por la falta de inversiones en lo p\u00fablico por parte de las administraciones competentes en cada caso-\u00a0<b>pone en jaque la convivencia de los vecinos de estos municipios<\/b>. El taxista de Adeje, como nieto de quienes una vez tuvieron que emigrar para buscar un futuro mejor, dice entender las razones que llevan a otros a querer emigrar a Tenerife. Pero los recursos p\u00fablicos, insiste, <b>\u00abdeben ser para los de <\/b><b><i>aqu\u00ed <\/i><\/b><b>en primer lugar\u00bb<\/b>. Su demanda parte de la premisa de que <b>quienes provienen del extranjero aportan menos de lo que reciben<\/b>. Sin embargo, como ha podido comprobar este peri\u00f3dico en base al an\u00e1lisis de la recaudaci\u00f3n de impuestos municipales y a las consultas a expertos, esta afirmaci\u00f3n no es cierta. O, al menos, no se puede extrapolar a toda Espa\u00f1a.<\/p>\n<h2 class=\"highlighted pt-5 pb-3 font-sans font-bold text-xl2 text-balance desktop:text-pretty leading-tight break-words\" data-original-text-size=\"text-xl2\">Menos manos donde m\u00e1s falta hacen<\/h2>\n<p class=\"paragraph text-xl pb-7 w-full text-pretty [&amp;_a]:text-link-normal dark:[&amp;_a]:text-link-dark [&amp;_a]:decoration-1 [&amp;_a:hover]:underline [&amp;_a:hover]:text-link-hover [&amp;_a:hover]:decoration-2 [&amp;_b_a]:text-link-normal dark:[&amp;_b_a]:text-link-dark [&amp;_b_a]:decoration-1 [&amp;_b_a:hover]:underline [&amp;_b_a:hover]:text-link-hover desktop:leading-relaxed break-words font-serif\" data-original-text-size=\"text-xl\">No existe una correlaci\u00f3n proporcional entre el crecimiento de la poblaci\u00f3n general o extranjera y el incremento de las partidas destinadas a servicios sociales. As\u00ed, mientras en algunos municipios, como <b>Adeje, Teulada o l&#8217;Alf\u00e1s del Pi (ambos en Alicante)<\/b>, aumentan la inversi\u00f3n municipal en servicios sociales por encima del crecimiento de la poblaci\u00f3n extranjera censada, en otros municipios, como <b>Rojales (Alicante) o Manilva (M\u00e1laga)<\/b>, la inversi\u00f3n disminuye. Que ocurra una cosa o la contraria depende de la formaci\u00f3n pol\u00edtica al frente del consistorio<\/p>\n<\/div>\n<div class=\"mt-5 mb-7 py-5 border-t border-b border-warm-gray-400 dark:border-cold-gray-300 text-center tablet:touch-auto tablet:pointer-events-none\">\n<div class=\"flourish-embed flourish-chart\" style=\"text-align: justify;\" data-src=\"visualisation\/25682465\"><img data-recalc-dims=\"1\" loading=\"lazy\" decoding=\"async\" class=\"alignnone wp-image-81600 \" src=\"https:\/\/i0.wp.com\/miradordeatarfe.es\/wp-content\/uploads\/2026\/01\/Screenshot-2026-01-23-at-20-19-49-No-sobran-migrantes-falta-inversion-las-administraciones-recortan-alli-donde-mas-se-necesitan-servicios-publicos-Publico.png?resize=524%2C829&#038;ssl=1\" alt=\"\" width=\"524\" height=\"829\" srcset=\"https:\/\/i0.wp.com\/miradordeatarfe.es\/wp-content\/uploads\/2026\/01\/Screenshot-2026-01-23-at-20-19-49-No-sobran-migrantes-falta-inversion-las-administraciones-recortan-alli-donde-mas-se-necesitan-servicios-publicos-Publico.png?w=424&amp;ssl=1 424w, https:\/\/i0.wp.com\/miradordeatarfe.es\/wp-content\/uploads\/2026\/01\/Screenshot-2026-01-23-at-20-19-49-No-sobran-migrantes-falta-inversion-las-administraciones-recortan-alli-donde-mas-se-necesitan-servicios-publicos-Publico.png?resize=190%2C300&amp;ssl=1 190w\" sizes=\"auto, (max-width: 524px) 100vw, 524px\" \/><\/div>\n<div data-src=\"visualisation\/25682465\">\n<p class=\"paragraph text-xl pb-7 w-full text-pretty [&amp;_a]:text-link-normal dark:[&amp;_a]:text-link-dark [&amp;_a]:decoration-1 [&amp;_a:hover]:underline [&amp;_a:hover]:text-link-hover [&amp;_a:hover]:decoration-2 [&amp;_b_a]:text-link-normal dark:[&amp;_b_a]:text-link-dark [&amp;_b_a]:decoration-1 [&amp;_b_a:hover]:underline [&amp;_b_a:hover]:text-link-hover desktop:leading-relaxed break-words font-serif\" style=\"text-align: justify;\" data-original-text-size=\"text-xl\">A la hora de estudiar las oscilaciones del gasto municipal en servicios sociales se debe tener en cuenta que <b>una parte importante de ellas tienen como destino las prestaciones a la dependencia<\/b>, tal y como ha indicado a este peri\u00f3dico <b>Manuel Fuentes Jim\u00e9nez, director de la Asociaci\u00f3n Directivos y Gerentes en Servicios Sociales<\/b>. \u00abSi te fijas en los municipios de Andaluc\u00eda ver\u00e1s que muchos de los que han incrementado las partidas en servicios sociales es porque han aumentado el gasto en dependencia\u00bb, asegura el experto.<\/p>\n<p class=\"paragraph text-xl pb-7 w-full text-pretty [&amp;_a]:text-link-normal dark:[&amp;_a]:text-link-dark [&amp;_a]:decoration-1 [&amp;_a:hover]:underline [&amp;_a:hover]:text-link-hover [&amp;_a:hover]:decoration-2 [&amp;_b_a]:text-link-normal dark:[&amp;_b_a]:text-link-dark [&amp;_b_a]:decoration-1 [&amp;_b_a:hover]:underline [&amp;_b_a:hover]:text-link-hover desktop:leading-relaxed break-words font-serif\" style=\"text-align: justify;\" data-original-text-size=\"text-xl\">A d\u00eda de hoy <b>no es posible saber <\/b>a trav\u00e9s de los datos del Ministerio de Hacienda qu\u00e9 porcentaje de estas inversiones est\u00e1n destinadas a la poblaci\u00f3n general o las personas migrantes en particular. <b>Fuentes Jim\u00e9nez explica que esto se debe a la reforma de la administraci\u00f3n local <\/b>de 2013 del entonces ministro de Econom\u00eda, Crist\u00f3bal Montoro (PP), que entre otras medidas impidi\u00f3 identificar el objeto final de las partidas presupuestarias municipales.<\/p>\n<p class=\"paragraph text-xl pb-7 w-full text-pretty [&amp;_a]:text-link-normal dark:[&amp;_a]:text-link-dark [&amp;_a]:decoration-1 [&amp;_a:hover]:underline [&amp;_a:hover]:text-link-hover [&amp;_a:hover]:decoration-2 [&amp;_b_a]:text-link-normal dark:[&amp;_b_a]:text-link-dark [&amp;_b_a]:decoration-1 [&amp;_b_a:hover]:underline [&amp;_b_a:hover]:text-link-hover desktop:leading-relaxed break-words font-serif\" style=\"text-align: justify;\" data-original-text-size=\"text-xl\">A\u00fan as\u00ed, observar la fluctuaci\u00f3n de estas inversiones en comparaci\u00f3n con su poblaci\u00f3n migrante permite observar c\u00f3mo se comportan los gobiernos locales en relaci\u00f3n al gasto social, que por lo general suele estar destinado a la poblaci\u00f3n m\u00e1s vulnerable, entre la que se encuentran los extranjeros de clase trabajadora que provienen del sur global.<\/p>\n<p style=\"text-align: justify;\" data-original-text-size=\"text-xl\">Una buena forma de medir el inter\u00e9s de un consistorio en procurar ayuda a su poblaci\u00f3n es mediante<b> el gasto que hace en trabajadores del sector social<\/b>, como personal <b>administrativo, orientadores o trabajadores sociales<\/b>. Este gasto se recoge en los cap\u00edtulos I y II de la partida en servicios sociales de un Ayuntamiento. El primero hace referencia, principalmente, a los salarios de los trabajadores p\u00fablicos, mientras que el segundo aglutina el gasto en organizaciones privadas y sus empleado.<\/p>\n<p class=\"paragraph text-xl pb-7 w-full text-pretty [&amp;_a]:text-link-normal dark:[&amp;_a]:text-link-dark [&amp;_a]:decoration-1 [&amp;_a:hover]:underline [&amp;_a:hover]:text-link-hover [&amp;_a:hover]:decoration-2 [&amp;_b_a]:text-link-normal dark:[&amp;_b_a]:text-link-dark [&amp;_b_a]:decoration-1 [&amp;_b_a:hover]:underline [&amp;_b_a:hover]:text-link-hover desktop:leading-relaxed break-words font-serif\" style=\"text-align: justify;\" data-original-text-size=\"text-xl\">De media, la inversi\u00f3n de los municipios de m\u00e1s de 10.000 habitantes en el primer cap\u00edtulo fue de 57,6 euros por persona en 2023, mientras que en lo privado alcanz\u00f3 el doble, unos 103,2 euros. La comparaci\u00f3n de gasto en estos dos cap\u00edtulos tambi\u00e9n permite estudiar el grado de subcontrataci\u00f3n \u2013privatizaci\u00f3n\u2013 que un Ayuntamiento hace de sus servicios sociales.<\/p>\n<p class=\"paragraph text-xl pb-7 w-full text-pretty [&amp;_a]:text-link-normal dark:[&amp;_a]:text-link-dark [&amp;_a]:decoration-1 [&amp;_a:hover]:underline [&amp;_a:hover]:text-link-hover [&amp;_a:hover]:decoration-2 [&amp;_b_a]:text-link-normal dark:[&amp;_b_a]:text-link-dark [&amp;_b_a]:decoration-1 [&amp;_b_a:hover]:underline [&amp;_b_a:hover]:text-link-hover desktop:leading-relaxed break-words font-serif\" style=\"text-align: justify;\" data-original-text-size=\"text-xl\">Por lo general, la tendencia en el a\u00f1o 2023 era<b>\u00a0invertir menos en personal de servicios sociales conforme mayor era la poblaci\u00f3n extranjera<\/b>. Especialmente, en los casos en los que dicha poblaci\u00f3n proced\u00eda de pa\u00edses empobrecidos, como Europa del este, Latinoam\u00e9rica o el continente africano. Es decir, que all\u00ed donde m\u00e1s manos hac\u00edan falta, menos disposici\u00f3n municipal hab\u00eda para contratarla. De hecho, en <b>cuatro de los cinco municipios con mayor porcentaje de vecinos de origen extranjero y pobre los gobiernos locales recortaron los salarios de profesionales de los servicios sociales.<\/b><\/p>\n<p class=\"paragraph text-xl pb-7 w-full text-pretty [&amp;_a]:text-link-normal dark:[&amp;_a]:text-link-dark [&amp;_a]:decoration-1 [&amp;_a:hover]:underline [&amp;_a:hover]:text-link-hover [&amp;_a:hover]:decoration-2 [&amp;_b_a]:text-link-normal dark:[&amp;_b_a]:text-link-dark [&amp;_b_a]:decoration-1 [&amp;_b_a:hover]:underline [&amp;_b_a:hover]:text-link-hover desktop:leading-relaxed break-words font-serif\" style=\"text-align: justify;\" data-original-text-size=\"text-xl\">De estos cinco, solo Moguer y N\u00edjar \u2013el \u00fanico que increment\u00f3 este gasto\u2013 superaron la media de 57 euros de inversi\u00f3n en salarios p\u00fablicos. Por el contrario, el municipio que menos gasto hizo en esta partida fue Salt (Girona), gobernado por ERC, que pas\u00f3 de los 7,6 euros de 2014 a los 2,4 en 2023, seg\u00fan los datos de Hacienda.<\/p>\n<p class=\"paragraph text-xl pb-7 w-full text-pretty [&amp;_a]:text-link-normal dark:[&amp;_a]:text-link-dark [&amp;_a]:decoration-1 [&amp;_a:hover]:underline [&amp;_a:hover]:text-link-hover [&amp;_a:hover]:decoration-2 [&amp;_b_a]:text-link-normal dark:[&amp;_b_a]:text-link-dark [&amp;_b_a]:decoration-1 [&amp;_b_a:hover]:underline [&amp;_b_a:hover]:text-link-hover desktop:leading-relaxed break-words font-serif\" style=\"text-align: justify;\" data-original-text-size=\"text-xl\">Entre los lugares en los que la inversi\u00f3n local en servicios sociales es muy baja destacan aquellos en los que la crispaci\u00f3n social ha sido explotada por formaciones xen\u00f3fobas y nacionalistas. Ejemplo de ello es El Ejido (Almer\u00eda), donde en 2019, y de la mano del PP, Vox entr\u00f3 por primera vez en un gobierno. El municipio agr\u00edcola es uno de los que m\u00e1s poblaci\u00f3n extranjera tiene censada y que en 2023 supon\u00eda un 32% de sus vecinos. La mayor\u00eda de ellos eran africanos.<\/p>\n<p class=\"paragraph text-xl pb-7 w-full text-pretty [&amp;_a]:text-link-normal dark:[&amp;_a]:text-link-dark [&amp;_a]:decoration-1 [&amp;_a:hover]:underline [&amp;_a:hover]:text-link-hover [&amp;_a:hover]:decoration-2 [&amp;_b_a]:text-link-normal dark:[&amp;_b_a]:text-link-dark [&amp;_b_a]:decoration-1 [&amp;_b_a:hover]:underline [&amp;_b_a:hover]:text-link-hover desktop:leading-relaxed break-words font-serif\" style=\"text-align: justify;\" data-original-text-size=\"text-xl\">En Torre-Pacheco (Murcia), en cambio, la tensi\u00f3n social desemboc\u00f3 el pasado verano en disturbios xen\u00f3fobos contra la poblaci\u00f3n de origen extranjero. <b>En 2023, esta supon\u00eda el 29,6% de todo el pueblo<\/b> y, de nuevo, era mayoritariamente africana. Aquel a\u00f1o, el consistorio invirti\u00f3 <b>42,3 euros por vecino en los salarios p\u00fablicos de los servicios sociales y otros 26,90 euros <\/b>en organizaciones privadas para que prestaran dichos servicios. Ambas cantidades est\u00e1n por debajo de la media del resto de municipios espa\u00f1oles.<\/p>\n<p class=\"paragraph text-xl pb-7 w-full text-pretty [&amp;_a]:text-link-normal dark:[&amp;_a]:text-link-dark [&amp;_a]:decoration-1 [&amp;_a:hover]:underline [&amp;_a:hover]:text-link-hover [&amp;_a:hover]:decoration-2 [&amp;_b_a]:text-link-normal dark:[&amp;_b_a]:text-link-dark [&amp;_b_a]:decoration-1 [&amp;_b_a:hover]:underline [&amp;_b_a:hover]:text-link-hover desktop:leading-relaxed break-words font-serif\" style=\"text-align: justify;\" data-original-text-size=\"text-xl\">En otros casos, como Elche (Alicante), pese a que la inversi\u00f3n municipal se increment\u00f3 en 2023 y se aproxim\u00f3 a la media nacional, a\u00fan estaba lejos de contar con los recursos suficientes para mejorar la calidad de vida de sus vecinos m\u00e1s recientes. <b>Mar\u00eda Ant\u00f3n, activista de la Plataforma de Ayuda a los Refugiados de Elche<\/b>, afirma que la situaci\u00f3n ha empeorado desde la vuelta del PP al Gobierno en junio de aquel mismo a\u00f1o, esta vez de la mano de Vox.<\/p>\n<p class=\"paragraph text-xl pb-7 w-full text-pretty [&amp;_a]:text-link-normal dark:[&amp;_a]:text-link-dark [&amp;_a]:decoration-1 [&amp;_a:hover]:underline [&amp;_a:hover]:text-link-hover [&amp;_a:hover]:decoration-2 [&amp;_b_a]:text-link-normal dark:[&amp;_b_a]:text-link-dark [&amp;_b_a]:decoration-1 [&amp;_b_a:hover]:underline [&amp;_b_a:hover]:text-link-hover desktop:leading-relaxed break-words font-serif\" style=\"text-align: justify;\" data-original-text-size=\"text-xl\">Desde el otro lado de la Plaza de la Iglesia de <b>La Hoya (Elche)<\/b>, Ant\u00f3n se\u00f1ala con el dedo una antigua torre defensiva de color azul: \u00abAll\u00ed est\u00e1 la <b>Oficina Municipal de Atenci\u00f3n Ciudadana (OMAC)<\/b>\u00ab. Antes, cuenta la activista, la oficina abr\u00eda de lunes a viernes de 8.00 a 14.00 y contaba con varios trabajadores. Ahora, en cambio, s\u00f3lo abre dos d\u00edas a la semana. Esto ha puesto una piedra m\u00e1s en el camino de quienes inician la gincana burocr\u00e1tica que supone regularizar su situaci\u00f3n una vez llegan a Espa\u00f1a.\u00a0<\/p>\n<p class=\"paragraph text-xl pb-7 w-full text-pretty [&amp;_a]:text-link-normal dark:[&amp;_a]:text-link-dark [&amp;_a]:decoration-1 [&amp;_a:hover]:underline [&amp;_a:hover]:text-link-hover [&amp;_a:hover]:decoration-2 [&amp;_b_a]:text-link-normal dark:[&amp;_b_a]:text-link-dark [&amp;_b_a]:decoration-1 [&amp;_b_a:hover]:underline [&amp;_b_a:hover]:text-link-hover desktop:leading-relaxed break-words font-serif\" style=\"text-align: justify;\" data-original-text-size=\"text-xl\">El rechazo del Gobierno local hacia la poblaci\u00f3n extranjera es manifiesta. El pasado mes de septiembre, la concejala de Familia e Infancia ilicitana, <b>Aurora Rodil (Vox),<\/b> asegur\u00f3 que <b>no hab\u00eda recursos para atender a los menores de edad<\/b> extranjeros no acompa\u00f1ados que deb\u00edan llegar a Elche, pero tampoco \u00abvocaci\u00f3n\u00bb de crearlos. Mirando hacia atr\u00e1s, a Mar\u00eda Ant\u00f3n le parece mentira que en 2017 Elche se declarara <a href=\"https:\/\/www.elche.es\/2017\/05\/el-alcalde-reafirma-el-ofrecimiento-de-elche-como-ciudad-de-acogida-de-refugiados\/\"><u>ciudad de acogida para los refugiados<\/u><\/a>.<\/p>\n<p class=\"paragraph text-xl pb-7 w-full text-pretty [&amp;_a]:text-link-normal dark:[&amp;_a]:text-link-dark [&amp;_a]:decoration-1 [&amp;_a:hover]:underline [&amp;_a:hover]:text-link-hover [&amp;_a:hover]:decoration-2 [&amp;_b_a]:text-link-normal dark:[&amp;_b_a]:text-link-dark [&amp;_b_a]:decoration-1 [&amp;_b_a:hover]:underline [&amp;_b_a:hover]:text-link-hover desktop:leading-relaxed break-words font-serif\" style=\"text-align: justify;\" data-original-text-size=\"text-xl\">La otra cara de esta moneda es que en los pueblos donde la mayor\u00eda de los extranjeros vienen de pa\u00edses con PIB altos, la inversi\u00f3n en servicios sociales es, por lo general, mayor.\u00a0Al contrario de la creencia com\u00fan, este fen\u00f3meno no es el resultado de que los extranjeros africanos, latinoamericanos o eslavos aporten menos a la econom\u00eda espa\u00f1ola. De hecho, seg\u00fan las fuentes consultadas por\u00a0<i>P\u00fablico<\/i>, ocurre todo lo contrario.<\/p>\n<h2 class=\"highlighted pt-5 pb-3 font-sans font-bold text-xl2 text-balance desktop:text-pretty leading-tight break-words\" style=\"text-align: justify;\" data-original-text-size=\"text-xl2\">El gran bulo: \u00abReciben m\u00e1s de lo que dan\u00bb<\/h2>\n<p class=\"paragraph text-xl pb-7 w-full text-pretty [&amp;_a]:text-link-normal dark:[&amp;_a]:text-link-dark [&amp;_a]:decoration-1 [&amp;_a:hover]:underline [&amp;_a:hover]:text-link-hover [&amp;_a:hover]:decoration-2 [&amp;_b_a]:text-link-normal dark:[&amp;_b_a]:text-link-dark [&amp;_b_a]:decoration-1 [&amp;_b_a:hover]:underline [&amp;_b_a:hover]:text-link-hover desktop:leading-relaxed break-words font-serif\" style=\"text-align: justify;\" data-original-text-size=\"text-xl\">Otro taxi, otra ciudad. Esta vez el veh\u00edculo atraviesa los enormes huertos de la Vega Baja del Segura, en Alicante. La <b>enorme oferta laboral que generan esas explotaciones agrarias <\/b>ha hecho de esta zona del Mediterr\u00e1neo un<b> importante reclamo para quienes vienen a Espa\u00f1a en busca de trabajo<\/b>. El taxista lo reconoce: los j\u00f3venes aut\u00f3ctonos ya no quieren hacer ese trabajo. A\u00fan as\u00ed, se queja de que \u00ablos de fuera\u00bb hagan uso de los servicios p\u00fablicos, como los hospitales. <b>\u00ab\u00bfQui\u00e9n paga la factura? \u00bfEh?\u00bb, se pregunta.<\/b><\/p>\n<p class=\"paragraph text-xl pb-7 w-full text-pretty [&amp;_a]:text-link-normal dark:[&amp;_a]:text-link-dark [&amp;_a]:decoration-1 [&amp;_a:hover]:underline [&amp;_a:hover]:text-link-hover [&amp;_a:hover]:decoration-2 [&amp;_b_a]:text-link-normal dark:[&amp;_b_a]:text-link-dark [&amp;_b_a]:decoration-1 [&amp;_b_a:hover]:underline [&amp;_b_a:hover]:text-link-hover desktop:leading-relaxed break-words font-serif\" style=\"text-align: justify;\" data-original-text-size=\"text-xl\">Actualmente, no es dif\u00edcil escuchar en los bares de Espa\u00f1a una variante de esta frase: <b>\u00abLos migrantes tienen m\u00e1s ayudas que los de aqu\u00ed\u00bb<\/b>. Suena a frase de d\u00fao c\u00f3mico de los ochenta, pero, seg\u00fan una encuesta de 2024 elaborada por 40dB para <b>Grupo Prisa<\/b>, <b>tres de cada cuatro espa\u00f1oles consideran que la migraci\u00f3n satura los servicios p\u00fablicos.<\/b> Adem\u00e1s, dos de cada cuatro consideraba que los migrantes recib\u00edan demasiadas ayudas p\u00fablicas.<\/p>\n<p class=\"paragraph text-xl pb-7 w-full text-pretty [&amp;_a]:text-link-normal dark:[&amp;_a]:text-link-dark [&amp;_a]:decoration-1 [&amp;_a:hover]:underline [&amp;_a:hover]:text-link-hover [&amp;_a:hover]:decoration-2 [&amp;_b_a]:text-link-normal dark:[&amp;_b_a]:text-link-dark [&amp;_b_a]:decoration-1 [&amp;_b_a:hover]:underline [&amp;_b_a:hover]:text-link-hover desktop:leading-relaxed break-words font-serif\" style=\"text-align: justify;\" data-original-text-size=\"text-xl\">\u00abEl sistema de bienestar espa\u00f1ol es contributivo y est\u00e1 muy segmentado por clase\u00bb, explica a este peri\u00f3dico el economista Juan Iglesias, profesor de la Universidad de Comillas. Sus principales partidas son<b> las pensiones y el desempleo<\/b>, a la que se suman las inversiones en <b>educaci\u00f3n y la sanidad p\u00fablica<\/b>. Desde la crisis financiera de 2008, todas ellas han sufrido recortes. A\u00fan as\u00ed, <b>el grueso del gasto social que hace cada a\u00f1o el Estado va destinado a estas cuatro partidas, especialmente a las dos primeras<\/b>. \u00abLa poblaci\u00f3n del sur global est\u00e1 infrarrepresentada en las pensiones y la prestaci\u00f3n por desempleo\u00bb, explica Iglesias.<\/p>\n<p class=\"paragraph text-xl pb-7 w-full text-pretty [&amp;_a]:text-link-normal dark:[&amp;_a]:text-link-dark [&amp;_a]:decoration-1 [&amp;_a:hover]:underline [&amp;_a:hover]:text-link-hover [&amp;_a:hover]:decoration-2 [&amp;_b_a]:text-link-normal dark:[&amp;_b_a]:text-link-dark [&amp;_b_a]:decoration-1 [&amp;_b_a:hover]:underline [&amp;_b_a:hover]:text-link-hover desktop:leading-relaxed break-words font-serif\" style=\"text-align: justify;\" data-original-text-size=\"text-xl\">Primero, porque es una poblaci\u00f3n muy joven que todav\u00eda no se ha jubilado. En segundo lugar, porque en el caso del desempleo \u00abtiene peor trabajo, sus contribuciones son peores y reciben menos\u00bb. Por lo menos, apunta el experto, la mitad que los espa\u00f1oles. A\u00fan as\u00ed, esta poblaci\u00f3n extranjera, menor num\u00e9ricamente que la que proviene de pa\u00edses ricos, es la que tiene \u00abla tasa de poblaci\u00f3n activa m\u00e1s alta\u00bb, detalla Iglesias, por lo que \u00abla contribuci\u00f3n al Estado de bienestar es claramente mayor\u00bb. <b>\u00abEst\u00e1n aportando m\u00e1s de lo que reciben\u00bb, asegura.<\/b><\/p>\n<p class=\"paragraph text-xl pb-7 w-full text-pretty [&amp;_a]:text-link-normal dark:[&amp;_a]:text-link-dark [&amp;_a]:decoration-1 [&amp;_a:hover]:underline [&amp;_a:hover]:text-link-hover [&amp;_a:hover]:decoration-2 [&amp;_b_a]:text-link-normal dark:[&amp;_b_a]:text-link-dark [&amp;_b_a]:decoration-1 [&amp;_b_a:hover]:underline [&amp;_b_a:hover]:text-link-hover desktop:leading-relaxed break-words font-serif\" style=\"text-align: justify;\" data-original-text-size=\"text-xl\">Por su parte, los extranjeros que provienen del norte global, por lo general, no contribuyen tanto a las arcas p\u00fablicas, explica Iglesias. Pero tampoco hacen mucho uso de las prestaciones p\u00fablicas. <b>\u00abEn un barrio con brit\u00e1nicos y espa\u00f1oles no existen tantas necesidades sociales\u00bb<\/b>, razona Iglesias. Para empezar, son n\u00facleos familiares que, por su edad, no vienen con hijos menores a su cargo, por lo que no suelen hacer uso de escuelas p\u00fablicas. Adem\u00e1s, en el caso de que sus hijos necesiten acudir a un colegio, \u00abvan a escuelas concertadas o privadas\u00bb. Tambi\u00e9n acuden a colegios p\u00fablicos, a\u00f1ade, siempre que estos cuenten con buenas referencias.<\/p>\n<p class=\"paragraph text-xl pb-7 w-full text-pretty [&amp;_a]:text-link-normal dark:[&amp;_a]:text-link-dark [&amp;_a]:decoration-1 [&amp;_a:hover]:underline [&amp;_a:hover]:text-link-hover [&amp;_a:hover]:decoration-2 [&amp;_b_a]:text-link-normal dark:[&amp;_b_a]:text-link-dark [&amp;_b_a]:decoration-1 [&amp;_b_a:hover]:underline [&amp;_b_a:hover]:text-link-hover desktop:leading-relaxed break-words font-serif\" style=\"text-align: justify;\" data-original-text-size=\"text-xl\">De nuevo, <b>la cuesti\u00f3n de la clase social es fundamental para comprender la complejidad del fen\u00f3meno migratorio en Espa\u00f1a<\/b>. \u00abEn Tarrasa (Barcelona) hay colegios donde encuentras 101 nacionalidades diferentes. No puedes hacer un proyecto educativo potente si no lo dotas de recursos p\u00fablicos\u00bb, evidencia Iglesias. \u00abEs una cuesti\u00f3n de clase social\u00bb. Las ayudas que reciben las personas extranjeras vulnerables en Espa\u00f1a son las mismas que recibe cualquier ciudadano en situaci\u00f3n de vulnerabilidad.<\/p>\n<p class=\"paragraph text-xl pb-7 w-full text-pretty [&amp;_a]:text-link-normal dark:[&amp;_a]:text-link-dark [&amp;_a]:decoration-1 [&amp;_a:hover]:underline [&amp;_a:hover]:text-link-hover [&amp;_a:hover]:decoration-2 [&amp;_b_a]:text-link-normal dark:[&amp;_b_a]:text-link-dark [&amp;_b_a]:decoration-1 [&amp;_b_a:hover]:underline [&amp;_b_a:hover]:text-link-hover desktop:leading-relaxed break-words font-serif\" style=\"text-align: justify;\" data-original-text-size=\"text-xl\">En este sentido, dice\u00a0Juan Iglesias, <b>\u00ablos migrantes se han incorporado a las clases sociales m\u00e1s bajas\u00bb<\/b>. Esta poblaci\u00f3n joven, de clase trabajadora, aut\u00f3ctona o migrante, demanda servicios sociales que suponen una una m\u00ednima parte de las partidas presupuestales. Mucho menos, al menos, de lo que se destina en total a pensiones o prestaciones por desempleo, a las que apenas acceden.<\/p>\n<p class=\"paragraph text-xl pb-7 w-full text-pretty [&amp;_a]:text-link-normal dark:[&amp;_a]:text-link-dark [&amp;_a]:decoration-1 [&amp;_a:hover]:underline [&amp;_a:hover]:text-link-hover [&amp;_a:hover]:decoration-2 [&amp;_b_a]:text-link-normal dark:[&amp;_b_a]:text-link-dark [&amp;_b_a]:decoration-1 [&amp;_b_a:hover]:underline [&amp;_b_a:hover]:text-link-hover desktop:leading-relaxed break-words font-serif\" style=\"text-align: justify;\" data-original-text-size=\"text-xl\">Los partidos conservadores agitan la migraci\u00f3n frente a los ojos de sus potenciales votantes. Describen sus defectos con pasi\u00f3n, <b>hacen promesas que violan el derecho humanitario internacional<\/b> y esbozan pol\u00edticas de control demogr\u00e1fico propias de principios del siglo XX. Para encender la chispa de la indignaci\u00f3n social <b>enarbolan estos prejuicios, que en los \u00faltimos a\u00f1os han dado lugar a linchamientos y persecuciones de la poblaci\u00f3n migrante,<\/b> como\u00a0en Torre-Pacheco (Murcia) el pasado verano y en El Ejido (Almer\u00eda) a principios de siglo.<\/p>\n<p class=\"paragraph text-xl pb-7 w-full text-pretty [&amp;_a]:text-link-normal dark:[&amp;_a]:text-link-dark [&amp;_a]:decoration-1 [&amp;_a:hover]:underline [&amp;_a:hover]:text-link-hover [&amp;_a:hover]:decoration-2 [&amp;_b_a]:text-link-normal dark:[&amp;_b_a]:text-link-dark [&amp;_b_a]:decoration-1 [&amp;_b_a:hover]:underline [&amp;_b_a:hover]:text-link-hover desktop:leading-relaxed break-words font-serif\" style=\"text-align: justify;\" data-original-text-size=\"text-xl\">Mientras tejen estos relatos, la mayor parte de los bares de Espa\u00f1a son atendidos por personas de origen extranjero. En uno de ellos, al sur de Tenerife, <b>el encargado de un restaruante<\/b>, de origen ecuatoriano, recorre la sala atendindo a los turistas europeos que acuden a la isla de vacaciones. Entre mesa y mesa, <b>se detiene a hablar sobre la inmigraci\u00f3n en la isla<\/b>. Su situaci\u00f3n, dice, es relativamente buena. A\u00fan as\u00ed, subraya:\u00a0<b>\u00abLos que dicen que vienen a Espa\u00f1a y les dan 20 euros al d\u00eda no tienen ni idea\u00bb.<\/b><\/p>\n<div class=\"group-content desktop:-mx-5 mb-12 px-5 py-5 bg-warm-gray-100 dark:bg-cold-gray-700 desktop:mx-0\">\n<h2 class=\"highlighted pt-5 pb-3 font-sans font-bold text-xl2 text-balance desktop:text-pretty leading-tight break-words\" style=\"text-align: justify;\" data-original-text-size=\"text-xl2\">Metodolog\u00eda<\/h2>\n<p class=\"paragraph text-xl pb-7 w-full text-pretty [&amp;_a]:text-link-normal dark:[&amp;_a]:text-link-dark [&amp;_a]:decoration-1 [&amp;_a:hover]:underline [&amp;_a:hover]:text-link-hover [&amp;_a:hover]:decoration-2 [&amp;_b_a]:text-link-normal dark:[&amp;_b_a]:text-link-dark [&amp;_b_a]:decoration-1 [&amp;_b_a:hover]:underline [&amp;_b_a:hover]:text-link-hover desktop:leading-relaxed break-words font-serif\" style=\"text-align: justify;\" data-original-text-size=\"text-xl\"><i>P\u00fablico <\/i>ha analizado la evoluci\u00f3n de la poblaci\u00f3n extranjera en los municipios de m\u00e1s de 10.000 habitantes de Espa\u00f1a entre 2014 y 2023. Esta informaci\u00f3n se ha puesto en relaci\u00f3n con la poblaci\u00f3n de nacionalidad espa\u00f1ola censada en cada uno de estos municipios.\u00a0<\/p>\n<p class=\"paragraph text-xl pb-7 w-full text-pretty [&amp;_a]:text-link-normal dark:[&amp;_a]:text-link-dark [&amp;_a]:decoration-1 [&amp;_a:hover]:underline [&amp;_a:hover]:text-link-hover [&amp;_a:hover]:decoration-2 [&amp;_b_a]:text-link-normal dark:[&amp;_b_a]:text-link-dark [&amp;_b_a]:decoration-1 [&amp;_b_a:hover]:underline [&amp;_b_a:hover]:text-link-hover desktop:leading-relaxed break-words font-serif\" style=\"text-align: justify;\" data-original-text-size=\"text-xl\">Adem\u00e1s, se han revisado las variaciones del gasto municipal destinado a servicios sociales en 2014 y 2023, disponible en el c\u00f3digo de funci\u00f3n consolidado 23 de los presupuestos liquidados para cada uno de esos a\u00f1os, recopilados por el Ministerio de Hacienda. En concreto, se han analizado los cuatro cap\u00edtulos m\u00e1s relevantes de esta partida, ya que constituyen su grueso y aparecen de forma m\u00e1s o menos constante cada a\u00f1o. Estos son: el Cap\u00edtulo I. Gasto de personal; el Cap\u00edtulo II. Bienes corrientes y servicios (donde se incluye la prestaci\u00f3n de servicios externos); el Cap\u00edtulo IV. Transferencias corrientes (donde se integran las subvenciones, entre otras cuestiones); y el Cap\u00edtulo VI. Inversiones reales (como la adquisici\u00f3n de material).<\/p>\n<p class=\"paragraph text-xl pb-7 w-full text-pretty [&amp;_a]:text-link-normal dark:[&amp;_a]:text-link-dark [&amp;_a]:decoration-1 [&amp;_a:hover]:underline [&amp;_a:hover]:text-link-hover [&amp;_a:hover]:decoration-2 [&amp;_b_a]:text-link-normal dark:[&amp;_b_a]:text-link-dark [&amp;_b_a]:decoration-1 [&amp;_b_a:hover]:underline [&amp;_b_a:hover]:text-link-hover desktop:leading-relaxed break-words font-serif\" style=\"text-align: justify;\" data-original-text-size=\"text-xl\">Para hacer estas cantidades comparables y ajustarlas al valor del dinero actual, se han actualizado seg\u00fan la inflaci\u00f3n de agosto de 2025, \u00faltimo dato disponible en el momento del an\u00e1lisis. Esta informaci\u00f3n tambi\u00e9n se ha cruzado con la ratio de m\u00e9dicos de cabecera por municipio, disponible en la base de datos del Sistema de Informaci\u00f3n de Atenci\u00f3n Primaria (SIAP).<\/p>\n<p class=\"paragraph text-xl pb-7 w-full text-pretty [&amp;_a]:text-link-normal dark:[&amp;_a]:text-link-dark [&amp;_a]:decoration-1 [&amp;_a:hover]:underline [&amp;_a:hover]:text-link-hover [&amp;_a:hover]:decoration-2 [&amp;_b_a]:text-link-normal dark:[&amp;_b_a]:text-link-dark [&amp;_b_a]:decoration-1 [&amp;_b_a:hover]:underline [&amp;_b_a:hover]:text-link-hover desktop:leading-relaxed break-words font-serif\" style=\"text-align: justify;\" data-original-text-size=\"text-xl\">Por \u00faltimo, se han visitado los municipios de Rojales y Almorad\u00ed (Alicante), Adeje y Granadilla de Abona (isla de Tenerife) y Roquetas de Mar y N\u00edjar (Almer\u00eda). La elecci\u00f3n de estas localidades se realiz\u00f3 teniendo en cuenta variables como el porcentaje de poblaci\u00f3n extranjera, la procedencia (para abarcar pa\u00edses del norte y del sur global) y la renta media (para observar la situaci\u00f3n en municipios con mayor y menor renta).<\/p>\n<p class=\"paragraph text-xl pb-7 w-full text-pretty [&amp;_a]:text-link-normal dark:[&amp;_a]:text-link-dark [&amp;_a]:decoration-1 [&amp;_a:hover]:underline [&amp;_a:hover]:text-link-hover [&amp;_a:hover]:decoration-2 [&amp;_b_a]:text-link-normal dark:[&amp;_b_a]:text-link-dark [&amp;_b_a]:decoration-1 [&amp;_b_a:hover]:underline [&amp;_b_a:hover]:text-link-hover desktop:leading-relaxed break-words font-serif\" style=\"text-align: justify;\" data-original-text-size=\"text-xl\">Para este trabajo, se han considerado pa\u00edses del norte global a Canad\u00e1, Estados Unidos, el norte, occidente, centro y sur de Europa, Rusia y otros pa\u00edses de Europa y Ocean\u00eda. Por contraposici\u00f3n, se han considerado pa\u00edses del sur global a M\u00e9xico y los del centro y sur del continente americano, as\u00ed como los pa\u00edses de \u00c1frica, del este de Europa, Oriente Medio, la India y China. Esta clasificaci\u00f3n es una generalizaci\u00f3n basada en la llamada\u00a0\u00abl\u00ednea Brandt\u00bb, elaborada en 1980 por el entonces canciller de la Alemania Occidental, Willy Brandt, que diferenciaba entre los pa\u00edses del mundo con alto desarrollo econ\u00f3mico y los que no lo ten\u00edan. Aunque desactualizada y con excepciones, esta clasificaci\u00f3n tambi\u00e9n refleja las divisiones raciales y de influencia cultural de una parte del mundo sobre otra.<\/p>\n<p class=\"paragraph text-xl pb-7 w-full text-pretty [&amp;_a]:text-link-normal dark:[&amp;_a]:text-link-dark [&amp;_a]:decoration-1 [&amp;_a:hover]:underline [&amp;_a:hover]:text-link-hover [&amp;_a:hover]:decoration-2 [&amp;_b_a]:text-link-normal dark:[&amp;_b_a]:text-link-dark [&amp;_b_a]:decoration-1 [&amp;_b_a:hover]:underline [&amp;_b_a:hover]:text-link-hover desktop:leading-relaxed break-words font-serif\" style=\"text-align: justify;\" data-original-text-size=\"text-xl\">Este reportaje forma parte de la investigaci\u00f3n <b>Landscapes of Change<\/b>, coordinada por el medio malt\u00e9s <b>Amphora Media<\/b> y desarrollada gracias al apoyo de<b> Journalism Fund Europe<\/b>.<\/p>\n<p class=\"paragraph text-xl pb-7 w-full text-pretty [&amp;_a]:text-link-normal dark:[&amp;_a]:text-link-dark [&amp;_a]:decoration-1 [&amp;_a:hover]:underline [&amp;_a:hover]:text-link-hover [&amp;_a:hover]:decoration-2 [&amp;_b_a]:text-link-normal dark:[&amp;_b_a]:text-link-dark [&amp;_b_a]:decoration-1 [&amp;_b_a:hover]:underline [&amp;_b_a:hover]:text-link-hover desktop:leading-relaxed break-words font-serif\" style=\"text-align: justify;\" data-original-text-size=\"text-xl\">Si tienes cualquier duda sobre esta investigaci\u00f3n nos puedes escribir a investigacionydatos@publico.es.<\/p>\n<p class=\"author-name text-lg pb-1 font-bold text-warm-gray-600 dark:text-cold-gray-400\" data-original-text-size=\"text-lg\"><a title=\"Listado de noticias de Emilia G. Morales\" href=\"https:\/\/www.publico.es\/author\/emilia-g-morales\">Emilia G. Morales\u00a0<\/a>Redactora en la secci\u00f3n de datos e investigaci\u00f3n de P\u00fablico.<\/p>\n<p data-original-text-size=\"text-lg\">\u00a0<\/p>\n<\/div>\n<\/div>\n<\/div>\n","protected":false},"excerpt":{"rendered":"<p>No sobran migrantes, falta inversi\u00f3n: las administraciones recortan all\u00ed donde m\u00e1s se necesitan servicios p\u00fablicos&#8230;<\/p>\n","protected":false},"author":1,"featured_media":81601,"comment_status":"closed","ping_status":"closed","sticky":false,"template":"","format":"standard","meta":{"_coblocks_attr":"","_coblocks_dimensions":"","_coblocks_responsive_height":"","_coblocks_accordion_ie_support":"","jetpack_post_was_ever_published":false,"_jetpack_newsletter_access":"","_jetpack_dont_email_post_to_subs":false,"_jetpack_newsletter_tier_id":0,"_jetpack_memberships_contains_paywalled_content":false,"_jetpack_memberships_contains_paid_content":false,"footnotes":"","jetpack_publicize_message":"","jetpack_publicize_feature_enabled":true,"jetpack_social_post_already_shared":true,"jetpack_social_options":{"image_generator_settings":{"template":"highway","default_image_id":0,"enabled":false},"version":2}},"categories":[10797,1161,44,7671],"tags":[],"class_list":["post-81596","post","type-post","status-publish","format-standard","has-post-thumbnail","hentry","category-ciencia","category-ciudadania","category-noticias-de-hoy","category-politica"],"jetpack_publicize_connections":[],"jetpack_featured_media_url":"https:\/\/i0.wp.com\/miradordeatarfe.es\/wp-content\/uploads\/2026\/01\/68e38434870e8.jpeg?fit=990%2C557&ssl=1","jetpack_likes_enabled":true,"jetpack_sharing_enabled":true,"_links":{"self":[{"href":"https:\/\/miradordeatarfe.es\/index.php?rest_route=\/wp\/v2\/posts\/81596","targetHints":{"allow":["GET"]}}],"collection":[{"href":"https:\/\/miradordeatarfe.es\/index.php?rest_route=\/wp\/v2\/posts"}],"about":[{"href":"https:\/\/miradordeatarfe.es\/index.php?rest_route=\/wp\/v2\/types\/post"}],"author":[{"embeddable":true,"href":"https:\/\/miradordeatarfe.es\/index.php?rest_route=\/wp\/v2\/users\/1"}],"replies":[{"embeddable":true,"href":"https:\/\/miradordeatarfe.es\/index.php?rest_route=%2Fwp%2Fv2%2Fcomments&post=81596"}],"version-history":[{"count":1,"href":"https:\/\/miradordeatarfe.es\/index.php?rest_route=\/wp\/v2\/posts\/81596\/revisions"}],"predecessor-version":[{"id":81602,"href":"https:\/\/miradordeatarfe.es\/index.php?rest_route=\/wp\/v2\/posts\/81596\/revisions\/81602"}],"wp:featuredmedia":[{"embeddable":true,"href":"https:\/\/miradordeatarfe.es\/index.php?rest_route=\/wp\/v2\/media\/81601"}],"wp:attachment":[{"href":"https:\/\/miradordeatarfe.es\/index.php?rest_route=%2Fwp%2Fv2%2Fmedia&parent=81596"}],"wp:term":[{"taxonomy":"category","embeddable":true,"href":"https:\/\/miradordeatarfe.es\/index.php?rest_route=%2Fwp%2Fv2%2Fcategories&post=81596"},{"taxonomy":"post_tag","embeddable":true,"href":"https:\/\/miradordeatarfe.es\/index.php?rest_route=%2Fwp%2Fv2%2Ftags&post=81596"}],"curies":[{"name":"wp","href":"https:\/\/api.w.org\/{rel}","templated":true}]}}