{"id":81603,"date":"2026-02-02T09:39:00","date_gmt":"2026-02-02T08:39:00","guid":{"rendered":"https:\/\/miradordeatarfe.es\/?p=81603"},"modified":"2026-02-02T11:50:09","modified_gmt":"2026-02-02T10:50:09","slug":"por-que-recordamos-algunos-momentos-de-la-vida-y-otros-no","status":"publish","type":"post","link":"https:\/\/miradordeatarfe.es\/?p=81603","title":{"rendered":"\u00bfPor qu\u00e9 recordamos algunos momentos de la vida y otros no?"},"content":{"rendered":"<div class=\"row row-central\">\n<div class=\"col-xs-4 col-sm-4 col-md-4 col-lg-4\">\n<div class=\"csl-inner csl-hot\">\n<div class=\"article-top open \">\n<div class=\"element element--text\">\n<h2 class=\"subtitle\" style=\"text-align: justify;\">Un estudio explica c\u00f3mo funciona la memoria y la retenci\u00f3n de recuerdos proactivos y retroactivos<\/h2>\n<\/div>\n<div class=\"element element--image\" style=\"text-align: justify;\">\n<figure class=\"article-figure\"><picture><source srcset=\"https:\/\/www.65ymas.com\/uploads\/s1\/22\/39\/96\/6\/bigstock-looking-at-photos-88149131_1_621x621.jpeg\" media=\"(min-width:0px)\" \/><\/picture><\/figure>\n<\/div>\n<\/div>\n<\/div>\n<\/div>\n<\/div>\n<div class=\"row row-central row-central--flex\">\n<div class=\"col-xs-4 col-sm-4 col-md-2 col-lg-2 left-column\">\n<div class=\"csl-inner csl-hot\">\n<div class=\"content-article \">\n<div class=\"body-article\">\n<p style=\"text-align: justify;\">Hay <strong>recuerdos que se desvanecen <\/strong>como un sue\u00f1o al despertar, mientras <strong>otros permanecen intactos en la memoria<\/strong>, n\u00edtidos incluso con el paso de los a\u00f1os. <strong>\u00bfPor qu\u00e9 nuestro cerebro elige guardar ciertos momentos con todo detalle<\/strong> y relegar otros a un rinc\u00f3n borroso?<\/p>\n<p style=\"text-align: justify;\">Un nuevo estudio de la Universidad de Boston (Estados Unidos) tiene una posible respuesta a por qu\u00e9 tenemos <strong>recuerdos ricos en detalles<\/strong> y otros como bocetos descoloridos. El trabajo, <a title=\"publicado en 'Science Advances'\" href=\"https:\/\/www.science.org\/doi\/10.1126\/sciadv.ady1704\" target=\"_blank\" rel=\"nofollow noopener\" data-external=\"1\">publicado en &#8216;Science Advances&#8217;<\/a> sugiere que <strong>los recuerdos de momentos cotidianos adquieren mayor fuerza si se conectan con un evento significativo<\/strong>: algo sorprendente, gratificante o con un gran impacto emocional.<\/p>\n<p style=\"text-align: justify;\">Los hallazgos podr\u00edan conducir a <strong>mejores tratamientos para personas con problemas de memoria<\/strong> o incluso ayudar a los estudiantes a retener conceptos complejos. \u00abLa memoria no es solo un dispositivo de registro pasivo: <strong>nuestro cerebro decide qu\u00e9 importa<\/strong>, y los eventos emocionales\u00a0<strong>pueden retroceder en el tiempo<\/strong>\u00a0para estabilizar recuerdos fr\u00e1giles\u00bb, puntualiza Robert MG Reinhart , profesor asociado de psicolog\u00eda y neurociencias de la Facultad de Artes y Ciencias de la Universidad de Boston.<\/p>\n<figure class=\"article-image\" style=\"text-align: justify;\" data-ck-asset-wrapper=\"\">\n<div id=\"standard_1\" class=\"st-placement standard_1 inImage\">\n<div class=\"st-adunit st-adunit-tagged st-reset st-show\">\u00a0<\/div>\n<\/div>\n<p><img data-recalc-dims=\"1\" loading=\"lazy\" decoding=\"async\" title=\"Un suplemento natural mejorar\u00eda la memoria da\u00f1ada por una dieta rica en grasas\" src=\"https:\/\/i0.wp.com\/www.65ymas.com\/uploads\/s1\/21\/19\/44\/2\/bigstock-health-old-age-and-people-con-421513475_6_928x621.jpeg?resize=640%2C428&#038;ssl=1\" alt=\"Un suplemento natural mejorar\u00eda la memoria da\u00f1ada por una dieta rica en grasas\" width=\"640\" height=\"428\" data-id=\"2119435\" data-resize=\"6\" \/><\/figure>\n<address>Fuente: Bigstock<\/address>\n<h3 style=\"text-align: justify;\">Los eventos emocionales se quedan en nuestra memoria<\/h3>\n<p style=\"text-align: justify;\">\u00abDesarrollar<strong> estrategias para fortalecer los recuerdos \u00fatiles <\/strong>o debilitar los da\u00f1inos es un objetivo de larga data en la <a title=\"Descubren que ver series en marat\u00f3n perjudica la memoria y la atenci\u00f3n\" href=\"https:\/\/www.65ymas.com\/salud\/descubren-ver-series-en-maraton-perjudica-memoria-atencion_74396_102.html\" target=\"_self\" rel=\"follow\" data-external=\"0\" data-intl-links-es=\"https:\/\/www.65ymas.com\/salud\/descubren-ver-series-en-maraton-perjudica-memoria-atencion_74396_102.html\">neurociencia cognitiva<\/a>. Nuestro estudio sugiere que<strong> la relevancia emocional podr\u00eda aprovecharse <\/strong>de maneras precisas para lograr esos objetivos\u00bb, explican los expertos.\u00a0Si bien la mayor\u00eda sabemos que l<strong>os momentos especiales ocupan un lugar privilegiado en nuestra memoria<\/strong>, los investigadores han mostrado discrepancia respecto a los conceptos conocidos como <strong>mejora retroactiva y proactiva<\/strong> de la memoria: la priorizaci\u00f3n de los recuerdos inmediatamente anteriores o posteriores a un evento importante o relevante. Adem\u00e1s, <strong>estudios previos han discrepado sobre si los recuerdos m\u00e1s d\u00e9biles se estabilizan o se vuelven m\u00e1s f\u00e1ciles de recordar <\/strong>al vincularlos a uno m\u00e1s prominente.<\/p>\n<p style=\"text-align: justify;\">Reinhart afirma que el \u00faltimo proyecto, que incluy\u00f3 a cerca de<strong> 650 participantes, diez estudios individuales y el uso de inteligencia artificial<\/strong> para analizar un conjunto m\u00e1s amplio de datos, es el primero en <strong>demostrar definitivamente que la memoria mejora<\/strong>. Una diferencia importante con estudios anteriores: descubrieron que <strong>el cerebro utiliza una escala m\u00f3vil para decidir qu\u00e9 recuerdos preservar<\/strong>.<\/p>\n<h3 style=\"text-align: justify;\">Diferencias entre los recuerdos proactivos y los retroactivos<\/h3>\n<p style=\"text-align: justify;\">Muchos de los experimentos del equipo consistieron en <strong>mostrar a los participantes docenas de im\u00e1genes<\/strong>, asociadas a diferentes niveles de recompensa, y luego someterlos a una prueba de <a title=\"Investigadores descubren un gen que controla la memoria y el aprendizaje\" href=\"https:\/\/www.65ymas.com\/salud\/investigadores-descubren-gen-controla-memoria-aprendizaje_73940_102.html\" target=\"_self\" rel=\"follow\" data-external=\"0\" data-intl-links-es=\"https:\/\/www.65ymas.com\/salud\/investigadores-descubren-gen-controla-memoria-aprendizaje_73940_102.html\">memoria<\/a> sorpresa al d\u00eda siguiente. En el caso de los <strong>acontecimientos posteriores a un evento (recuerdos proactivos)<\/strong>, la intensidad del recuerdo parec\u00eda <strong>depender del impacto emocional del momento crucial<\/strong>: cuanto m\u00e1s perdurable era el evento m\u00e1s relevante, m\u00e1s probable era recordar todo lo posterior.<\/p>\n<figure class=\"article-image\" style=\"text-align: justify;\" data-ck-asset-wrapper=\"\"><img data-recalc-dims=\"1\" loading=\"lazy\" decoding=\"async\" title=\"Pensar demasiado en la felicidad puede ser &quot;contraproducente&quot; para la salud mental (foto: bigstock) \" src=\"https:\/\/i0.wp.com\/www.65ymas.com\/uploads\/s1\/74\/50\/09\/bigstock-happy-old-couple-dancing-in-pa-390519233_6_928x621.jpeg?resize=640%2C428&#038;ssl=1\" alt=\"Pensar demasiado en la felicidad puede ser &quot;contraproducente&quot; para la salud mental (foto: bigstock) \" width=\"640\" height=\"428\" data-id=\"745002\" data-resize=\"6\" \/><\/figure>\n<address>Fuente: Bigstock<\/address>\n<p style=\"text-align: justify;\">Esto no se aplicaba al recordar los<strong> acontecimientos previos (recuerdos retroactivos)<\/strong>. Era m\u00e1s probable que se consolidaran <strong>si presentaban similitudes<\/strong> (quiz\u00e1s una pista visual, como un color coincidente) que las conectara con el evento crucial. Seg\u00fan Reinhart, se trata de la primera validaci\u00f3n en humanos de la <strong>\u00abpriorizaci\u00f3n gradual, un nuevo principio de c\u00f3mo el cerebro consolida las experiencias cotidianas\u00bb<\/strong>.<\/p>\n<p style=\"text-align: justify;\">Los investigadores tambi\u00e9n descubrieron que, <strong>si alg\u00fan recuerdo secundario ten\u00eda en s\u00ed mismo peso emocional, el efecto de mejora de la memoria se reduc\u00eda<\/strong>. \u00abEl cerebro parece<strong> priorizar los recuerdos fr\u00e1giles<\/strong> que, de otro modo, se perder\u00edan\u00bb, puntualiza Reinhart, quien ha publicado una serie de art\u00edculos muy citados sobre el <a title=\"La microbiota modula el impacto positivo del ejercicio f\u00edsico moderado sobre la memoria\" href=\"https:\/\/www.65ymas.com\/salud\/microbiota-modula-impacto-positivo-ejercicio-fisico-moderado-sobre-memoria_73989_102.html\" target=\"_self\" rel=\"follow\" data-external=\"0\" data-intl-links-es=\"https:\/\/www.65ymas.com\/salud\/microbiota-modula-impacto-positivo-ejercicio-fisico-moderado-sobre-memoria_73989_102.html\">funcionamiento de la memoria<\/a>.<\/p>\n<p style=\"text-align: justify;\">Aunque el \u00faltimo estudio se centr\u00f3 en <strong>descubrir un mecanismo b\u00e1sico que gu\u00eda c\u00f3mo se codifican los recuerdos<\/strong>, Reinhart dice que el trabajo podr\u00eda <strong>sentar las bases para futuros estudios e intervenciones cl\u00ednicas <\/strong>y de otro tipo en el mundo real. \u00abEl descubrimiento tiene amplias implicaciones tanto para la teor\u00eda como para la pr\u00e1ctica\u00bb, comenta Reinhart. \u00ab<strong>En educaci\u00f3n, combinar material emocionalmente atractivo con conceptos fr\u00e1giles podr\u00eda mejorar la retenci\u00f3n<\/strong>. En el \u00e1mbito cl\u00ednico, podr\u00edamos rescatar recuerdos d\u00e9biles, muy rec\u00f3nditos de nuestra mente debido al envejecimiento normal, por ejemplo. Tambi\u00e9n se puede<strong> invertir la situaci\u00f3n para personas con trastornos relacionados con traumas<\/strong>; quiz\u00e1s no se desee rescatar un recuerdo angustiante\u00bb, concluye el investigador.<\/p>\n<p>&nbsp;<\/p>\n<\/div>\n<\/div>\n<\/div>\n<\/div>\n<\/div>\n","protected":false},"excerpt":{"rendered":"<p>Un estudio explica c\u00f3mo funciona la memoria y la retenci\u00f3n de recuerdos proactivos y retroactivos&#8230;<\/p>\n","protected":false},"author":1,"featured_media":81604,"comment_status":"closed","ping_status":"closed","sticky":false,"template":"","format":"standard","meta":{"_coblocks_attr":"","_coblocks_dimensions":"","_coblocks_responsive_height":"","_coblocks_accordion_ie_support":"","jetpack_post_was_ever_published":false,"_jetpack_newsletter_access":"","_jetpack_dont_email_post_to_subs":false,"_jetpack_newsletter_tier_id":0,"_jetpack_memberships_contains_paywalled_content":false,"_jetpack_memberships_contains_paid_content":false,"footnotes":"","jetpack_publicize_message":"","jetpack_publicize_feature_enabled":true,"jetpack_social_post_already_shared":true,"jetpack_social_options":{"image_generator_settings":{"template":"highway","default_image_id":0,"enabled":false},"version":2}},"categories":[10797,1161,186,44,10],"tags":[],"class_list":["post-81603","post","type-post","status-publish","format-standard","has-post-thumbnail","hentry","category-ciencia","category-ciudadania","category-instituciones","category-noticias-de-hoy","category-salud"],"jetpack_publicize_connections":[],"jetpack_featured_media_url":"https:\/\/i0.wp.com\/miradordeatarfe.es\/wp-content\/uploads\/2026\/01\/bigstock-looking-at-photos-88149131_1_621x621.jpeg?fit=621%2C621&ssl=1","jetpack_likes_enabled":true,"jetpack_sharing_enabled":true,"_links":{"self":[{"href":"https:\/\/miradordeatarfe.es\/index.php?rest_route=\/wp\/v2\/posts\/81603","targetHints":{"allow":["GET"]}}],"collection":[{"href":"https:\/\/miradordeatarfe.es\/index.php?rest_route=\/wp\/v2\/posts"}],"about":[{"href":"https:\/\/miradordeatarfe.es\/index.php?rest_route=\/wp\/v2\/types\/post"}],"author":[{"embeddable":true,"href":"https:\/\/miradordeatarfe.es\/index.php?rest_route=\/wp\/v2\/users\/1"}],"replies":[{"embeddable":true,"href":"https:\/\/miradordeatarfe.es\/index.php?rest_route=%2Fwp%2Fv2%2Fcomments&post=81603"}],"version-history":[{"count":1,"href":"https:\/\/miradordeatarfe.es\/index.php?rest_route=\/wp\/v2\/posts\/81603\/revisions"}],"predecessor-version":[{"id":81605,"href":"https:\/\/miradordeatarfe.es\/index.php?rest_route=\/wp\/v2\/posts\/81603\/revisions\/81605"}],"wp:featuredmedia":[{"embeddable":true,"href":"https:\/\/miradordeatarfe.es\/index.php?rest_route=\/wp\/v2\/media\/81604"}],"wp:attachment":[{"href":"https:\/\/miradordeatarfe.es\/index.php?rest_route=%2Fwp%2Fv2%2Fmedia&parent=81603"}],"wp:term":[{"taxonomy":"category","embeddable":true,"href":"https:\/\/miradordeatarfe.es\/index.php?rest_route=%2Fwp%2Fv2%2Fcategories&post=81603"},{"taxonomy":"post_tag","embeddable":true,"href":"https:\/\/miradordeatarfe.es\/index.php?rest_route=%2Fwp%2Fv2%2Ftags&post=81603"}],"curies":[{"name":"wp","href":"https:\/\/api.w.org\/{rel}","templated":true}]}}