{"id":8161,"date":"2016-04-23T09:15:24","date_gmt":"2016-04-23T09:15:24","guid":{"rendered":"http:\/\/miradordeatarfe.es\/?p=8161"},"modified":"2016-04-23T09:20:28","modified_gmt":"2016-04-23T09:20:28","slug":"atarfe-certamen-de-lectura-y-poesia","status":"publish","type":"post","link":"https:\/\/miradordeatarfe.es\/?p=8161","title":{"rendered":"ATARFE: Certamen de Lectura y Poes\u00eda"},"content":{"rendered":"<ul>\n<li><b>Lugar<\/b>: Centro Cultural Medina Elvira de Atarfe.\u00a0<b>D\u00edas<\/b>: <strong>Lunes 25 y martes 26 de abri<\/strong>l, 2016, por la ma\u00f1ana.\u00a0Cervantes vive en Atarfe<\/li>\n<\/ul>\n<p><!--more--><\/p>\n<p align=\"center\">\u00a0\u00a0La Fundaci\u00f3n SIERRA ELVIRA DE ATARFE en su promoci\u00f3n cultural quiere potenciar la lectura de prosa y declamaci\u00f3n po\u00e9tica, en general la oralidad en sus diversas manifestaciones y coorganiza con los CEIP Atalaya, Clara Campoamor, Fernando de los R\u00edos, Medina Elvira y colegio SAFA, este certamen.<\/p>\n<p>El lunes 25 habr\u00e1 dos sesiones:<\/p>\n<ul>\n<li>10 a 11h, alumnos de Infantil de los colegios Atalaya, Medina Elvira y SAFA<\/li>\n<li>12 a 13h, alumnos del ciclo 1\u00ba de EP de los colegios Atalaya, Clara Campoamor, Medina Elvira y SAFA<\/li>\n<\/ul>\n<p>El martes 26 habr\u00e1 tres sesiones:<\/p>\n<ul>\n<li>10 a 11h, alumnos de infantil de los colegios Fernando de los R\u00edos y Clara Campoamor, y de EP (1\u00ba) del Fernando de los R\u00edos<\/li>\n<li>11:30 a 12:30h, ciclo 2\u00ba de EP de todos los centros participantes<\/li>\n<li>12:45 a 13:45h, ciclo 3\u00ba de EP de todos los centros participantes<\/li>\n<\/ul>\n<p>Temas y modos de actuaci\u00f3n:<br \/>\nlectura de prosa, declamaci\u00f3n de poes\u00eda, peque\u00f1as representaciones, canciones, etc., todas ellas de autores de lengua espa\u00f1ola.<\/p>\n<p>Como reconocimiento al esfuerzo y organizaci\u00f3n realizada por los colegios y alumnos, la Fundaci\u00f3n donar\u00e1 libros para las respectivas bibliotecas de los centros acorde con las l\u00edneas\/ n\u00ba total de alumnos que tenga cada uno.<\/p>\n<p align=\"right\"><b>Colaborador:<\/b> Ayuntamiento de Atarfe, Concejal\u00eda de Educaci\u00f3n y Cultura<\/p>\n","protected":false},"excerpt":{"rendered":"<p>Lugar: Centro Cultural Medina Elvira de Atarfe.\u00a0D\u00edas: Lunes 25 y martes 26 de abril, 2016,&#8230;<\/p>\n","protected":false},"author":1,"featured_media":8162,"comment_status":"closed","ping_status":"closed","sticky":false,"template":"","format":"standard","meta":{"_coblocks_attr":"","_coblocks_dimensions":"","_coblocks_responsive_height":"","_coblocks_accordion_ie_support":"","jetpack_post_was_ever_published":false,"_jetpack_newsletter_access":"","_jetpack_dont_email_post_to_subs":false,"_jetpack_newsletter_tier_id":0,"_jetpack_memberships_contains_paywalled_content":false,"_jetpack_memberships_contains_paid_content":false,"footnotes":"","jetpack_publicize_message":"","jetpack_publicize_feature_enabled":true,"jetpack_social_post_already_shared":false,"jetpack_social_options":{"image_generator_settings":{"template":"highway","default_image_id":0,"enabled":false},"version":2}},"categories":[2,12,44,15],"tags":[526,2174,27],"class_list":["post-8161","post","type-post","status-publish","format-standard","has-post-thumbnail","hentry","category-atarfe","category-cultura","category-noticias-de-hoy","category-ultimas-noticias","tag-centros-educativos","tag-cervantes","tag-educacion"],"jetpack_publicize_connections":[],"jetpack_featured_media_url":"https:\/\/i0.wp.com\/miradordeatarfe.es\/wp-content\/uploads\/2016\/04\/venta.jpg?fit=541%2C231&ssl=1","jetpack_likes_enabled":true,"jetpack_sharing_enabled":true,"_links":{"self":[{"href":"https:\/\/miradordeatarfe.es\/index.php?rest_route=\/wp\/v2\/posts\/8161","targetHints":{"allow":["GET"]}}],"collection":[{"href":"https:\/\/miradordeatarfe.es\/index.php?rest_route=\/wp\/v2\/posts"}],"about":[{"href":"https:\/\/miradordeatarfe.es\/index.php?rest_route=\/wp\/v2\/types\/post"}],"author":[{"embeddable":true,"href":"https:\/\/miradordeatarfe.es\/index.php?rest_route=\/wp\/v2\/users\/1"}],"replies":[{"embeddable":true,"href":"https:\/\/miradordeatarfe.es\/index.php?rest_route=%2Fwp%2Fv2%2Fcomments&post=8161"}],"version-history":[{"count":2,"href":"https:\/\/miradordeatarfe.es\/index.php?rest_route=\/wp\/v2\/posts\/8161\/revisions"}],"predecessor-version":[{"id":8285,"href":"https:\/\/miradordeatarfe.es\/index.php?rest_route=\/wp\/v2\/posts\/8161\/revisions\/8285"}],"wp:featuredmedia":[{"embeddable":true,"href":"https:\/\/miradordeatarfe.es\/index.php?rest_route=\/wp\/v2\/media\/8162"}],"wp:attachment":[{"href":"https:\/\/miradordeatarfe.es\/index.php?rest_route=%2Fwp%2Fv2%2Fmedia&parent=8161"}],"wp:term":[{"taxonomy":"category","embeddable":true,"href":"https:\/\/miradordeatarfe.es\/index.php?rest_route=%2Fwp%2Fv2%2Fcategories&post=8161"},{"taxonomy":"post_tag","embeddable":true,"href":"https:\/\/miradordeatarfe.es\/index.php?rest_route=%2Fwp%2Fv2%2Ftags&post=8161"}],"curies":[{"name":"wp","href":"https:\/\/api.w.org\/{rel}","templated":true}]}}