{"id":81617,"date":"2026-01-25T10:36:35","date_gmt":"2026-01-25T09:36:35","guid":{"rendered":"https:\/\/miradordeatarfe.es\/?p=81617"},"modified":"2026-01-24T14:05:31","modified_gmt":"2026-01-24T13:05:31","slug":"nerea-y-martina-y-el-latido-de-las-mariposas","status":"publish","type":"post","link":"https:\/\/miradordeatarfe.es\/?p=81617","title":{"rendered":"NEREA Y MARTINA Y EL LATIDO DE LAS MARIPOSAS"},"content":{"rendered":"<h3>El Proyecto El Latidos de las Mariposas depende de nuestra actitud, mantiene la tarea de\u00a0tejer mariposas de la Fase I, pero se propone avanzar en la Fase II y III.<\/h3>\n<p>Es un Proyecto que surge del Consejo Provincial de Igualdad entre Mujeres y Hombres de\u00a0la Diputaci\u00f3n de Granada, en colaboraci\u00f3n con la Concejal\u00eda de Igualdad del\u00a0Ayuntamiento de Granada.<\/p>\n<p>Se trata de desarrollar todos y cada uno de los valores recogidos en el libro \u201cEl Latido de\u00a0las Mariposas Depende de Nuestra Actitud\u201d a trav\u00e9s de la reproducci\u00f3n (tejida o\u00a0mediante otras manifestaciones art\u00edsticas) de los elementos de cada Valor y la\u00a0elaboraci\u00f3n de una \u201cPropuesta de Actividades\u201d, para desarrollo e implementaci\u00f3n por\u00a0parte de AA.MM. y otros colectivos adheridos al Proyecto de lucha contra la Violencia de\u00a0G\u00e9nero y la Violencia Vicaria y de los Centros Educativos a los que se les hizo entrega del\u00a0Libro en 2024 en la Fase I.<\/p>\n<p>Dentro de la FASE III, como uno de los proyectos \u201cestrella\u201d, y aprovechando toda la\u00a0experiencia atesorada por las actividades realizadas en las tres fases anteriores, abre sus\u00a0puertas la Sala de Exposiciones de la Casa de Mariana de Pineda <strong>desde el 19 de enero\u00a0de 2026<\/strong>, la<b> II Exposici\u00f3n de el Latido de las Mariposas 2026, que podr\u00e1 ser visitada\u00a0<\/b><b>hasta el 5\/02\/2026. <\/b><\/p>\n<p>Dicha Exposici\u00f3n cuenta con la colaboraci\u00f3n de varias AA.MM. que participaron en la\u00a0Exposici\u00f3n de 2024, y que han elaborado materiales relacionados con cada uno de los\u00a0VALORES contemplados en el Libro. Al igual que en la edici\u00f3n anterior, participar\u00e1n, otras\u00a0AA.MM. de la provincia con materiales ya sean tejidos, pintados etc siempre relacionados\u00a0con el contenido del Libro \u201cEl latido de las Mariposas depende de nuestra actitud\u201d.<\/p>\n<h3><b>Los 6 VALORES mencionados son los siguientes: <\/b><\/h3>\n<p>1-Colaboraci\u00f3n.<\/p>\n<p>2-Actitud.<\/p>\n<p>3-Empat\u00eda:.<\/p>\n<p>4-Tolerancia.<\/p>\n<p>5-Igualdad.<\/p>\n<p>6-Respeto.<\/p>\n<h3><b>Las AA.MM. encargadas son las siguientes: <\/b><\/h3>\n<p>-A.M. REMPUJA. Pampaneira.<\/p>\n<p>-A.M. Mercedes Salinas. Jun.<\/p>\n<p>-A.M. Alameda del sur. Dehesas Viejas.<\/p>\n<p>-A.M. Sanaylup. Pulianas.<\/p>\n<p>-AMEFA. Albolote.<\/p>\n<p>-A.M. La Huerta. Cullar Vega.<\/p>\n<p>-A.M. Ecu\u00e1nime. V\u00e9lez Benaudalla.<\/p>\n<p>-A.M. Chimene\u00edlla. Pedro Mart\u00ednez<\/p>\n<p>-C.M.I.M. Mujeres Tejedoras &#8211; Guadix<\/p>\n<p><b>-Montaje a cargo de las siguientes Asociaciones: <\/b><\/p>\n<p>-AMEFA. Albolote.<\/p>\n<p>-A.M. Psicolog\u00eda Feminista. Granada.<\/p>\n<p>-Colectivo Independiente de Mujeres. Granada.<\/p>\n<h2><span style=\"color: #800000;\">EL D\u00cdA 30 A LAS 17HORAS DENTRO DE\u00a0 LAS ACTIVIDADES DE ESTA INICIATIVA HABR\u00c1 UN CONVERSATORIO CON ITZIAR PRATS MADRE DE Nerea y Martina de 6 y 2 a\u00f1os, que fueron asesinadas de manos del padre de las menores.<\/span><\/h2>\n<p><img data-recalc-dims=\"1\" loading=\"lazy\" decoding=\"async\" class=\"alignnone wp-image-81618 size-full\" src=\"https:\/\/i0.wp.com\/miradordeatarfe.es\/wp-content\/uploads\/2026\/01\/Cartel-Conversatorio.Itziar-Prat.jpg?resize=640%2C910&#038;ssl=1\" alt=\"\" width=\"640\" height=\"910\" srcset=\"https:\/\/i0.wp.com\/miradordeatarfe.es\/wp-content\/uploads\/2026\/01\/Cartel-Conversatorio.Itziar-Prat.jpg?w=1125&amp;ssl=1 1125w, https:\/\/i0.wp.com\/miradordeatarfe.es\/wp-content\/uploads\/2026\/01\/Cartel-Conversatorio.Itziar-Prat.jpg?resize=211%2C300&amp;ssl=1 211w, https:\/\/i0.wp.com\/miradordeatarfe.es\/wp-content\/uploads\/2026\/01\/Cartel-Conversatorio.Itziar-Prat.jpg?resize=720%2C1024&amp;ssl=1 720w, https:\/\/i0.wp.com\/miradordeatarfe.es\/wp-content\/uploads\/2026\/01\/Cartel-Conversatorio.Itziar-Prat.jpg?resize=768%2C1092&amp;ssl=1 768w, https:\/\/i0.wp.com\/miradordeatarfe.es\/wp-content\/uploads\/2026\/01\/Cartel-Conversatorio.Itziar-Prat.jpg?resize=1081%2C1536&amp;ssl=1 1081w, https:\/\/i0.wp.com\/miradordeatarfe.es\/wp-content\/uploads\/2026\/01\/Cartel-Conversatorio.Itziar-Prat.jpg?resize=1024%2C1455&amp;ssl=1 1024w\" sizes=\"auto, (max-width: 640px) 100vw, 640px\" \/><\/p>\n","protected":false},"excerpt":{"rendered":"<p>El Proyecto El Latidos de las Mariposas depende de nuestra actitud, mantiene la tarea de\u00a0tejer&#8230;<\/p>\n","protected":false},"author":1,"featured_media":81619,"comment_status":"closed","ping_status":"closed","sticky":false,"template":"","format":"standard","meta":{"_coblocks_attr":"","_coblocks_dimensions":"","_coblocks_responsive_height":"","_coblocks_accordion_ie_support":"","jetpack_post_was_ever_published":false,"_jetpack_newsletter_access":"","_jetpack_dont_email_post_to_subs":false,"_jetpack_newsletter_tier_id":0,"_jetpack_memberships_contains_paywalled_content":false,"_jetpack_memberships_contains_paid_content":false,"footnotes":"","jetpack_publicize_message":"","jetpack_publicize_feature_enabled":true,"jetpack_social_post_already_shared":true,"jetpack_social_options":{"image_generator_settings":{"template":"highway","default_image_id":0,"enabled":false},"version":2}},"categories":[1161,14,44,6937],"tags":[],"class_list":["post-81617","post","type-post","status-publish","format-standard","has-post-thumbnail","hentry","category-ciudadania","category-feminismo","category-noticias-de-hoy","category-sociedad"],"jetpack_publicize_connections":[],"jetpack_featured_media_url":"https:\/\/i0.wp.com\/miradordeatarfe.es\/wp-content\/uploads\/2026\/01\/Cartel-Exposicion-Latidos.jpg?fit=1117%2C1595&ssl=1","jetpack_likes_enabled":true,"jetpack_sharing_enabled":true,"_links":{"self":[{"href":"https:\/\/miradordeatarfe.es\/index.php?rest_route=\/wp\/v2\/posts\/81617","targetHints":{"allow":["GET"]}}],"collection":[{"href":"https:\/\/miradordeatarfe.es\/index.php?rest_route=\/wp\/v2\/posts"}],"about":[{"href":"https:\/\/miradordeatarfe.es\/index.php?rest_route=\/wp\/v2\/types\/post"}],"author":[{"embeddable":true,"href":"https:\/\/miradordeatarfe.es\/index.php?rest_route=\/wp\/v2\/users\/1"}],"replies":[{"embeddable":true,"href":"https:\/\/miradordeatarfe.es\/index.php?rest_route=%2Fwp%2Fv2%2Fcomments&post=81617"}],"version-history":[{"count":1,"href":"https:\/\/miradordeatarfe.es\/index.php?rest_route=\/wp\/v2\/posts\/81617\/revisions"}],"predecessor-version":[{"id":81620,"href":"https:\/\/miradordeatarfe.es\/index.php?rest_route=\/wp\/v2\/posts\/81617\/revisions\/81620"}],"wp:featuredmedia":[{"embeddable":true,"href":"https:\/\/miradordeatarfe.es\/index.php?rest_route=\/wp\/v2\/media\/81619"}],"wp:attachment":[{"href":"https:\/\/miradordeatarfe.es\/index.php?rest_route=%2Fwp%2Fv2%2Fmedia&parent=81617"}],"wp:term":[{"taxonomy":"category","embeddable":true,"href":"https:\/\/miradordeatarfe.es\/index.php?rest_route=%2Fwp%2Fv2%2Fcategories&post=81617"},{"taxonomy":"post_tag","embeddable":true,"href":"https:\/\/miradordeatarfe.es\/index.php?rest_route=%2Fwp%2Fv2%2Ftags&post=81617"}],"curies":[{"name":"wp","href":"https:\/\/api.w.org\/{rel}","templated":true}]}}